{"id":12315,"date":"2023-02-11T10:09:26","date_gmt":"2023-02-11T09:09:26","guid":{"rendered":"https:\/\/www.asajacyl.com\/palencia\/?p=12315"},"modified":"2023-02-10T11:04:54","modified_gmt":"2023-02-10T10:04:54","slug":"la-viruela-ovina-se-sigue-extiendiendo-y-provoca-la-inmovilizacion-del-ganado-ovino-y-caprino-en-castilla-la-mancha","status":"publish","type":"post","link":"https:\/\/www.asajacyl.com\/palencia\/asaja-palencia-informa\/la-viruela-ovina-se-sigue-extiendiendo-y-provoca-la-inmovilizacion-del-ganado-ovino-y-caprino-en-castilla-la-mancha","title":{"rendered":"La viruela ovina se sigue extendiendo y provoca la inmovilizaci\u00f3n del ganado ovino y caprino en Castilla La Mancha"},"content":{"rendered":"\n<p>Las 6.000 explotaciones de ovino y caprino de Cuenca, Ciudad Real, Toledo y Albacete, que tienen alrededor de 3,5 millones de cabezas, est\u00e1n inmovilizadas desde el 7 de febrero debido a la viruela ovina, enfermedad altamente contagiosa y con una elevada mortalidad entre los animales, pero que no afecta al humano ni a la leche o queso que producen.<\/p>\n\n\n\n<p>Hasta la fecha se han confirmado en Espa\u00f1a un total de 26 focos de la enfermedad: doce en la provincia de Granada, uno en Almer\u00eda, doce en Cuenca y uno en Ciudad Real.<\/p>\n\n\n\n<p><strong>\u00bfQu\u00e9 es la viruela ovina?<\/strong> La Viruela Ovina y Caprina es una enfermedad infecto-contagiosa producida por un virus ADN de la familia Poxviridae. Produce un cuadro cl\u00ednico en ganado ovino y caprino caracterizado por la aparici\u00f3n de fiebre, n\u00f3dulos y p\u00e1pulas generalizadas, raramente ves\u00edculas, lesiones internas particularmente en pulmones y, finalmente, la muerte.<\/p>\n\n\n\n<p><strong>\u00bfAfecta al ser humano?<\/strong> Afecta exclusivamente a las especies ovina y caprina y no se transmite al ser humano ni por contacto directo con los animales ni a trav\u00e9s de productos derivados de los mismos como la leche o el queso.<\/p>\n\n\n\n<p><strong>\u00bfDe d\u00f3nde ha venido esta enfermedad?<\/strong> La viruela ovina y caprina es end\u00e9mica en \u00c1frica (al norte del Ecuador), Oriente Medio, Turqu\u00eda, Ir\u00e1n, Afganist\u00e1n, India, Nepal, en zonas de la Rep\u00fablica Popular China, y, desde 1984, en Bangladesh. Recientemente, la enfermedad ha hecho frecuentes apariciones en el sur de Europa, afectando a Grecia dentro de la UE. En Espa\u00f1a no se hab\u00edan declarado focos de Viruela Ovina y Caprina desde 1968 siendo nuestro estatus de libre de la enfermedad hasta la aparici\u00f3n de estos focos.<\/p>\n\n\n\n<p><strong>\u00bfQu\u00e9 medidas se han tomado?<\/strong> Una vez confirmado el resultado positivo al virus mediante PCR a trav\u00e9s de las muestras obtenidas por los Servicios Veterinarios Oficiales, se adoptan las medidas de control contempladas en el Reglamento Delegado (UE) 2020\/687, que incluye el sacrificio de los animales, la eliminaci\u00f3n de los cad\u00e1veres en planta de transformaci\u00f3n bajo procedimiento canalizado y la limpieza y desinfecci\u00f3n oficial de la explotaci\u00f3n.<br>Asimismo, se ha establecido una zona de protecci\u00f3n de 5 km y una de vigilancia de 20 km, con refuerzo de medidas de bioseguridad y vigilancia, as\u00ed como la restricci\u00f3n de movimientos de animales y productos.<br>Adem\u00e1s, los SVO de Castilla La Mancha han implementado unas medidas adicionales para reforzar el control del virus que incluye la ampliaci\u00f3n de la zona restringida con prohibici\u00f3n de movimientos para todo destino que no sea sacrificio, a todo el territorio de Castilla la Mancha, con excepci\u00f3n de la provincia de Guadalajara.<\/p>\n\n\n\n<p><strong>\u00bfQu\u00e9 podemos hacer en Castilla y Le\u00f3n?<\/strong> Se recuerda la importancia de aplicar en todo el territorio nacional unas adecuadas medidas de bioseguridad en las explotaciones de ovino y caprino, as\u00ed como en el transporte animal y de garantizar el buen funcionamiento de los sistemas de vigilancia pasiva para detectar tempranamente la eventual entrada de la enfermedad en las explotaciones, comunicando inmediatamente a los Servicios Veterinarios Oficiales cualquier indicio de sospecha de la enfermedad.<br>Ahora m\u00e1s que nunca es imprescindible controlar quien entra en la explotaci\u00f3n y aplicar medidas de limpieza y desinfecci\u00f3n tanto en la explotaci\u00f3n como en el transporte.<\/p>\n\n\n\n<p>Para m\u00e1s informaci\u00f3n se puede consultar la p\u00e1gina Web del Ministerio en el siguiente <a href=\"https:\/\/www.mapa.gob.es\/es\/ganaderia\/temas\/sanidad-animal-higiene-ganadera\/sanidad-animal\/enfermedades\/viruela-ovina-caprina\/viruela_ovina_caprina.aspx\">enlace<\/a>.<\/p>\n","protected":false},"excerpt":{"rendered":"<p>Las 6.000 explotaciones de ovino y caprino de Cuenca, Ciudad Real, Toledo y Albacete, que tienen alrededor de 3,5 millones de cabezas, est\u00e1n inmovilizadas desde el 7 de febrero debido a la viruela ovina, enfermedad altamente contagiosa y con una elevada mortalidad entre los animales, pero que no afecta al humano ni a la leche [&hellip;]<\/p>\n","protected":false},"author":9,"featured_media":11210,"comment_status":"open","ping_status":"open","sticky":false,"template":"","format":"standard","meta":{"footnotes":""},"categories":[9,29,28],"tags":[],"yoast_head":"<!-- This site is optimized with the Yoast SEO plugin v24.5 - https:\/\/yoast.com\/wordpress\/plugins\/seo\/ -->\n<title>La viruela ovina se sigue extendiendo y provoca la inmovilizaci\u00f3n del ganado ovino y caprino en Castilla La Mancha - ASAJA Palencia<\/title>\n<meta name=\"description\" content=\"Las 6.000 explotaciones de ovino y caprino de Cuenca, Ciudad Real, Toledo y Albacete, que tienen alrededor de 3,5 millones de cabezas, est\u00e1n inmovilizadas\" \/>\n<meta name=\"robots\" content=\"index, follow, max-snippet:-1, max-image-preview:large, max-video-preview:-1\" \/>\n<link rel=\"canonical\" href=\"https:\/\/www.asajacyl.com\/palencia\/asaja-palencia-informa\/la-viruela-ovina-se-sigue-extiendiendo-y-provoca-la-inmovilizacion-del-ganado-ovino-y-caprino-en-castilla-la-mancha\" \/>\n<meta property=\"og:locale\" content=\"es_ES\" \/>\n<meta property=\"og:type\" content=\"article\" \/>\n<meta property=\"og:title\" content=\"La viruela ovina se sigue extendiendo y provoca la inmovilizaci\u00f3n del ganado ovino y caprino en Castilla La Mancha - ASAJA Palencia\" \/>\n<meta property=\"og:description\" content=\"Las 6.000 explotaciones de ovino y caprino de Cuenca, Ciudad Real, Toledo y Albacete, que tienen alrededor de 3,5 millones de cabezas, est\u00e1n inmovilizadas\" \/>\n<meta property=\"og:url\" content=\"https:\/\/www.asajacyl.com\/palencia\/asaja-palencia-informa\/la-viruela-ovina-se-sigue-extiendiendo-y-provoca-la-inmovilizacion-del-ganado-ovino-y-caprino-en-castilla-la-mancha\" \/>\n<meta property=\"og:site_name\" content=\"ASAJA Palencia\" \/>\n<meta property=\"article:published_time\" content=\"2023-02-11T09:09:26+00:00\" \/>\n<meta property=\"og:image\" content=\"https:\/\/www.asajacyl.com\/palencia\/wp-content\/uploads\/sites\/3\/2022\/08\/OVEJAS.jpg\" \/>\n\t<meta property=\"og:image:width\" content=\"1875\" \/>\n\t<meta property=\"og:image:height\" content=\"2500\" \/>\n\t<meta property=\"og:image:type\" content=\"image\/jpeg\" \/>\n<meta name=\"author\" content=\"Administrador\" \/>\n<meta name=\"twitter:card\" content=\"summary_large_image\" \/>\n<meta name=\"twitter:label1\" content=\"Escrito por\" \/>\n\t<meta name=\"twitter:data1\" content=\"Administrador\" \/>\n<script type=\"application\/ld+json\" class=\"yoast-schema-graph\">{\"@context\":\"https:\/\/schema.org\",\"@graph\":[{\"@type\":\"WebPage\",\"@id\":\"https:\/\/www.asajacyl.com\/palencia\/asaja-palencia-informa\/la-viruela-ovina-se-sigue-extiendiendo-y-provoca-la-inmovilizacion-del-ganado-ovino-y-caprino-en-castilla-la-mancha\",\"url\":\"https:\/\/www.asajacyl.com\/palencia\/asaja-palencia-informa\/la-viruela-ovina-se-sigue-extiendiendo-y-provoca-la-inmovilizacion-del-ganado-ovino-y-caprino-en-castilla-la-mancha\",\"name\":\"La viruela ovina se sigue extendiendo y provoca la inmovilizaci\u00f3n del ganado ovino y caprino en Castilla La Mancha - ASAJA Palencia\",\"isPartOf\":{\"@id\":\"https:\/\/www.asajacyl.com\/palencia\/#website\"},\"primaryImageOfPage\":{\"@id\":\"https:\/\/www.asajacyl.com\/palencia\/asaja-palencia-informa\/la-viruela-ovina-se-sigue-extiendiendo-y-provoca-la-inmovilizacion-del-ganado-ovino-y-caprino-en-castilla-la-mancha#primaryimage\"},\"image\":{\"@id\":\"https:\/\/www.asajacyl.com\/palencia\/asaja-palencia-informa\/la-viruela-ovina-se-sigue-extiendiendo-y-provoca-la-inmovilizacion-del-ganado-ovino-y-caprino-en-castilla-la-mancha#primaryimage\"},\"thumbnailUrl\":\"https:\/\/www.asajacyl.com\/palencia\/wp-content\/uploads\/sites\/3\/2022\/08\/OVEJAS.jpg\",\"datePublished\":\"2023-02-11T09:09:26+00:00\",\"author\":{\"@id\":\"https:\/\/www.asajacyl.com\/palencia\/#\/schema\/person\/3ab17aeb03527485c317557fae64aab1\"},\"description\":\"Las 6.000 explotaciones de ovino y caprino de Cuenca, Ciudad Real, Toledo y Albacete, que tienen alrededor de 3,5 millones de cabezas, est\u00e1n inmovilizadas\",\"breadcrumb\":{\"@id\":\"https:\/\/www.asajacyl.com\/palencia\/asaja-palencia-informa\/la-viruela-ovina-se-sigue-extiendiendo-y-provoca-la-inmovilizacion-del-ganado-ovino-y-caprino-en-castilla-la-mancha#breadcrumb\"},\"inLanguage\":\"es\",\"potentialAction\":[{\"@type\":\"ReadAction\",\"target\":[\"https:\/\/www.asajacyl.com\/palencia\/asaja-palencia-informa\/la-viruela-ovina-se-sigue-extiendiendo-y-provoca-la-inmovilizacion-del-ganado-ovino-y-caprino-en-castilla-la-mancha\"]}]},{\"@type\":\"ImageObject\",\"inLanguage\":\"es\",\"@id\":\"https:\/\/www.asajacyl.com\/palencia\/asaja-palencia-informa\/la-viruela-ovina-se-sigue-extiendiendo-y-provoca-la-inmovilizacion-del-ganado-ovino-y-caprino-en-castilla-la-mancha#primaryimage\",\"url\":\"https:\/\/www.asajacyl.com\/palencia\/wp-content\/uploads\/sites\/3\/2022\/08\/OVEJAS.jpg\",\"contentUrl\":\"https:\/\/www.asajacyl.com\/palencia\/wp-content\/uploads\/sites\/3\/2022\/08\/OVEJAS.jpg\",\"width\":1875,\"height\":2500},{\"@type\":\"BreadcrumbList\",\"@id\":\"https:\/\/www.asajacyl.com\/palencia\/asaja-palencia-informa\/la-viruela-ovina-se-sigue-extiendiendo-y-provoca-la-inmovilizacion-del-ganado-ovino-y-caprino-en-castilla-la-mancha#breadcrumb\",\"itemListElement\":[{\"@type\":\"ListItem\",\"position\":1,\"name\":\"Portada\",\"item\":\"https:\/\/www.asajacyl.com\/palencia\/\"},{\"@type\":\"ListItem\",\"position\":2,\"name\":\"La viruela ovina se sigue extendiendo y provoca la inmovilizaci\u00f3n del ganado ovino y caprino en Castilla La Mancha\"}]},{\"@type\":\"WebSite\",\"@id\":\"https:\/\/www.asajacyl.com\/palencia\/#website\",\"url\":\"https:\/\/www.asajacyl.com\/palencia\/\",\"name\":\"ASAJA Palencia\",\"description\":\"Otro sitio m\u00e1s de Provincias ASAJA Castilla y Le\u00f3n\",\"potentialAction\":[{\"@type\":\"SearchAction\",\"target\":{\"@type\":\"EntryPoint\",\"urlTemplate\":\"https:\/\/www.asajacyl.com\/palencia\/?s={search_term_string}\"},\"query-input\":{\"@type\":\"PropertyValueSpecification\",\"valueRequired\":true,\"valueName\":\"search_term_string\"}}],\"inLanguage\":\"es\"},{\"@type\":\"Person\",\"@id\":\"https:\/\/www.asajacyl.com\/palencia\/#\/schema\/person\/3ab17aeb03527485c317557fae64aab1\",\"name\":\"Administrador\",\"image\":{\"@type\":\"ImageObject\",\"inLanguage\":\"es\",\"@id\":\"https:\/\/www.asajacyl.com\/palencia\/#\/schema\/person\/image\/\",\"url\":\"https:\/\/secure.gravatar.com\/avatar\/517384810d242ca9e38c180f3c9fb973?s=96&d=mm&r=g\",\"contentUrl\":\"https:\/\/secure.gravatar.com\/avatar\/517384810d242ca9e38c180f3c9fb973?s=96&d=mm&r=g\",\"caption\":\"Administrador\"},\"url\":\"https:\/\/www.asajacyl.com\/palencia\/author\/carlosrm\"}]}<\/script>\n<!-- \/ Yoast SEO plugin. -->","yoast_head_json":{"title":"La viruela ovina se sigue extendiendo y provoca la inmovilizaci\u00f3n del ganado ovino y caprino en Castilla La Mancha - ASAJA Palencia","description":"Las 6.000 explotaciones de ovino y caprino de Cuenca, Ciudad Real, Toledo y Albacete, que tienen alrededor de 3,5 millones de cabezas, est\u00e1n inmovilizadas","robots":{"index":"index","follow":"follow","max-snippet":"max-snippet:-1","max-image-preview":"max-image-preview:large","max-video-preview":"max-video-preview:-1"},"canonical":"https:\/\/www.asajacyl.com\/palencia\/asaja-palencia-informa\/la-viruela-ovina-se-sigue-extiendiendo-y-provoca-la-inmovilizacion-del-ganado-ovino-y-caprino-en-castilla-la-mancha","og_locale":"es_ES","og_type":"article","og_title":"La viruela ovina se sigue extendiendo y provoca la inmovilizaci\u00f3n del ganado ovino y caprino en Castilla La Mancha - ASAJA Palencia","og_description":"Las 6.000 explotaciones de ovino y caprino de Cuenca, Ciudad Real, Toledo y Albacete, que tienen alrededor de 3,5 millones de cabezas, est\u00e1n inmovilizadas","og_url":"https:\/\/www.asajacyl.com\/palencia\/asaja-palencia-informa\/la-viruela-ovina-se-sigue-extiendiendo-y-provoca-la-inmovilizacion-del-ganado-ovino-y-caprino-en-castilla-la-mancha","og_site_name":"ASAJA Palencia","article_published_time":"2023-02-11T09:09:26+00:00","og_image":[{"width":1875,"height":2500,"url":"https:\/\/www.asajacyl.com\/palencia\/wp-content\/uploads\/sites\/3\/2022\/08\/OVEJAS.jpg","type":"image\/jpeg"}],"author":"Administrador","twitter_card":"summary_large_image","twitter_misc":{"Escrito por":"Administrador"},"schema":{"@context":"https:\/\/schema.org","@graph":[{"@type":"WebPage","@id":"https:\/\/www.asajacyl.com\/palencia\/asaja-palencia-informa\/la-viruela-ovina-se-sigue-extiendiendo-y-provoca-la-inmovilizacion-del-ganado-ovino-y-caprino-en-castilla-la-mancha","url":"https:\/\/www.asajacyl.com\/palencia\/asaja-palencia-informa\/la-viruela-ovina-se-sigue-extiendiendo-y-provoca-la-inmovilizacion-del-ganado-ovino-y-caprino-en-castilla-la-mancha","name":"La viruela ovina se sigue extendiendo y provoca la inmovilizaci\u00f3n del ganado ovino y caprino en Castilla La Mancha - ASAJA Palencia","isPartOf":{"@id":"https:\/\/www.asajacyl.com\/palencia\/#website"},"primaryImageOfPage":{"@id":"https:\/\/www.asajacyl.com\/palencia\/asaja-palencia-informa\/la-viruela-ovina-se-sigue-extiendiendo-y-provoca-la-inmovilizacion-del-ganado-ovino-y-caprino-en-castilla-la-mancha#primaryimage"},"image":{"@id":"https:\/\/www.asajacyl.com\/palencia\/asaja-palencia-informa\/la-viruela-ovina-se-sigue-extiendiendo-y-provoca-la-inmovilizacion-del-ganado-ovino-y-caprino-en-castilla-la-mancha#primaryimage"},"thumbnailUrl":"https:\/\/www.asajacyl.com\/palencia\/wp-content\/uploads\/sites\/3\/2022\/08\/OVEJAS.jpg","datePublished":"2023-02-11T09:09:26+00:00","author":{"@id":"https:\/\/www.asajacyl.com\/palencia\/#\/schema\/person\/3ab17aeb03527485c317557fae64aab1"},"description":"Las 6.000 explotaciones de ovino y caprino de Cuenca, Ciudad Real, Toledo y Albacete, que tienen alrededor de 3,5 millones de cabezas, est\u00e1n inmovilizadas","breadcrumb":{"@id":"https:\/\/www.asajacyl.com\/palencia\/asaja-palencia-informa\/la-viruela-ovina-se-sigue-extiendiendo-y-provoca-la-inmovilizacion-del-ganado-ovino-y-caprino-en-castilla-la-mancha#breadcrumb"},"inLanguage":"es","potentialAction":[{"@type":"ReadAction","target":["https:\/\/www.asajacyl.com\/palencia\/asaja-palencia-informa\/la-viruela-ovina-se-sigue-extiendiendo-y-provoca-la-inmovilizacion-del-ganado-ovino-y-caprino-en-castilla-la-mancha"]}]},{"@type":"ImageObject","inLanguage":"es","@id":"https:\/\/www.asajacyl.com\/palencia\/asaja-palencia-informa\/la-viruela-ovina-se-sigue-extiendiendo-y-provoca-la-inmovilizacion-del-ganado-ovino-y-caprino-en-castilla-la-mancha#primaryimage","url":"https:\/\/www.asajacyl.com\/palencia\/wp-content\/uploads\/sites\/3\/2022\/08\/OVEJAS.jpg","contentUrl":"https:\/\/www.asajacyl.com\/palencia\/wp-content\/uploads\/sites\/3\/2022\/08\/OVEJAS.jpg","width":1875,"height":2500},{"@type":"BreadcrumbList","@id":"https:\/\/www.asajacyl.com\/palencia\/asaja-palencia-informa\/la-viruela-ovina-se-sigue-extiendiendo-y-provoca-la-inmovilizacion-del-ganado-ovino-y-caprino-en-castilla-la-mancha#breadcrumb","itemListElement":[{"@type":"ListItem","position":1,"name":"Portada","item":"https:\/\/www.asajacyl.com\/palencia\/"},{"@type":"ListItem","position":2,"name":"La viruela ovina se sigue extendiendo y provoca la inmovilizaci\u00f3n del ganado ovino y caprino en Castilla La Mancha"}]},{"@type":"WebSite","@id":"https:\/\/www.asajacyl.com\/palencia\/#website","url":"https:\/\/www.asajacyl.com\/palencia\/","name":"ASAJA Palencia","description":"Otro sitio m\u00e1s de Provincias ASAJA Castilla y Le\u00f3n","potentialAction":[{"@type":"SearchAction","target":{"@type":"EntryPoint","urlTemplate":"https:\/\/www.asajacyl.com\/palencia\/?s={search_term_string}"},"query-input":{"@type":"PropertyValueSpecification","valueRequired":true,"valueName":"search_term_string"}}],"inLanguage":"es"},{"@type":"Person","@id":"https:\/\/www.asajacyl.com\/palencia\/#\/schema\/person\/3ab17aeb03527485c317557fae64aab1","name":"Administrador","image":{"@type":"ImageObject","inLanguage":"es","@id":"https:\/\/www.asajacyl.com\/palencia\/#\/schema\/person\/image\/","url":"https:\/\/secure.gravatar.com\/avatar\/517384810d242ca9e38c180f3c9fb973?s=96&d=mm&r=g","contentUrl":"https:\/\/secure.gravatar.com\/avatar\/517384810d242ca9e38c180f3c9fb973?s=96&d=mm&r=g","caption":"Administrador"},"url":"https:\/\/www.asajacyl.com\/palencia\/author\/carlosrm"}]}},"_links":{"self":[{"href":"https:\/\/www.asajacyl.com\/palencia\/wp-json\/wp\/v2\/posts\/12315"}],"collection":[{"href":"https:\/\/www.asajacyl.com\/palencia\/wp-json\/wp\/v2\/posts"}],"about":[{"href":"https:\/\/www.asajacyl.com\/palencia\/wp-json\/wp\/v2\/types\/post"}],"author":[{"embeddable":true,"href":"https:\/\/www.asajacyl.com\/palencia\/wp-json\/wp\/v2\/users\/9"}],"replies":[{"embeddable":true,"href":"https:\/\/www.asajacyl.com\/palencia\/wp-json\/wp\/v2\/comments?post=12315"}],"version-history":[{"count":2,"href":"https:\/\/www.asajacyl.com\/palencia\/wp-json\/wp\/v2\/posts\/12315\/revisions"}],"predecessor-version":[{"id":12317,"href":"https:\/\/www.asajacyl.com\/palencia\/wp-json\/wp\/v2\/posts\/12315\/revisions\/12317"}],"wp:featuredmedia":[{"embeddable":true,"href":"https:\/\/www.asajacyl.com\/palencia\/wp-json\/wp\/v2\/media\/11210"}],"wp:attachment":[{"href":"https:\/\/www.asajacyl.com\/palencia\/wp-json\/wp\/v2\/media?parent=12315"}],"wp:term":[{"taxonomy":"category","embeddable":true,"href":"https:\/\/www.asajacyl.com\/palencia\/wp-json\/wp\/v2\/categories?post=12315"},{"taxonomy":"post_tag","embeddable":true,"href":"https:\/\/www.asajacyl.com\/palencia\/wp-json\/wp\/v2\/tags?post=12315"}],"curies":[{"name":"wp","href":"https:\/\/api.w.org\/{rel}","templated":true}]}}