{"id":12326,"date":"2023-02-10T13:53:47","date_gmt":"2023-02-10T12:53:47","guid":{"rendered":"https:\/\/www.asajacyl.com\/palencia\/?p=12326"},"modified":"2023-02-10T13:53:49","modified_gmt":"2023-02-10T12:53:49","slug":"asaja-afronta-las-elecciones-con-la-confianza-de-ser-la-unica-organizacion-viva-y-arraigada-en-todo-el-territorio-y-en-todos-los-sectores-agricolas-y-ganaderos","status":"publish","type":"post","link":"https:\/\/www.asajacyl.com\/palencia\/asaja-palencia-informa\/asaja-afronta-las-elecciones-con-la-confianza-de-ser-la-unica-organizacion-viva-y-arraigada-en-todo-el-territorio-y-en-todos-los-sectores-agricolas-y-ganaderos","title":{"rendered":"ASAJA afronta las elecciones con la confianza de ser la \u00fanica organizaci\u00f3n viva y arraigada en todo el territorio y en todos los sectores agr\u00edcolas y ganaderos"},"content":{"rendered":"\n<p>A punto de concluir la campa\u00f1a de las Elecciones Agrarias en Castilla y Le\u00f3n, ASAJA afronta \u201ccon confianza y optimismo\u201d las votaciones del pr\u00f3ximo domingo. ASAJA, que parte como organizaci\u00f3n l\u00edder del sector, conf\u00eda en lograr \u201cunos importantes resultados, en todo caso superiores a los de anteriores convocatorias, porque m\u00e1s que nunca el modelo de agricultura y ganader\u00eda del campo de Castilla y Le\u00f3n es el modelo que defiende ASAJA\u201d, se\u00f1ala Donaciano Dujo, presidente de la organizaci\u00f3n.<\/p>\n\n\n\n<p>Tras las semanas de campa\u00f1a, en las que los equipos de las nueve organizaciones provinciales de ASAJA han acercado sus propuestas a los profesionales del campo de cada rinc\u00f3n de la geograf\u00eda regional, \u201cestamos m\u00e1s seguros que nunca de que ASAJA es la \u00fanica organizaci\u00f3n profesional agraria que est\u00e1 presente, viva y arraigada en todo el territorio, y en todos los sectores agr\u00edcolas y ganaderos de todas las provincias. No hay ninguna otra organizaci\u00f3n que tenga la fortaleza y conocimiento profundo del sector que da estar extendida por todo el territorio regional y unida a los profesionales del campo\u201d, se\u00f1ala Donaciano Dujo, que a\u00f1ade que \u201cno es que ASAJA haya implantado un modelo que nos hemos inventado en un despacho, sino que ASAJA ha logrado ser el paraguas de todos los profesionales porque es la organizaci\u00f3n que mejor ha entendido y recogido el sentir y necesidades de los agricultores y ganaderos, porque en ASAJA somos agricultores y ganaderos\u201d.<\/p>\n\n\n\n<p>Casi 39.000 profesionales de la agricultura y ganader\u00eda est\u00e1n llamados a las 573 urnas que se instalar\u00e1n el domingo, aunque un porcentaje de votantes, casi un 8 por ciento, ya lo hizo anticipadamente estos d\u00edas de atr\u00e1s. La campa\u00f1a electoral ha sido excepcionalmente larga, un mes entero, y ASAJA ha intensificado en ese tiempo \u201clo que ya viene haciendo con regularidad y sin necesidad de que haya elecciones, porque nosotros no somos pol\u00edticos. Lo que hemos hecho es rendir cuentas de nuestra labor reivindicativa, de servicios y de representaci\u00f3n, hablando de lo que interesa al sector: la defensa de una agricultura y ganader\u00eda muy profesional, que reclama ser productiva y rentable, y adem\u00e1s que nos dejen trabajar con libertad y con orgullo. Eso es lo que queremos los agricultores y ganaderos, y eso es lo que defiende ASAJA, y cuantos m\u00e1s votos con m\u00e1s fuerza podremos hacerlo\u201d, apunta Donaciano Dujo, que anima a todos los agricultores y ganaderos a participar el domingo en estas importantes elecciones.<\/p>\n\n\n\n<p>Someterse a unas elecciones, con una campa\u00f1a que implica mucho trabajo y tambi\u00e9n un gasto importante de los recursos muy limitados de las organizaciones agrarias, es un esfuerzo muy grande. Para ASAJA, ese esfuerzo merece la pena, porque as\u00ed cada agricultor y ganadero puede determinar con su voto el peso de cada organizaci\u00f3n profesional, \u201clo que nos legitima y refuerza de cara a ejercer presi\u00f3n ante las administraciones, empresas o cualquier otro ente. Por eso necesitamos que el domingo los agricultores y ganaderos elijan a ASAJA, porque con ello se defienden a s\u00ed mismos\u201d, concluye el presidente regional.<\/p>\n","protected":false},"excerpt":{"rendered":"<p>A punto de concluir la campa\u00f1a de las Elecciones Agrarias en Castilla y Le\u00f3n, ASAJA afronta \u201ccon confianza y optimismo\u201d las votaciones del pr\u00f3ximo domingo. ASAJA, que parte como organizaci\u00f3n l\u00edder del sector, conf\u00eda en lograr \u201cunos importantes resultados, en todo caso superiores a los de anteriores convocatorias, porque m\u00e1s que nunca el modelo de [&hellip;]<\/p>\n","protected":false},"author":9,"featured_media":12327,"comment_status":"open","ping_status":"open","sticky":false,"template":"","format":"standard","meta":{"footnotes":""},"categories":[9,29,28],"tags":[],"yoast_head":"<!-- This site is optimized with the Yoast SEO plugin v24.5 - https:\/\/yoast.com\/wordpress\/plugins\/seo\/ -->\n<title>ASAJA afronta las elecciones con la confianza de ser la \u00fanica organizaci\u00f3n viva y arraigada en todo el territorio y en todos los sectores agr\u00edcolas y ganaderos - ASAJA Palencia<\/title>\n<meta name=\"description\" content=\"A punto de concluir la campa\u00f1a de las Elecciones Agrarias en Castilla y Le\u00f3n, ASAJA afronta \u201ccon confianza y optimismo\u201d las votaciones del pr\u00f3ximo\" \/>\n<meta name=\"robots\" content=\"index, follow, max-snippet:-1, max-image-preview:large, max-video-preview:-1\" \/>\n<link rel=\"canonical\" href=\"https:\/\/www.asajacyl.com\/palencia\/asaja-palencia-informa\/asaja-afronta-las-elecciones-con-la-confianza-de-ser-la-unica-organizacion-viva-y-arraigada-en-todo-el-territorio-y-en-todos-los-sectores-agricolas-y-ganaderos\" \/>\n<meta property=\"og:locale\" content=\"es_ES\" \/>\n<meta property=\"og:type\" content=\"article\" \/>\n<meta property=\"og:title\" content=\"ASAJA afronta las elecciones con la confianza de ser la \u00fanica organizaci\u00f3n viva y arraigada en todo el territorio y en todos los sectores agr\u00edcolas y ganaderos - ASAJA Palencia\" \/>\n<meta property=\"og:description\" content=\"A punto de concluir la campa\u00f1a de las Elecciones Agrarias en Castilla y Le\u00f3n, ASAJA afronta \u201ccon confianza y optimismo\u201d las votaciones del pr\u00f3ximo\" \/>\n<meta property=\"og:url\" content=\"https:\/\/www.asajacyl.com\/palencia\/asaja-palencia-informa\/asaja-afronta-las-elecciones-con-la-confianza-de-ser-la-unica-organizacion-viva-y-arraigada-en-todo-el-territorio-y-en-todos-los-sectores-agricolas-y-ganaderos\" \/>\n<meta property=\"og:site_name\" content=\"ASAJA Palencia\" \/>\n<meta property=\"article:published_time\" content=\"2023-02-10T12:53:47+00:00\" \/>\n<meta property=\"article:modified_time\" content=\"2023-02-10T12:53:49+00:00\" \/>\n<meta property=\"og:image\" content=\"https:\/\/www.asajacyl.com\/palencia\/wp-content\/uploads\/sites\/3\/2023\/02\/b16333d7-8587-4298-bd95-a74f9fac6646.jpg\" \/>\n\t<meta property=\"og:image:width\" content=\"576\" \/>\n\t<meta property=\"og:image:height\" content=\"1024\" \/>\n\t<meta property=\"og:image:type\" content=\"image\/jpeg\" \/>\n<meta name=\"author\" content=\"Administrador\" \/>\n<meta name=\"twitter:card\" content=\"summary_large_image\" \/>\n<meta name=\"twitter:label1\" content=\"Escrito por\" \/>\n\t<meta name=\"twitter:data1\" content=\"Administrador\" \/>\n\t<meta name=\"twitter:label2\" content=\"Tiempo de lectura\" \/>\n\t<meta name=\"twitter:data2\" content=\"3 minutos\" \/>\n<script type=\"application\/ld+json\" class=\"yoast-schema-graph\">{\"@context\":\"https:\/\/schema.org\",\"@graph\":[{\"@type\":\"WebPage\",\"@id\":\"https:\/\/www.asajacyl.com\/palencia\/asaja-palencia-informa\/asaja-afronta-las-elecciones-con-la-confianza-de-ser-la-unica-organizacion-viva-y-arraigada-en-todo-el-territorio-y-en-todos-los-sectores-agricolas-y-ganaderos\",\"url\":\"https:\/\/www.asajacyl.com\/palencia\/asaja-palencia-informa\/asaja-afronta-las-elecciones-con-la-confianza-de-ser-la-unica-organizacion-viva-y-arraigada-en-todo-el-territorio-y-en-todos-los-sectores-agricolas-y-ganaderos\",\"name\":\"ASAJA afronta las elecciones con la confianza de ser la \u00fanica organizaci\u00f3n viva y arraigada en todo el territorio y en todos los sectores agr\u00edcolas y ganaderos - ASAJA Palencia\",\"isPartOf\":{\"@id\":\"https:\/\/www.asajacyl.com\/palencia\/#website\"},\"primaryImageOfPage\":{\"@id\":\"https:\/\/www.asajacyl.com\/palencia\/asaja-palencia-informa\/asaja-afronta-las-elecciones-con-la-confianza-de-ser-la-unica-organizacion-viva-y-arraigada-en-todo-el-territorio-y-en-todos-los-sectores-agricolas-y-ganaderos#primaryimage\"},\"image\":{\"@id\":\"https:\/\/www.asajacyl.com\/palencia\/asaja-palencia-informa\/asaja-afronta-las-elecciones-con-la-confianza-de-ser-la-unica-organizacion-viva-y-arraigada-en-todo-el-territorio-y-en-todos-los-sectores-agricolas-y-ganaderos#primaryimage\"},\"thumbnailUrl\":\"https:\/\/www.asajacyl.com\/palencia\/wp-content\/uploads\/sites\/3\/2023\/02\/b16333d7-8587-4298-bd95-a74f9fac6646.jpg\",\"datePublished\":\"2023-02-10T12:53:47+00:00\",\"dateModified\":\"2023-02-10T12:53:49+00:00\",\"author\":{\"@id\":\"https:\/\/www.asajacyl.com\/palencia\/#\/schema\/person\/3ab17aeb03527485c317557fae64aab1\"},\"description\":\"A punto de concluir la campa\u00f1a de las Elecciones Agrarias en Castilla y Le\u00f3n, ASAJA afronta \u201ccon confianza y optimismo\u201d las votaciones del pr\u00f3ximo\",\"breadcrumb\":{\"@id\":\"https:\/\/www.asajacyl.com\/palencia\/asaja-palencia-informa\/asaja-afronta-las-elecciones-con-la-confianza-de-ser-la-unica-organizacion-viva-y-arraigada-en-todo-el-territorio-y-en-todos-los-sectores-agricolas-y-ganaderos#breadcrumb\"},\"inLanguage\":\"es\",\"potentialAction\":[{\"@type\":\"ReadAction\",\"target\":[\"https:\/\/www.asajacyl.com\/palencia\/asaja-palencia-informa\/asaja-afronta-las-elecciones-con-la-confianza-de-ser-la-unica-organizacion-viva-y-arraigada-en-todo-el-territorio-y-en-todos-los-sectores-agricolas-y-ganaderos\"]}]},{\"@type\":\"ImageObject\",\"inLanguage\":\"es\",\"@id\":\"https:\/\/www.asajacyl.com\/palencia\/asaja-palencia-informa\/asaja-afronta-las-elecciones-con-la-confianza-de-ser-la-unica-organizacion-viva-y-arraigada-en-todo-el-territorio-y-en-todos-los-sectores-agricolas-y-ganaderos#primaryimage\",\"url\":\"https:\/\/www.asajacyl.com\/palencia\/wp-content\/uploads\/sites\/3\/2023\/02\/b16333d7-8587-4298-bd95-a74f9fac6646.jpg\",\"contentUrl\":\"https:\/\/www.asajacyl.com\/palencia\/wp-content\/uploads\/sites\/3\/2023\/02\/b16333d7-8587-4298-bd95-a74f9fac6646.jpg\",\"width\":576,\"height\":1024},{\"@type\":\"BreadcrumbList\",\"@id\":\"https:\/\/www.asajacyl.com\/palencia\/asaja-palencia-informa\/asaja-afronta-las-elecciones-con-la-confianza-de-ser-la-unica-organizacion-viva-y-arraigada-en-todo-el-territorio-y-en-todos-los-sectores-agricolas-y-ganaderos#breadcrumb\",\"itemListElement\":[{\"@type\":\"ListItem\",\"position\":1,\"name\":\"Portada\",\"item\":\"https:\/\/www.asajacyl.com\/palencia\/\"},{\"@type\":\"ListItem\",\"position\":2,\"name\":\"ASAJA afronta las elecciones con la confianza de ser la \u00fanica organizaci\u00f3n viva y arraigada en todo el territorio y en todos los sectores agr\u00edcolas y ganaderos\"}]},{\"@type\":\"WebSite\",\"@id\":\"https:\/\/www.asajacyl.com\/palencia\/#website\",\"url\":\"https:\/\/www.asajacyl.com\/palencia\/\",\"name\":\"ASAJA Palencia\",\"description\":\"Otro sitio m\u00e1s de Provincias ASAJA Castilla y Le\u00f3n\",\"potentialAction\":[{\"@type\":\"SearchAction\",\"target\":{\"@type\":\"EntryPoint\",\"urlTemplate\":\"https:\/\/www.asajacyl.com\/palencia\/?s={search_term_string}\"},\"query-input\":{\"@type\":\"PropertyValueSpecification\",\"valueRequired\":true,\"valueName\":\"search_term_string\"}}],\"inLanguage\":\"es\"},{\"@type\":\"Person\",\"@id\":\"https:\/\/www.asajacyl.com\/palencia\/#\/schema\/person\/3ab17aeb03527485c317557fae64aab1\",\"name\":\"Administrador\",\"image\":{\"@type\":\"ImageObject\",\"inLanguage\":\"es\",\"@id\":\"https:\/\/www.asajacyl.com\/palencia\/#\/schema\/person\/image\/\",\"url\":\"https:\/\/secure.gravatar.com\/avatar\/517384810d242ca9e38c180f3c9fb973?s=96&d=mm&r=g\",\"contentUrl\":\"https:\/\/secure.gravatar.com\/avatar\/517384810d242ca9e38c180f3c9fb973?s=96&d=mm&r=g\",\"caption\":\"Administrador\"},\"url\":\"https:\/\/www.asajacyl.com\/palencia\/author\/carlosrm\"}]}<\/script>\n<!-- \/ Yoast SEO plugin. -->","yoast_head_json":{"title":"ASAJA afronta las elecciones con la confianza de ser la \u00fanica organizaci\u00f3n viva y arraigada en todo el territorio y en todos los sectores agr\u00edcolas y ganaderos - ASAJA Palencia","description":"A punto de concluir la campa\u00f1a de las Elecciones Agrarias en Castilla y Le\u00f3n, ASAJA afronta \u201ccon confianza y optimismo\u201d las votaciones del pr\u00f3ximo","robots":{"index":"index","follow":"follow","max-snippet":"max-snippet:-1","max-image-preview":"max-image-preview:large","max-video-preview":"max-video-preview:-1"},"canonical":"https:\/\/www.asajacyl.com\/palencia\/asaja-palencia-informa\/asaja-afronta-las-elecciones-con-la-confianza-de-ser-la-unica-organizacion-viva-y-arraigada-en-todo-el-territorio-y-en-todos-los-sectores-agricolas-y-ganaderos","og_locale":"es_ES","og_type":"article","og_title":"ASAJA afronta las elecciones con la confianza de ser la \u00fanica organizaci\u00f3n viva y arraigada en todo el territorio y en todos los sectores agr\u00edcolas y ganaderos - ASAJA Palencia","og_description":"A punto de concluir la campa\u00f1a de las Elecciones Agrarias en Castilla y Le\u00f3n, ASAJA afronta \u201ccon confianza y optimismo\u201d las votaciones del pr\u00f3ximo","og_url":"https:\/\/www.asajacyl.com\/palencia\/asaja-palencia-informa\/asaja-afronta-las-elecciones-con-la-confianza-de-ser-la-unica-organizacion-viva-y-arraigada-en-todo-el-territorio-y-en-todos-los-sectores-agricolas-y-ganaderos","og_site_name":"ASAJA Palencia","article_published_time":"2023-02-10T12:53:47+00:00","article_modified_time":"2023-02-10T12:53:49+00:00","og_image":[{"width":576,"height":1024,"url":"https:\/\/www.asajacyl.com\/palencia\/wp-content\/uploads\/sites\/3\/2023\/02\/b16333d7-8587-4298-bd95-a74f9fac6646.jpg","type":"image\/jpeg"}],"author":"Administrador","twitter_card":"summary_large_image","twitter_misc":{"Escrito por":"Administrador","Tiempo de lectura":"3 minutos"},"schema":{"@context":"https:\/\/schema.org","@graph":[{"@type":"WebPage","@id":"https:\/\/www.asajacyl.com\/palencia\/asaja-palencia-informa\/asaja-afronta-las-elecciones-con-la-confianza-de-ser-la-unica-organizacion-viva-y-arraigada-en-todo-el-territorio-y-en-todos-los-sectores-agricolas-y-ganaderos","url":"https:\/\/www.asajacyl.com\/palencia\/asaja-palencia-informa\/asaja-afronta-las-elecciones-con-la-confianza-de-ser-la-unica-organizacion-viva-y-arraigada-en-todo-el-territorio-y-en-todos-los-sectores-agricolas-y-ganaderos","name":"ASAJA afronta las elecciones con la confianza de ser la \u00fanica organizaci\u00f3n viva y arraigada en todo el territorio y en todos los sectores agr\u00edcolas y ganaderos - ASAJA Palencia","isPartOf":{"@id":"https:\/\/www.asajacyl.com\/palencia\/#website"},"primaryImageOfPage":{"@id":"https:\/\/www.asajacyl.com\/palencia\/asaja-palencia-informa\/asaja-afronta-las-elecciones-con-la-confianza-de-ser-la-unica-organizacion-viva-y-arraigada-en-todo-el-territorio-y-en-todos-los-sectores-agricolas-y-ganaderos#primaryimage"},"image":{"@id":"https:\/\/www.asajacyl.com\/palencia\/asaja-palencia-informa\/asaja-afronta-las-elecciones-con-la-confianza-de-ser-la-unica-organizacion-viva-y-arraigada-en-todo-el-territorio-y-en-todos-los-sectores-agricolas-y-ganaderos#primaryimage"},"thumbnailUrl":"https:\/\/www.asajacyl.com\/palencia\/wp-content\/uploads\/sites\/3\/2023\/02\/b16333d7-8587-4298-bd95-a74f9fac6646.jpg","datePublished":"2023-02-10T12:53:47+00:00","dateModified":"2023-02-10T12:53:49+00:00","author":{"@id":"https:\/\/www.asajacyl.com\/palencia\/#\/schema\/person\/3ab17aeb03527485c317557fae64aab1"},"description":"A punto de concluir la campa\u00f1a de las Elecciones Agrarias en Castilla y Le\u00f3n, ASAJA afronta \u201ccon confianza y optimismo\u201d las votaciones del pr\u00f3ximo","breadcrumb":{"@id":"https:\/\/www.asajacyl.com\/palencia\/asaja-palencia-informa\/asaja-afronta-las-elecciones-con-la-confianza-de-ser-la-unica-organizacion-viva-y-arraigada-en-todo-el-territorio-y-en-todos-los-sectores-agricolas-y-ganaderos#breadcrumb"},"inLanguage":"es","potentialAction":[{"@type":"ReadAction","target":["https:\/\/www.asajacyl.com\/palencia\/asaja-palencia-informa\/asaja-afronta-las-elecciones-con-la-confianza-de-ser-la-unica-organizacion-viva-y-arraigada-en-todo-el-territorio-y-en-todos-los-sectores-agricolas-y-ganaderos"]}]},{"@type":"ImageObject","inLanguage":"es","@id":"https:\/\/www.asajacyl.com\/palencia\/asaja-palencia-informa\/asaja-afronta-las-elecciones-con-la-confianza-de-ser-la-unica-organizacion-viva-y-arraigada-en-todo-el-territorio-y-en-todos-los-sectores-agricolas-y-ganaderos#primaryimage","url":"https:\/\/www.asajacyl.com\/palencia\/wp-content\/uploads\/sites\/3\/2023\/02\/b16333d7-8587-4298-bd95-a74f9fac6646.jpg","contentUrl":"https:\/\/www.asajacyl.com\/palencia\/wp-content\/uploads\/sites\/3\/2023\/02\/b16333d7-8587-4298-bd95-a74f9fac6646.jpg","width":576,"height":1024},{"@type":"BreadcrumbList","@id":"https:\/\/www.asajacyl.com\/palencia\/asaja-palencia-informa\/asaja-afronta-las-elecciones-con-la-confianza-de-ser-la-unica-organizacion-viva-y-arraigada-en-todo-el-territorio-y-en-todos-los-sectores-agricolas-y-ganaderos#breadcrumb","itemListElement":[{"@type":"ListItem","position":1,"name":"Portada","item":"https:\/\/www.asajacyl.com\/palencia\/"},{"@type":"ListItem","position":2,"name":"ASAJA afronta las elecciones con la confianza de ser la \u00fanica organizaci\u00f3n viva y arraigada en todo el territorio y en todos los sectores agr\u00edcolas y ganaderos"}]},{"@type":"WebSite","@id":"https:\/\/www.asajacyl.com\/palencia\/#website","url":"https:\/\/www.asajacyl.com\/palencia\/","name":"ASAJA Palencia","description":"Otro sitio m\u00e1s de Provincias ASAJA Castilla y Le\u00f3n","potentialAction":[{"@type":"SearchAction","target":{"@type":"EntryPoint","urlTemplate":"https:\/\/www.asajacyl.com\/palencia\/?s={search_term_string}"},"query-input":{"@type":"PropertyValueSpecification","valueRequired":true,"valueName":"search_term_string"}}],"inLanguage":"es"},{"@type":"Person","@id":"https:\/\/www.asajacyl.com\/palencia\/#\/schema\/person\/3ab17aeb03527485c317557fae64aab1","name":"Administrador","image":{"@type":"ImageObject","inLanguage":"es","@id":"https:\/\/www.asajacyl.com\/palencia\/#\/schema\/person\/image\/","url":"https:\/\/secure.gravatar.com\/avatar\/517384810d242ca9e38c180f3c9fb973?s=96&d=mm&r=g","contentUrl":"https:\/\/secure.gravatar.com\/avatar\/517384810d242ca9e38c180f3c9fb973?s=96&d=mm&r=g","caption":"Administrador"},"url":"https:\/\/www.asajacyl.com\/palencia\/author\/carlosrm"}]}},"_links":{"self":[{"href":"https:\/\/www.asajacyl.com\/palencia\/wp-json\/wp\/v2\/posts\/12326"}],"collection":[{"href":"https:\/\/www.asajacyl.com\/palencia\/wp-json\/wp\/v2\/posts"}],"about":[{"href":"https:\/\/www.asajacyl.com\/palencia\/wp-json\/wp\/v2\/types\/post"}],"author":[{"embeddable":true,"href":"https:\/\/www.asajacyl.com\/palencia\/wp-json\/wp\/v2\/users\/9"}],"replies":[{"embeddable":true,"href":"https:\/\/www.asajacyl.com\/palencia\/wp-json\/wp\/v2\/comments?post=12326"}],"version-history":[{"count":1,"href":"https:\/\/www.asajacyl.com\/palencia\/wp-json\/wp\/v2\/posts\/12326\/revisions"}],"predecessor-version":[{"id":12328,"href":"https:\/\/www.asajacyl.com\/palencia\/wp-json\/wp\/v2\/posts\/12326\/revisions\/12328"}],"wp:featuredmedia":[{"embeddable":true,"href":"https:\/\/www.asajacyl.com\/palencia\/wp-json\/wp\/v2\/media\/12327"}],"wp:attachment":[{"href":"https:\/\/www.asajacyl.com\/palencia\/wp-json\/wp\/v2\/media?parent=12326"}],"wp:term":[{"taxonomy":"category","embeddable":true,"href":"https:\/\/www.asajacyl.com\/palencia\/wp-json\/wp\/v2\/categories?post=12326"},{"taxonomy":"post_tag","embeddable":true,"href":"https:\/\/www.asajacyl.com\/palencia\/wp-json\/wp\/v2\/tags?post=12326"}],"curies":[{"name":"wp","href":"https:\/\/api.w.org\/{rel}","templated":true}]}}