{"id":12333,"date":"2023-02-14T12:02:21","date_gmt":"2023-02-14T11:02:21","guid":{"rendered":"https:\/\/www.asajacyl.com\/palencia\/?p=12333"},"modified":"2023-02-12T12:43:29","modified_gmt":"2023-02-12T11:43:29","slug":"convocadas-actas-previas-a-la-ocupacion-en-el-tramo-osorno-calahorra-de-boedo-del-ave-palencia-aguilar-de-campoo","status":"publish","type":"post","link":"https:\/\/www.asajacyl.com\/palencia\/asaja-palencia-informa\/convocadas-actas-previas-a-la-ocupacion-en-el-tramo-osorno-calahorra-de-boedo-del-ave-palencia-aguilar-de-campoo","title":{"rendered":"Convocadas actas previas a la ocupaci\u00f3n en el tramo Osorno-Calahorra de Boedo del AVE Palencia-Aguilar de Campoo"},"content":{"rendered":"\n<p>La semana pasada se ha publicado en el Bolet\u00edn Oficial del Estado la Informaci\u00f3n P\u00fablica de la Expropiaci\u00f3n Forzosa del \u00abProyecto de construcci\u00f3n de plataforma de la l\u00ednea de Alta Velocidad Palencia-Aguilar de Campoo, tramo: Osorno-Calahorra de Boedo\u00bb.<\/p>\n\n\n\n<p>Este tramo se licit\u00f3 en octubre de 2022 por un montante de 88,115 millones de euros y a d\u00eda de hoy contin\u00faa sin haberse adjudicado las obras, habi\u00e9ndose presentado a la licitaci\u00f3n dieciocho empresas o Uniones Temporales de Empresas (UTE). Desde el momento en que se adjudique, el plazo de ejecuci\u00f3n que tendr\u00e1 la empresa constructora ser\u00e1 de 48 meses.<\/p>\n\n\n\n<p>El tramo ferroviario proyectado transcurrir\u00e1 por los t\u00e9rminos municipales de Osorno la Mayor (3,7 km), Abia de las Torres (4,2 km), Espinosa de Villagonzalo (5,8 km), Villaprovedo (3,5 km), Santa Cruz de Boedo (2,54 km) y Calahorra de Boedo (0,98 km) y tendr\u00e1 una longitud total de 20,720 kil\u00f3metros y ser\u00e1 un tramo de v\u00eda \u00fanica -el AVE Palencia-Alar del Rey tendr\u00e1 45 km en v\u00eda \u00fanica y los otros 37 en v\u00eda doble-. Adem\u00e1s de expropiarse el trazado tambi\u00e9n se afectar\u00e1 a parcelas de Osorno y Herrera de Pisuerga que ser\u00e1n utilizadas como pr\u00e9stamos. La expropiaci\u00f3n tendr\u00e1 una superficie de 215,58 ha, de las que son privadas 205,33 ha. Tambi\u00e9n se impondr\u00e1n servidumbres en 5,03 hect\u00e1reas privadas y se realizar\u00e1 una ocupaci\u00f3n temporal de 11,03 ha.<\/p>\n\n\n\n<p>Los propietarios afectados por este expediente de Expropiaci\u00f3n Forzosa han sido llamados a los Ayuntamientos de que forman parte sus propiedades inmersas en este proceso. El levantamiento de actas previas a la ocupaci\u00f3n se iniciar\u00e1 en Osorno los d\u00edas 14 y 15 de marzo, proseguir\u00e1 el d\u00eda 16 de marzo en Santa Cruz de Boedo. La siguiente semana los tr\u00e1mites comenzar\u00e1n en Espinosa de Villagonzalo, el d\u00eda 21 de marzo y seguir\u00e1n en Villaprovedo los d\u00edas 22 y 23 de mazo, d\u00eda en que tambi\u00e9n se levantar\u00e1n actas en Calahorra de Boedo. La \u00faltima semana de marzo se levantar\u00e1n actas en Herrera de Pisuerga, el d\u00eda 28 de marzo, y tanto ese d\u00eda como el d\u00eda siguiente, 29 de marzo, se levantar\u00e1n actas en Abia de las Torres para finalizar el tramo.<\/p>\n\n\n\n<p>ASAJA-Palencia ofrece el servicio de acompa\u00f1amiento durante toda la tramitaci\u00f3n de la expropiaci\u00f3n buscando defender los intereses de todos los afectados por esta fara\u00f3nica obra que nadie entiende.<\/p>\n","protected":false},"excerpt":{"rendered":"<p>La semana pasada se ha publicado en el Bolet\u00edn Oficial del Estado la Informaci\u00f3n P\u00fablica de la Expropiaci\u00f3n Forzosa del \u00abProyecto de construcci\u00f3n de plataforma de la l\u00ednea de Alta Velocidad Palencia-Aguilar de Campoo, tramo: Osorno-Calahorra de Boedo\u00bb. Este tramo se licit\u00f3 en octubre de 2022 por un montante de 88,115 millones de euros y [&hellip;]<\/p>\n","protected":false},"author":9,"featured_media":10899,"comment_status":"open","ping_status":"open","sticky":false,"template":"","format":"standard","meta":{"footnotes":""},"categories":[9,29,28],"tags":[],"yoast_head":"<!-- This site is optimized with the Yoast SEO plugin v24.5 - https:\/\/yoast.com\/wordpress\/plugins\/seo\/ -->\n<title>Convocadas actas previas a la ocupaci\u00f3n en el tramo Osorno-Calahorra de Boedo del AVE Palencia-Aguilar de Campoo - ASAJA Palencia<\/title>\n<meta name=\"description\" content=\"La semana pasada se ha publicado en el Bolet\u00edn Oficial del Estado la Informaci\u00f3n P\u00fablica de la Expropiaci\u00f3n Forzosa del &quot;Proyecto de construcci\u00f3n de\" \/>\n<meta name=\"robots\" content=\"index, follow, max-snippet:-1, max-image-preview:large, max-video-preview:-1\" \/>\n<link rel=\"canonical\" href=\"https:\/\/www.asajacyl.com\/palencia\/asaja-palencia-informa\/convocadas-actas-previas-a-la-ocupacion-en-el-tramo-osorno-calahorra-de-boedo-del-ave-palencia-aguilar-de-campoo\" \/>\n<meta property=\"og:locale\" content=\"es_ES\" \/>\n<meta property=\"og:type\" content=\"article\" \/>\n<meta property=\"og:title\" content=\"Convocadas actas previas a la ocupaci\u00f3n en el tramo Osorno-Calahorra de Boedo del AVE Palencia-Aguilar de Campoo - ASAJA Palencia\" \/>\n<meta property=\"og:description\" content=\"La semana pasada se ha publicado en el Bolet\u00edn Oficial del Estado la Informaci\u00f3n P\u00fablica de la Expropiaci\u00f3n Forzosa del &quot;Proyecto de construcci\u00f3n de\" \/>\n<meta property=\"og:url\" content=\"https:\/\/www.asajacyl.com\/palencia\/asaja-palencia-informa\/convocadas-actas-previas-a-la-ocupacion-en-el-tramo-osorno-calahorra-de-boedo-del-ave-palencia-aguilar-de-campoo\" \/>\n<meta property=\"og:site_name\" content=\"ASAJA Palencia\" \/>\n<meta property=\"article:published_time\" content=\"2023-02-14T11:02:21+00:00\" \/>\n<meta property=\"og:image\" content=\"https:\/\/www.asajacyl.com\/palencia\/wp-content\/uploads\/sites\/3\/2022\/06\/EXPROPIACION.jpg\" \/>\n\t<meta property=\"og:image:width\" content=\"1600\" \/>\n\t<meta property=\"og:image:height\" content=\"1200\" \/>\n\t<meta property=\"og:image:type\" content=\"image\/jpeg\" \/>\n<meta name=\"author\" content=\"Administrador\" \/>\n<meta name=\"twitter:card\" content=\"summary_large_image\" \/>\n<meta name=\"twitter:label1\" content=\"Escrito por\" \/>\n\t<meta name=\"twitter:data1\" content=\"Administrador\" \/>\n\t<meta name=\"twitter:label2\" content=\"Tiempo de lectura\" \/>\n\t<meta name=\"twitter:data2\" content=\"2 minutos\" \/>\n<script type=\"application\/ld+json\" class=\"yoast-schema-graph\">{\"@context\":\"https:\/\/schema.org\",\"@graph\":[{\"@type\":\"WebPage\",\"@id\":\"https:\/\/www.asajacyl.com\/palencia\/asaja-palencia-informa\/convocadas-actas-previas-a-la-ocupacion-en-el-tramo-osorno-calahorra-de-boedo-del-ave-palencia-aguilar-de-campoo\",\"url\":\"https:\/\/www.asajacyl.com\/palencia\/asaja-palencia-informa\/convocadas-actas-previas-a-la-ocupacion-en-el-tramo-osorno-calahorra-de-boedo-del-ave-palencia-aguilar-de-campoo\",\"name\":\"Convocadas actas previas a la ocupaci\u00f3n en el tramo Osorno-Calahorra de Boedo del AVE Palencia-Aguilar de Campoo - ASAJA Palencia\",\"isPartOf\":{\"@id\":\"https:\/\/www.asajacyl.com\/palencia\/#website\"},\"primaryImageOfPage\":{\"@id\":\"https:\/\/www.asajacyl.com\/palencia\/asaja-palencia-informa\/convocadas-actas-previas-a-la-ocupacion-en-el-tramo-osorno-calahorra-de-boedo-del-ave-palencia-aguilar-de-campoo#primaryimage\"},\"image\":{\"@id\":\"https:\/\/www.asajacyl.com\/palencia\/asaja-palencia-informa\/convocadas-actas-previas-a-la-ocupacion-en-el-tramo-osorno-calahorra-de-boedo-del-ave-palencia-aguilar-de-campoo#primaryimage\"},\"thumbnailUrl\":\"https:\/\/www.asajacyl.com\/palencia\/wp-content\/uploads\/sites\/3\/2022\/06\/EXPROPIACION.jpg\",\"datePublished\":\"2023-02-14T11:02:21+00:00\",\"author\":{\"@id\":\"https:\/\/www.asajacyl.com\/palencia\/#\/schema\/person\/3ab17aeb03527485c317557fae64aab1\"},\"description\":\"La semana pasada se ha publicado en el Bolet\u00edn Oficial del Estado la Informaci\u00f3n P\u00fablica de la Expropiaci\u00f3n Forzosa del \\\"Proyecto de construcci\u00f3n de\",\"breadcrumb\":{\"@id\":\"https:\/\/www.asajacyl.com\/palencia\/asaja-palencia-informa\/convocadas-actas-previas-a-la-ocupacion-en-el-tramo-osorno-calahorra-de-boedo-del-ave-palencia-aguilar-de-campoo#breadcrumb\"},\"inLanguage\":\"es\",\"potentialAction\":[{\"@type\":\"ReadAction\",\"target\":[\"https:\/\/www.asajacyl.com\/palencia\/asaja-palencia-informa\/convocadas-actas-previas-a-la-ocupacion-en-el-tramo-osorno-calahorra-de-boedo-del-ave-palencia-aguilar-de-campoo\"]}]},{\"@type\":\"ImageObject\",\"inLanguage\":\"es\",\"@id\":\"https:\/\/www.asajacyl.com\/palencia\/asaja-palencia-informa\/convocadas-actas-previas-a-la-ocupacion-en-el-tramo-osorno-calahorra-de-boedo-del-ave-palencia-aguilar-de-campoo#primaryimage\",\"url\":\"https:\/\/www.asajacyl.com\/palencia\/wp-content\/uploads\/sites\/3\/2022\/06\/EXPROPIACION.jpg\",\"contentUrl\":\"https:\/\/www.asajacyl.com\/palencia\/wp-content\/uploads\/sites\/3\/2022\/06\/EXPROPIACION.jpg\",\"width\":1600,\"height\":1200},{\"@type\":\"BreadcrumbList\",\"@id\":\"https:\/\/www.asajacyl.com\/palencia\/asaja-palencia-informa\/convocadas-actas-previas-a-la-ocupacion-en-el-tramo-osorno-calahorra-de-boedo-del-ave-palencia-aguilar-de-campoo#breadcrumb\",\"itemListElement\":[{\"@type\":\"ListItem\",\"position\":1,\"name\":\"Portada\",\"item\":\"https:\/\/www.asajacyl.com\/palencia\/\"},{\"@type\":\"ListItem\",\"position\":2,\"name\":\"Convocadas actas previas a la ocupaci\u00f3n en el tramo Osorno-Calahorra de Boedo del AVE Palencia-Aguilar de Campoo\"}]},{\"@type\":\"WebSite\",\"@id\":\"https:\/\/www.asajacyl.com\/palencia\/#website\",\"url\":\"https:\/\/www.asajacyl.com\/palencia\/\",\"name\":\"ASAJA Palencia\",\"description\":\"Otro sitio m\u00e1s de Provincias ASAJA Castilla y Le\u00f3n\",\"potentialAction\":[{\"@type\":\"SearchAction\",\"target\":{\"@type\":\"EntryPoint\",\"urlTemplate\":\"https:\/\/www.asajacyl.com\/palencia\/?s={search_term_string}\"},\"query-input\":{\"@type\":\"PropertyValueSpecification\",\"valueRequired\":true,\"valueName\":\"search_term_string\"}}],\"inLanguage\":\"es\"},{\"@type\":\"Person\",\"@id\":\"https:\/\/www.asajacyl.com\/palencia\/#\/schema\/person\/3ab17aeb03527485c317557fae64aab1\",\"name\":\"Administrador\",\"image\":{\"@type\":\"ImageObject\",\"inLanguage\":\"es\",\"@id\":\"https:\/\/www.asajacyl.com\/palencia\/#\/schema\/person\/image\/\",\"url\":\"https:\/\/secure.gravatar.com\/avatar\/517384810d242ca9e38c180f3c9fb973?s=96&d=mm&r=g\",\"contentUrl\":\"https:\/\/secure.gravatar.com\/avatar\/517384810d242ca9e38c180f3c9fb973?s=96&d=mm&r=g\",\"caption\":\"Administrador\"},\"url\":\"https:\/\/www.asajacyl.com\/palencia\/author\/carlosrm\"}]}<\/script>\n<!-- \/ Yoast SEO plugin. -->","yoast_head_json":{"title":"Convocadas actas previas a la ocupaci\u00f3n en el tramo Osorno-Calahorra de Boedo del AVE Palencia-Aguilar de Campoo - ASAJA Palencia","description":"La semana pasada se ha publicado en el Bolet\u00edn Oficial del Estado la Informaci\u00f3n P\u00fablica de la Expropiaci\u00f3n Forzosa del \"Proyecto de construcci\u00f3n de","robots":{"index":"index","follow":"follow","max-snippet":"max-snippet:-1","max-image-preview":"max-image-preview:large","max-video-preview":"max-video-preview:-1"},"canonical":"https:\/\/www.asajacyl.com\/palencia\/asaja-palencia-informa\/convocadas-actas-previas-a-la-ocupacion-en-el-tramo-osorno-calahorra-de-boedo-del-ave-palencia-aguilar-de-campoo","og_locale":"es_ES","og_type":"article","og_title":"Convocadas actas previas a la ocupaci\u00f3n en el tramo Osorno-Calahorra de Boedo del AVE Palencia-Aguilar de Campoo - ASAJA Palencia","og_description":"La semana pasada se ha publicado en el Bolet\u00edn Oficial del Estado la Informaci\u00f3n P\u00fablica de la Expropiaci\u00f3n Forzosa del \"Proyecto de construcci\u00f3n de","og_url":"https:\/\/www.asajacyl.com\/palencia\/asaja-palencia-informa\/convocadas-actas-previas-a-la-ocupacion-en-el-tramo-osorno-calahorra-de-boedo-del-ave-palencia-aguilar-de-campoo","og_site_name":"ASAJA Palencia","article_published_time":"2023-02-14T11:02:21+00:00","og_image":[{"width":1600,"height":1200,"url":"https:\/\/www.asajacyl.com\/palencia\/wp-content\/uploads\/sites\/3\/2022\/06\/EXPROPIACION.jpg","type":"image\/jpeg"}],"author":"Administrador","twitter_card":"summary_large_image","twitter_misc":{"Escrito por":"Administrador","Tiempo de lectura":"2 minutos"},"schema":{"@context":"https:\/\/schema.org","@graph":[{"@type":"WebPage","@id":"https:\/\/www.asajacyl.com\/palencia\/asaja-palencia-informa\/convocadas-actas-previas-a-la-ocupacion-en-el-tramo-osorno-calahorra-de-boedo-del-ave-palencia-aguilar-de-campoo","url":"https:\/\/www.asajacyl.com\/palencia\/asaja-palencia-informa\/convocadas-actas-previas-a-la-ocupacion-en-el-tramo-osorno-calahorra-de-boedo-del-ave-palencia-aguilar-de-campoo","name":"Convocadas actas previas a la ocupaci\u00f3n en el tramo Osorno-Calahorra de Boedo del AVE Palencia-Aguilar de Campoo - ASAJA Palencia","isPartOf":{"@id":"https:\/\/www.asajacyl.com\/palencia\/#website"},"primaryImageOfPage":{"@id":"https:\/\/www.asajacyl.com\/palencia\/asaja-palencia-informa\/convocadas-actas-previas-a-la-ocupacion-en-el-tramo-osorno-calahorra-de-boedo-del-ave-palencia-aguilar-de-campoo#primaryimage"},"image":{"@id":"https:\/\/www.asajacyl.com\/palencia\/asaja-palencia-informa\/convocadas-actas-previas-a-la-ocupacion-en-el-tramo-osorno-calahorra-de-boedo-del-ave-palencia-aguilar-de-campoo#primaryimage"},"thumbnailUrl":"https:\/\/www.asajacyl.com\/palencia\/wp-content\/uploads\/sites\/3\/2022\/06\/EXPROPIACION.jpg","datePublished":"2023-02-14T11:02:21+00:00","author":{"@id":"https:\/\/www.asajacyl.com\/palencia\/#\/schema\/person\/3ab17aeb03527485c317557fae64aab1"},"description":"La semana pasada se ha publicado en el Bolet\u00edn Oficial del Estado la Informaci\u00f3n P\u00fablica de la Expropiaci\u00f3n Forzosa del \"Proyecto de construcci\u00f3n de","breadcrumb":{"@id":"https:\/\/www.asajacyl.com\/palencia\/asaja-palencia-informa\/convocadas-actas-previas-a-la-ocupacion-en-el-tramo-osorno-calahorra-de-boedo-del-ave-palencia-aguilar-de-campoo#breadcrumb"},"inLanguage":"es","potentialAction":[{"@type":"ReadAction","target":["https:\/\/www.asajacyl.com\/palencia\/asaja-palencia-informa\/convocadas-actas-previas-a-la-ocupacion-en-el-tramo-osorno-calahorra-de-boedo-del-ave-palencia-aguilar-de-campoo"]}]},{"@type":"ImageObject","inLanguage":"es","@id":"https:\/\/www.asajacyl.com\/palencia\/asaja-palencia-informa\/convocadas-actas-previas-a-la-ocupacion-en-el-tramo-osorno-calahorra-de-boedo-del-ave-palencia-aguilar-de-campoo#primaryimage","url":"https:\/\/www.asajacyl.com\/palencia\/wp-content\/uploads\/sites\/3\/2022\/06\/EXPROPIACION.jpg","contentUrl":"https:\/\/www.asajacyl.com\/palencia\/wp-content\/uploads\/sites\/3\/2022\/06\/EXPROPIACION.jpg","width":1600,"height":1200},{"@type":"BreadcrumbList","@id":"https:\/\/www.asajacyl.com\/palencia\/asaja-palencia-informa\/convocadas-actas-previas-a-la-ocupacion-en-el-tramo-osorno-calahorra-de-boedo-del-ave-palencia-aguilar-de-campoo#breadcrumb","itemListElement":[{"@type":"ListItem","position":1,"name":"Portada","item":"https:\/\/www.asajacyl.com\/palencia\/"},{"@type":"ListItem","position":2,"name":"Convocadas actas previas a la ocupaci\u00f3n en el tramo Osorno-Calahorra de Boedo del AVE Palencia-Aguilar de Campoo"}]},{"@type":"WebSite","@id":"https:\/\/www.asajacyl.com\/palencia\/#website","url":"https:\/\/www.asajacyl.com\/palencia\/","name":"ASAJA Palencia","description":"Otro sitio m\u00e1s de Provincias ASAJA Castilla y Le\u00f3n","potentialAction":[{"@type":"SearchAction","target":{"@type":"EntryPoint","urlTemplate":"https:\/\/www.asajacyl.com\/palencia\/?s={search_term_string}"},"query-input":{"@type":"PropertyValueSpecification","valueRequired":true,"valueName":"search_term_string"}}],"inLanguage":"es"},{"@type":"Person","@id":"https:\/\/www.asajacyl.com\/palencia\/#\/schema\/person\/3ab17aeb03527485c317557fae64aab1","name":"Administrador","image":{"@type":"ImageObject","inLanguage":"es","@id":"https:\/\/www.asajacyl.com\/palencia\/#\/schema\/person\/image\/","url":"https:\/\/secure.gravatar.com\/avatar\/517384810d242ca9e38c180f3c9fb973?s=96&d=mm&r=g","contentUrl":"https:\/\/secure.gravatar.com\/avatar\/517384810d242ca9e38c180f3c9fb973?s=96&d=mm&r=g","caption":"Administrador"},"url":"https:\/\/www.asajacyl.com\/palencia\/author\/carlosrm"}]}},"_links":{"self":[{"href":"https:\/\/www.asajacyl.com\/palencia\/wp-json\/wp\/v2\/posts\/12333"}],"collection":[{"href":"https:\/\/www.asajacyl.com\/palencia\/wp-json\/wp\/v2\/posts"}],"about":[{"href":"https:\/\/www.asajacyl.com\/palencia\/wp-json\/wp\/v2\/types\/post"}],"author":[{"embeddable":true,"href":"https:\/\/www.asajacyl.com\/palencia\/wp-json\/wp\/v2\/users\/9"}],"replies":[{"embeddable":true,"href":"https:\/\/www.asajacyl.com\/palencia\/wp-json\/wp\/v2\/comments?post=12333"}],"version-history":[{"count":1,"href":"https:\/\/www.asajacyl.com\/palencia\/wp-json\/wp\/v2\/posts\/12333\/revisions"}],"predecessor-version":[{"id":12334,"href":"https:\/\/www.asajacyl.com\/palencia\/wp-json\/wp\/v2\/posts\/12333\/revisions\/12334"}],"wp:featuredmedia":[{"embeddable":true,"href":"https:\/\/www.asajacyl.com\/palencia\/wp-json\/wp\/v2\/media\/10899"}],"wp:attachment":[{"href":"https:\/\/www.asajacyl.com\/palencia\/wp-json\/wp\/v2\/media?parent=12333"}],"wp:term":[{"taxonomy":"category","embeddable":true,"href":"https:\/\/www.asajacyl.com\/palencia\/wp-json\/wp\/v2\/categories?post=12333"},{"taxonomy":"post_tag","embeddable":true,"href":"https:\/\/www.asajacyl.com\/palencia\/wp-json\/wp\/v2\/tags?post=12333"}],"curies":[{"name":"wp","href":"https:\/\/api.w.org\/{rel}","templated":true}]}}