{"id":12350,"date":"2023-02-13T10:24:01","date_gmt":"2023-02-13T09:24:01","guid":{"rendered":"https:\/\/www.asajacyl.com\/palencia\/?p=12350"},"modified":"2023-02-13T10:24:03","modified_gmt":"2023-02-13T09:24:03","slug":"nueva-jornada-sobre-el-regimen-de-autonomos-agrarios","status":"publish","type":"post","link":"https:\/\/www.asajacyl.com\/palencia\/asaja-palencia-informa\/nueva-jornada-sobre-el-regimen-de-autonomos-agrarios","title":{"rendered":"Nueva jornada sobre el r\u00e9gimen de aut\u00f3nomos agrarios"},"content":{"rendered":"\n<p>ASAJA-Palencia lleva varias semanas realizando jornadas sobre el nuevo sistema de cotizaci\u00f3n de los aut\u00f3nomos agrarios. En estas jornadas ha habido cientos de personas que han acudido a informarse de las novedades existentes y que ya les est\u00e1n afectando en sus cotizaciones. Como la demanda de informaci\u00f3n sigue siendo elevada se organizar\u00e1 una nueva jornada donde podr\u00e1n acudir aquellos que quieran conocer al detalle las \u00faltimas novedades. Para asistir ap\u00fantate en nuestras oficinas o llamando al 979752344.<\/p>\n\n\n<div class=\"wp-block-image\">\n<figure class=\"aligncenter size-full\"><img loading=\"lazy\" decoding=\"async\" width=\"932\" height=\"694\" src=\"https:\/\/www.asajacyl.com\/palencia\/wp-content\/uploads\/sites\/3\/2023\/02\/image-3.png\" alt=\"\" class=\"wp-image-12351\" srcset=\"https:\/\/www.asajacyl.com\/palencia\/wp-content\/uploads\/sites\/3\/2023\/02\/image-3.png 932w, https:\/\/www.asajacyl.com\/palencia\/wp-content\/uploads\/sites\/3\/2023\/02\/image-3-300x223.png 300w, https:\/\/www.asajacyl.com\/palencia\/wp-content\/uploads\/sites\/3\/2023\/02\/image-3-768x572.png 768w, https:\/\/www.asajacyl.com\/palencia\/wp-content\/uploads\/sites\/3\/2023\/02\/image-3-696x518.png 696w, https:\/\/www.asajacyl.com\/palencia\/wp-content\/uploads\/sites\/3\/2023\/02\/image-3-485x360.png 485w, https:\/\/www.asajacyl.com\/palencia\/wp-content\/uploads\/sites\/3\/2023\/02\/image-3-564x420.png 564w, https:\/\/www.asajacyl.com\/palencia\/wp-content\/uploads\/sites\/3\/2023\/02\/image-3-80x60.png 80w\" sizes=\"(max-width: 932px) 100vw, 932px\" \/><\/figure><\/div>","protected":false},"excerpt":{"rendered":"<p>ASAJA-Palencia lleva varias semanas realizando jornadas sobre el nuevo sistema de cotizaci\u00f3n de los aut\u00f3nomos agrarios. En estas jornadas ha habido cientos de personas que han acudido a informarse de las novedades existentes y que ya les est\u00e1n afectando en sus cotizaciones. Como la demanda de informaci\u00f3n sigue siendo elevada se organizar\u00e1 una nueva jornada [&hellip;]<\/p>\n","protected":false},"author":9,"featured_media":12351,"comment_status":"open","ping_status":"open","sticky":false,"template":"","format":"standard","meta":{"footnotes":""},"categories":[9,29,28],"tags":[],"yoast_head":"<!-- This site is optimized with the Yoast SEO plugin v24.5 - https:\/\/yoast.com\/wordpress\/plugins\/seo\/ -->\n<title>Nueva jornada sobre el r\u00e9gimen de aut\u00f3nomos agrarios - ASAJA Palencia<\/title>\n<meta name=\"description\" content=\"ASAJA-Palencia lleva varias semanas realizando jornadas sobre el nuevo sistema de cotizaci\u00f3n de los aut\u00f3nomos agrarios. En estas jornadas ha habido\" \/>\n<meta name=\"robots\" content=\"index, follow, max-snippet:-1, max-image-preview:large, max-video-preview:-1\" \/>\n<link rel=\"canonical\" href=\"https:\/\/www.asajacyl.com\/palencia\/asaja-palencia-informa\/nueva-jornada-sobre-el-regimen-de-autonomos-agrarios\" \/>\n<meta property=\"og:locale\" content=\"es_ES\" \/>\n<meta property=\"og:type\" content=\"article\" \/>\n<meta property=\"og:title\" content=\"Nueva jornada sobre el r\u00e9gimen de aut\u00f3nomos agrarios - ASAJA Palencia\" \/>\n<meta property=\"og:description\" content=\"ASAJA-Palencia lleva varias semanas realizando jornadas sobre el nuevo sistema de cotizaci\u00f3n de los aut\u00f3nomos agrarios. En estas jornadas ha habido\" \/>\n<meta property=\"og:url\" content=\"https:\/\/www.asajacyl.com\/palencia\/asaja-palencia-informa\/nueva-jornada-sobre-el-regimen-de-autonomos-agrarios\" \/>\n<meta property=\"og:site_name\" content=\"ASAJA Palencia\" \/>\n<meta property=\"article:published_time\" content=\"2023-02-13T09:24:01+00:00\" \/>\n<meta property=\"article:modified_time\" content=\"2023-02-13T09:24:03+00:00\" \/>\n<meta property=\"og:image\" content=\"https:\/\/www.asajacyl.com\/palencia\/wp-content\/uploads\/sites\/3\/2023\/02\/image-3.png\" \/>\n\t<meta property=\"og:image:width\" content=\"932\" \/>\n\t<meta property=\"og:image:height\" content=\"694\" \/>\n\t<meta property=\"og:image:type\" content=\"image\/png\" \/>\n<meta name=\"author\" content=\"Administrador\" \/>\n<meta name=\"twitter:card\" content=\"summary_large_image\" \/>\n<meta name=\"twitter:label1\" content=\"Escrito por\" \/>\n\t<meta name=\"twitter:data1\" content=\"Administrador\" \/>\n\t<meta name=\"twitter:label2\" content=\"Tiempo de lectura\" \/>\n\t<meta name=\"twitter:data2\" content=\"1 minuto\" \/>\n<script type=\"application\/ld+json\" class=\"yoast-schema-graph\">{\"@context\":\"https:\/\/schema.org\",\"@graph\":[{\"@type\":\"WebPage\",\"@id\":\"https:\/\/www.asajacyl.com\/palencia\/asaja-palencia-informa\/nueva-jornada-sobre-el-regimen-de-autonomos-agrarios\",\"url\":\"https:\/\/www.asajacyl.com\/palencia\/asaja-palencia-informa\/nueva-jornada-sobre-el-regimen-de-autonomos-agrarios\",\"name\":\"Nueva jornada sobre el r\u00e9gimen de aut\u00f3nomos agrarios - ASAJA Palencia\",\"isPartOf\":{\"@id\":\"https:\/\/www.asajacyl.com\/palencia\/#website\"},\"primaryImageOfPage\":{\"@id\":\"https:\/\/www.asajacyl.com\/palencia\/asaja-palencia-informa\/nueva-jornada-sobre-el-regimen-de-autonomos-agrarios#primaryimage\"},\"image\":{\"@id\":\"https:\/\/www.asajacyl.com\/palencia\/asaja-palencia-informa\/nueva-jornada-sobre-el-regimen-de-autonomos-agrarios#primaryimage\"},\"thumbnailUrl\":\"https:\/\/www.asajacyl.com\/palencia\/wp-content\/uploads\/sites\/3\/2023\/02\/image-3.png\",\"datePublished\":\"2023-02-13T09:24:01+00:00\",\"dateModified\":\"2023-02-13T09:24:03+00:00\",\"author\":{\"@id\":\"https:\/\/www.asajacyl.com\/palencia\/#\/schema\/person\/3ab17aeb03527485c317557fae64aab1\"},\"description\":\"ASAJA-Palencia lleva varias semanas realizando jornadas sobre el nuevo sistema de cotizaci\u00f3n de los aut\u00f3nomos agrarios. En estas jornadas ha habido\",\"breadcrumb\":{\"@id\":\"https:\/\/www.asajacyl.com\/palencia\/asaja-palencia-informa\/nueva-jornada-sobre-el-regimen-de-autonomos-agrarios#breadcrumb\"},\"inLanguage\":\"es\",\"potentialAction\":[{\"@type\":\"ReadAction\",\"target\":[\"https:\/\/www.asajacyl.com\/palencia\/asaja-palencia-informa\/nueva-jornada-sobre-el-regimen-de-autonomos-agrarios\"]}]},{\"@type\":\"ImageObject\",\"inLanguage\":\"es\",\"@id\":\"https:\/\/www.asajacyl.com\/palencia\/asaja-palencia-informa\/nueva-jornada-sobre-el-regimen-de-autonomos-agrarios#primaryimage\",\"url\":\"https:\/\/www.asajacyl.com\/palencia\/wp-content\/uploads\/sites\/3\/2023\/02\/image-3.png\",\"contentUrl\":\"https:\/\/www.asajacyl.com\/palencia\/wp-content\/uploads\/sites\/3\/2023\/02\/image-3.png\",\"width\":932,\"height\":694},{\"@type\":\"BreadcrumbList\",\"@id\":\"https:\/\/www.asajacyl.com\/palencia\/asaja-palencia-informa\/nueva-jornada-sobre-el-regimen-de-autonomos-agrarios#breadcrumb\",\"itemListElement\":[{\"@type\":\"ListItem\",\"position\":1,\"name\":\"Portada\",\"item\":\"https:\/\/www.asajacyl.com\/palencia\/\"},{\"@type\":\"ListItem\",\"position\":2,\"name\":\"Nueva jornada sobre el r\u00e9gimen de aut\u00f3nomos agrarios\"}]},{\"@type\":\"WebSite\",\"@id\":\"https:\/\/www.asajacyl.com\/palencia\/#website\",\"url\":\"https:\/\/www.asajacyl.com\/palencia\/\",\"name\":\"ASAJA Palencia\",\"description\":\"Otro sitio m\u00e1s de Provincias ASAJA Castilla y Le\u00f3n\",\"potentialAction\":[{\"@type\":\"SearchAction\",\"target\":{\"@type\":\"EntryPoint\",\"urlTemplate\":\"https:\/\/www.asajacyl.com\/palencia\/?s={search_term_string}\"},\"query-input\":{\"@type\":\"PropertyValueSpecification\",\"valueRequired\":true,\"valueName\":\"search_term_string\"}}],\"inLanguage\":\"es\"},{\"@type\":\"Person\",\"@id\":\"https:\/\/www.asajacyl.com\/palencia\/#\/schema\/person\/3ab17aeb03527485c317557fae64aab1\",\"name\":\"Administrador\",\"image\":{\"@type\":\"ImageObject\",\"inLanguage\":\"es\",\"@id\":\"https:\/\/www.asajacyl.com\/palencia\/#\/schema\/person\/image\/\",\"url\":\"https:\/\/secure.gravatar.com\/avatar\/517384810d242ca9e38c180f3c9fb973?s=96&d=mm&r=g\",\"contentUrl\":\"https:\/\/secure.gravatar.com\/avatar\/517384810d242ca9e38c180f3c9fb973?s=96&d=mm&r=g\",\"caption\":\"Administrador\"},\"url\":\"https:\/\/www.asajacyl.com\/palencia\/author\/carlosrm\"}]}<\/script>\n<!-- \/ Yoast SEO plugin. -->","yoast_head_json":{"title":"Nueva jornada sobre el r\u00e9gimen de aut\u00f3nomos agrarios - ASAJA Palencia","description":"ASAJA-Palencia lleva varias semanas realizando jornadas sobre el nuevo sistema de cotizaci\u00f3n de los aut\u00f3nomos agrarios. En estas jornadas ha habido","robots":{"index":"index","follow":"follow","max-snippet":"max-snippet:-1","max-image-preview":"max-image-preview:large","max-video-preview":"max-video-preview:-1"},"canonical":"https:\/\/www.asajacyl.com\/palencia\/asaja-palencia-informa\/nueva-jornada-sobre-el-regimen-de-autonomos-agrarios","og_locale":"es_ES","og_type":"article","og_title":"Nueva jornada sobre el r\u00e9gimen de aut\u00f3nomos agrarios - ASAJA Palencia","og_description":"ASAJA-Palencia lleva varias semanas realizando jornadas sobre el nuevo sistema de cotizaci\u00f3n de los aut\u00f3nomos agrarios. En estas jornadas ha habido","og_url":"https:\/\/www.asajacyl.com\/palencia\/asaja-palencia-informa\/nueva-jornada-sobre-el-regimen-de-autonomos-agrarios","og_site_name":"ASAJA Palencia","article_published_time":"2023-02-13T09:24:01+00:00","article_modified_time":"2023-02-13T09:24:03+00:00","og_image":[{"width":932,"height":694,"url":"https:\/\/www.asajacyl.com\/palencia\/wp-content\/uploads\/sites\/3\/2023\/02\/image-3.png","type":"image\/png"}],"author":"Administrador","twitter_card":"summary_large_image","twitter_misc":{"Escrito por":"Administrador","Tiempo de lectura":"1 minuto"},"schema":{"@context":"https:\/\/schema.org","@graph":[{"@type":"WebPage","@id":"https:\/\/www.asajacyl.com\/palencia\/asaja-palencia-informa\/nueva-jornada-sobre-el-regimen-de-autonomos-agrarios","url":"https:\/\/www.asajacyl.com\/palencia\/asaja-palencia-informa\/nueva-jornada-sobre-el-regimen-de-autonomos-agrarios","name":"Nueva jornada sobre el r\u00e9gimen de aut\u00f3nomos agrarios - ASAJA Palencia","isPartOf":{"@id":"https:\/\/www.asajacyl.com\/palencia\/#website"},"primaryImageOfPage":{"@id":"https:\/\/www.asajacyl.com\/palencia\/asaja-palencia-informa\/nueva-jornada-sobre-el-regimen-de-autonomos-agrarios#primaryimage"},"image":{"@id":"https:\/\/www.asajacyl.com\/palencia\/asaja-palencia-informa\/nueva-jornada-sobre-el-regimen-de-autonomos-agrarios#primaryimage"},"thumbnailUrl":"https:\/\/www.asajacyl.com\/palencia\/wp-content\/uploads\/sites\/3\/2023\/02\/image-3.png","datePublished":"2023-02-13T09:24:01+00:00","dateModified":"2023-02-13T09:24:03+00:00","author":{"@id":"https:\/\/www.asajacyl.com\/palencia\/#\/schema\/person\/3ab17aeb03527485c317557fae64aab1"},"description":"ASAJA-Palencia lleva varias semanas realizando jornadas sobre el nuevo sistema de cotizaci\u00f3n de los aut\u00f3nomos agrarios. En estas jornadas ha habido","breadcrumb":{"@id":"https:\/\/www.asajacyl.com\/palencia\/asaja-palencia-informa\/nueva-jornada-sobre-el-regimen-de-autonomos-agrarios#breadcrumb"},"inLanguage":"es","potentialAction":[{"@type":"ReadAction","target":["https:\/\/www.asajacyl.com\/palencia\/asaja-palencia-informa\/nueva-jornada-sobre-el-regimen-de-autonomos-agrarios"]}]},{"@type":"ImageObject","inLanguage":"es","@id":"https:\/\/www.asajacyl.com\/palencia\/asaja-palencia-informa\/nueva-jornada-sobre-el-regimen-de-autonomos-agrarios#primaryimage","url":"https:\/\/www.asajacyl.com\/palencia\/wp-content\/uploads\/sites\/3\/2023\/02\/image-3.png","contentUrl":"https:\/\/www.asajacyl.com\/palencia\/wp-content\/uploads\/sites\/3\/2023\/02\/image-3.png","width":932,"height":694},{"@type":"BreadcrumbList","@id":"https:\/\/www.asajacyl.com\/palencia\/asaja-palencia-informa\/nueva-jornada-sobre-el-regimen-de-autonomos-agrarios#breadcrumb","itemListElement":[{"@type":"ListItem","position":1,"name":"Portada","item":"https:\/\/www.asajacyl.com\/palencia\/"},{"@type":"ListItem","position":2,"name":"Nueva jornada sobre el r\u00e9gimen de aut\u00f3nomos agrarios"}]},{"@type":"WebSite","@id":"https:\/\/www.asajacyl.com\/palencia\/#website","url":"https:\/\/www.asajacyl.com\/palencia\/","name":"ASAJA Palencia","description":"Otro sitio m\u00e1s de Provincias ASAJA Castilla y Le\u00f3n","potentialAction":[{"@type":"SearchAction","target":{"@type":"EntryPoint","urlTemplate":"https:\/\/www.asajacyl.com\/palencia\/?s={search_term_string}"},"query-input":{"@type":"PropertyValueSpecification","valueRequired":true,"valueName":"search_term_string"}}],"inLanguage":"es"},{"@type":"Person","@id":"https:\/\/www.asajacyl.com\/palencia\/#\/schema\/person\/3ab17aeb03527485c317557fae64aab1","name":"Administrador","image":{"@type":"ImageObject","inLanguage":"es","@id":"https:\/\/www.asajacyl.com\/palencia\/#\/schema\/person\/image\/","url":"https:\/\/secure.gravatar.com\/avatar\/517384810d242ca9e38c180f3c9fb973?s=96&d=mm&r=g","contentUrl":"https:\/\/secure.gravatar.com\/avatar\/517384810d242ca9e38c180f3c9fb973?s=96&d=mm&r=g","caption":"Administrador"},"url":"https:\/\/www.asajacyl.com\/palencia\/author\/carlosrm"}]}},"_links":{"self":[{"href":"https:\/\/www.asajacyl.com\/palencia\/wp-json\/wp\/v2\/posts\/12350"}],"collection":[{"href":"https:\/\/www.asajacyl.com\/palencia\/wp-json\/wp\/v2\/posts"}],"about":[{"href":"https:\/\/www.asajacyl.com\/palencia\/wp-json\/wp\/v2\/types\/post"}],"author":[{"embeddable":true,"href":"https:\/\/www.asajacyl.com\/palencia\/wp-json\/wp\/v2\/users\/9"}],"replies":[{"embeddable":true,"href":"https:\/\/www.asajacyl.com\/palencia\/wp-json\/wp\/v2\/comments?post=12350"}],"version-history":[{"count":1,"href":"https:\/\/www.asajacyl.com\/palencia\/wp-json\/wp\/v2\/posts\/12350\/revisions"}],"predecessor-version":[{"id":12352,"href":"https:\/\/www.asajacyl.com\/palencia\/wp-json\/wp\/v2\/posts\/12350\/revisions\/12352"}],"wp:featuredmedia":[{"embeddable":true,"href":"https:\/\/www.asajacyl.com\/palencia\/wp-json\/wp\/v2\/media\/12351"}],"wp:attachment":[{"href":"https:\/\/www.asajacyl.com\/palencia\/wp-json\/wp\/v2\/media?parent=12350"}],"wp:term":[{"taxonomy":"category","embeddable":true,"href":"https:\/\/www.asajacyl.com\/palencia\/wp-json\/wp\/v2\/categories?post=12350"},{"taxonomy":"post_tag","embeddable":true,"href":"https:\/\/www.asajacyl.com\/palencia\/wp-json\/wp\/v2\/tags?post=12350"}],"curies":[{"name":"wp","href":"https:\/\/api.w.org\/{rel}","templated":true}]}}