{"id":12353,"date":"2023-02-18T07:21:45","date_gmt":"2023-02-18T06:21:45","guid":{"rendered":"https:\/\/www.asajacyl.com\/palencia\/?p=12353"},"modified":"2023-02-16T13:20:28","modified_gmt":"2023-02-16T12:20:28","slug":"el-lobo-continua-siendo-una-gran-amenaza-para-la-ganaderia-extensiva-de-palencia","status":"publish","type":"post","link":"https:\/\/www.asajacyl.com\/palencia\/asaja-palencia-informa\/el-lobo-continua-siendo-una-gran-amenaza-para-la-ganaderia-extensiva-de-palencia","title":{"rendered":"El lobo contin\u00faa siendo una gran amenaza para la ganader\u00eda extensiva de Palencia"},"content":{"rendered":"\n<p>Los ataques de lobo a las ganader\u00edas extensivas son algo que se podr\u00eda reducir en gran medida con pol\u00edticas que primaran al ganadero y sus animales en lugar de realizar una defensa desmedida de este carn\u00edvoro. En Palencia el principal problema reside en el norte de Palencia aunque esto no quiere decir que el resto de la provincia est\u00e9 exento de \u00e9l porque tambi\u00e9n ha habido ataques en otras zonas y de vez en cuando se ven lobos incluso cerca del casco urbano de grandes localidades de nuestra provincia.<\/p>\n\n\n\n<p>La prohibici\u00f3n de su caza y el hecho de impedir que la Administraci\u00f3n pueda controlar la poblaci\u00f3n de lobos es lo que no se entiende porque no tiene l\u00f3gica alguna. De todos es sabido que cada vez hay m\u00e1s lobos, e incluso parece que la Junta est\u00e1 elaborando un nuevo censo que apuntar\u00eda en este sentido. Pero no hay que enga\u00f1arse, hay sectores de la sociedad y de las \u00e9lites pol\u00edticas que buscan la desaparici\u00f3n de la ganader\u00eda o al menos as\u00ed lo parece, aunque lo disfracen de defensa del lobo, especie que deber\u00eda vivir de forma mucho m\u00e1s controlada que ahora donde se dedica a campar a sus anchas un d\u00eda tras otro.<\/p>\n\n\n\n<p>Existen dos tipos de ataques de lobo, los reales y los oficiales, y los reales son muchos m\u00e1s porque los ganaderos est\u00e1n hastiados de tanto aguantar esta situaci\u00f3n, que no tiene visos de mejora. Existen muchos ataques de los que los ganaderos no dan parte a la guarder\u00eda e incluso hay muchos en los que directamente no se puede dar parte porque el potro, el lechazo o el ternero desaparece. La ganader\u00eda es una actividad sumamente sacrificada, cuesta mucho esfuerzo atender a diario al ganado y es muy dif\u00edcil el relevo generacional que los pueblos de nuestra provincia necesitan. Deber\u00eda darse facilidades a toda esta gente, que adem\u00e1s oferta al mercado productos de gran calidad, en todos los \u00e1mbitos, y en el del lobo tambi\u00e9n. <\/p>\n\n\n\n<p>En Palencia el n\u00famero el \u00faltimo dato de ataques oficiales de que ASAJA ha sido conocedor muestra que han sido 171 los animales afectados en el a\u00f1o 2021. De ellos, 65 ser\u00edan bovinos, 19 equinos, 17 caprinos y 70 ovinos. En 2020 la afecci\u00f3n fue de 56 animales, con 32 bovinos, 5 equinos, 3 caprinos y 14 ovinos. En 2018 el total de animales atacados fue de 101, de los que 55 fueron bovinos, 16 equinos, 2 caprinos y 26 ovinos. En el a\u00f1o 2017 fueron 130 animales atacados, con 93 bovinos, 26 equinos, 1 caprino y 9 ovinos. En todos estos a\u00f1os han sido seis los perros que han perecido oficialmente defendiendo a su ganado, estos animales se sienten como uno m\u00e1s del reba\u00f1o y dan su vida por defender al ganado del lobo, quiz\u00e1 no se les da la importancia debida y se merecen un reconocimiento de todos.<\/p>\n\n\n\n<p>Los datos de nuestra provincia son descorazonadores pero mucho peores son los regionales, donde en los \u00faltimos a\u00f1os los ataques no han hecho m\u00e1s que crecer. En el a\u00f1o 2021 ha habido 4.301 casos oficiales de ataques mientras que en 2017 fueron 2.981. Las provincias donde m\u00e1s perjuicios est\u00e1 causando el lobo son las situadas al sur del Duero, donde no se pod\u00eda cazar al lobo, con \u00c1vila a la cabeza (1.490 ataques) seguida de Segovia (891 ataques) y Zamora (890 ataques), en el conjunto de estas tres provincias se producen alrededor nueve ataques -oficiales- al d\u00eda.<\/p>\n\n\n\n<p>Cuando se tendr\u00eda que estar hablando de controlar la poblaci\u00f3n de lobos al sur del Duero nos encontramos en una huida hacia delante en pos de la protecci\u00f3n del lobo, algo que la econom\u00eda rural de nuestra regi\u00f3n no se puede permitir.<\/p>\n","protected":false},"excerpt":{"rendered":"<p>Los ataques de lobo a las ganader\u00edas extensivas son algo que se podr\u00eda reducir en gran medida con pol\u00edticas que primaran al ganadero y sus animales en lugar de realizar una defensa desmedida de este carn\u00edvoro. En Palencia el principal problema reside en el norte de Palencia aunque esto no quiere decir que el resto [&hellip;]<\/p>\n","protected":false},"author":9,"featured_media":8947,"comment_status":"open","ping_status":"open","sticky":false,"template":"","format":"standard","meta":{"footnotes":""},"categories":[9,29,28],"tags":[],"yoast_head":"<!-- This site is optimized with the Yoast SEO plugin v24.5 - https:\/\/yoast.com\/wordpress\/plugins\/seo\/ -->\n<title>El lobo contin\u00faa siendo una gran amenaza para la ganader\u00eda extensiva de Palencia - ASAJA Palencia<\/title>\n<meta name=\"description\" content=\"Los ataques de lobo a las ganader\u00edas extensivas son algo que se podr\u00eda reducir en gran medida con pol\u00edticas que primaran al ganadero y sus animales en\" \/>\n<meta name=\"robots\" content=\"index, follow, max-snippet:-1, max-image-preview:large, max-video-preview:-1\" \/>\n<link rel=\"canonical\" href=\"https:\/\/www.asajacyl.com\/palencia\/asaja-palencia-informa\/el-lobo-continua-siendo-una-gran-amenaza-para-la-ganaderia-extensiva-de-palencia\" \/>\n<meta property=\"og:locale\" content=\"es_ES\" \/>\n<meta property=\"og:type\" content=\"article\" \/>\n<meta property=\"og:title\" content=\"El lobo contin\u00faa siendo una gran amenaza para la ganader\u00eda extensiva de Palencia - ASAJA Palencia\" \/>\n<meta property=\"og:description\" content=\"Los ataques de lobo a las ganader\u00edas extensivas son algo que se podr\u00eda reducir en gran medida con pol\u00edticas que primaran al ganadero y sus animales en\" \/>\n<meta property=\"og:url\" content=\"https:\/\/www.asajacyl.com\/palencia\/asaja-palencia-informa\/el-lobo-continua-siendo-una-gran-amenaza-para-la-ganaderia-extensiva-de-palencia\" \/>\n<meta property=\"og:site_name\" content=\"ASAJA Palencia\" \/>\n<meta property=\"article:published_time\" content=\"2023-02-18T06:21:45+00:00\" \/>\n<meta property=\"og:image\" content=\"https:\/\/www.asajacyl.com\/palencia\/wp-content\/uploads\/sites\/3\/2021\/09\/CABRAS-3.jpg\" \/>\n\t<meta property=\"og:image:width\" content=\"2500\" \/>\n\t<meta property=\"og:image:height\" content=\"1875\" \/>\n\t<meta property=\"og:image:type\" content=\"image\/jpeg\" \/>\n<meta name=\"author\" content=\"Administrador\" \/>\n<meta name=\"twitter:card\" content=\"summary_large_image\" \/>\n<meta name=\"twitter:label1\" content=\"Escrito por\" \/>\n\t<meta name=\"twitter:data1\" content=\"Administrador\" \/>\n\t<meta name=\"twitter:label2\" content=\"Tiempo de lectura\" \/>\n\t<meta name=\"twitter:data2\" content=\"3 minutos\" \/>\n<script type=\"application\/ld+json\" class=\"yoast-schema-graph\">{\"@context\":\"https:\/\/schema.org\",\"@graph\":[{\"@type\":\"WebPage\",\"@id\":\"https:\/\/www.asajacyl.com\/palencia\/asaja-palencia-informa\/el-lobo-continua-siendo-una-gran-amenaza-para-la-ganaderia-extensiva-de-palencia\",\"url\":\"https:\/\/www.asajacyl.com\/palencia\/asaja-palencia-informa\/el-lobo-continua-siendo-una-gran-amenaza-para-la-ganaderia-extensiva-de-palencia\",\"name\":\"El lobo contin\u00faa siendo una gran amenaza para la ganader\u00eda extensiva de Palencia - ASAJA Palencia\",\"isPartOf\":{\"@id\":\"https:\/\/www.asajacyl.com\/palencia\/#website\"},\"primaryImageOfPage\":{\"@id\":\"https:\/\/www.asajacyl.com\/palencia\/asaja-palencia-informa\/el-lobo-continua-siendo-una-gran-amenaza-para-la-ganaderia-extensiva-de-palencia#primaryimage\"},\"image\":{\"@id\":\"https:\/\/www.asajacyl.com\/palencia\/asaja-palencia-informa\/el-lobo-continua-siendo-una-gran-amenaza-para-la-ganaderia-extensiva-de-palencia#primaryimage\"},\"thumbnailUrl\":\"https:\/\/www.asajacyl.com\/palencia\/wp-content\/uploads\/sites\/3\/2021\/09\/CABRAS-3.jpg\",\"datePublished\":\"2023-02-18T06:21:45+00:00\",\"author\":{\"@id\":\"https:\/\/www.asajacyl.com\/palencia\/#\/schema\/person\/3ab17aeb03527485c317557fae64aab1\"},\"description\":\"Los ataques de lobo a las ganader\u00edas extensivas son algo que se podr\u00eda reducir en gran medida con pol\u00edticas que primaran al ganadero y sus animales en\",\"breadcrumb\":{\"@id\":\"https:\/\/www.asajacyl.com\/palencia\/asaja-palencia-informa\/el-lobo-continua-siendo-una-gran-amenaza-para-la-ganaderia-extensiva-de-palencia#breadcrumb\"},\"inLanguage\":\"es\",\"potentialAction\":[{\"@type\":\"ReadAction\",\"target\":[\"https:\/\/www.asajacyl.com\/palencia\/asaja-palencia-informa\/el-lobo-continua-siendo-una-gran-amenaza-para-la-ganaderia-extensiva-de-palencia\"]}]},{\"@type\":\"ImageObject\",\"inLanguage\":\"es\",\"@id\":\"https:\/\/www.asajacyl.com\/palencia\/asaja-palencia-informa\/el-lobo-continua-siendo-una-gran-amenaza-para-la-ganaderia-extensiva-de-palencia#primaryimage\",\"url\":\"https:\/\/www.asajacyl.com\/palencia\/wp-content\/uploads\/sites\/3\/2021\/09\/CABRAS-3.jpg\",\"contentUrl\":\"https:\/\/www.asajacyl.com\/palencia\/wp-content\/uploads\/sites\/3\/2021\/09\/CABRAS-3.jpg\",\"width\":2500,\"height\":1875},{\"@type\":\"BreadcrumbList\",\"@id\":\"https:\/\/www.asajacyl.com\/palencia\/asaja-palencia-informa\/el-lobo-continua-siendo-una-gran-amenaza-para-la-ganaderia-extensiva-de-palencia#breadcrumb\",\"itemListElement\":[{\"@type\":\"ListItem\",\"position\":1,\"name\":\"Portada\",\"item\":\"https:\/\/www.asajacyl.com\/palencia\/\"},{\"@type\":\"ListItem\",\"position\":2,\"name\":\"El lobo contin\u00faa siendo una gran amenaza para la ganader\u00eda extensiva de Palencia\"}]},{\"@type\":\"WebSite\",\"@id\":\"https:\/\/www.asajacyl.com\/palencia\/#website\",\"url\":\"https:\/\/www.asajacyl.com\/palencia\/\",\"name\":\"ASAJA Palencia\",\"description\":\"Otro sitio m\u00e1s de Provincias ASAJA Castilla y Le\u00f3n\",\"potentialAction\":[{\"@type\":\"SearchAction\",\"target\":{\"@type\":\"EntryPoint\",\"urlTemplate\":\"https:\/\/www.asajacyl.com\/palencia\/?s={search_term_string}\"},\"query-input\":{\"@type\":\"PropertyValueSpecification\",\"valueRequired\":true,\"valueName\":\"search_term_string\"}}],\"inLanguage\":\"es\"},{\"@type\":\"Person\",\"@id\":\"https:\/\/www.asajacyl.com\/palencia\/#\/schema\/person\/3ab17aeb03527485c317557fae64aab1\",\"name\":\"Administrador\",\"image\":{\"@type\":\"ImageObject\",\"inLanguage\":\"es\",\"@id\":\"https:\/\/www.asajacyl.com\/palencia\/#\/schema\/person\/image\/\",\"url\":\"https:\/\/secure.gravatar.com\/avatar\/517384810d242ca9e38c180f3c9fb973?s=96&d=mm&r=g\",\"contentUrl\":\"https:\/\/secure.gravatar.com\/avatar\/517384810d242ca9e38c180f3c9fb973?s=96&d=mm&r=g\",\"caption\":\"Administrador\"},\"url\":\"https:\/\/www.asajacyl.com\/palencia\/author\/carlosrm\"}]}<\/script>\n<!-- \/ Yoast SEO plugin. -->","yoast_head_json":{"title":"El lobo contin\u00faa siendo una gran amenaza para la ganader\u00eda extensiva de Palencia - ASAJA Palencia","description":"Los ataques de lobo a las ganader\u00edas extensivas son algo que se podr\u00eda reducir en gran medida con pol\u00edticas que primaran al ganadero y sus animales en","robots":{"index":"index","follow":"follow","max-snippet":"max-snippet:-1","max-image-preview":"max-image-preview:large","max-video-preview":"max-video-preview:-1"},"canonical":"https:\/\/www.asajacyl.com\/palencia\/asaja-palencia-informa\/el-lobo-continua-siendo-una-gran-amenaza-para-la-ganaderia-extensiva-de-palencia","og_locale":"es_ES","og_type":"article","og_title":"El lobo contin\u00faa siendo una gran amenaza para la ganader\u00eda extensiva de Palencia - ASAJA Palencia","og_description":"Los ataques de lobo a las ganader\u00edas extensivas son algo que se podr\u00eda reducir en gran medida con pol\u00edticas que primaran al ganadero y sus animales en","og_url":"https:\/\/www.asajacyl.com\/palencia\/asaja-palencia-informa\/el-lobo-continua-siendo-una-gran-amenaza-para-la-ganaderia-extensiva-de-palencia","og_site_name":"ASAJA Palencia","article_published_time":"2023-02-18T06:21:45+00:00","og_image":[{"width":2500,"height":1875,"url":"https:\/\/www.asajacyl.com\/palencia\/wp-content\/uploads\/sites\/3\/2021\/09\/CABRAS-3.jpg","type":"image\/jpeg"}],"author":"Administrador","twitter_card":"summary_large_image","twitter_misc":{"Escrito por":"Administrador","Tiempo de lectura":"3 minutos"},"schema":{"@context":"https:\/\/schema.org","@graph":[{"@type":"WebPage","@id":"https:\/\/www.asajacyl.com\/palencia\/asaja-palencia-informa\/el-lobo-continua-siendo-una-gran-amenaza-para-la-ganaderia-extensiva-de-palencia","url":"https:\/\/www.asajacyl.com\/palencia\/asaja-palencia-informa\/el-lobo-continua-siendo-una-gran-amenaza-para-la-ganaderia-extensiva-de-palencia","name":"El lobo contin\u00faa siendo una gran amenaza para la ganader\u00eda extensiva de Palencia - ASAJA Palencia","isPartOf":{"@id":"https:\/\/www.asajacyl.com\/palencia\/#website"},"primaryImageOfPage":{"@id":"https:\/\/www.asajacyl.com\/palencia\/asaja-palencia-informa\/el-lobo-continua-siendo-una-gran-amenaza-para-la-ganaderia-extensiva-de-palencia#primaryimage"},"image":{"@id":"https:\/\/www.asajacyl.com\/palencia\/asaja-palencia-informa\/el-lobo-continua-siendo-una-gran-amenaza-para-la-ganaderia-extensiva-de-palencia#primaryimage"},"thumbnailUrl":"https:\/\/www.asajacyl.com\/palencia\/wp-content\/uploads\/sites\/3\/2021\/09\/CABRAS-3.jpg","datePublished":"2023-02-18T06:21:45+00:00","author":{"@id":"https:\/\/www.asajacyl.com\/palencia\/#\/schema\/person\/3ab17aeb03527485c317557fae64aab1"},"description":"Los ataques de lobo a las ganader\u00edas extensivas son algo que se podr\u00eda reducir en gran medida con pol\u00edticas que primaran al ganadero y sus animales en","breadcrumb":{"@id":"https:\/\/www.asajacyl.com\/palencia\/asaja-palencia-informa\/el-lobo-continua-siendo-una-gran-amenaza-para-la-ganaderia-extensiva-de-palencia#breadcrumb"},"inLanguage":"es","potentialAction":[{"@type":"ReadAction","target":["https:\/\/www.asajacyl.com\/palencia\/asaja-palencia-informa\/el-lobo-continua-siendo-una-gran-amenaza-para-la-ganaderia-extensiva-de-palencia"]}]},{"@type":"ImageObject","inLanguage":"es","@id":"https:\/\/www.asajacyl.com\/palencia\/asaja-palencia-informa\/el-lobo-continua-siendo-una-gran-amenaza-para-la-ganaderia-extensiva-de-palencia#primaryimage","url":"https:\/\/www.asajacyl.com\/palencia\/wp-content\/uploads\/sites\/3\/2021\/09\/CABRAS-3.jpg","contentUrl":"https:\/\/www.asajacyl.com\/palencia\/wp-content\/uploads\/sites\/3\/2021\/09\/CABRAS-3.jpg","width":2500,"height":1875},{"@type":"BreadcrumbList","@id":"https:\/\/www.asajacyl.com\/palencia\/asaja-palencia-informa\/el-lobo-continua-siendo-una-gran-amenaza-para-la-ganaderia-extensiva-de-palencia#breadcrumb","itemListElement":[{"@type":"ListItem","position":1,"name":"Portada","item":"https:\/\/www.asajacyl.com\/palencia\/"},{"@type":"ListItem","position":2,"name":"El lobo contin\u00faa siendo una gran amenaza para la ganader\u00eda extensiva de Palencia"}]},{"@type":"WebSite","@id":"https:\/\/www.asajacyl.com\/palencia\/#website","url":"https:\/\/www.asajacyl.com\/palencia\/","name":"ASAJA Palencia","description":"Otro sitio m\u00e1s de Provincias ASAJA Castilla y Le\u00f3n","potentialAction":[{"@type":"SearchAction","target":{"@type":"EntryPoint","urlTemplate":"https:\/\/www.asajacyl.com\/palencia\/?s={search_term_string}"},"query-input":{"@type":"PropertyValueSpecification","valueRequired":true,"valueName":"search_term_string"}}],"inLanguage":"es"},{"@type":"Person","@id":"https:\/\/www.asajacyl.com\/palencia\/#\/schema\/person\/3ab17aeb03527485c317557fae64aab1","name":"Administrador","image":{"@type":"ImageObject","inLanguage":"es","@id":"https:\/\/www.asajacyl.com\/palencia\/#\/schema\/person\/image\/","url":"https:\/\/secure.gravatar.com\/avatar\/517384810d242ca9e38c180f3c9fb973?s=96&d=mm&r=g","contentUrl":"https:\/\/secure.gravatar.com\/avatar\/517384810d242ca9e38c180f3c9fb973?s=96&d=mm&r=g","caption":"Administrador"},"url":"https:\/\/www.asajacyl.com\/palencia\/author\/carlosrm"}]}},"_links":{"self":[{"href":"https:\/\/www.asajacyl.com\/palencia\/wp-json\/wp\/v2\/posts\/12353"}],"collection":[{"href":"https:\/\/www.asajacyl.com\/palencia\/wp-json\/wp\/v2\/posts"}],"about":[{"href":"https:\/\/www.asajacyl.com\/palencia\/wp-json\/wp\/v2\/types\/post"}],"author":[{"embeddable":true,"href":"https:\/\/www.asajacyl.com\/palencia\/wp-json\/wp\/v2\/users\/9"}],"replies":[{"embeddable":true,"href":"https:\/\/www.asajacyl.com\/palencia\/wp-json\/wp\/v2\/comments?post=12353"}],"version-history":[{"count":4,"href":"https:\/\/www.asajacyl.com\/palencia\/wp-json\/wp\/v2\/posts\/12353\/revisions"}],"predecessor-version":[{"id":12362,"href":"https:\/\/www.asajacyl.com\/palencia\/wp-json\/wp\/v2\/posts\/12353\/revisions\/12362"}],"wp:featuredmedia":[{"embeddable":true,"href":"https:\/\/www.asajacyl.com\/palencia\/wp-json\/wp\/v2\/media\/8947"}],"wp:attachment":[{"href":"https:\/\/www.asajacyl.com\/palencia\/wp-json\/wp\/v2\/media?parent=12353"}],"wp:term":[{"taxonomy":"category","embeddable":true,"href":"https:\/\/www.asajacyl.com\/palencia\/wp-json\/wp\/v2\/categories?post=12353"},{"taxonomy":"post_tag","embeddable":true,"href":"https:\/\/www.asajacyl.com\/palencia\/wp-json\/wp\/v2\/tags?post=12353"}],"curies":[{"name":"wp","href":"https:\/\/api.w.org\/{rel}","templated":true}]}}