{"id":12363,"date":"2023-02-14T14:49:00","date_gmt":"2023-02-14T13:49:00","guid":{"rendered":"https:\/\/www.asajacyl.com\/palencia\/?p=12363"},"modified":"2025-02-25T10:09:27","modified_gmt":"2025-02-25T09:09:27","slug":"afripa-realizara-una-jornada-el-dia-22-de-febrero-en-saldana-destinada-a-los-ganaderos-de-vacuno-de-leche","status":"publish","type":"post","link":"https:\/\/www.asajacyl.com\/palencia\/asaja-palencia-informa\/afripa-realizara-una-jornada-el-dia-22-de-febrero-en-saldana-destinada-a-los-ganaderos-de-vacuno-de-leche","title":{"rendered":"AFRIPA realizar\u00e1 una jornada el d\u00eda 22 de febrero en Salda\u00f1a destinada a ganaderos de vacuno de leche"},"content":{"rendered":"\n<p>AFRIPA (Asociaci\u00f3n Frisona Palentina) es una asociaci\u00f3n formada por ganaderos de vacuno de leche con el fin de defender y difundir los intereses del sector l\u00e1cteo de vacuno en la provincia de Palencia. Esta asociaci\u00f3n forma parte de FEFRICALE (Federaci\u00f3n Frisona de Castilla y Le\u00f3n) -con sede en Le\u00f3n-, que a su vez pertenece a CONAFE (Confederaci\u00f3n Nacional de Frisona Espa\u00f1ola). Estas asociaciones gestionan el registro del libro geneal\u00f3gico de la raza frisona, organizan y ejecutan el control lechero oficial, que realiza la asociaci\u00f3n UAGCYL, y velan por la pureza y selecci\u00f3n de la raza frisona, siempre buscando la mejora de la productividad de las explotaciones ganaderas.<\/p>\n\n\n\n<p>A nivel regional, de los 783 ganaderos existentes en diciembre en Castilla y Le\u00f3n hay un total de 219 ganader\u00edas (28,0% del total regional) que pertenecen a FEFRICALE, estas ganader\u00edas cuentan con 42.083 reproductoras de m\u00e1s de 24 meses, lo que hace una media de 192 reproductoras por explotaci\u00f3n. En el caso de la asociaci\u00f3n de nuestra provincia, AFRIPA cuenta con 30 ganader\u00edas asociadas, las cuales cuentan con 6.933 reproductoras, lo que hace una media de 231 reproductoras por explotaci\u00f3n. En Palencia todav\u00eda aguantan algo m\u00e1s de 130 ganaderos de vacuno de leche y los socios de AFRIPA superan el 21% del total de ganaderos, algo por debajo de la media regional.<\/p>\n\n\n\n<p>El mi\u00e9rcoles d\u00eda 22 de febrero a las 11:30 horas AFRIPA realizar\u00e1 una jornada en la Casa de la Cultura de Salda\u00f1a destinada a todos los ganaderos de vacuno de leche de Palencia -tanto a los que ya son socios como a los que no lo son. Tras la presentaci\u00f3n de la jornada por parte del Presidente de AFRIPA, Roberto Fern\u00e1ndez, tomar\u00e1 la palabra el Viceconsejero Pedro Medina, que tratar\u00e1 los \u00abAspectos de importancia de la nueva PAC\u00bb. Seguidamente, Francisco Sebasti\u00e1n (Cowvet Gesti\u00f3n y Servicios Veterinarios) hablar\u00e1 sobre \u00abEstr\u00e9s por calor y recr\u00eda de novillas. Aspectos pr\u00e1cticos\u00bb y se cerrar\u00e1 el evento con una mesa redonda moderada por Gregorio Alc\u00e1ntara, de FEFRICALE. Posteriormente se realizar\u00e1 una comida de hermandad donde se entregar\u00e1n los diplomas a las vacas y ganader\u00edas que han obtenido los mejores resultados el pasado a\u00f1o.<\/p>\n\n\n\n<p>En el \u00faltimo censo del MAPA, correspondiente a mayo de 2022, refleja que en Espa\u00f1a hab\u00eda 815.814 vacas lecheras, de las que 90.272 estaban en nuestra regi\u00f3n (11,07%). En 2022 la producci\u00f3n l\u00e1ctea del vacuno de Castilla y Le\u00f3n lleg\u00f3 a las 922.867 toneladas (12,6% del total nacional), esto indica que la media de producci\u00f3n por animal fue de 10.223 kg\/vaca, cuando la media espa\u00f1ola es de 8.977 kg\/vaca. Esto demuestra la profesionalidad y especializaci\u00f3n de los ganaderos de nuestra regi\u00f3n. La caba\u00f1a de Palencia asciende a 16.921 vacas lecheras, lo que nos hace la segunda provincia m\u00e1s lechera de Castilla y Le\u00f3n, por detr\u00e1s de L\u00e9on, que dispone de 24.118 vacas de leche. <\/p>\n\n\n\n<p><strong><em>Para confirmar la asistencia a este interesante evento, al que puedes acudir a\u00fan no siendo socio de AFRIPA, se puede llamar al 987252127 o enviar un correo electr\u00f3nico a asociacionfrisonapalencia@gmail.com, tambi\u00e9n se puede contactar con las oficinas de ASAJA-Palencia.<\/em><\/strong><\/p>\n\n\n\n<figure class=\"wp-block-image size-large\"><img loading=\"lazy\" decoding=\"async\" width=\"1024\" height=\"709\" src=\"https:\/\/www.asajacyl.com\/palencia\/wp-content\/uploads\/sites\/3\/2023\/02\/image-7-1024x709.jpg\" alt=\"\" class=\"wp-image-12367\" srcset=\"https:\/\/www.asajacyl.com\/palencia\/wp-content\/uploads\/sites\/3\/2023\/02\/image-7-1024x709.jpg 1024w, https:\/\/www.asajacyl.com\/palencia\/wp-content\/uploads\/sites\/3\/2023\/02\/image-7-300x208.jpg 300w, https:\/\/www.asajacyl.com\/palencia\/wp-content\/uploads\/sites\/3\/2023\/02\/image-7-768x532.jpg 768w, https:\/\/www.asajacyl.com\/palencia\/wp-content\/uploads\/sites\/3\/2023\/02\/image-7-1536x1063.jpg 1536w, https:\/\/www.asajacyl.com\/palencia\/wp-content\/uploads\/sites\/3\/2023\/02\/image-7-218x150.jpg 218w, https:\/\/www.asajacyl.com\/palencia\/wp-content\/uploads\/sites\/3\/2023\/02\/image-7-696x482.jpg 696w, https:\/\/www.asajacyl.com\/palencia\/wp-content\/uploads\/sites\/3\/2023\/02\/image-7-1068x739.jpg 1068w, https:\/\/www.asajacyl.com\/palencia\/wp-content\/uploads\/sites\/3\/2023\/02\/image-7-607x420.jpg 607w, https:\/\/www.asajacyl.com\/palencia\/wp-content\/uploads\/sites\/3\/2023\/02\/image-7.jpg 1835w\" sizes=\"(max-width: 1024px) 100vw, 1024px\" \/><\/figure>\n\n\n\n<figure class=\"wp-block-image size-large\"><img loading=\"lazy\" decoding=\"async\" width=\"1024\" height=\"710\" src=\"https:\/\/www.asajacyl.com\/palencia\/wp-content\/uploads\/sites\/3\/2023\/02\/image-7-1-1024x710.jpg\" alt=\"\" class=\"wp-image-12368\" srcset=\"https:\/\/www.asajacyl.com\/palencia\/wp-content\/uploads\/sites\/3\/2023\/02\/image-7-1-1024x710.jpg 1024w, https:\/\/www.asajacyl.com\/palencia\/wp-content\/uploads\/sites\/3\/2023\/02\/image-7-1-300x208.jpg 300w, https:\/\/www.asajacyl.com\/palencia\/wp-content\/uploads\/sites\/3\/2023\/02\/image-7-1-768x532.jpg 768w, https:\/\/www.asajacyl.com\/palencia\/wp-content\/uploads\/sites\/3\/2023\/02\/image-7-1-1536x1064.jpg 1536w, https:\/\/www.asajacyl.com\/palencia\/wp-content\/uploads\/sites\/3\/2023\/02\/image-7-1-218x150.jpg 218w, https:\/\/www.asajacyl.com\/palencia\/wp-content\/uploads\/sites\/3\/2023\/02\/image-7-1-696x482.jpg 696w, https:\/\/www.asajacyl.com\/palencia\/wp-content\/uploads\/sites\/3\/2023\/02\/image-7-1-1068x740.jpg 1068w, https:\/\/www.asajacyl.com\/palencia\/wp-content\/uploads\/sites\/3\/2023\/02\/image-7-1-606x420.jpg 606w, https:\/\/www.asajacyl.com\/palencia\/wp-content\/uploads\/sites\/3\/2023\/02\/image-7-1.jpg 1837w\" sizes=\"(max-width: 1024px) 100vw, 1024px\" \/><\/figure>\n","protected":false},"excerpt":{"rendered":"<p>AFRIPA (Asociaci\u00f3n Frisona Palentina) es una asociaci\u00f3n formada por ganaderos de vacuno de leche con el fin de defender y difundir los intereses del sector l\u00e1cteo de vacuno en la provincia de Palencia. Esta asociaci\u00f3n forma parte de FEFRICALE (Federaci\u00f3n Frisona de Castilla y Le\u00f3n) -con sede en Le\u00f3n-, que a su vez pertenece a [&hellip;]<\/p>\n","protected":false},"author":9,"featured_media":12371,"comment_status":"open","ping_status":"open","sticky":false,"template":"","format":"standard","meta":{"footnotes":""},"categories":[9,29,28],"tags":[],"yoast_head":"<!-- This site is optimized with the Yoast SEO plugin v24.5 - https:\/\/yoast.com\/wordpress\/plugins\/seo\/ -->\n<title>AFRIPA realizar\u00e1 una jornada el d\u00eda 22 de febrero en Salda\u00f1a destinada a ganaderos de vacuno de leche - ASAJA Palencia<\/title>\n<meta name=\"description\" content=\"AFRIPA (Asociaci\u00f3n Frisona Palentina) es una asociaci\u00f3n formada por ganaderos de vacuno de leche con el fin de defender y difundir los intereses del\" \/>\n<meta name=\"robots\" content=\"index, follow, max-snippet:-1, max-image-preview:large, max-video-preview:-1\" \/>\n<link rel=\"canonical\" href=\"https:\/\/www.asajacyl.com\/palencia\/asaja-palencia-informa\/afripa-realizara-una-jornada-el-dia-22-de-febrero-en-saldana-destinada-a-los-ganaderos-de-vacuno-de-leche\" \/>\n<meta property=\"og:locale\" content=\"es_ES\" \/>\n<meta property=\"og:type\" content=\"article\" \/>\n<meta property=\"og:title\" content=\"AFRIPA realizar\u00e1 una jornada el d\u00eda 22 de febrero en Salda\u00f1a destinada a ganaderos de vacuno de leche - ASAJA Palencia\" \/>\n<meta property=\"og:description\" content=\"AFRIPA (Asociaci\u00f3n Frisona Palentina) es una asociaci\u00f3n formada por ganaderos de vacuno de leche con el fin de defender y difundir los intereses del\" \/>\n<meta property=\"og:url\" content=\"https:\/\/www.asajacyl.com\/palencia\/asaja-palencia-informa\/afripa-realizara-una-jornada-el-dia-22-de-febrero-en-saldana-destinada-a-los-ganaderos-de-vacuno-de-leche\" \/>\n<meta property=\"og:site_name\" content=\"ASAJA Palencia\" \/>\n<meta property=\"article:published_time\" content=\"2023-02-14T13:49:00+00:00\" \/>\n<meta property=\"article:modified_time\" content=\"2025-02-25T09:09:27+00:00\" \/>\n<meta property=\"og:image\" content=\"https:\/\/www.asajacyl.com\/palencia\/wp-content\/uploads\/sites\/3\/2023\/02\/JORNADA-AFRIPA.jpg\" \/>\n\t<meta property=\"og:image:width\" content=\"848\" \/>\n\t<meta property=\"og:image:height\" content=\"894\" \/>\n\t<meta property=\"og:image:type\" content=\"image\/jpeg\" \/>\n<meta name=\"author\" content=\"Administrador\" \/>\n<meta name=\"twitter:card\" content=\"summary_large_image\" \/>\n<meta name=\"twitter:label1\" content=\"Escrito por\" \/>\n\t<meta name=\"twitter:data1\" content=\"Administrador\" \/>\n\t<meta name=\"twitter:label2\" content=\"Tiempo de lectura\" \/>\n\t<meta name=\"twitter:data2\" content=\"3 minutos\" \/>\n<script type=\"application\/ld+json\" class=\"yoast-schema-graph\">{\"@context\":\"https:\/\/schema.org\",\"@graph\":[{\"@type\":\"WebPage\",\"@id\":\"https:\/\/www.asajacyl.com\/palencia\/asaja-palencia-informa\/afripa-realizara-una-jornada-el-dia-22-de-febrero-en-saldana-destinada-a-los-ganaderos-de-vacuno-de-leche\",\"url\":\"https:\/\/www.asajacyl.com\/palencia\/asaja-palencia-informa\/afripa-realizara-una-jornada-el-dia-22-de-febrero-en-saldana-destinada-a-los-ganaderos-de-vacuno-de-leche\",\"name\":\"AFRIPA realizar\u00e1 una jornada el d\u00eda 22 de febrero en Salda\u00f1a destinada a ganaderos de vacuno de leche - ASAJA Palencia\",\"isPartOf\":{\"@id\":\"https:\/\/www.asajacyl.com\/palencia\/#website\"},\"primaryImageOfPage\":{\"@id\":\"https:\/\/www.asajacyl.com\/palencia\/asaja-palencia-informa\/afripa-realizara-una-jornada-el-dia-22-de-febrero-en-saldana-destinada-a-los-ganaderos-de-vacuno-de-leche#primaryimage\"},\"image\":{\"@id\":\"https:\/\/www.asajacyl.com\/palencia\/asaja-palencia-informa\/afripa-realizara-una-jornada-el-dia-22-de-febrero-en-saldana-destinada-a-los-ganaderos-de-vacuno-de-leche#primaryimage\"},\"thumbnailUrl\":\"https:\/\/www.asajacyl.com\/palencia\/wp-content\/uploads\/sites\/3\/2023\/02\/JORNADA-AFRIPA.jpg\",\"datePublished\":\"2023-02-14T13:49:00+00:00\",\"dateModified\":\"2025-02-25T09:09:27+00:00\",\"author\":{\"@id\":\"https:\/\/www.asajacyl.com\/palencia\/#\/schema\/person\/3ab17aeb03527485c317557fae64aab1\"},\"description\":\"AFRIPA (Asociaci\u00f3n Frisona Palentina) es una asociaci\u00f3n formada por ganaderos de vacuno de leche con el fin de defender y difundir los intereses del\",\"breadcrumb\":{\"@id\":\"https:\/\/www.asajacyl.com\/palencia\/asaja-palencia-informa\/afripa-realizara-una-jornada-el-dia-22-de-febrero-en-saldana-destinada-a-los-ganaderos-de-vacuno-de-leche#breadcrumb\"},\"inLanguage\":\"es\",\"potentialAction\":[{\"@type\":\"ReadAction\",\"target\":[\"https:\/\/www.asajacyl.com\/palencia\/asaja-palencia-informa\/afripa-realizara-una-jornada-el-dia-22-de-febrero-en-saldana-destinada-a-los-ganaderos-de-vacuno-de-leche\"]}]},{\"@type\":\"ImageObject\",\"inLanguage\":\"es\",\"@id\":\"https:\/\/www.asajacyl.com\/palencia\/asaja-palencia-informa\/afripa-realizara-una-jornada-el-dia-22-de-febrero-en-saldana-destinada-a-los-ganaderos-de-vacuno-de-leche#primaryimage\",\"url\":\"https:\/\/www.asajacyl.com\/palencia\/wp-content\/uploads\/sites\/3\/2023\/02\/JORNADA-AFRIPA.jpg\",\"contentUrl\":\"https:\/\/www.asajacyl.com\/palencia\/wp-content\/uploads\/sites\/3\/2023\/02\/JORNADA-AFRIPA.jpg\",\"width\":848,\"height\":894},{\"@type\":\"BreadcrumbList\",\"@id\":\"https:\/\/www.asajacyl.com\/palencia\/asaja-palencia-informa\/afripa-realizara-una-jornada-el-dia-22-de-febrero-en-saldana-destinada-a-los-ganaderos-de-vacuno-de-leche#breadcrumb\",\"itemListElement\":[{\"@type\":\"ListItem\",\"position\":1,\"name\":\"Portada\",\"item\":\"https:\/\/www.asajacyl.com\/palencia\/\"},{\"@type\":\"ListItem\",\"position\":2,\"name\":\"AFRIPA realizar\u00e1 una jornada el d\u00eda 22 de febrero en Salda\u00f1a destinada a ganaderos de vacuno de leche\"}]},{\"@type\":\"WebSite\",\"@id\":\"https:\/\/www.asajacyl.com\/palencia\/#website\",\"url\":\"https:\/\/www.asajacyl.com\/palencia\/\",\"name\":\"ASAJA Palencia\",\"description\":\"Otro sitio m\u00e1s de Provincias ASAJA Castilla y Le\u00f3n\",\"potentialAction\":[{\"@type\":\"SearchAction\",\"target\":{\"@type\":\"EntryPoint\",\"urlTemplate\":\"https:\/\/www.asajacyl.com\/palencia\/?s={search_term_string}\"},\"query-input\":{\"@type\":\"PropertyValueSpecification\",\"valueRequired\":true,\"valueName\":\"search_term_string\"}}],\"inLanguage\":\"es\"},{\"@type\":\"Person\",\"@id\":\"https:\/\/www.asajacyl.com\/palencia\/#\/schema\/person\/3ab17aeb03527485c317557fae64aab1\",\"name\":\"Administrador\",\"image\":{\"@type\":\"ImageObject\",\"inLanguage\":\"es\",\"@id\":\"https:\/\/www.asajacyl.com\/palencia\/#\/schema\/person\/image\/\",\"url\":\"https:\/\/secure.gravatar.com\/avatar\/517384810d242ca9e38c180f3c9fb973?s=96&d=mm&r=g\",\"contentUrl\":\"https:\/\/secure.gravatar.com\/avatar\/517384810d242ca9e38c180f3c9fb973?s=96&d=mm&r=g\",\"caption\":\"Administrador\"},\"url\":\"https:\/\/www.asajacyl.com\/palencia\/author\/carlosrm\"}]}<\/script>\n<!-- \/ Yoast SEO plugin. -->","yoast_head_json":{"title":"AFRIPA realizar\u00e1 una jornada el d\u00eda 22 de febrero en Salda\u00f1a destinada a ganaderos de vacuno de leche - ASAJA Palencia","description":"AFRIPA (Asociaci\u00f3n Frisona Palentina) es una asociaci\u00f3n formada por ganaderos de vacuno de leche con el fin de defender y difundir los intereses del","robots":{"index":"index","follow":"follow","max-snippet":"max-snippet:-1","max-image-preview":"max-image-preview:large","max-video-preview":"max-video-preview:-1"},"canonical":"https:\/\/www.asajacyl.com\/palencia\/asaja-palencia-informa\/afripa-realizara-una-jornada-el-dia-22-de-febrero-en-saldana-destinada-a-los-ganaderos-de-vacuno-de-leche","og_locale":"es_ES","og_type":"article","og_title":"AFRIPA realizar\u00e1 una jornada el d\u00eda 22 de febrero en Salda\u00f1a destinada a ganaderos de vacuno de leche - ASAJA Palencia","og_description":"AFRIPA (Asociaci\u00f3n Frisona Palentina) es una asociaci\u00f3n formada por ganaderos de vacuno de leche con el fin de defender y difundir los intereses del","og_url":"https:\/\/www.asajacyl.com\/palencia\/asaja-palencia-informa\/afripa-realizara-una-jornada-el-dia-22-de-febrero-en-saldana-destinada-a-los-ganaderos-de-vacuno-de-leche","og_site_name":"ASAJA Palencia","article_published_time":"2023-02-14T13:49:00+00:00","article_modified_time":"2025-02-25T09:09:27+00:00","og_image":[{"width":848,"height":894,"url":"https:\/\/www.asajacyl.com\/palencia\/wp-content\/uploads\/sites\/3\/2023\/02\/JORNADA-AFRIPA.jpg","type":"image\/jpeg"}],"author":"Administrador","twitter_card":"summary_large_image","twitter_misc":{"Escrito por":"Administrador","Tiempo de lectura":"3 minutos"},"schema":{"@context":"https:\/\/schema.org","@graph":[{"@type":"WebPage","@id":"https:\/\/www.asajacyl.com\/palencia\/asaja-palencia-informa\/afripa-realizara-una-jornada-el-dia-22-de-febrero-en-saldana-destinada-a-los-ganaderos-de-vacuno-de-leche","url":"https:\/\/www.asajacyl.com\/palencia\/asaja-palencia-informa\/afripa-realizara-una-jornada-el-dia-22-de-febrero-en-saldana-destinada-a-los-ganaderos-de-vacuno-de-leche","name":"AFRIPA realizar\u00e1 una jornada el d\u00eda 22 de febrero en Salda\u00f1a destinada a ganaderos de vacuno de leche - ASAJA Palencia","isPartOf":{"@id":"https:\/\/www.asajacyl.com\/palencia\/#website"},"primaryImageOfPage":{"@id":"https:\/\/www.asajacyl.com\/palencia\/asaja-palencia-informa\/afripa-realizara-una-jornada-el-dia-22-de-febrero-en-saldana-destinada-a-los-ganaderos-de-vacuno-de-leche#primaryimage"},"image":{"@id":"https:\/\/www.asajacyl.com\/palencia\/asaja-palencia-informa\/afripa-realizara-una-jornada-el-dia-22-de-febrero-en-saldana-destinada-a-los-ganaderos-de-vacuno-de-leche#primaryimage"},"thumbnailUrl":"https:\/\/www.asajacyl.com\/palencia\/wp-content\/uploads\/sites\/3\/2023\/02\/JORNADA-AFRIPA.jpg","datePublished":"2023-02-14T13:49:00+00:00","dateModified":"2025-02-25T09:09:27+00:00","author":{"@id":"https:\/\/www.asajacyl.com\/palencia\/#\/schema\/person\/3ab17aeb03527485c317557fae64aab1"},"description":"AFRIPA (Asociaci\u00f3n Frisona Palentina) es una asociaci\u00f3n formada por ganaderos de vacuno de leche con el fin de defender y difundir los intereses del","breadcrumb":{"@id":"https:\/\/www.asajacyl.com\/palencia\/asaja-palencia-informa\/afripa-realizara-una-jornada-el-dia-22-de-febrero-en-saldana-destinada-a-los-ganaderos-de-vacuno-de-leche#breadcrumb"},"inLanguage":"es","potentialAction":[{"@type":"ReadAction","target":["https:\/\/www.asajacyl.com\/palencia\/asaja-palencia-informa\/afripa-realizara-una-jornada-el-dia-22-de-febrero-en-saldana-destinada-a-los-ganaderos-de-vacuno-de-leche"]}]},{"@type":"ImageObject","inLanguage":"es","@id":"https:\/\/www.asajacyl.com\/palencia\/asaja-palencia-informa\/afripa-realizara-una-jornada-el-dia-22-de-febrero-en-saldana-destinada-a-los-ganaderos-de-vacuno-de-leche#primaryimage","url":"https:\/\/www.asajacyl.com\/palencia\/wp-content\/uploads\/sites\/3\/2023\/02\/JORNADA-AFRIPA.jpg","contentUrl":"https:\/\/www.asajacyl.com\/palencia\/wp-content\/uploads\/sites\/3\/2023\/02\/JORNADA-AFRIPA.jpg","width":848,"height":894},{"@type":"BreadcrumbList","@id":"https:\/\/www.asajacyl.com\/palencia\/asaja-palencia-informa\/afripa-realizara-una-jornada-el-dia-22-de-febrero-en-saldana-destinada-a-los-ganaderos-de-vacuno-de-leche#breadcrumb","itemListElement":[{"@type":"ListItem","position":1,"name":"Portada","item":"https:\/\/www.asajacyl.com\/palencia\/"},{"@type":"ListItem","position":2,"name":"AFRIPA realizar\u00e1 una jornada el d\u00eda 22 de febrero en Salda\u00f1a destinada a ganaderos de vacuno de leche"}]},{"@type":"WebSite","@id":"https:\/\/www.asajacyl.com\/palencia\/#website","url":"https:\/\/www.asajacyl.com\/palencia\/","name":"ASAJA Palencia","description":"Otro sitio m\u00e1s de Provincias ASAJA Castilla y Le\u00f3n","potentialAction":[{"@type":"SearchAction","target":{"@type":"EntryPoint","urlTemplate":"https:\/\/www.asajacyl.com\/palencia\/?s={search_term_string}"},"query-input":{"@type":"PropertyValueSpecification","valueRequired":true,"valueName":"search_term_string"}}],"inLanguage":"es"},{"@type":"Person","@id":"https:\/\/www.asajacyl.com\/palencia\/#\/schema\/person\/3ab17aeb03527485c317557fae64aab1","name":"Administrador","image":{"@type":"ImageObject","inLanguage":"es","@id":"https:\/\/www.asajacyl.com\/palencia\/#\/schema\/person\/image\/","url":"https:\/\/secure.gravatar.com\/avatar\/517384810d242ca9e38c180f3c9fb973?s=96&d=mm&r=g","contentUrl":"https:\/\/secure.gravatar.com\/avatar\/517384810d242ca9e38c180f3c9fb973?s=96&d=mm&r=g","caption":"Administrador"},"url":"https:\/\/www.asajacyl.com\/palencia\/author\/carlosrm"}]}},"_links":{"self":[{"href":"https:\/\/www.asajacyl.com\/palencia\/wp-json\/wp\/v2\/posts\/12363"}],"collection":[{"href":"https:\/\/www.asajacyl.com\/palencia\/wp-json\/wp\/v2\/posts"}],"about":[{"href":"https:\/\/www.asajacyl.com\/palencia\/wp-json\/wp\/v2\/types\/post"}],"author":[{"embeddable":true,"href":"https:\/\/www.asajacyl.com\/palencia\/wp-json\/wp\/v2\/users\/9"}],"replies":[{"embeddable":true,"href":"https:\/\/www.asajacyl.com\/palencia\/wp-json\/wp\/v2\/comments?post=12363"}],"version-history":[{"count":6,"href":"https:\/\/www.asajacyl.com\/palencia\/wp-json\/wp\/v2\/posts\/12363\/revisions"}],"predecessor-version":[{"id":19003,"href":"https:\/\/www.asajacyl.com\/palencia\/wp-json\/wp\/v2\/posts\/12363\/revisions\/19003"}],"wp:featuredmedia":[{"embeddable":true,"href":"https:\/\/www.asajacyl.com\/palencia\/wp-json\/wp\/v2\/media\/12371"}],"wp:attachment":[{"href":"https:\/\/www.asajacyl.com\/palencia\/wp-json\/wp\/v2\/media?parent=12363"}],"wp:term":[{"taxonomy":"category","embeddable":true,"href":"https:\/\/www.asajacyl.com\/palencia\/wp-json\/wp\/v2\/categories?post=12363"},{"taxonomy":"post_tag","embeddable":true,"href":"https:\/\/www.asajacyl.com\/palencia\/wp-json\/wp\/v2\/tags?post=12363"}],"curies":[{"name":"wp","href":"https:\/\/api.w.org\/{rel}","templated":true}]}}