{"id":12374,"date":"2023-02-15T19:09:00","date_gmt":"2023-02-15T18:09:00","guid":{"rendered":"https:\/\/www.asajacyl.com\/palencia\/?p=12374"},"modified":"2023-02-15T07:39:34","modified_gmt":"2023-02-15T06:39:34","slug":"resultado-del-sorteo-del-la-feria-de-las-candelas","status":"publish","type":"post","link":"https:\/\/www.asajacyl.com\/palencia\/asaja-palencia-informa\/resultado-del-sorteo-del-la-feria-de-las-candelas","title":{"rendered":"Resultado del sorteo de la feria de Las Candelas"},"content":{"rendered":"\n<p>Todos los a\u00f1os ASAJA-Palencia realiza un sorteo entre todos los socios que acuden a la feria de Las Candelas, que se celebra cada d\u00eda 2 de febrero en la localidad de Salda\u00f1a. Esta feria es la m\u00e1s importante de la provincia de Palencia y atrae a multitud de visitantes, muchos de ellos pertenecientes al sector agrario.<\/p>\n\n\n\n<p>El resultado del sorteo realizado este a\u00f1o ha sido el siguiente:<\/p>\n\n\n\n<p>El agraciado con el viaje para dos personas a Galicia, que se realizar\u00e1 desde el 5 al 10 de marzo ha sido Ra\u00fal Nicol\u00e1s Gonz\u00e1lez, de Santa Olaja de la Vega. Por su parte, el premio del queso de oveja de Villaumbrales ser\u00e1 para Claudio Antolino Sendino, de Villasarracino. Finalmente, el lote de tres botellas de vino se lo llevar\u00e1 Alejandro Garc\u00eda D\u00edez, de Fresno del R\u00edo.<\/p>\n\n\n\n<p>ASAJA se pondr\u00e1 en contacto con los afortunados del sorteo para hacerles entrega de sus regalos y concretar la forma de entrega.<\/p>\n","protected":false},"excerpt":{"rendered":"<p>Todos los a\u00f1os ASAJA-Palencia realiza un sorteo entre todos los socios que acuden a la feria de Las Candelas, que se celebra cada d\u00eda 2 de febrero en la localidad de Salda\u00f1a. Esta feria es la m\u00e1s importante de la provincia de Palencia y atrae a multitud de visitantes, muchos de ellos pertenecientes al sector [&hellip;]<\/p>\n","protected":false},"author":9,"featured_media":5928,"comment_status":"open","ping_status":"open","sticky":false,"template":"","format":"standard","meta":{"footnotes":""},"categories":[9,29,28],"tags":[],"yoast_head":"<!-- This site is optimized with the Yoast SEO plugin v24.5 - https:\/\/yoast.com\/wordpress\/plugins\/seo\/ -->\n<title>Resultado del sorteo de la feria de Las Candelas - ASAJA Palencia<\/title>\n<meta name=\"description\" content=\"Todos los a\u00f1os ASAJA-Palencia realiza un sorteo entre todos los socios que acuden a la feria de Las Candelas, que se celebra cada d\u00eda 2 de febrero en la\" \/>\n<meta name=\"robots\" content=\"index, follow, max-snippet:-1, max-image-preview:large, max-video-preview:-1\" \/>\n<link rel=\"canonical\" href=\"https:\/\/www.asajacyl.com\/palencia\/asaja-palencia-informa\/resultado-del-sorteo-del-la-feria-de-las-candelas\" \/>\n<meta property=\"og:locale\" content=\"es_ES\" \/>\n<meta property=\"og:type\" content=\"article\" \/>\n<meta property=\"og:title\" content=\"Resultado del sorteo de la feria de Las Candelas - ASAJA Palencia\" \/>\n<meta property=\"og:description\" content=\"Todos los a\u00f1os ASAJA-Palencia realiza un sorteo entre todos los socios que acuden a la feria de Las Candelas, que se celebra cada d\u00eda 2 de febrero en la\" \/>\n<meta property=\"og:url\" content=\"https:\/\/www.asajacyl.com\/palencia\/asaja-palencia-informa\/resultado-del-sorteo-del-la-feria-de-las-candelas\" \/>\n<meta property=\"og:site_name\" content=\"ASAJA Palencia\" \/>\n<meta property=\"article:published_time\" content=\"2023-02-15T18:09:00+00:00\" \/>\n<meta property=\"og:image\" content=\"https:\/\/www.asajacyl.com\/palencia\/wp-content\/uploads\/sites\/3\/2019\/02\/candelas-2.jpg\" \/>\n\t<meta property=\"og:image:width\" content=\"1599\" \/>\n\t<meta property=\"og:image:height\" content=\"899\" \/>\n\t<meta property=\"og:image:type\" content=\"image\/jpeg\" \/>\n<meta name=\"author\" content=\"Administrador\" \/>\n<meta name=\"twitter:card\" content=\"summary_large_image\" \/>\n<meta name=\"twitter:label1\" content=\"Escrito por\" \/>\n\t<meta name=\"twitter:data1\" content=\"Administrador\" \/>\n\t<meta name=\"twitter:label2\" content=\"Tiempo de lectura\" \/>\n\t<meta name=\"twitter:data2\" content=\"1 minuto\" \/>\n<script type=\"application\/ld+json\" class=\"yoast-schema-graph\">{\"@context\":\"https:\/\/schema.org\",\"@graph\":[{\"@type\":\"WebPage\",\"@id\":\"https:\/\/www.asajacyl.com\/palencia\/asaja-palencia-informa\/resultado-del-sorteo-del-la-feria-de-las-candelas\",\"url\":\"https:\/\/www.asajacyl.com\/palencia\/asaja-palencia-informa\/resultado-del-sorteo-del-la-feria-de-las-candelas\",\"name\":\"Resultado del sorteo de la feria de Las Candelas - ASAJA Palencia\",\"isPartOf\":{\"@id\":\"https:\/\/www.asajacyl.com\/palencia\/#website\"},\"primaryImageOfPage\":{\"@id\":\"https:\/\/www.asajacyl.com\/palencia\/asaja-palencia-informa\/resultado-del-sorteo-del-la-feria-de-las-candelas#primaryimage\"},\"image\":{\"@id\":\"https:\/\/www.asajacyl.com\/palencia\/asaja-palencia-informa\/resultado-del-sorteo-del-la-feria-de-las-candelas#primaryimage\"},\"thumbnailUrl\":\"https:\/\/www.asajacyl.com\/palencia\/wp-content\/uploads\/sites\/3\/2019\/02\/candelas-2.jpg\",\"datePublished\":\"2023-02-15T18:09:00+00:00\",\"author\":{\"@id\":\"https:\/\/www.asajacyl.com\/palencia\/#\/schema\/person\/3ab17aeb03527485c317557fae64aab1\"},\"description\":\"Todos los a\u00f1os ASAJA-Palencia realiza un sorteo entre todos los socios que acuden a la feria de Las Candelas, que se celebra cada d\u00eda 2 de febrero en la\",\"breadcrumb\":{\"@id\":\"https:\/\/www.asajacyl.com\/palencia\/asaja-palencia-informa\/resultado-del-sorteo-del-la-feria-de-las-candelas#breadcrumb\"},\"inLanguage\":\"es\",\"potentialAction\":[{\"@type\":\"ReadAction\",\"target\":[\"https:\/\/www.asajacyl.com\/palencia\/asaja-palencia-informa\/resultado-del-sorteo-del-la-feria-de-las-candelas\"]}]},{\"@type\":\"ImageObject\",\"inLanguage\":\"es\",\"@id\":\"https:\/\/www.asajacyl.com\/palencia\/asaja-palencia-informa\/resultado-del-sorteo-del-la-feria-de-las-candelas#primaryimage\",\"url\":\"https:\/\/www.asajacyl.com\/palencia\/wp-content\/uploads\/sites\/3\/2019\/02\/candelas-2.jpg\",\"contentUrl\":\"https:\/\/www.asajacyl.com\/palencia\/wp-content\/uploads\/sites\/3\/2019\/02\/candelas-2.jpg\",\"width\":1599,\"height\":899},{\"@type\":\"BreadcrumbList\",\"@id\":\"https:\/\/www.asajacyl.com\/palencia\/asaja-palencia-informa\/resultado-del-sorteo-del-la-feria-de-las-candelas#breadcrumb\",\"itemListElement\":[{\"@type\":\"ListItem\",\"position\":1,\"name\":\"Portada\",\"item\":\"https:\/\/www.asajacyl.com\/palencia\/\"},{\"@type\":\"ListItem\",\"position\":2,\"name\":\"Resultado del sorteo de la feria de Las Candelas\"}]},{\"@type\":\"WebSite\",\"@id\":\"https:\/\/www.asajacyl.com\/palencia\/#website\",\"url\":\"https:\/\/www.asajacyl.com\/palencia\/\",\"name\":\"ASAJA Palencia\",\"description\":\"Otro sitio m\u00e1s de Provincias ASAJA Castilla y Le\u00f3n\",\"potentialAction\":[{\"@type\":\"SearchAction\",\"target\":{\"@type\":\"EntryPoint\",\"urlTemplate\":\"https:\/\/www.asajacyl.com\/palencia\/?s={search_term_string}\"},\"query-input\":{\"@type\":\"PropertyValueSpecification\",\"valueRequired\":true,\"valueName\":\"search_term_string\"}}],\"inLanguage\":\"es\"},{\"@type\":\"Person\",\"@id\":\"https:\/\/www.asajacyl.com\/palencia\/#\/schema\/person\/3ab17aeb03527485c317557fae64aab1\",\"name\":\"Administrador\",\"image\":{\"@type\":\"ImageObject\",\"inLanguage\":\"es\",\"@id\":\"https:\/\/www.asajacyl.com\/palencia\/#\/schema\/person\/image\/\",\"url\":\"https:\/\/secure.gravatar.com\/avatar\/517384810d242ca9e38c180f3c9fb973?s=96&d=mm&r=g\",\"contentUrl\":\"https:\/\/secure.gravatar.com\/avatar\/517384810d242ca9e38c180f3c9fb973?s=96&d=mm&r=g\",\"caption\":\"Administrador\"},\"url\":\"https:\/\/www.asajacyl.com\/palencia\/author\/carlosrm\"}]}<\/script>\n<!-- \/ Yoast SEO plugin. -->","yoast_head_json":{"title":"Resultado del sorteo de la feria de Las Candelas - ASAJA Palencia","description":"Todos los a\u00f1os ASAJA-Palencia realiza un sorteo entre todos los socios que acuden a la feria de Las Candelas, que se celebra cada d\u00eda 2 de febrero en la","robots":{"index":"index","follow":"follow","max-snippet":"max-snippet:-1","max-image-preview":"max-image-preview:large","max-video-preview":"max-video-preview:-1"},"canonical":"https:\/\/www.asajacyl.com\/palencia\/asaja-palencia-informa\/resultado-del-sorteo-del-la-feria-de-las-candelas","og_locale":"es_ES","og_type":"article","og_title":"Resultado del sorteo de la feria de Las Candelas - ASAJA Palencia","og_description":"Todos los a\u00f1os ASAJA-Palencia realiza un sorteo entre todos los socios que acuden a la feria de Las Candelas, que se celebra cada d\u00eda 2 de febrero en la","og_url":"https:\/\/www.asajacyl.com\/palencia\/asaja-palencia-informa\/resultado-del-sorteo-del-la-feria-de-las-candelas","og_site_name":"ASAJA Palencia","article_published_time":"2023-02-15T18:09:00+00:00","og_image":[{"width":1599,"height":899,"url":"https:\/\/www.asajacyl.com\/palencia\/wp-content\/uploads\/sites\/3\/2019\/02\/candelas-2.jpg","type":"image\/jpeg"}],"author":"Administrador","twitter_card":"summary_large_image","twitter_misc":{"Escrito por":"Administrador","Tiempo de lectura":"1 minuto"},"schema":{"@context":"https:\/\/schema.org","@graph":[{"@type":"WebPage","@id":"https:\/\/www.asajacyl.com\/palencia\/asaja-palencia-informa\/resultado-del-sorteo-del-la-feria-de-las-candelas","url":"https:\/\/www.asajacyl.com\/palencia\/asaja-palencia-informa\/resultado-del-sorteo-del-la-feria-de-las-candelas","name":"Resultado del sorteo de la feria de Las Candelas - ASAJA Palencia","isPartOf":{"@id":"https:\/\/www.asajacyl.com\/palencia\/#website"},"primaryImageOfPage":{"@id":"https:\/\/www.asajacyl.com\/palencia\/asaja-palencia-informa\/resultado-del-sorteo-del-la-feria-de-las-candelas#primaryimage"},"image":{"@id":"https:\/\/www.asajacyl.com\/palencia\/asaja-palencia-informa\/resultado-del-sorteo-del-la-feria-de-las-candelas#primaryimage"},"thumbnailUrl":"https:\/\/www.asajacyl.com\/palencia\/wp-content\/uploads\/sites\/3\/2019\/02\/candelas-2.jpg","datePublished":"2023-02-15T18:09:00+00:00","author":{"@id":"https:\/\/www.asajacyl.com\/palencia\/#\/schema\/person\/3ab17aeb03527485c317557fae64aab1"},"description":"Todos los a\u00f1os ASAJA-Palencia realiza un sorteo entre todos los socios que acuden a la feria de Las Candelas, que se celebra cada d\u00eda 2 de febrero en la","breadcrumb":{"@id":"https:\/\/www.asajacyl.com\/palencia\/asaja-palencia-informa\/resultado-del-sorteo-del-la-feria-de-las-candelas#breadcrumb"},"inLanguage":"es","potentialAction":[{"@type":"ReadAction","target":["https:\/\/www.asajacyl.com\/palencia\/asaja-palencia-informa\/resultado-del-sorteo-del-la-feria-de-las-candelas"]}]},{"@type":"ImageObject","inLanguage":"es","@id":"https:\/\/www.asajacyl.com\/palencia\/asaja-palencia-informa\/resultado-del-sorteo-del-la-feria-de-las-candelas#primaryimage","url":"https:\/\/www.asajacyl.com\/palencia\/wp-content\/uploads\/sites\/3\/2019\/02\/candelas-2.jpg","contentUrl":"https:\/\/www.asajacyl.com\/palencia\/wp-content\/uploads\/sites\/3\/2019\/02\/candelas-2.jpg","width":1599,"height":899},{"@type":"BreadcrumbList","@id":"https:\/\/www.asajacyl.com\/palencia\/asaja-palencia-informa\/resultado-del-sorteo-del-la-feria-de-las-candelas#breadcrumb","itemListElement":[{"@type":"ListItem","position":1,"name":"Portada","item":"https:\/\/www.asajacyl.com\/palencia\/"},{"@type":"ListItem","position":2,"name":"Resultado del sorteo de la feria de Las Candelas"}]},{"@type":"WebSite","@id":"https:\/\/www.asajacyl.com\/palencia\/#website","url":"https:\/\/www.asajacyl.com\/palencia\/","name":"ASAJA Palencia","description":"Otro sitio m\u00e1s de Provincias ASAJA Castilla y Le\u00f3n","potentialAction":[{"@type":"SearchAction","target":{"@type":"EntryPoint","urlTemplate":"https:\/\/www.asajacyl.com\/palencia\/?s={search_term_string}"},"query-input":{"@type":"PropertyValueSpecification","valueRequired":true,"valueName":"search_term_string"}}],"inLanguage":"es"},{"@type":"Person","@id":"https:\/\/www.asajacyl.com\/palencia\/#\/schema\/person\/3ab17aeb03527485c317557fae64aab1","name":"Administrador","image":{"@type":"ImageObject","inLanguage":"es","@id":"https:\/\/www.asajacyl.com\/palencia\/#\/schema\/person\/image\/","url":"https:\/\/secure.gravatar.com\/avatar\/517384810d242ca9e38c180f3c9fb973?s=96&d=mm&r=g","contentUrl":"https:\/\/secure.gravatar.com\/avatar\/517384810d242ca9e38c180f3c9fb973?s=96&d=mm&r=g","caption":"Administrador"},"url":"https:\/\/www.asajacyl.com\/palencia\/author\/carlosrm"}]}},"_links":{"self":[{"href":"https:\/\/www.asajacyl.com\/palencia\/wp-json\/wp\/v2\/posts\/12374"}],"collection":[{"href":"https:\/\/www.asajacyl.com\/palencia\/wp-json\/wp\/v2\/posts"}],"about":[{"href":"https:\/\/www.asajacyl.com\/palencia\/wp-json\/wp\/v2\/types\/post"}],"author":[{"embeddable":true,"href":"https:\/\/www.asajacyl.com\/palencia\/wp-json\/wp\/v2\/users\/9"}],"replies":[{"embeddable":true,"href":"https:\/\/www.asajacyl.com\/palencia\/wp-json\/wp\/v2\/comments?post=12374"}],"version-history":[{"count":3,"href":"https:\/\/www.asajacyl.com\/palencia\/wp-json\/wp\/v2\/posts\/12374\/revisions"}],"predecessor-version":[{"id":12378,"href":"https:\/\/www.asajacyl.com\/palencia\/wp-json\/wp\/v2\/posts\/12374\/revisions\/12378"}],"wp:featuredmedia":[{"embeddable":true,"href":"https:\/\/www.asajacyl.com\/palencia\/wp-json\/wp\/v2\/media\/5928"}],"wp:attachment":[{"href":"https:\/\/www.asajacyl.com\/palencia\/wp-json\/wp\/v2\/media?parent=12374"}],"wp:term":[{"taxonomy":"category","embeddable":true,"href":"https:\/\/www.asajacyl.com\/palencia\/wp-json\/wp\/v2\/categories?post=12374"},{"taxonomy":"post_tag","embeddable":true,"href":"https:\/\/www.asajacyl.com\/palencia\/wp-json\/wp\/v2\/tags?post=12374"}],"curies":[{"name":"wp","href":"https:\/\/api.w.org\/{rel}","templated":true}]}}