{"id":12400,"date":"2023-02-21T12:42:22","date_gmt":"2023-02-21T11:42:22","guid":{"rendered":"https:\/\/www.asajacyl.com\/palencia\/?p=12400"},"modified":"2023-02-20T13:11:19","modified_gmt":"2023-02-20T12:11:19","slug":"un-paso-mas-en-la-concentracion-de-fuentes-de-nava-y-autillo-de-campos","status":"publish","type":"post","link":"https:\/\/www.asajacyl.com\/palencia\/asaja-palencia-informa\/un-paso-mas-en-la-concentracion-de-fuentes-de-nava-y-autillo-de-campos","title":{"rendered":"Un paso m\u00e1s en la concentraci\u00f3n de Fuentes de Nava y Autillo de Campos"},"content":{"rendered":"\n<p>La Direcci\u00f3n General de Desarrollo Rural, de la Junta de Castilla y Le\u00f3n, ha procedido a la aprobaci\u00f3n del Estudio T\u00e9cnico Previo de la  Concentraci\u00f3n Parcelaria de la Zona de Autillo de Campos y Fuentes de Nava (Palencia). La Informaci\u00f3n P\u00fablica ya ha finalizado y los interesados han podido presentar las alegaciones que les haya parecido oportunas.<\/p>\n\n\n\n<p>El per\u00edmetro afectado por la concentraci\u00f3n se refiere a la totalidad de la superficie del t\u00e9rmino municipal de Autillo de Campos y la correspondiente al secano del t\u00e9rmino municipal de Fuentes de Nava. La superficie de concentraci\u00f3n de Autillo asciende a 3.003,42 hect\u00e1reas (el municipio cuenta con 3.048,17 hect\u00e1reas de las que 14,75 hect\u00e1reas son urbanas) mientras que en Fuentes de Nava entrar\u00edan en concentraci\u00f3n 3.822,45 hect\u00e1reas (el total de municipio es de 6.068,81 hect\u00e1reas de las que se excluir\u00edan 50,26 hect\u00e1reas urbanas, 335,00 correspondientes a la Laguna de la Nava y 1.861,11 hect\u00e1reas corresponden al regad\u00edo). El presupuesto base de licitaci\u00f3n de la concentraci\u00f3n parcelaria asciende a 4,44 millones de euros.<\/p>\n\n\n\n<p>Durante los a\u00f1os 1996 y 1997 se construy\u00f3 el Canal Esla-Carri\u00f3n, con el fin de trasvasar agua desde los r\u00edos Esla y Cea a los regad\u00edos de la zona del Carri\u00f3n. El uso para riego y la concesi\u00f3n de dotaciones por parte de la CHD exigen la actuaci\u00f3n de la Consejer\u00eda de Agricultura, Ganader\u00eda y Medio Rural en la planificaci\u00f3n del regad\u00edo y en el desarrollo de las acciones posteriores de proyecto y ejecuci\u00f3n de las redes de riego, as\u00ed como las actuaciones en la concentraci\u00f3n parcelaria. La planificaci\u00f3n previa llevada a cabo por la Junta establece un per\u00edmetro de riego continuo servido por el canal, contempl\u00e1ndose la posibilidad de aumentar los canales de riego mediante aguas de invierno procedentes de los r\u00edos Esla y Cea, que se acumular\u00e1n en balsas que habr\u00edan de construirse. La zona regable est\u00e1 dividida en cinco sectores correspondiendo Autillo de Campos y Fuentes de Nava a la \u00abFase I\u00bb del \u00abSector V\u00bb.<\/p>\n\n\n\n<p>El Plan Hidrol\u00f3gico del Duero del anterior per\u00edodo, el cual ha vencido el pasado a\u00f1o 2022, contemplaba la dotaci\u00f3n de agua para esta zona de Autillo de Campos y Fuentes de Nava mientras que el nuevo Plan Hidrol\u00f3gico del Duero, que marcar\u00e1 la pauta del agua hasta 2027 lo ha eliminado, pese a la reclamaci\u00f3n interpuesta por ASAJA, lo que hace que no est\u00e9 contemplada la transformaci\u00f3n en regad\u00edo en estos dos t\u00e9rminos municipales.<\/p>\n\n\n\n<p>En la zona concentrable de Autillo de Campos hay 847 parcelas, pertenecientes a 337 propietarios mientras que en Fuentes de Nava se incluir\u00edan en la concentraci\u00f3n 1.410 parcelas, las cuales tienen 503 propietarios. En total son 2.257 parcelas las afectadas, que tienen 840 propietarios distintos. Esto hace que haya 2,69 parcelas\/propietario, una superficie de 3,02 hect\u00e1reas por parcela y una superficie por propietario de 8,13 hect\u00e1reas. Tras la concentraci\u00f3n parcelaria se adjudicar\u00edan 1.129 lotes por lo que la media pasar\u00eda a ser de 1,34 parcelas por propietario y de 6,05 hect\u00e1reas por parcela.<\/p>\n","protected":false},"excerpt":{"rendered":"<p>La Direcci\u00f3n General de Desarrollo Rural, de la Junta de Castilla y Le\u00f3n, ha procedido a la aprobaci\u00f3n del Estudio T\u00e9cnico Previo de la Concentraci\u00f3n Parcelaria de la Zona de Autillo de Campos y Fuentes de Nava (Palencia). La Informaci\u00f3n P\u00fablica ya ha finalizado y los interesados han podido presentar las alegaciones que les haya [&hellip;]<\/p>\n","protected":false},"author":9,"featured_media":12278,"comment_status":"open","ping_status":"open","sticky":false,"template":"","format":"standard","meta":{"footnotes":""},"categories":[9,29,28],"tags":[],"yoast_head":"<!-- This site is optimized with the Yoast SEO plugin v24.5 - https:\/\/yoast.com\/wordpress\/plugins\/seo\/ -->\n<title>Un paso m\u00e1s en la concentraci\u00f3n de Fuentes de Nava y Autillo de Campos - ASAJA Palencia<\/title>\n<meta name=\"description\" content=\"La Direcci\u00f3n General de Desarrollo Rural, de la Junta de Castilla y Le\u00f3n, ha procedido a la aprobaci\u00f3n del Estudio T\u00e9cnico Previo de la Concentraci\u00f3n\" \/>\n<meta name=\"robots\" content=\"index, follow, max-snippet:-1, max-image-preview:large, max-video-preview:-1\" \/>\n<link rel=\"canonical\" href=\"https:\/\/www.asajacyl.com\/palencia\/asaja-palencia-informa\/un-paso-mas-en-la-concentracion-de-fuentes-de-nava-y-autillo-de-campos\" \/>\n<meta property=\"og:locale\" content=\"es_ES\" \/>\n<meta property=\"og:type\" content=\"article\" \/>\n<meta property=\"og:title\" content=\"Un paso m\u00e1s en la concentraci\u00f3n de Fuentes de Nava y Autillo de Campos - ASAJA Palencia\" \/>\n<meta property=\"og:description\" content=\"La Direcci\u00f3n General de Desarrollo Rural, de la Junta de Castilla y Le\u00f3n, ha procedido a la aprobaci\u00f3n del Estudio T\u00e9cnico Previo de la Concentraci\u00f3n\" \/>\n<meta property=\"og:url\" content=\"https:\/\/www.asajacyl.com\/palencia\/asaja-palencia-informa\/un-paso-mas-en-la-concentracion-de-fuentes-de-nava-y-autillo-de-campos\" \/>\n<meta property=\"og:site_name\" content=\"ASAJA Palencia\" \/>\n<meta property=\"article:published_time\" content=\"2023-02-21T11:42:22+00:00\" \/>\n<meta property=\"og:image\" content=\"https:\/\/www.asajacyl.com\/palencia\/wp-content\/uploads\/sites\/3\/2023\/02\/CONCENTRACION-AUTILLO-FUENTES.jpg\" \/>\n\t<meta property=\"og:image:width\" content=\"1672\" \/>\n\t<meta property=\"og:image:height\" content=\"1036\" \/>\n\t<meta property=\"og:image:type\" content=\"image\/jpeg\" \/>\n<meta name=\"author\" content=\"Administrador\" \/>\n<meta name=\"twitter:card\" content=\"summary_large_image\" \/>\n<meta name=\"twitter:label1\" content=\"Escrito por\" \/>\n\t<meta name=\"twitter:data1\" content=\"Administrador\" \/>\n\t<meta name=\"twitter:label2\" content=\"Tiempo de lectura\" \/>\n\t<meta name=\"twitter:data2\" content=\"3 minutos\" \/>\n<script type=\"application\/ld+json\" class=\"yoast-schema-graph\">{\"@context\":\"https:\/\/schema.org\",\"@graph\":[{\"@type\":\"WebPage\",\"@id\":\"https:\/\/www.asajacyl.com\/palencia\/asaja-palencia-informa\/un-paso-mas-en-la-concentracion-de-fuentes-de-nava-y-autillo-de-campos\",\"url\":\"https:\/\/www.asajacyl.com\/palencia\/asaja-palencia-informa\/un-paso-mas-en-la-concentracion-de-fuentes-de-nava-y-autillo-de-campos\",\"name\":\"Un paso m\u00e1s en la concentraci\u00f3n de Fuentes de Nava y Autillo de Campos - ASAJA Palencia\",\"isPartOf\":{\"@id\":\"https:\/\/www.asajacyl.com\/palencia\/#website\"},\"primaryImageOfPage\":{\"@id\":\"https:\/\/www.asajacyl.com\/palencia\/asaja-palencia-informa\/un-paso-mas-en-la-concentracion-de-fuentes-de-nava-y-autillo-de-campos#primaryimage\"},\"image\":{\"@id\":\"https:\/\/www.asajacyl.com\/palencia\/asaja-palencia-informa\/un-paso-mas-en-la-concentracion-de-fuentes-de-nava-y-autillo-de-campos#primaryimage\"},\"thumbnailUrl\":\"https:\/\/www.asajacyl.com\/palencia\/wp-content\/uploads\/sites\/3\/2023\/02\/CONCENTRACION-AUTILLO-FUENTES.jpg\",\"datePublished\":\"2023-02-21T11:42:22+00:00\",\"author\":{\"@id\":\"https:\/\/www.asajacyl.com\/palencia\/#\/schema\/person\/3ab17aeb03527485c317557fae64aab1\"},\"description\":\"La Direcci\u00f3n General de Desarrollo Rural, de la Junta de Castilla y Le\u00f3n, ha procedido a la aprobaci\u00f3n del Estudio T\u00e9cnico Previo de la Concentraci\u00f3n\",\"breadcrumb\":{\"@id\":\"https:\/\/www.asajacyl.com\/palencia\/asaja-palencia-informa\/un-paso-mas-en-la-concentracion-de-fuentes-de-nava-y-autillo-de-campos#breadcrumb\"},\"inLanguage\":\"es\",\"potentialAction\":[{\"@type\":\"ReadAction\",\"target\":[\"https:\/\/www.asajacyl.com\/palencia\/asaja-palencia-informa\/un-paso-mas-en-la-concentracion-de-fuentes-de-nava-y-autillo-de-campos\"]}]},{\"@type\":\"ImageObject\",\"inLanguage\":\"es\",\"@id\":\"https:\/\/www.asajacyl.com\/palencia\/asaja-palencia-informa\/un-paso-mas-en-la-concentracion-de-fuentes-de-nava-y-autillo-de-campos#primaryimage\",\"url\":\"https:\/\/www.asajacyl.com\/palencia\/wp-content\/uploads\/sites\/3\/2023\/02\/CONCENTRACION-AUTILLO-FUENTES.jpg\",\"contentUrl\":\"https:\/\/www.asajacyl.com\/palencia\/wp-content\/uploads\/sites\/3\/2023\/02\/CONCENTRACION-AUTILLO-FUENTES.jpg\",\"width\":1672,\"height\":1036},{\"@type\":\"BreadcrumbList\",\"@id\":\"https:\/\/www.asajacyl.com\/palencia\/asaja-palencia-informa\/un-paso-mas-en-la-concentracion-de-fuentes-de-nava-y-autillo-de-campos#breadcrumb\",\"itemListElement\":[{\"@type\":\"ListItem\",\"position\":1,\"name\":\"Portada\",\"item\":\"https:\/\/www.asajacyl.com\/palencia\/\"},{\"@type\":\"ListItem\",\"position\":2,\"name\":\"Un paso m\u00e1s en la concentraci\u00f3n de Fuentes de Nava y Autillo de Campos\"}]},{\"@type\":\"WebSite\",\"@id\":\"https:\/\/www.asajacyl.com\/palencia\/#website\",\"url\":\"https:\/\/www.asajacyl.com\/palencia\/\",\"name\":\"ASAJA Palencia\",\"description\":\"Otro sitio m\u00e1s de Provincias ASAJA Castilla y Le\u00f3n\",\"potentialAction\":[{\"@type\":\"SearchAction\",\"target\":{\"@type\":\"EntryPoint\",\"urlTemplate\":\"https:\/\/www.asajacyl.com\/palencia\/?s={search_term_string}\"},\"query-input\":{\"@type\":\"PropertyValueSpecification\",\"valueRequired\":true,\"valueName\":\"search_term_string\"}}],\"inLanguage\":\"es\"},{\"@type\":\"Person\",\"@id\":\"https:\/\/www.asajacyl.com\/palencia\/#\/schema\/person\/3ab17aeb03527485c317557fae64aab1\",\"name\":\"Administrador\",\"image\":{\"@type\":\"ImageObject\",\"inLanguage\":\"es\",\"@id\":\"https:\/\/www.asajacyl.com\/palencia\/#\/schema\/person\/image\/\",\"url\":\"https:\/\/secure.gravatar.com\/avatar\/517384810d242ca9e38c180f3c9fb973?s=96&d=mm&r=g\",\"contentUrl\":\"https:\/\/secure.gravatar.com\/avatar\/517384810d242ca9e38c180f3c9fb973?s=96&d=mm&r=g\",\"caption\":\"Administrador\"},\"url\":\"https:\/\/www.asajacyl.com\/palencia\/author\/carlosrm\"}]}<\/script>\n<!-- \/ Yoast SEO plugin. -->","yoast_head_json":{"title":"Un paso m\u00e1s en la concentraci\u00f3n de Fuentes de Nava y Autillo de Campos - ASAJA Palencia","description":"La Direcci\u00f3n General de Desarrollo Rural, de la Junta de Castilla y Le\u00f3n, ha procedido a la aprobaci\u00f3n del Estudio T\u00e9cnico Previo de la Concentraci\u00f3n","robots":{"index":"index","follow":"follow","max-snippet":"max-snippet:-1","max-image-preview":"max-image-preview:large","max-video-preview":"max-video-preview:-1"},"canonical":"https:\/\/www.asajacyl.com\/palencia\/asaja-palencia-informa\/un-paso-mas-en-la-concentracion-de-fuentes-de-nava-y-autillo-de-campos","og_locale":"es_ES","og_type":"article","og_title":"Un paso m\u00e1s en la concentraci\u00f3n de Fuentes de Nava y Autillo de Campos - ASAJA Palencia","og_description":"La Direcci\u00f3n General de Desarrollo Rural, de la Junta de Castilla y Le\u00f3n, ha procedido a la aprobaci\u00f3n del Estudio T\u00e9cnico Previo de la Concentraci\u00f3n","og_url":"https:\/\/www.asajacyl.com\/palencia\/asaja-palencia-informa\/un-paso-mas-en-la-concentracion-de-fuentes-de-nava-y-autillo-de-campos","og_site_name":"ASAJA Palencia","article_published_time":"2023-02-21T11:42:22+00:00","og_image":[{"width":1672,"height":1036,"url":"https:\/\/www.asajacyl.com\/palencia\/wp-content\/uploads\/sites\/3\/2023\/02\/CONCENTRACION-AUTILLO-FUENTES.jpg","type":"image\/jpeg"}],"author":"Administrador","twitter_card":"summary_large_image","twitter_misc":{"Escrito por":"Administrador","Tiempo de lectura":"3 minutos"},"schema":{"@context":"https:\/\/schema.org","@graph":[{"@type":"WebPage","@id":"https:\/\/www.asajacyl.com\/palencia\/asaja-palencia-informa\/un-paso-mas-en-la-concentracion-de-fuentes-de-nava-y-autillo-de-campos","url":"https:\/\/www.asajacyl.com\/palencia\/asaja-palencia-informa\/un-paso-mas-en-la-concentracion-de-fuentes-de-nava-y-autillo-de-campos","name":"Un paso m\u00e1s en la concentraci\u00f3n de Fuentes de Nava y Autillo de Campos - ASAJA Palencia","isPartOf":{"@id":"https:\/\/www.asajacyl.com\/palencia\/#website"},"primaryImageOfPage":{"@id":"https:\/\/www.asajacyl.com\/palencia\/asaja-palencia-informa\/un-paso-mas-en-la-concentracion-de-fuentes-de-nava-y-autillo-de-campos#primaryimage"},"image":{"@id":"https:\/\/www.asajacyl.com\/palencia\/asaja-palencia-informa\/un-paso-mas-en-la-concentracion-de-fuentes-de-nava-y-autillo-de-campos#primaryimage"},"thumbnailUrl":"https:\/\/www.asajacyl.com\/palencia\/wp-content\/uploads\/sites\/3\/2023\/02\/CONCENTRACION-AUTILLO-FUENTES.jpg","datePublished":"2023-02-21T11:42:22+00:00","author":{"@id":"https:\/\/www.asajacyl.com\/palencia\/#\/schema\/person\/3ab17aeb03527485c317557fae64aab1"},"description":"La Direcci\u00f3n General de Desarrollo Rural, de la Junta de Castilla y Le\u00f3n, ha procedido a la aprobaci\u00f3n del Estudio T\u00e9cnico Previo de la Concentraci\u00f3n","breadcrumb":{"@id":"https:\/\/www.asajacyl.com\/palencia\/asaja-palencia-informa\/un-paso-mas-en-la-concentracion-de-fuentes-de-nava-y-autillo-de-campos#breadcrumb"},"inLanguage":"es","potentialAction":[{"@type":"ReadAction","target":["https:\/\/www.asajacyl.com\/palencia\/asaja-palencia-informa\/un-paso-mas-en-la-concentracion-de-fuentes-de-nava-y-autillo-de-campos"]}]},{"@type":"ImageObject","inLanguage":"es","@id":"https:\/\/www.asajacyl.com\/palencia\/asaja-palencia-informa\/un-paso-mas-en-la-concentracion-de-fuentes-de-nava-y-autillo-de-campos#primaryimage","url":"https:\/\/www.asajacyl.com\/palencia\/wp-content\/uploads\/sites\/3\/2023\/02\/CONCENTRACION-AUTILLO-FUENTES.jpg","contentUrl":"https:\/\/www.asajacyl.com\/palencia\/wp-content\/uploads\/sites\/3\/2023\/02\/CONCENTRACION-AUTILLO-FUENTES.jpg","width":1672,"height":1036},{"@type":"BreadcrumbList","@id":"https:\/\/www.asajacyl.com\/palencia\/asaja-palencia-informa\/un-paso-mas-en-la-concentracion-de-fuentes-de-nava-y-autillo-de-campos#breadcrumb","itemListElement":[{"@type":"ListItem","position":1,"name":"Portada","item":"https:\/\/www.asajacyl.com\/palencia\/"},{"@type":"ListItem","position":2,"name":"Un paso m\u00e1s en la concentraci\u00f3n de Fuentes de Nava y Autillo de Campos"}]},{"@type":"WebSite","@id":"https:\/\/www.asajacyl.com\/palencia\/#website","url":"https:\/\/www.asajacyl.com\/palencia\/","name":"ASAJA Palencia","description":"Otro sitio m\u00e1s de Provincias ASAJA Castilla y Le\u00f3n","potentialAction":[{"@type":"SearchAction","target":{"@type":"EntryPoint","urlTemplate":"https:\/\/www.asajacyl.com\/palencia\/?s={search_term_string}"},"query-input":{"@type":"PropertyValueSpecification","valueRequired":true,"valueName":"search_term_string"}}],"inLanguage":"es"},{"@type":"Person","@id":"https:\/\/www.asajacyl.com\/palencia\/#\/schema\/person\/3ab17aeb03527485c317557fae64aab1","name":"Administrador","image":{"@type":"ImageObject","inLanguage":"es","@id":"https:\/\/www.asajacyl.com\/palencia\/#\/schema\/person\/image\/","url":"https:\/\/secure.gravatar.com\/avatar\/517384810d242ca9e38c180f3c9fb973?s=96&d=mm&r=g","contentUrl":"https:\/\/secure.gravatar.com\/avatar\/517384810d242ca9e38c180f3c9fb973?s=96&d=mm&r=g","caption":"Administrador"},"url":"https:\/\/www.asajacyl.com\/palencia\/author\/carlosrm"}]}},"_links":{"self":[{"href":"https:\/\/www.asajacyl.com\/palencia\/wp-json\/wp\/v2\/posts\/12400"}],"collection":[{"href":"https:\/\/www.asajacyl.com\/palencia\/wp-json\/wp\/v2\/posts"}],"about":[{"href":"https:\/\/www.asajacyl.com\/palencia\/wp-json\/wp\/v2\/types\/post"}],"author":[{"embeddable":true,"href":"https:\/\/www.asajacyl.com\/palencia\/wp-json\/wp\/v2\/users\/9"}],"replies":[{"embeddable":true,"href":"https:\/\/www.asajacyl.com\/palencia\/wp-json\/wp\/v2\/comments?post=12400"}],"version-history":[{"count":2,"href":"https:\/\/www.asajacyl.com\/palencia\/wp-json\/wp\/v2\/posts\/12400\/revisions"}],"predecessor-version":[{"id":12402,"href":"https:\/\/www.asajacyl.com\/palencia\/wp-json\/wp\/v2\/posts\/12400\/revisions\/12402"}],"wp:featuredmedia":[{"embeddable":true,"href":"https:\/\/www.asajacyl.com\/palencia\/wp-json\/wp\/v2\/media\/12278"}],"wp:attachment":[{"href":"https:\/\/www.asajacyl.com\/palencia\/wp-json\/wp\/v2\/media?parent=12400"}],"wp:term":[{"taxonomy":"category","embeddable":true,"href":"https:\/\/www.asajacyl.com\/palencia\/wp-json\/wp\/v2\/categories?post=12400"},{"taxonomy":"post_tag","embeddable":true,"href":"https:\/\/www.asajacyl.com\/palencia\/wp-json\/wp\/v2\/tags?post=12400"}],"curies":[{"name":"wp","href":"https:\/\/api.w.org\/{rel}","templated":true}]}}