{"id":12406,"date":"2023-02-22T14:23:42","date_gmt":"2023-02-22T13:23:42","guid":{"rendered":"https:\/\/www.asajacyl.com\/palencia\/?p=12406"},"modified":"2023-02-21T13:07:35","modified_gmt":"2023-02-21T12:07:35","slug":"asaja-ha-reivindicado-que-perdure-la-correlacion-de-fuerzas-en-la-negociacion-de-contratos-lacteos","status":"publish","type":"post","link":"https:\/\/www.asajacyl.com\/palencia\/asaja-palencia-informa\/asaja-ha-reivindicado-que-perdure-la-correlacion-de-fuerzas-en-la-negociacion-de-contratos-lacteos","title":{"rendered":"ASAJA ha reivindicado que perdure la correlaci\u00f3n de fuerzas en la negociaci\u00f3n de contratos l\u00e1cteos"},"content":{"rendered":"\n<p>ASAJA hace esta declaraci\u00f3n porque es ahora, despu\u00e9s de muchos a\u00f1os, la primera vez en la que est\u00e1 funcionando el libre mercado y los ganaderos tienen la posibilidad real de ejercer un derecho tan elemental como el de cambiar de comprador de leche, cambiar de cliente, ya que hasta ahora las industrias ten\u00edan pactados precios y repartidas las rutas de recogida, por lo que la posibilidad de negociaci\u00f3n del sector primario era nula, mientras que ahora puede recurrir a un mercado libre real.<br>Para la organizaci\u00f3n, es ahora, debido a una situaci\u00f3n de escasez de leche que hace que algunas empresas no puedan atender sus compromisos comerciales, cuando se han roto los pactos que manten\u00edan entre ellas y es relativamente posible negociar con un comprador distinto.<\/p>\n\n\n\n<p>El sector del vacuno de leche atraves\u00f3 un a\u00f1o 2022 muy dif\u00edcil debido a los altos costes de producci\u00f3n y a las t\u00edmidas subidas en el precio de la leche, tendencia que cambi\u00f3 en el cuarto trimestre del a\u00f1o cuando la subida situ\u00f3 el precio de venta en unos 60 c\u00e9ntimos de euro el litro, seg\u00fan vol\u00famenes y calidades, precios que se mantienen en la actualidad y que no hay motivos para que bajen a lo largo del a\u00f1o. El precio medio del litro en Castilla y Le\u00f3n fue de 61,5 c\u00e9ntimos frente a los 59,7 c\u00e9ntimos de la media espa\u00f1ola.<\/p>\n\n\n\n<p>Espa\u00f1a se enfrenta a una reducci\u00f3n en la producci\u00f3n l\u00e1ctea de vacuno que ya perdura diez meses, en el a\u00f1o 2022 s\u00f3lo en enero y febrero se produjo un aumento de la producci\u00f3n l\u00e1ctea espa\u00f1ola sobre la producci\u00f3n de los mismos meses pero del a\u00f1o 2021. Las entregas de leche en el a\u00f1o 2022 ascendieron a 7,324 millones de kilos mientras que en 2021 llegaron a los 7,487 millones de kilos, esto implica un descenso anual del 2,2% en la producci\u00f3n l\u00e1ctea nacional.<\/p>\n\n\n\n<p>El n\u00famero de ganaderos que finaliz\u00f3 2022 entregando leche fue de 10.665 habiendo llegado esta cifra a 11.447 en diciembre de 2021. La reducci\u00f3n en s\u00f3lo un a\u00f1o ha sido de 782 ganaderos por lo que se puede decir que cada d\u00eda de 2022 han abandonado la actividad m\u00e1s de dos ganaderos (-6,8% de bajada). A este ritmo finalizaremos el a\u00f1o con menos de 10.000 ganaderos en Espa\u00f1a, una barrera psicol\u00f3gica que va a hacer mucha mella en el sector.<\/p>\n\n\n\n<p>En Castilla y Le\u00f3n han entregado leche 783 ganaderos en diciembre, cuando en 2021 hab\u00eda 864 ganaderos, una tremenda reducci\u00f3n del 9,38%. Es f\u00e1cil que se termine el a\u00f1o con menos de 700 ganaderos en nuestra regi\u00f3n, una verdadera l\u00e1stima, como una l\u00e1stima ser\u00e1 dejar de consumir leche o tener que importarla de otros pa\u00edses cuando aqu\u00ed ya nadie pueda ni quiera ser ganadero.<\/p>\n","protected":false},"excerpt":{"rendered":"<p>ASAJA hace esta declaraci\u00f3n porque es ahora, despu\u00e9s de muchos a\u00f1os, la primera vez en la que est\u00e1 funcionando el libre mercado y los ganaderos tienen la posibilidad real de ejercer un derecho tan elemental como el de cambiar de comprador de leche, cambiar de cliente, ya que hasta ahora las industrias ten\u00edan pactados precios [&hellip;]<\/p>\n","protected":false},"author":9,"featured_media":6074,"comment_status":"open","ping_status":"open","sticky":false,"template":"","format":"standard","meta":{"footnotes":""},"categories":[9,29,28],"tags":[],"yoast_head":"<!-- This site is optimized with the Yoast SEO plugin v24.5 - https:\/\/yoast.com\/wordpress\/plugins\/seo\/ -->\n<title>ASAJA ha reivindicado que perdure la correlaci\u00f3n de fuerzas en la negociaci\u00f3n de contratos l\u00e1cteos - ASAJA Palencia<\/title>\n<meta name=\"description\" content=\"ASAJA hace esta declaraci\u00f3n porque es ahora, despu\u00e9s de muchos a\u00f1os, la primera vez en la que est\u00e1 funcionando el libre mercado y los ganaderos tienen la\" \/>\n<meta name=\"robots\" content=\"index, follow, max-snippet:-1, max-image-preview:large, max-video-preview:-1\" \/>\n<link rel=\"canonical\" href=\"https:\/\/www.asajacyl.com\/palencia\/asaja-palencia-informa\/asaja-ha-reivindicado-que-perdure-la-correlacion-de-fuerzas-en-la-negociacion-de-contratos-lacteos\" \/>\n<meta property=\"og:locale\" content=\"es_ES\" \/>\n<meta property=\"og:type\" content=\"article\" \/>\n<meta property=\"og:title\" content=\"ASAJA ha reivindicado que perdure la correlaci\u00f3n de fuerzas en la negociaci\u00f3n de contratos l\u00e1cteos - ASAJA Palencia\" \/>\n<meta property=\"og:description\" content=\"ASAJA hace esta declaraci\u00f3n porque es ahora, despu\u00e9s de muchos a\u00f1os, la primera vez en la que est\u00e1 funcionando el libre mercado y los ganaderos tienen la\" \/>\n<meta property=\"og:url\" content=\"https:\/\/www.asajacyl.com\/palencia\/asaja-palencia-informa\/asaja-ha-reivindicado-que-perdure-la-correlacion-de-fuerzas-en-la-negociacion-de-contratos-lacteos\" \/>\n<meta property=\"og:site_name\" content=\"ASAJA Palencia\" \/>\n<meta property=\"article:published_time\" content=\"2023-02-22T13:23:42+00:00\" \/>\n<meta property=\"og:image\" content=\"https:\/\/www.asajacyl.com\/palencia\/wp-content\/uploads\/sites\/3\/2019\/03\/vacas-monta\u00f1a.jpg\" \/>\n\t<meta property=\"og:image:width\" content=\"1155\" \/>\n\t<meta property=\"og:image:height\" content=\"457\" \/>\n\t<meta property=\"og:image:type\" content=\"image\/jpeg\" \/>\n<meta name=\"author\" content=\"Administrador\" \/>\n<meta name=\"twitter:card\" content=\"summary_large_image\" \/>\n<meta name=\"twitter:label1\" content=\"Escrito por\" \/>\n\t<meta name=\"twitter:data1\" content=\"Administrador\" \/>\n\t<meta name=\"twitter:label2\" content=\"Tiempo de lectura\" \/>\n\t<meta name=\"twitter:data2\" content=\"3 minutos\" \/>\n<script type=\"application\/ld+json\" class=\"yoast-schema-graph\">{\"@context\":\"https:\/\/schema.org\",\"@graph\":[{\"@type\":\"WebPage\",\"@id\":\"https:\/\/www.asajacyl.com\/palencia\/asaja-palencia-informa\/asaja-ha-reivindicado-que-perdure-la-correlacion-de-fuerzas-en-la-negociacion-de-contratos-lacteos\",\"url\":\"https:\/\/www.asajacyl.com\/palencia\/asaja-palencia-informa\/asaja-ha-reivindicado-que-perdure-la-correlacion-de-fuerzas-en-la-negociacion-de-contratos-lacteos\",\"name\":\"ASAJA ha reivindicado que perdure la correlaci\u00f3n de fuerzas en la negociaci\u00f3n de contratos l\u00e1cteos - ASAJA Palencia\",\"isPartOf\":{\"@id\":\"https:\/\/www.asajacyl.com\/palencia\/#website\"},\"primaryImageOfPage\":{\"@id\":\"https:\/\/www.asajacyl.com\/palencia\/asaja-palencia-informa\/asaja-ha-reivindicado-que-perdure-la-correlacion-de-fuerzas-en-la-negociacion-de-contratos-lacteos#primaryimage\"},\"image\":{\"@id\":\"https:\/\/www.asajacyl.com\/palencia\/asaja-palencia-informa\/asaja-ha-reivindicado-que-perdure-la-correlacion-de-fuerzas-en-la-negociacion-de-contratos-lacteos#primaryimage\"},\"thumbnailUrl\":\"https:\/\/www.asajacyl.com\/palencia\/wp-content\/uploads\/sites\/3\/2019\/03\/vacas-monta\u00f1a.jpg\",\"datePublished\":\"2023-02-22T13:23:42+00:00\",\"author\":{\"@id\":\"https:\/\/www.asajacyl.com\/palencia\/#\/schema\/person\/3ab17aeb03527485c317557fae64aab1\"},\"description\":\"ASAJA hace esta declaraci\u00f3n porque es ahora, despu\u00e9s de muchos a\u00f1os, la primera vez en la que est\u00e1 funcionando el libre mercado y los ganaderos tienen la\",\"breadcrumb\":{\"@id\":\"https:\/\/www.asajacyl.com\/palencia\/asaja-palencia-informa\/asaja-ha-reivindicado-que-perdure-la-correlacion-de-fuerzas-en-la-negociacion-de-contratos-lacteos#breadcrumb\"},\"inLanguage\":\"es\",\"potentialAction\":[{\"@type\":\"ReadAction\",\"target\":[\"https:\/\/www.asajacyl.com\/palencia\/asaja-palencia-informa\/asaja-ha-reivindicado-que-perdure-la-correlacion-de-fuerzas-en-la-negociacion-de-contratos-lacteos\"]}]},{\"@type\":\"ImageObject\",\"inLanguage\":\"es\",\"@id\":\"https:\/\/www.asajacyl.com\/palencia\/asaja-palencia-informa\/asaja-ha-reivindicado-que-perdure-la-correlacion-de-fuerzas-en-la-negociacion-de-contratos-lacteos#primaryimage\",\"url\":\"https:\/\/www.asajacyl.com\/palencia\/wp-content\/uploads\/sites\/3\/2019\/03\/vacas-monta\u00f1a.jpg\",\"contentUrl\":\"https:\/\/www.asajacyl.com\/palencia\/wp-content\/uploads\/sites\/3\/2019\/03\/vacas-monta\u00f1a.jpg\",\"width\":1155,\"height\":457},{\"@type\":\"BreadcrumbList\",\"@id\":\"https:\/\/www.asajacyl.com\/palencia\/asaja-palencia-informa\/asaja-ha-reivindicado-que-perdure-la-correlacion-de-fuerzas-en-la-negociacion-de-contratos-lacteos#breadcrumb\",\"itemListElement\":[{\"@type\":\"ListItem\",\"position\":1,\"name\":\"Portada\",\"item\":\"https:\/\/www.asajacyl.com\/palencia\/\"},{\"@type\":\"ListItem\",\"position\":2,\"name\":\"ASAJA ha reivindicado que perdure la correlaci\u00f3n de fuerzas en la negociaci\u00f3n de contratos l\u00e1cteos\"}]},{\"@type\":\"WebSite\",\"@id\":\"https:\/\/www.asajacyl.com\/palencia\/#website\",\"url\":\"https:\/\/www.asajacyl.com\/palencia\/\",\"name\":\"ASAJA Palencia\",\"description\":\"Otro sitio m\u00e1s de Provincias ASAJA Castilla y Le\u00f3n\",\"potentialAction\":[{\"@type\":\"SearchAction\",\"target\":{\"@type\":\"EntryPoint\",\"urlTemplate\":\"https:\/\/www.asajacyl.com\/palencia\/?s={search_term_string}\"},\"query-input\":{\"@type\":\"PropertyValueSpecification\",\"valueRequired\":true,\"valueName\":\"search_term_string\"}}],\"inLanguage\":\"es\"},{\"@type\":\"Person\",\"@id\":\"https:\/\/www.asajacyl.com\/palencia\/#\/schema\/person\/3ab17aeb03527485c317557fae64aab1\",\"name\":\"Administrador\",\"image\":{\"@type\":\"ImageObject\",\"inLanguage\":\"es\",\"@id\":\"https:\/\/www.asajacyl.com\/palencia\/#\/schema\/person\/image\/\",\"url\":\"https:\/\/secure.gravatar.com\/avatar\/517384810d242ca9e38c180f3c9fb973?s=96&d=mm&r=g\",\"contentUrl\":\"https:\/\/secure.gravatar.com\/avatar\/517384810d242ca9e38c180f3c9fb973?s=96&d=mm&r=g\",\"caption\":\"Administrador\"},\"url\":\"https:\/\/www.asajacyl.com\/palencia\/author\/carlosrm\"}]}<\/script>\n<!-- \/ Yoast SEO plugin. -->","yoast_head_json":{"title":"ASAJA ha reivindicado que perdure la correlaci\u00f3n de fuerzas en la negociaci\u00f3n de contratos l\u00e1cteos - ASAJA Palencia","description":"ASAJA hace esta declaraci\u00f3n porque es ahora, despu\u00e9s de muchos a\u00f1os, la primera vez en la que est\u00e1 funcionando el libre mercado y los ganaderos tienen la","robots":{"index":"index","follow":"follow","max-snippet":"max-snippet:-1","max-image-preview":"max-image-preview:large","max-video-preview":"max-video-preview:-1"},"canonical":"https:\/\/www.asajacyl.com\/palencia\/asaja-palencia-informa\/asaja-ha-reivindicado-que-perdure-la-correlacion-de-fuerzas-en-la-negociacion-de-contratos-lacteos","og_locale":"es_ES","og_type":"article","og_title":"ASAJA ha reivindicado que perdure la correlaci\u00f3n de fuerzas en la negociaci\u00f3n de contratos l\u00e1cteos - ASAJA Palencia","og_description":"ASAJA hace esta declaraci\u00f3n porque es ahora, despu\u00e9s de muchos a\u00f1os, la primera vez en la que est\u00e1 funcionando el libre mercado y los ganaderos tienen la","og_url":"https:\/\/www.asajacyl.com\/palencia\/asaja-palencia-informa\/asaja-ha-reivindicado-que-perdure-la-correlacion-de-fuerzas-en-la-negociacion-de-contratos-lacteos","og_site_name":"ASAJA Palencia","article_published_time":"2023-02-22T13:23:42+00:00","og_image":[{"width":1155,"height":457,"url":"https:\/\/www.asajacyl.com\/palencia\/wp-content\/uploads\/sites\/3\/2019\/03\/vacas-monta\u00f1a.jpg","type":"image\/jpeg"}],"author":"Administrador","twitter_card":"summary_large_image","twitter_misc":{"Escrito por":"Administrador","Tiempo de lectura":"3 minutos"},"schema":{"@context":"https:\/\/schema.org","@graph":[{"@type":"WebPage","@id":"https:\/\/www.asajacyl.com\/palencia\/asaja-palencia-informa\/asaja-ha-reivindicado-que-perdure-la-correlacion-de-fuerzas-en-la-negociacion-de-contratos-lacteos","url":"https:\/\/www.asajacyl.com\/palencia\/asaja-palencia-informa\/asaja-ha-reivindicado-que-perdure-la-correlacion-de-fuerzas-en-la-negociacion-de-contratos-lacteos","name":"ASAJA ha reivindicado que perdure la correlaci\u00f3n de fuerzas en la negociaci\u00f3n de contratos l\u00e1cteos - ASAJA Palencia","isPartOf":{"@id":"https:\/\/www.asajacyl.com\/palencia\/#website"},"primaryImageOfPage":{"@id":"https:\/\/www.asajacyl.com\/palencia\/asaja-palencia-informa\/asaja-ha-reivindicado-que-perdure-la-correlacion-de-fuerzas-en-la-negociacion-de-contratos-lacteos#primaryimage"},"image":{"@id":"https:\/\/www.asajacyl.com\/palencia\/asaja-palencia-informa\/asaja-ha-reivindicado-que-perdure-la-correlacion-de-fuerzas-en-la-negociacion-de-contratos-lacteos#primaryimage"},"thumbnailUrl":"https:\/\/www.asajacyl.com\/palencia\/wp-content\/uploads\/sites\/3\/2019\/03\/vacas-monta\u00f1a.jpg","datePublished":"2023-02-22T13:23:42+00:00","author":{"@id":"https:\/\/www.asajacyl.com\/palencia\/#\/schema\/person\/3ab17aeb03527485c317557fae64aab1"},"description":"ASAJA hace esta declaraci\u00f3n porque es ahora, despu\u00e9s de muchos a\u00f1os, la primera vez en la que est\u00e1 funcionando el libre mercado y los ganaderos tienen la","breadcrumb":{"@id":"https:\/\/www.asajacyl.com\/palencia\/asaja-palencia-informa\/asaja-ha-reivindicado-que-perdure-la-correlacion-de-fuerzas-en-la-negociacion-de-contratos-lacteos#breadcrumb"},"inLanguage":"es","potentialAction":[{"@type":"ReadAction","target":["https:\/\/www.asajacyl.com\/palencia\/asaja-palencia-informa\/asaja-ha-reivindicado-que-perdure-la-correlacion-de-fuerzas-en-la-negociacion-de-contratos-lacteos"]}]},{"@type":"ImageObject","inLanguage":"es","@id":"https:\/\/www.asajacyl.com\/palencia\/asaja-palencia-informa\/asaja-ha-reivindicado-que-perdure-la-correlacion-de-fuerzas-en-la-negociacion-de-contratos-lacteos#primaryimage","url":"https:\/\/www.asajacyl.com\/palencia\/wp-content\/uploads\/sites\/3\/2019\/03\/vacas-monta\u00f1a.jpg","contentUrl":"https:\/\/www.asajacyl.com\/palencia\/wp-content\/uploads\/sites\/3\/2019\/03\/vacas-monta\u00f1a.jpg","width":1155,"height":457},{"@type":"BreadcrumbList","@id":"https:\/\/www.asajacyl.com\/palencia\/asaja-palencia-informa\/asaja-ha-reivindicado-que-perdure-la-correlacion-de-fuerzas-en-la-negociacion-de-contratos-lacteos#breadcrumb","itemListElement":[{"@type":"ListItem","position":1,"name":"Portada","item":"https:\/\/www.asajacyl.com\/palencia\/"},{"@type":"ListItem","position":2,"name":"ASAJA ha reivindicado que perdure la correlaci\u00f3n de fuerzas en la negociaci\u00f3n de contratos l\u00e1cteos"}]},{"@type":"WebSite","@id":"https:\/\/www.asajacyl.com\/palencia\/#website","url":"https:\/\/www.asajacyl.com\/palencia\/","name":"ASAJA Palencia","description":"Otro sitio m\u00e1s de Provincias ASAJA Castilla y Le\u00f3n","potentialAction":[{"@type":"SearchAction","target":{"@type":"EntryPoint","urlTemplate":"https:\/\/www.asajacyl.com\/palencia\/?s={search_term_string}"},"query-input":{"@type":"PropertyValueSpecification","valueRequired":true,"valueName":"search_term_string"}}],"inLanguage":"es"},{"@type":"Person","@id":"https:\/\/www.asajacyl.com\/palencia\/#\/schema\/person\/3ab17aeb03527485c317557fae64aab1","name":"Administrador","image":{"@type":"ImageObject","inLanguage":"es","@id":"https:\/\/www.asajacyl.com\/palencia\/#\/schema\/person\/image\/","url":"https:\/\/secure.gravatar.com\/avatar\/517384810d242ca9e38c180f3c9fb973?s=96&d=mm&r=g","contentUrl":"https:\/\/secure.gravatar.com\/avatar\/517384810d242ca9e38c180f3c9fb973?s=96&d=mm&r=g","caption":"Administrador"},"url":"https:\/\/www.asajacyl.com\/palencia\/author\/carlosrm"}]}},"_links":{"self":[{"href":"https:\/\/www.asajacyl.com\/palencia\/wp-json\/wp\/v2\/posts\/12406"}],"collection":[{"href":"https:\/\/www.asajacyl.com\/palencia\/wp-json\/wp\/v2\/posts"}],"about":[{"href":"https:\/\/www.asajacyl.com\/palencia\/wp-json\/wp\/v2\/types\/post"}],"author":[{"embeddable":true,"href":"https:\/\/www.asajacyl.com\/palencia\/wp-json\/wp\/v2\/users\/9"}],"replies":[{"embeddable":true,"href":"https:\/\/www.asajacyl.com\/palencia\/wp-json\/wp\/v2\/comments?post=12406"}],"version-history":[{"count":1,"href":"https:\/\/www.asajacyl.com\/palencia\/wp-json\/wp\/v2\/posts\/12406\/revisions"}],"predecessor-version":[{"id":12407,"href":"https:\/\/www.asajacyl.com\/palencia\/wp-json\/wp\/v2\/posts\/12406\/revisions\/12407"}],"wp:featuredmedia":[{"embeddable":true,"href":"https:\/\/www.asajacyl.com\/palencia\/wp-json\/wp\/v2\/media\/6074"}],"wp:attachment":[{"href":"https:\/\/www.asajacyl.com\/palencia\/wp-json\/wp\/v2\/media?parent=12406"}],"wp:term":[{"taxonomy":"category","embeddable":true,"href":"https:\/\/www.asajacyl.com\/palencia\/wp-json\/wp\/v2\/categories?post=12406"},{"taxonomy":"post_tag","embeddable":true,"href":"https:\/\/www.asajacyl.com\/palencia\/wp-json\/wp\/v2\/tags?post=12406"}],"curies":[{"name":"wp","href":"https:\/\/api.w.org\/{rel}","templated":true}]}}