{"id":12408,"date":"2023-02-25T18:59:52","date_gmt":"2023-02-25T17:59:52","guid":{"rendered":"https:\/\/www.asajacyl.com\/palencia\/?p=12408"},"modified":"2023-02-25T18:59:54","modified_gmt":"2023-02-25T17:59:54","slug":"asaja-palencia-realizo-una-charla-dirigida-a-los-expropiados-por-el-ave","status":"publish","type":"post","link":"https:\/\/www.asajacyl.com\/palencia\/asaja-palencia-informa\/asaja-palencia-realizo-una-charla-dirigida-a-los-expropiados-por-el-ave","title":{"rendered":"ASAJA-Palencia realiz\u00f3 una charla dirigida a los expropiados por el AVE"},"content":{"rendered":"\n<p>El mi\u00e9rcoles d\u00eda 22 de febrero ASAJA organiz\u00f3 una charla, en la Casa de la Cultura de Osorno, donde los responsables del equipo jur\u00eddico, que ASAJA tiene para intervenir en los procesos expropiatorios, explic\u00f3 a todos los interesados c\u00f3mo se desarrolla un proceso de este tipo y los derechos que los expropiados tienen para reclamar en caso de mostrar disconformidad con el precio ofertado por ADIF, tanto de las fincas r\u00fasticas como de los da\u00f1os ocasionados a los cultivos.<\/p>\n\n\n\n<p>Recientemente en nuestra provincia se han iniciado las expropiaciones de terrenos para la construcci\u00f3n de la v\u00eda del AVE en el tramo de Osorno a Calahorra de Boedo y deber\u00eda estar muy avanzado un tramo m\u00e1s, el Calahorra de Boedo-Alar del Rey, que ya hace meses que sali\u00f3  a Informaci\u00f3n P\u00fablica en el Bolet\u00edn Oficial del Estado.<\/p>\n\n\n\n<p>Aquellos interesados en formar parte del colectivo de ASAJA pueden ponerse en contacto con las oficinas de ASAJA.<\/p>\n","protected":false},"excerpt":{"rendered":"<p>El mi\u00e9rcoles d\u00eda 22 de febrero ASAJA organiz\u00f3 una charla, en la Casa de la Cultura de Osorno, donde los responsables del equipo jur\u00eddico, que ASAJA tiene para intervenir en los procesos expropiatorios, explic\u00f3 a todos los interesados c\u00f3mo se desarrolla un proceso de este tipo y los derechos que los expropiados tienen para reclamar [&hellip;]<\/p>\n","protected":false},"author":9,"featured_media":12441,"comment_status":"open","ping_status":"open","sticky":false,"template":"","format":"standard","meta":{"footnotes":""},"categories":[9,29,28],"tags":[],"yoast_head":"<!-- This site is optimized with the Yoast SEO plugin v24.5 - https:\/\/yoast.com\/wordpress\/plugins\/seo\/ -->\n<title>ASAJA-Palencia realiz\u00f3 una charla dirigida a los expropiados por el AVE - ASAJA Palencia<\/title>\n<meta name=\"description\" content=\"El mi\u00e9rcoles d\u00eda 22 de febrero ASAJA organiz\u00f3 una charla, en la Casa de la Cultura de Osorno, donde los responsables del equipo jur\u00eddico, que ASAJA tiene\" \/>\n<meta name=\"robots\" content=\"index, follow, max-snippet:-1, max-image-preview:large, max-video-preview:-1\" \/>\n<link rel=\"canonical\" href=\"https:\/\/www.asajacyl.com\/palencia\/asaja-palencia-informa\/asaja-palencia-realizo-una-charla-dirigida-a-los-expropiados-por-el-ave\" \/>\n<meta property=\"og:locale\" content=\"es_ES\" \/>\n<meta property=\"og:type\" content=\"article\" \/>\n<meta property=\"og:title\" content=\"ASAJA-Palencia realiz\u00f3 una charla dirigida a los expropiados por el AVE - ASAJA Palencia\" \/>\n<meta property=\"og:description\" content=\"El mi\u00e9rcoles d\u00eda 22 de febrero ASAJA organiz\u00f3 una charla, en la Casa de la Cultura de Osorno, donde los responsables del equipo jur\u00eddico, que ASAJA tiene\" \/>\n<meta property=\"og:url\" content=\"https:\/\/www.asajacyl.com\/palencia\/asaja-palencia-informa\/asaja-palencia-realizo-una-charla-dirigida-a-los-expropiados-por-el-ave\" \/>\n<meta property=\"og:site_name\" content=\"ASAJA Palencia\" \/>\n<meta property=\"article:published_time\" content=\"2023-02-25T17:59:52+00:00\" \/>\n<meta property=\"article:modified_time\" content=\"2023-02-25T17:59:54+00:00\" \/>\n<meta property=\"og:image\" content=\"https:\/\/www.asajacyl.com\/palencia\/wp-content\/uploads\/sites\/3\/2023\/02\/EXPROPIACION.jpg\" \/>\n\t<meta property=\"og:image:width\" content=\"2500\" \/>\n\t<meta property=\"og:image:height\" content=\"1875\" \/>\n\t<meta property=\"og:image:type\" content=\"image\/jpeg\" \/>\n<meta name=\"author\" content=\"Administrador\" \/>\n<meta name=\"twitter:card\" content=\"summary_large_image\" \/>\n<meta name=\"twitter:label1\" content=\"Escrito por\" \/>\n\t<meta name=\"twitter:data1\" content=\"Administrador\" \/>\n\t<meta name=\"twitter:label2\" content=\"Tiempo de lectura\" \/>\n\t<meta name=\"twitter:data2\" content=\"1 minuto\" \/>\n<script type=\"application\/ld+json\" class=\"yoast-schema-graph\">{\"@context\":\"https:\/\/schema.org\",\"@graph\":[{\"@type\":\"WebPage\",\"@id\":\"https:\/\/www.asajacyl.com\/palencia\/asaja-palencia-informa\/asaja-palencia-realizo-una-charla-dirigida-a-los-expropiados-por-el-ave\",\"url\":\"https:\/\/www.asajacyl.com\/palencia\/asaja-palencia-informa\/asaja-palencia-realizo-una-charla-dirigida-a-los-expropiados-por-el-ave\",\"name\":\"ASAJA-Palencia realiz\u00f3 una charla dirigida a los expropiados por el AVE - ASAJA Palencia\",\"isPartOf\":{\"@id\":\"https:\/\/www.asajacyl.com\/palencia\/#website\"},\"primaryImageOfPage\":{\"@id\":\"https:\/\/www.asajacyl.com\/palencia\/asaja-palencia-informa\/asaja-palencia-realizo-una-charla-dirigida-a-los-expropiados-por-el-ave#primaryimage\"},\"image\":{\"@id\":\"https:\/\/www.asajacyl.com\/palencia\/asaja-palencia-informa\/asaja-palencia-realizo-una-charla-dirigida-a-los-expropiados-por-el-ave#primaryimage\"},\"thumbnailUrl\":\"https:\/\/www.asajacyl.com\/palencia\/wp-content\/uploads\/sites\/3\/2023\/02\/EXPROPIACION.jpg\",\"datePublished\":\"2023-02-25T17:59:52+00:00\",\"dateModified\":\"2023-02-25T17:59:54+00:00\",\"author\":{\"@id\":\"https:\/\/www.asajacyl.com\/palencia\/#\/schema\/person\/3ab17aeb03527485c317557fae64aab1\"},\"description\":\"El mi\u00e9rcoles d\u00eda 22 de febrero ASAJA organiz\u00f3 una charla, en la Casa de la Cultura de Osorno, donde los responsables del equipo jur\u00eddico, que ASAJA tiene\",\"breadcrumb\":{\"@id\":\"https:\/\/www.asajacyl.com\/palencia\/asaja-palencia-informa\/asaja-palencia-realizo-una-charla-dirigida-a-los-expropiados-por-el-ave#breadcrumb\"},\"inLanguage\":\"es\",\"potentialAction\":[{\"@type\":\"ReadAction\",\"target\":[\"https:\/\/www.asajacyl.com\/palencia\/asaja-palencia-informa\/asaja-palencia-realizo-una-charla-dirigida-a-los-expropiados-por-el-ave\"]}]},{\"@type\":\"ImageObject\",\"inLanguage\":\"es\",\"@id\":\"https:\/\/www.asajacyl.com\/palencia\/asaja-palencia-informa\/asaja-palencia-realizo-una-charla-dirigida-a-los-expropiados-por-el-ave#primaryimage\",\"url\":\"https:\/\/www.asajacyl.com\/palencia\/wp-content\/uploads\/sites\/3\/2023\/02\/EXPROPIACION.jpg\",\"contentUrl\":\"https:\/\/www.asajacyl.com\/palencia\/wp-content\/uploads\/sites\/3\/2023\/02\/EXPROPIACION.jpg\",\"width\":2500,\"height\":1875},{\"@type\":\"BreadcrumbList\",\"@id\":\"https:\/\/www.asajacyl.com\/palencia\/asaja-palencia-informa\/asaja-palencia-realizo-una-charla-dirigida-a-los-expropiados-por-el-ave#breadcrumb\",\"itemListElement\":[{\"@type\":\"ListItem\",\"position\":1,\"name\":\"Portada\",\"item\":\"https:\/\/www.asajacyl.com\/palencia\/\"},{\"@type\":\"ListItem\",\"position\":2,\"name\":\"ASAJA-Palencia realiz\u00f3 una charla dirigida a los expropiados por el AVE\"}]},{\"@type\":\"WebSite\",\"@id\":\"https:\/\/www.asajacyl.com\/palencia\/#website\",\"url\":\"https:\/\/www.asajacyl.com\/palencia\/\",\"name\":\"ASAJA Palencia\",\"description\":\"Otro sitio m\u00e1s de Provincias ASAJA Castilla y Le\u00f3n\",\"potentialAction\":[{\"@type\":\"SearchAction\",\"target\":{\"@type\":\"EntryPoint\",\"urlTemplate\":\"https:\/\/www.asajacyl.com\/palencia\/?s={search_term_string}\"},\"query-input\":{\"@type\":\"PropertyValueSpecification\",\"valueRequired\":true,\"valueName\":\"search_term_string\"}}],\"inLanguage\":\"es\"},{\"@type\":\"Person\",\"@id\":\"https:\/\/www.asajacyl.com\/palencia\/#\/schema\/person\/3ab17aeb03527485c317557fae64aab1\",\"name\":\"Administrador\",\"image\":{\"@type\":\"ImageObject\",\"inLanguage\":\"es\",\"@id\":\"https:\/\/www.asajacyl.com\/palencia\/#\/schema\/person\/image\/\",\"url\":\"https:\/\/secure.gravatar.com\/avatar\/517384810d242ca9e38c180f3c9fb973?s=96&d=mm&r=g\",\"contentUrl\":\"https:\/\/secure.gravatar.com\/avatar\/517384810d242ca9e38c180f3c9fb973?s=96&d=mm&r=g\",\"caption\":\"Administrador\"},\"url\":\"https:\/\/www.asajacyl.com\/palencia\/author\/carlosrm\"}]}<\/script>\n<!-- \/ Yoast SEO plugin. -->","yoast_head_json":{"title":"ASAJA-Palencia realiz\u00f3 una charla dirigida a los expropiados por el AVE - ASAJA Palencia","description":"El mi\u00e9rcoles d\u00eda 22 de febrero ASAJA organiz\u00f3 una charla, en la Casa de la Cultura de Osorno, donde los responsables del equipo jur\u00eddico, que ASAJA tiene","robots":{"index":"index","follow":"follow","max-snippet":"max-snippet:-1","max-image-preview":"max-image-preview:large","max-video-preview":"max-video-preview:-1"},"canonical":"https:\/\/www.asajacyl.com\/palencia\/asaja-palencia-informa\/asaja-palencia-realizo-una-charla-dirigida-a-los-expropiados-por-el-ave","og_locale":"es_ES","og_type":"article","og_title":"ASAJA-Palencia realiz\u00f3 una charla dirigida a los expropiados por el AVE - ASAJA Palencia","og_description":"El mi\u00e9rcoles d\u00eda 22 de febrero ASAJA organiz\u00f3 una charla, en la Casa de la Cultura de Osorno, donde los responsables del equipo jur\u00eddico, que ASAJA tiene","og_url":"https:\/\/www.asajacyl.com\/palencia\/asaja-palencia-informa\/asaja-palencia-realizo-una-charla-dirigida-a-los-expropiados-por-el-ave","og_site_name":"ASAJA Palencia","article_published_time":"2023-02-25T17:59:52+00:00","article_modified_time":"2023-02-25T17:59:54+00:00","og_image":[{"width":2500,"height":1875,"url":"https:\/\/www.asajacyl.com\/palencia\/wp-content\/uploads\/sites\/3\/2023\/02\/EXPROPIACION.jpg","type":"image\/jpeg"}],"author":"Administrador","twitter_card":"summary_large_image","twitter_misc":{"Escrito por":"Administrador","Tiempo de lectura":"1 minuto"},"schema":{"@context":"https:\/\/schema.org","@graph":[{"@type":"WebPage","@id":"https:\/\/www.asajacyl.com\/palencia\/asaja-palencia-informa\/asaja-palencia-realizo-una-charla-dirigida-a-los-expropiados-por-el-ave","url":"https:\/\/www.asajacyl.com\/palencia\/asaja-palencia-informa\/asaja-palencia-realizo-una-charla-dirigida-a-los-expropiados-por-el-ave","name":"ASAJA-Palencia realiz\u00f3 una charla dirigida a los expropiados por el AVE - ASAJA Palencia","isPartOf":{"@id":"https:\/\/www.asajacyl.com\/palencia\/#website"},"primaryImageOfPage":{"@id":"https:\/\/www.asajacyl.com\/palencia\/asaja-palencia-informa\/asaja-palencia-realizo-una-charla-dirigida-a-los-expropiados-por-el-ave#primaryimage"},"image":{"@id":"https:\/\/www.asajacyl.com\/palencia\/asaja-palencia-informa\/asaja-palencia-realizo-una-charla-dirigida-a-los-expropiados-por-el-ave#primaryimage"},"thumbnailUrl":"https:\/\/www.asajacyl.com\/palencia\/wp-content\/uploads\/sites\/3\/2023\/02\/EXPROPIACION.jpg","datePublished":"2023-02-25T17:59:52+00:00","dateModified":"2023-02-25T17:59:54+00:00","author":{"@id":"https:\/\/www.asajacyl.com\/palencia\/#\/schema\/person\/3ab17aeb03527485c317557fae64aab1"},"description":"El mi\u00e9rcoles d\u00eda 22 de febrero ASAJA organiz\u00f3 una charla, en la Casa de la Cultura de Osorno, donde los responsables del equipo jur\u00eddico, que ASAJA tiene","breadcrumb":{"@id":"https:\/\/www.asajacyl.com\/palencia\/asaja-palencia-informa\/asaja-palencia-realizo-una-charla-dirigida-a-los-expropiados-por-el-ave#breadcrumb"},"inLanguage":"es","potentialAction":[{"@type":"ReadAction","target":["https:\/\/www.asajacyl.com\/palencia\/asaja-palencia-informa\/asaja-palencia-realizo-una-charla-dirigida-a-los-expropiados-por-el-ave"]}]},{"@type":"ImageObject","inLanguage":"es","@id":"https:\/\/www.asajacyl.com\/palencia\/asaja-palencia-informa\/asaja-palencia-realizo-una-charla-dirigida-a-los-expropiados-por-el-ave#primaryimage","url":"https:\/\/www.asajacyl.com\/palencia\/wp-content\/uploads\/sites\/3\/2023\/02\/EXPROPIACION.jpg","contentUrl":"https:\/\/www.asajacyl.com\/palencia\/wp-content\/uploads\/sites\/3\/2023\/02\/EXPROPIACION.jpg","width":2500,"height":1875},{"@type":"BreadcrumbList","@id":"https:\/\/www.asajacyl.com\/palencia\/asaja-palencia-informa\/asaja-palencia-realizo-una-charla-dirigida-a-los-expropiados-por-el-ave#breadcrumb","itemListElement":[{"@type":"ListItem","position":1,"name":"Portada","item":"https:\/\/www.asajacyl.com\/palencia\/"},{"@type":"ListItem","position":2,"name":"ASAJA-Palencia realiz\u00f3 una charla dirigida a los expropiados por el AVE"}]},{"@type":"WebSite","@id":"https:\/\/www.asajacyl.com\/palencia\/#website","url":"https:\/\/www.asajacyl.com\/palencia\/","name":"ASAJA Palencia","description":"Otro sitio m\u00e1s de Provincias ASAJA Castilla y Le\u00f3n","potentialAction":[{"@type":"SearchAction","target":{"@type":"EntryPoint","urlTemplate":"https:\/\/www.asajacyl.com\/palencia\/?s={search_term_string}"},"query-input":{"@type":"PropertyValueSpecification","valueRequired":true,"valueName":"search_term_string"}}],"inLanguage":"es"},{"@type":"Person","@id":"https:\/\/www.asajacyl.com\/palencia\/#\/schema\/person\/3ab17aeb03527485c317557fae64aab1","name":"Administrador","image":{"@type":"ImageObject","inLanguage":"es","@id":"https:\/\/www.asajacyl.com\/palencia\/#\/schema\/person\/image\/","url":"https:\/\/secure.gravatar.com\/avatar\/517384810d242ca9e38c180f3c9fb973?s=96&d=mm&r=g","contentUrl":"https:\/\/secure.gravatar.com\/avatar\/517384810d242ca9e38c180f3c9fb973?s=96&d=mm&r=g","caption":"Administrador"},"url":"https:\/\/www.asajacyl.com\/palencia\/author\/carlosrm"}]}},"_links":{"self":[{"href":"https:\/\/www.asajacyl.com\/palencia\/wp-json\/wp\/v2\/posts\/12408"}],"collection":[{"href":"https:\/\/www.asajacyl.com\/palencia\/wp-json\/wp\/v2\/posts"}],"about":[{"href":"https:\/\/www.asajacyl.com\/palencia\/wp-json\/wp\/v2\/types\/post"}],"author":[{"embeddable":true,"href":"https:\/\/www.asajacyl.com\/palencia\/wp-json\/wp\/v2\/users\/9"}],"replies":[{"embeddable":true,"href":"https:\/\/www.asajacyl.com\/palencia\/wp-json\/wp\/v2\/comments?post=12408"}],"version-history":[{"count":1,"href":"https:\/\/www.asajacyl.com\/palencia\/wp-json\/wp\/v2\/posts\/12408\/revisions"}],"predecessor-version":[{"id":12409,"href":"https:\/\/www.asajacyl.com\/palencia\/wp-json\/wp\/v2\/posts\/12408\/revisions\/12409"}],"wp:featuredmedia":[{"embeddable":true,"href":"https:\/\/www.asajacyl.com\/palencia\/wp-json\/wp\/v2\/media\/12441"}],"wp:attachment":[{"href":"https:\/\/www.asajacyl.com\/palencia\/wp-json\/wp\/v2\/media?parent=12408"}],"wp:term":[{"taxonomy":"category","embeddable":true,"href":"https:\/\/www.asajacyl.com\/palencia\/wp-json\/wp\/v2\/categories?post=12408"},{"taxonomy":"post_tag","embeddable":true,"href":"https:\/\/www.asajacyl.com\/palencia\/wp-json\/wp\/v2\/tags?post=12408"}],"curies":[{"name":"wp","href":"https:\/\/api.w.org\/{rel}","templated":true}]}}