{"id":12413,"date":"2023-02-23T11:39:00","date_gmt":"2023-02-23T10:39:00","guid":{"rendered":"https:\/\/www.asajacyl.com\/palencia\/?p=12413"},"modified":"2023-02-21T12:03:16","modified_gmt":"2023-02-21T11:03:16","slug":"el-mapa-asigna-los-derechos-de-la-reserva-nacional","status":"publish","type":"post","link":"https:\/\/www.asajacyl.com\/palencia\/asaja-palencia-informa\/el-mapa-asigna-los-derechos-de-la-reserva-nacional","title":{"rendered":"El MAPA asigna los derechos de la reserva nacional"},"content":{"rendered":"\n<p>El FEGA ha hecho p\u00fablica la asignaci\u00f3n de los derechos de pago b\u00e1sico de la reserva nacional solicitados en la tramitaci\u00f3n de la PAC 2022. Estos derechos est\u00e1n destinados a nuevos agricultores -tanto a j\u00f3venes como a personas que comienzan la actividad agraria-. El montante econ\u00f3mico de los derechos concedidos asciende a 9,75 millones de euros, de los que 8,42 millones de euros se destinar\u00e1n a los j\u00f3venes y 1,33 millones de euros se adjudicar\u00e1n a personas que han iniciado la actividad.<\/p>\n\n\n\n<p>El n\u00famero de peticiones de j\u00f3venes ha ascendido a 1.765 solicitantes, los cuales percibir\u00e1n una media de 4.774 euros. Por su parte, los que inician la actividad ha sido un total de 276 agricultores, los cuales recibir\u00e1n una media de 4.803 euros. El valor de estos derechos depende de la regi\u00f3n de pago b\u00e1sico en que se encuentre su explotaci\u00f3n.<\/p>\n\n\n\n<p>En Castilla y Le\u00f3n ha habido 522 beneficiarios, que han declarado 27.538 hect\u00e1reas y recibir\u00e1n 2,79 millones de euros, es decir, que la media declarada es de 52,75 hect\u00e1reas con asignaci\u00f3n de derechos de la reserva y de 5.345 euros por beneficiario.<\/p>\n","protected":false},"excerpt":{"rendered":"<p>El FEGA ha hecho p\u00fablica la asignaci\u00f3n de los derechos de pago b\u00e1sico de la reserva nacional solicitados en la tramitaci\u00f3n de la PAC 2022. Estos derechos est\u00e1n destinados a nuevos agricultores -tanto a j\u00f3venes como a personas que comienzan la actividad agraria-. El montante econ\u00f3mico de los derechos concedidos asciende a 9,75 millones de [&hellip;]<\/p>\n","protected":false},"author":9,"featured_media":6098,"comment_status":"open","ping_status":"open","sticky":false,"template":"","format":"standard","meta":{"footnotes":""},"categories":[9,29,28],"tags":[],"yoast_head":"<!-- This site is optimized with the Yoast SEO plugin v24.5 - https:\/\/yoast.com\/wordpress\/plugins\/seo\/ -->\n<title>El MAPA asigna los derechos de la reserva nacional - ASAJA Palencia<\/title>\n<meta name=\"description\" content=\"El FEGA ha hecho p\u00fablica la asignaci\u00f3n de los derechos de pago b\u00e1sico de la reserva nacional solicitados en la tramitaci\u00f3n de la PAC 2022. Estos derechos\" \/>\n<meta name=\"robots\" content=\"index, follow, max-snippet:-1, max-image-preview:large, max-video-preview:-1\" \/>\n<link rel=\"canonical\" href=\"https:\/\/www.asajacyl.com\/palencia\/asaja-palencia-informa\/el-mapa-asigna-los-derechos-de-la-reserva-nacional\" \/>\n<meta property=\"og:locale\" content=\"es_ES\" \/>\n<meta property=\"og:type\" content=\"article\" \/>\n<meta property=\"og:title\" content=\"El MAPA asigna los derechos de la reserva nacional - ASAJA Palencia\" \/>\n<meta property=\"og:description\" content=\"El FEGA ha hecho p\u00fablica la asignaci\u00f3n de los derechos de pago b\u00e1sico de la reserva nacional solicitados en la tramitaci\u00f3n de la PAC 2022. Estos derechos\" \/>\n<meta property=\"og:url\" content=\"https:\/\/www.asajacyl.com\/palencia\/asaja-palencia-informa\/el-mapa-asigna-los-derechos-de-la-reserva-nacional\" \/>\n<meta property=\"og:site_name\" content=\"ASAJA Palencia\" \/>\n<meta property=\"article:published_time\" content=\"2023-02-23T10:39:00+00:00\" \/>\n<meta property=\"og:image\" content=\"https:\/\/www.asajacyl.com\/palencia\/wp-content\/uploads\/sites\/3\/2019\/04\/grupo-palencia-congreso-j\u00f3venes-1.jpg\" \/>\n\t<meta property=\"og:image:width\" content=\"1328\" \/>\n\t<meta property=\"og:image:height\" content=\"747\" \/>\n\t<meta property=\"og:image:type\" content=\"image\/jpeg\" \/>\n<meta name=\"author\" content=\"Administrador\" \/>\n<meta name=\"twitter:card\" content=\"summary_large_image\" \/>\n<meta name=\"twitter:label1\" content=\"Escrito por\" \/>\n\t<meta name=\"twitter:data1\" content=\"Administrador\" \/>\n\t<meta name=\"twitter:label2\" content=\"Tiempo de lectura\" \/>\n\t<meta name=\"twitter:data2\" content=\"1 minuto\" \/>\n<script type=\"application\/ld+json\" class=\"yoast-schema-graph\">{\"@context\":\"https:\/\/schema.org\",\"@graph\":[{\"@type\":\"WebPage\",\"@id\":\"https:\/\/www.asajacyl.com\/palencia\/asaja-palencia-informa\/el-mapa-asigna-los-derechos-de-la-reserva-nacional\",\"url\":\"https:\/\/www.asajacyl.com\/palencia\/asaja-palencia-informa\/el-mapa-asigna-los-derechos-de-la-reserva-nacional\",\"name\":\"El MAPA asigna los derechos de la reserva nacional - ASAJA Palencia\",\"isPartOf\":{\"@id\":\"https:\/\/www.asajacyl.com\/palencia\/#website\"},\"primaryImageOfPage\":{\"@id\":\"https:\/\/www.asajacyl.com\/palencia\/asaja-palencia-informa\/el-mapa-asigna-los-derechos-de-la-reserva-nacional#primaryimage\"},\"image\":{\"@id\":\"https:\/\/www.asajacyl.com\/palencia\/asaja-palencia-informa\/el-mapa-asigna-los-derechos-de-la-reserva-nacional#primaryimage\"},\"thumbnailUrl\":\"https:\/\/www.asajacyl.com\/palencia\/wp-content\/uploads\/sites\/3\/2019\/04\/grupo-palencia-congreso-j\u00f3venes-1.jpg\",\"datePublished\":\"2023-02-23T10:39:00+00:00\",\"author\":{\"@id\":\"https:\/\/www.asajacyl.com\/palencia\/#\/schema\/person\/3ab17aeb03527485c317557fae64aab1\"},\"description\":\"El FEGA ha hecho p\u00fablica la asignaci\u00f3n de los derechos de pago b\u00e1sico de la reserva nacional solicitados en la tramitaci\u00f3n de la PAC 2022. Estos derechos\",\"breadcrumb\":{\"@id\":\"https:\/\/www.asajacyl.com\/palencia\/asaja-palencia-informa\/el-mapa-asigna-los-derechos-de-la-reserva-nacional#breadcrumb\"},\"inLanguage\":\"es\",\"potentialAction\":[{\"@type\":\"ReadAction\",\"target\":[\"https:\/\/www.asajacyl.com\/palencia\/asaja-palencia-informa\/el-mapa-asigna-los-derechos-de-la-reserva-nacional\"]}]},{\"@type\":\"ImageObject\",\"inLanguage\":\"es\",\"@id\":\"https:\/\/www.asajacyl.com\/palencia\/asaja-palencia-informa\/el-mapa-asigna-los-derechos-de-la-reserva-nacional#primaryimage\",\"url\":\"https:\/\/www.asajacyl.com\/palencia\/wp-content\/uploads\/sites\/3\/2019\/04\/grupo-palencia-congreso-j\u00f3venes-1.jpg\",\"contentUrl\":\"https:\/\/www.asajacyl.com\/palencia\/wp-content\/uploads\/sites\/3\/2019\/04\/grupo-palencia-congreso-j\u00f3venes-1.jpg\",\"width\":1328,\"height\":747},{\"@type\":\"BreadcrumbList\",\"@id\":\"https:\/\/www.asajacyl.com\/palencia\/asaja-palencia-informa\/el-mapa-asigna-los-derechos-de-la-reserva-nacional#breadcrumb\",\"itemListElement\":[{\"@type\":\"ListItem\",\"position\":1,\"name\":\"Portada\",\"item\":\"https:\/\/www.asajacyl.com\/palencia\/\"},{\"@type\":\"ListItem\",\"position\":2,\"name\":\"El MAPA asigna los derechos de la reserva nacional\"}]},{\"@type\":\"WebSite\",\"@id\":\"https:\/\/www.asajacyl.com\/palencia\/#website\",\"url\":\"https:\/\/www.asajacyl.com\/palencia\/\",\"name\":\"ASAJA Palencia\",\"description\":\"Otro sitio m\u00e1s de Provincias ASAJA Castilla y Le\u00f3n\",\"potentialAction\":[{\"@type\":\"SearchAction\",\"target\":{\"@type\":\"EntryPoint\",\"urlTemplate\":\"https:\/\/www.asajacyl.com\/palencia\/?s={search_term_string}\"},\"query-input\":{\"@type\":\"PropertyValueSpecification\",\"valueRequired\":true,\"valueName\":\"search_term_string\"}}],\"inLanguage\":\"es\"},{\"@type\":\"Person\",\"@id\":\"https:\/\/www.asajacyl.com\/palencia\/#\/schema\/person\/3ab17aeb03527485c317557fae64aab1\",\"name\":\"Administrador\",\"image\":{\"@type\":\"ImageObject\",\"inLanguage\":\"es\",\"@id\":\"https:\/\/www.asajacyl.com\/palencia\/#\/schema\/person\/image\/\",\"url\":\"https:\/\/secure.gravatar.com\/avatar\/517384810d242ca9e38c180f3c9fb973?s=96&d=mm&r=g\",\"contentUrl\":\"https:\/\/secure.gravatar.com\/avatar\/517384810d242ca9e38c180f3c9fb973?s=96&d=mm&r=g\",\"caption\":\"Administrador\"},\"url\":\"https:\/\/www.asajacyl.com\/palencia\/author\/carlosrm\"}]}<\/script>\n<!-- \/ Yoast SEO plugin. -->","yoast_head_json":{"title":"El MAPA asigna los derechos de la reserva nacional - ASAJA Palencia","description":"El FEGA ha hecho p\u00fablica la asignaci\u00f3n de los derechos de pago b\u00e1sico de la reserva nacional solicitados en la tramitaci\u00f3n de la PAC 2022. Estos derechos","robots":{"index":"index","follow":"follow","max-snippet":"max-snippet:-1","max-image-preview":"max-image-preview:large","max-video-preview":"max-video-preview:-1"},"canonical":"https:\/\/www.asajacyl.com\/palencia\/asaja-palencia-informa\/el-mapa-asigna-los-derechos-de-la-reserva-nacional","og_locale":"es_ES","og_type":"article","og_title":"El MAPA asigna los derechos de la reserva nacional - ASAJA Palencia","og_description":"El FEGA ha hecho p\u00fablica la asignaci\u00f3n de los derechos de pago b\u00e1sico de la reserva nacional solicitados en la tramitaci\u00f3n de la PAC 2022. Estos derechos","og_url":"https:\/\/www.asajacyl.com\/palencia\/asaja-palencia-informa\/el-mapa-asigna-los-derechos-de-la-reserva-nacional","og_site_name":"ASAJA Palencia","article_published_time":"2023-02-23T10:39:00+00:00","og_image":[{"width":1328,"height":747,"url":"https:\/\/www.asajacyl.com\/palencia\/wp-content\/uploads\/sites\/3\/2019\/04\/grupo-palencia-congreso-j\u00f3venes-1.jpg","type":"image\/jpeg"}],"author":"Administrador","twitter_card":"summary_large_image","twitter_misc":{"Escrito por":"Administrador","Tiempo de lectura":"1 minuto"},"schema":{"@context":"https:\/\/schema.org","@graph":[{"@type":"WebPage","@id":"https:\/\/www.asajacyl.com\/palencia\/asaja-palencia-informa\/el-mapa-asigna-los-derechos-de-la-reserva-nacional","url":"https:\/\/www.asajacyl.com\/palencia\/asaja-palencia-informa\/el-mapa-asigna-los-derechos-de-la-reserva-nacional","name":"El MAPA asigna los derechos de la reserva nacional - ASAJA Palencia","isPartOf":{"@id":"https:\/\/www.asajacyl.com\/palencia\/#website"},"primaryImageOfPage":{"@id":"https:\/\/www.asajacyl.com\/palencia\/asaja-palencia-informa\/el-mapa-asigna-los-derechos-de-la-reserva-nacional#primaryimage"},"image":{"@id":"https:\/\/www.asajacyl.com\/palencia\/asaja-palencia-informa\/el-mapa-asigna-los-derechos-de-la-reserva-nacional#primaryimage"},"thumbnailUrl":"https:\/\/www.asajacyl.com\/palencia\/wp-content\/uploads\/sites\/3\/2019\/04\/grupo-palencia-congreso-j\u00f3venes-1.jpg","datePublished":"2023-02-23T10:39:00+00:00","author":{"@id":"https:\/\/www.asajacyl.com\/palencia\/#\/schema\/person\/3ab17aeb03527485c317557fae64aab1"},"description":"El FEGA ha hecho p\u00fablica la asignaci\u00f3n de los derechos de pago b\u00e1sico de la reserva nacional solicitados en la tramitaci\u00f3n de la PAC 2022. Estos derechos","breadcrumb":{"@id":"https:\/\/www.asajacyl.com\/palencia\/asaja-palencia-informa\/el-mapa-asigna-los-derechos-de-la-reserva-nacional#breadcrumb"},"inLanguage":"es","potentialAction":[{"@type":"ReadAction","target":["https:\/\/www.asajacyl.com\/palencia\/asaja-palencia-informa\/el-mapa-asigna-los-derechos-de-la-reserva-nacional"]}]},{"@type":"ImageObject","inLanguage":"es","@id":"https:\/\/www.asajacyl.com\/palencia\/asaja-palencia-informa\/el-mapa-asigna-los-derechos-de-la-reserva-nacional#primaryimage","url":"https:\/\/www.asajacyl.com\/palencia\/wp-content\/uploads\/sites\/3\/2019\/04\/grupo-palencia-congreso-j\u00f3venes-1.jpg","contentUrl":"https:\/\/www.asajacyl.com\/palencia\/wp-content\/uploads\/sites\/3\/2019\/04\/grupo-palencia-congreso-j\u00f3venes-1.jpg","width":1328,"height":747},{"@type":"BreadcrumbList","@id":"https:\/\/www.asajacyl.com\/palencia\/asaja-palencia-informa\/el-mapa-asigna-los-derechos-de-la-reserva-nacional#breadcrumb","itemListElement":[{"@type":"ListItem","position":1,"name":"Portada","item":"https:\/\/www.asajacyl.com\/palencia\/"},{"@type":"ListItem","position":2,"name":"El MAPA asigna los derechos de la reserva nacional"}]},{"@type":"WebSite","@id":"https:\/\/www.asajacyl.com\/palencia\/#website","url":"https:\/\/www.asajacyl.com\/palencia\/","name":"ASAJA Palencia","description":"Otro sitio m\u00e1s de Provincias ASAJA Castilla y Le\u00f3n","potentialAction":[{"@type":"SearchAction","target":{"@type":"EntryPoint","urlTemplate":"https:\/\/www.asajacyl.com\/palencia\/?s={search_term_string}"},"query-input":{"@type":"PropertyValueSpecification","valueRequired":true,"valueName":"search_term_string"}}],"inLanguage":"es"},{"@type":"Person","@id":"https:\/\/www.asajacyl.com\/palencia\/#\/schema\/person\/3ab17aeb03527485c317557fae64aab1","name":"Administrador","image":{"@type":"ImageObject","inLanguage":"es","@id":"https:\/\/www.asajacyl.com\/palencia\/#\/schema\/person\/image\/","url":"https:\/\/secure.gravatar.com\/avatar\/517384810d242ca9e38c180f3c9fb973?s=96&d=mm&r=g","contentUrl":"https:\/\/secure.gravatar.com\/avatar\/517384810d242ca9e38c180f3c9fb973?s=96&d=mm&r=g","caption":"Administrador"},"url":"https:\/\/www.asajacyl.com\/palencia\/author\/carlosrm"}]}},"_links":{"self":[{"href":"https:\/\/www.asajacyl.com\/palencia\/wp-json\/wp\/v2\/posts\/12413"}],"collection":[{"href":"https:\/\/www.asajacyl.com\/palencia\/wp-json\/wp\/v2\/posts"}],"about":[{"href":"https:\/\/www.asajacyl.com\/palencia\/wp-json\/wp\/v2\/types\/post"}],"author":[{"embeddable":true,"href":"https:\/\/www.asajacyl.com\/palencia\/wp-json\/wp\/v2\/users\/9"}],"replies":[{"embeddable":true,"href":"https:\/\/www.asajacyl.com\/palencia\/wp-json\/wp\/v2\/comments?post=12413"}],"version-history":[{"count":1,"href":"https:\/\/www.asajacyl.com\/palencia\/wp-json\/wp\/v2\/posts\/12413\/revisions"}],"predecessor-version":[{"id":12414,"href":"https:\/\/www.asajacyl.com\/palencia\/wp-json\/wp\/v2\/posts\/12413\/revisions\/12414"}],"wp:featuredmedia":[{"embeddable":true,"href":"https:\/\/www.asajacyl.com\/palencia\/wp-json\/wp\/v2\/media\/6098"}],"wp:attachment":[{"href":"https:\/\/www.asajacyl.com\/palencia\/wp-json\/wp\/v2\/media?parent=12413"}],"wp:term":[{"taxonomy":"category","embeddable":true,"href":"https:\/\/www.asajacyl.com\/palencia\/wp-json\/wp\/v2\/categories?post=12413"},{"taxonomy":"post_tag","embeddable":true,"href":"https:\/\/www.asajacyl.com\/palencia\/wp-json\/wp\/v2\/tags?post=12413"}],"curies":[{"name":"wp","href":"https:\/\/api.w.org\/{rel}","templated":true}]}}