{"id":12415,"date":"2023-02-27T14:19:55","date_gmt":"2023-02-27T13:19:55","guid":{"rendered":"https:\/\/www.asajacyl.com\/palencia\/?p=12415"},"modified":"2023-02-23T14:06:59","modified_gmt":"2023-02-23T13:06:59","slug":"la-remolacha-pende-de-un-hilo-en-palencia","status":"publish","type":"post","link":"https:\/\/www.asajacyl.com\/palencia\/asaja-palencia-informa\/la-remolacha-pende-de-un-hilo-en-palencia","title":{"rendered":"La remolacha pende de un hilo en Palencia"},"content":{"rendered":"\n<p>La Comisi\u00f3n Europea en 2018 prohibi\u00f3 diversos insecticidas (clotianidina y tiametoxam) que forman parte de la familia de los neonicotinoides, el uso de estas materias activas parece ser que es muy perjudicial para las abejas y uno de los usos que ten\u00edan era proteger la semilla de remolacha as\u00ed como al propio cultivo, dado su car\u00e1cter sist\u00e9mico y persistencia. Sin ser un experto en la materia cualquiera puede pensar a qu\u00e9 flores de la remolacha van las abejas a buscar el n\u00e9ctar con el que fabrican la miel cuando la remolacha es un cultivo bianual en el que salvo casos anecd\u00f3ticos las plantas no producen flor el primer a\u00f1o, s\u00ed el segundo pero llegado ese momento la remolacha se he recolectado por lo que s\u00f3lo se busca la producci\u00f3n de flor en parcelas muy concretas para conseguir los glom\u00e9rulos que se pildoran y venden como semilla de remolacha.<\/p>\n\n\n\n<p>Con toda l\u00f3gica, durante varias campa\u00f1as el MAPA ha estado concediendo una autorizaci\u00f3n excepcional para el uso de neonicotinoides en el cultivo de remolacha azucarera, ya que no existe una alternativa viable econ\u00f3mica y agron\u00f3micamente, algo que ha permitido manejar la remolacha con normalidad pese a la prohibici\u00f3n general. Desgracidamente, hace pocos d\u00edas el Tribunal Superior de Justicia Europeo ha cortado esta pr\u00e1ctica tras varias reclamaciones dejando a los remolacheros a su suerte, para m\u00e1s inri d\u00edas antes del inicio de las siembras, por lo que en las pr\u00f3ximas semanas se tendr\u00e1 que sembrar con semilla que haya sido pildorada sin neonicotinoides con la incertidumbre del manejo del cultivo sin el uso de estas sustancias que tanto bien han hecho al sector remolachero. El precedente no es bueno, hace dos a\u00f1os en Francia, seg\u00fan indican la Confederaci\u00f3n Internacional de Productores Europeos de Remolacha (CIBE) y el COPA-COGECA, el virus del amarilleamiento de la remolacha -transmitido por la picadura de los pulgones y que hasta ahora no resultaba un problema para la remolacha- provoc\u00f3 una bajada de la producci\u00f3n del 30%. Una alternativa clara al uso de estas sustancias no existe y estar cada diez d\u00edas  aplicando otros insecticidas no parece lo m\u00e1s indicado, ni en lo ambiental ni en lo econ\u00f3mico. Se deber\u00eda estudiar una alternativa real que permitiera mantener la seguridad en las producciones de remolacha, no se puede dejar el beneficio en manos de los insectos.<\/p>\n\n\n\n<p>En el lado positivo est\u00e1 la cooperativa ACOR, que ha hecho p\u00fablico su acuerdo para abonar al menos 71 euros por tonelada a los remolacheros que entreguen remolacha esta campa\u00f1a, condicionados a la percepci\u00f3n de la ayudas asociada y la agroambiental de la PAC, algo que hace imprescindible la publicaci\u00f3n de la convocatoria de estas ayudas para que el agricultor sepa las cartas con las que juega. Ojal\u00e1 este cultivo perdure en Palencia ya que forma parte de su historia aunque ahora se siembra mucho menos. Nuestra provincia rondaba las 8.500 hect\u00e1reas en el a\u00f1o 2002 mientras que en 2021 ya s\u00f3lo nos quedaban 1.615 hect\u00e1reas. 2022 ha sido un a\u00f1o mucho peor por la escasez de agua en los sistemas Carri\u00f3n y Pisuerga y s\u00f3lo se han alcanzado las 791 hect\u00e1reas, sumando el cultivo de remolacha y el plant\u00f3n del que se obtiene la semilla en nuestra zona norte.<\/p>\n","protected":false},"excerpt":{"rendered":"<p>La Comisi\u00f3n Europea en 2018 prohibi\u00f3 diversos insecticidas (clotianidina y tiametoxam) que forman parte de la familia de los neonicotinoides, el uso de estas materias activas parece ser que es muy perjudicial para las abejas y uno de los usos que ten\u00edan era proteger la semilla de remolacha as\u00ed como al propio cultivo, dado su [&hellip;]<\/p>\n","protected":false},"author":9,"featured_media":5807,"comment_status":"open","ping_status":"open","sticky":false,"template":"","format":"standard","meta":{"footnotes":""},"categories":[9,29,28],"tags":[],"yoast_head":"<!-- This site is optimized with the Yoast SEO plugin v24.5 - https:\/\/yoast.com\/wordpress\/plugins\/seo\/ -->\n<title>La remolacha pende de un hilo en Palencia - ASAJA Palencia<\/title>\n<meta name=\"description\" content=\"La Comisi\u00f3n Europea en 2018 prohibi\u00f3 diversos insecticidas (clotianidina y tiametoxam) que forman parte de la familia de los neonicotinoides, el uso de\" \/>\n<meta name=\"robots\" content=\"index, follow, max-snippet:-1, max-image-preview:large, max-video-preview:-1\" \/>\n<link rel=\"canonical\" href=\"https:\/\/www.asajacyl.com\/palencia\/asaja-palencia-informa\/la-remolacha-pende-de-un-hilo-en-palencia\" \/>\n<meta property=\"og:locale\" content=\"es_ES\" \/>\n<meta property=\"og:type\" content=\"article\" \/>\n<meta property=\"og:title\" content=\"La remolacha pende de un hilo en Palencia - ASAJA Palencia\" \/>\n<meta property=\"og:description\" content=\"La Comisi\u00f3n Europea en 2018 prohibi\u00f3 diversos insecticidas (clotianidina y tiametoxam) que forman parte de la familia de los neonicotinoides, el uso de\" \/>\n<meta property=\"og:url\" content=\"https:\/\/www.asajacyl.com\/palencia\/asaja-palencia-informa\/la-remolacha-pende-de-un-hilo-en-palencia\" \/>\n<meta property=\"og:site_name\" content=\"ASAJA Palencia\" \/>\n<meta property=\"article:published_time\" content=\"2023-02-27T13:19:55+00:00\" \/>\n<meta property=\"og:image\" content=\"https:\/\/www.asajacyl.com\/palencia\/wp-content\/uploads\/sites\/3\/2019\/01\/remolacha1-VALL.jpg\" \/>\n\t<meta property=\"og:image:width\" content=\"1213\" \/>\n\t<meta property=\"og:image:height\" content=\"772\" \/>\n\t<meta property=\"og:image:type\" content=\"image\/jpeg\" \/>\n<meta name=\"author\" content=\"Administrador\" \/>\n<meta name=\"twitter:card\" content=\"summary_large_image\" \/>\n<meta name=\"twitter:label1\" content=\"Escrito por\" \/>\n\t<meta name=\"twitter:data1\" content=\"Administrador\" \/>\n\t<meta name=\"twitter:label2\" content=\"Tiempo de lectura\" \/>\n\t<meta name=\"twitter:data2\" content=\"3 minutos\" \/>\n<script type=\"application\/ld+json\" class=\"yoast-schema-graph\">{\"@context\":\"https:\/\/schema.org\",\"@graph\":[{\"@type\":\"WebPage\",\"@id\":\"https:\/\/www.asajacyl.com\/palencia\/asaja-palencia-informa\/la-remolacha-pende-de-un-hilo-en-palencia\",\"url\":\"https:\/\/www.asajacyl.com\/palencia\/asaja-palencia-informa\/la-remolacha-pende-de-un-hilo-en-palencia\",\"name\":\"La remolacha pende de un hilo en Palencia - ASAJA Palencia\",\"isPartOf\":{\"@id\":\"https:\/\/www.asajacyl.com\/palencia\/#website\"},\"primaryImageOfPage\":{\"@id\":\"https:\/\/www.asajacyl.com\/palencia\/asaja-palencia-informa\/la-remolacha-pende-de-un-hilo-en-palencia#primaryimage\"},\"image\":{\"@id\":\"https:\/\/www.asajacyl.com\/palencia\/asaja-palencia-informa\/la-remolacha-pende-de-un-hilo-en-palencia#primaryimage\"},\"thumbnailUrl\":\"https:\/\/www.asajacyl.com\/palencia\/wp-content\/uploads\/sites\/3\/2019\/01\/remolacha1-VALL.jpg\",\"datePublished\":\"2023-02-27T13:19:55+00:00\",\"author\":{\"@id\":\"https:\/\/www.asajacyl.com\/palencia\/#\/schema\/person\/3ab17aeb03527485c317557fae64aab1\"},\"description\":\"La Comisi\u00f3n Europea en 2018 prohibi\u00f3 diversos insecticidas (clotianidina y tiametoxam) que forman parte de la familia de los neonicotinoides, el uso de\",\"breadcrumb\":{\"@id\":\"https:\/\/www.asajacyl.com\/palencia\/asaja-palencia-informa\/la-remolacha-pende-de-un-hilo-en-palencia#breadcrumb\"},\"inLanguage\":\"es\",\"potentialAction\":[{\"@type\":\"ReadAction\",\"target\":[\"https:\/\/www.asajacyl.com\/palencia\/asaja-palencia-informa\/la-remolacha-pende-de-un-hilo-en-palencia\"]}]},{\"@type\":\"ImageObject\",\"inLanguage\":\"es\",\"@id\":\"https:\/\/www.asajacyl.com\/palencia\/asaja-palencia-informa\/la-remolacha-pende-de-un-hilo-en-palencia#primaryimage\",\"url\":\"https:\/\/www.asajacyl.com\/palencia\/wp-content\/uploads\/sites\/3\/2019\/01\/remolacha1-VALL.jpg\",\"contentUrl\":\"https:\/\/www.asajacyl.com\/palencia\/wp-content\/uploads\/sites\/3\/2019\/01\/remolacha1-VALL.jpg\",\"width\":1213,\"height\":772},{\"@type\":\"BreadcrumbList\",\"@id\":\"https:\/\/www.asajacyl.com\/palencia\/asaja-palencia-informa\/la-remolacha-pende-de-un-hilo-en-palencia#breadcrumb\",\"itemListElement\":[{\"@type\":\"ListItem\",\"position\":1,\"name\":\"Portada\",\"item\":\"https:\/\/www.asajacyl.com\/palencia\/\"},{\"@type\":\"ListItem\",\"position\":2,\"name\":\"La remolacha pende de un hilo en Palencia\"}]},{\"@type\":\"WebSite\",\"@id\":\"https:\/\/www.asajacyl.com\/palencia\/#website\",\"url\":\"https:\/\/www.asajacyl.com\/palencia\/\",\"name\":\"ASAJA Palencia\",\"description\":\"Otro sitio m\u00e1s de Provincias ASAJA Castilla y Le\u00f3n\",\"potentialAction\":[{\"@type\":\"SearchAction\",\"target\":{\"@type\":\"EntryPoint\",\"urlTemplate\":\"https:\/\/www.asajacyl.com\/palencia\/?s={search_term_string}\"},\"query-input\":{\"@type\":\"PropertyValueSpecification\",\"valueRequired\":true,\"valueName\":\"search_term_string\"}}],\"inLanguage\":\"es\"},{\"@type\":\"Person\",\"@id\":\"https:\/\/www.asajacyl.com\/palencia\/#\/schema\/person\/3ab17aeb03527485c317557fae64aab1\",\"name\":\"Administrador\",\"image\":{\"@type\":\"ImageObject\",\"inLanguage\":\"es\",\"@id\":\"https:\/\/www.asajacyl.com\/palencia\/#\/schema\/person\/image\/\",\"url\":\"https:\/\/secure.gravatar.com\/avatar\/517384810d242ca9e38c180f3c9fb973?s=96&d=mm&r=g\",\"contentUrl\":\"https:\/\/secure.gravatar.com\/avatar\/517384810d242ca9e38c180f3c9fb973?s=96&d=mm&r=g\",\"caption\":\"Administrador\"},\"url\":\"https:\/\/www.asajacyl.com\/palencia\/author\/carlosrm\"}]}<\/script>\n<!-- \/ Yoast SEO plugin. -->","yoast_head_json":{"title":"La remolacha pende de un hilo en Palencia - ASAJA Palencia","description":"La Comisi\u00f3n Europea en 2018 prohibi\u00f3 diversos insecticidas (clotianidina y tiametoxam) que forman parte de la familia de los neonicotinoides, el uso de","robots":{"index":"index","follow":"follow","max-snippet":"max-snippet:-1","max-image-preview":"max-image-preview:large","max-video-preview":"max-video-preview:-1"},"canonical":"https:\/\/www.asajacyl.com\/palencia\/asaja-palencia-informa\/la-remolacha-pende-de-un-hilo-en-palencia","og_locale":"es_ES","og_type":"article","og_title":"La remolacha pende de un hilo en Palencia - ASAJA Palencia","og_description":"La Comisi\u00f3n Europea en 2018 prohibi\u00f3 diversos insecticidas (clotianidina y tiametoxam) que forman parte de la familia de los neonicotinoides, el uso de","og_url":"https:\/\/www.asajacyl.com\/palencia\/asaja-palencia-informa\/la-remolacha-pende-de-un-hilo-en-palencia","og_site_name":"ASAJA Palencia","article_published_time":"2023-02-27T13:19:55+00:00","og_image":[{"width":1213,"height":772,"url":"https:\/\/www.asajacyl.com\/palencia\/wp-content\/uploads\/sites\/3\/2019\/01\/remolacha1-VALL.jpg","type":"image\/jpeg"}],"author":"Administrador","twitter_card":"summary_large_image","twitter_misc":{"Escrito por":"Administrador","Tiempo de lectura":"3 minutos"},"schema":{"@context":"https:\/\/schema.org","@graph":[{"@type":"WebPage","@id":"https:\/\/www.asajacyl.com\/palencia\/asaja-palencia-informa\/la-remolacha-pende-de-un-hilo-en-palencia","url":"https:\/\/www.asajacyl.com\/palencia\/asaja-palencia-informa\/la-remolacha-pende-de-un-hilo-en-palencia","name":"La remolacha pende de un hilo en Palencia - ASAJA Palencia","isPartOf":{"@id":"https:\/\/www.asajacyl.com\/palencia\/#website"},"primaryImageOfPage":{"@id":"https:\/\/www.asajacyl.com\/palencia\/asaja-palencia-informa\/la-remolacha-pende-de-un-hilo-en-palencia#primaryimage"},"image":{"@id":"https:\/\/www.asajacyl.com\/palencia\/asaja-palencia-informa\/la-remolacha-pende-de-un-hilo-en-palencia#primaryimage"},"thumbnailUrl":"https:\/\/www.asajacyl.com\/palencia\/wp-content\/uploads\/sites\/3\/2019\/01\/remolacha1-VALL.jpg","datePublished":"2023-02-27T13:19:55+00:00","author":{"@id":"https:\/\/www.asajacyl.com\/palencia\/#\/schema\/person\/3ab17aeb03527485c317557fae64aab1"},"description":"La Comisi\u00f3n Europea en 2018 prohibi\u00f3 diversos insecticidas (clotianidina y tiametoxam) que forman parte de la familia de los neonicotinoides, el uso de","breadcrumb":{"@id":"https:\/\/www.asajacyl.com\/palencia\/asaja-palencia-informa\/la-remolacha-pende-de-un-hilo-en-palencia#breadcrumb"},"inLanguage":"es","potentialAction":[{"@type":"ReadAction","target":["https:\/\/www.asajacyl.com\/palencia\/asaja-palencia-informa\/la-remolacha-pende-de-un-hilo-en-palencia"]}]},{"@type":"ImageObject","inLanguage":"es","@id":"https:\/\/www.asajacyl.com\/palencia\/asaja-palencia-informa\/la-remolacha-pende-de-un-hilo-en-palencia#primaryimage","url":"https:\/\/www.asajacyl.com\/palencia\/wp-content\/uploads\/sites\/3\/2019\/01\/remolacha1-VALL.jpg","contentUrl":"https:\/\/www.asajacyl.com\/palencia\/wp-content\/uploads\/sites\/3\/2019\/01\/remolacha1-VALL.jpg","width":1213,"height":772},{"@type":"BreadcrumbList","@id":"https:\/\/www.asajacyl.com\/palencia\/asaja-palencia-informa\/la-remolacha-pende-de-un-hilo-en-palencia#breadcrumb","itemListElement":[{"@type":"ListItem","position":1,"name":"Portada","item":"https:\/\/www.asajacyl.com\/palencia\/"},{"@type":"ListItem","position":2,"name":"La remolacha pende de un hilo en Palencia"}]},{"@type":"WebSite","@id":"https:\/\/www.asajacyl.com\/palencia\/#website","url":"https:\/\/www.asajacyl.com\/palencia\/","name":"ASAJA Palencia","description":"Otro sitio m\u00e1s de Provincias ASAJA Castilla y Le\u00f3n","potentialAction":[{"@type":"SearchAction","target":{"@type":"EntryPoint","urlTemplate":"https:\/\/www.asajacyl.com\/palencia\/?s={search_term_string}"},"query-input":{"@type":"PropertyValueSpecification","valueRequired":true,"valueName":"search_term_string"}}],"inLanguage":"es"},{"@type":"Person","@id":"https:\/\/www.asajacyl.com\/palencia\/#\/schema\/person\/3ab17aeb03527485c317557fae64aab1","name":"Administrador","image":{"@type":"ImageObject","inLanguage":"es","@id":"https:\/\/www.asajacyl.com\/palencia\/#\/schema\/person\/image\/","url":"https:\/\/secure.gravatar.com\/avatar\/517384810d242ca9e38c180f3c9fb973?s=96&d=mm&r=g","contentUrl":"https:\/\/secure.gravatar.com\/avatar\/517384810d242ca9e38c180f3c9fb973?s=96&d=mm&r=g","caption":"Administrador"},"url":"https:\/\/www.asajacyl.com\/palencia\/author\/carlosrm"}]}},"_links":{"self":[{"href":"https:\/\/www.asajacyl.com\/palencia\/wp-json\/wp\/v2\/posts\/12415"}],"collection":[{"href":"https:\/\/www.asajacyl.com\/palencia\/wp-json\/wp\/v2\/posts"}],"about":[{"href":"https:\/\/www.asajacyl.com\/palencia\/wp-json\/wp\/v2\/types\/post"}],"author":[{"embeddable":true,"href":"https:\/\/www.asajacyl.com\/palencia\/wp-json\/wp\/v2\/users\/9"}],"replies":[{"embeddable":true,"href":"https:\/\/www.asajacyl.com\/palencia\/wp-json\/wp\/v2\/comments?post=12415"}],"version-history":[{"count":2,"href":"https:\/\/www.asajacyl.com\/palencia\/wp-json\/wp\/v2\/posts\/12415\/revisions"}],"predecessor-version":[{"id":12421,"href":"https:\/\/www.asajacyl.com\/palencia\/wp-json\/wp\/v2\/posts\/12415\/revisions\/12421"}],"wp:featuredmedia":[{"embeddable":true,"href":"https:\/\/www.asajacyl.com\/palencia\/wp-json\/wp\/v2\/media\/5807"}],"wp:attachment":[{"href":"https:\/\/www.asajacyl.com\/palencia\/wp-json\/wp\/v2\/media?parent=12415"}],"wp:term":[{"taxonomy":"category","embeddable":true,"href":"https:\/\/www.asajacyl.com\/palencia\/wp-json\/wp\/v2\/categories?post=12415"},{"taxonomy":"post_tag","embeddable":true,"href":"https:\/\/www.asajacyl.com\/palencia\/wp-json\/wp\/v2\/tags?post=12415"}],"curies":[{"name":"wp","href":"https:\/\/api.w.org\/{rel}","templated":true}]}}