{"id":12422,"date":"2023-02-25T15:17:31","date_gmt":"2023-02-25T14:17:31","guid":{"rendered":"https:\/\/www.asajacyl.com\/palencia\/?p=12422"},"modified":"2023-02-24T07:43:49","modified_gmt":"2023-02-24T06:43:49","slug":"aprobada-dictatorialmente-la-revision-del-plan-hidrologico-del-duero","status":"publish","type":"post","link":"https:\/\/www.asajacyl.com\/palencia\/asaja-palencia-informa\/aprobada-dictatorialmente-la-revision-del-plan-hidrologico-del-duero","title":{"rendered":"Aprobada dictatorialmente la revisi\u00f3n del plan hidrol\u00f3gico del Duero"},"content":{"rendered":"\n<p>Hace unos d\u00edas el Bolet\u00edn Oficial del Estado ha publicado la revisi\u00f3n del plan hidrol\u00f3gico de la parte espa\u00f1ola del Duero, el cual est\u00e1 incluido dentro de los Planes Hidrol\u00f3gicos de Tercer Ciclo, que definen las l\u00edneas de actuaci\u00f3n para gestionar recursos h\u00eddricos en Espa\u00f1a hasta el a\u00f1o 2027.<\/p>\n\n\n\n<p>Seg\u00fan indica el Ministerio para la Transici\u00f3n Ecol\u00f3gica \u00ablos planes se han elaborado para dar respuesta a los desaf\u00edos del cambio clim\u00e1tico, como los fen\u00f3menos extremos y las sequ\u00edas e inundaciones\u00bb. Estas medidas \u00abbuscan mitigar el riesgo de inundaciones y sequ\u00edas, contribuir a alcanzar los objetivos ambientales y proteger la biodiversidad al tiempo que se avanza el adaptaci\u00f3n al cambio clim\u00e1tico\u00bb.<\/p>\n\n\n\n<p>El presupuesto de este plan nacional es de 22.844 millones de euros (2.265,4 millones corresponden al Duero), donde 10.600 millones los financiar\u00e1 el Estado, 8.300 millones las autonom\u00edas, 2.300 las administraciones locales y 1.500 millones otros agentes. De este montante, las inversiones destinadas a infraestructuras de regad\u00edo ascender\u00e1n a 5.071 millones de euros (22,2% del presupuesto total) de los que el Duero tiene presupuestados 1.187,7 millones de euros.<\/p>\n\n\n\n<p>\u00abPara adaptarse a una realidad en la que el cambio clim\u00e1tico reducir\u00e1 la disponibilidad de agua [&#8230;] se reducen las asignaciones para los distintos usos pasando de los 28.000 hm<sup>3<\/sup>\/a\u00f1o que marcaba la anterior planificaci\u00f3n a 26.800 hm<sup>3<\/sup>\/a\u00f1o\u00bb. El MITECO vuelve a cometer el error de costumbre, como te\u00f3ricamente habr\u00e1 menos agua vamos a consumir menos en lugar de pensar que lo suyo es almacenar m\u00e1s y, de paso, conseguir evitar las riadas que se producen reiteradamente en ciertas zonas. El plan hidrol\u00f3gico del Duero contemplaba en su per\u00edodo anterior varias infraestructuras para almacenar agua en nuestra provincia, la m\u00e1s importante en tama\u00f1o la de Las Cuezas -obra que se viene gestando desde hace d\u00e9cadas y cuyo inicio siempre encuentra alg\u00fan motivo para retrasarse- pero tambi\u00e9n hab\u00eda otras obras de menor tama\u00f1o pero muy importantes para los beneficarios de las mismas, estamos hablando de la concesi\u00f3n de agua del canal Cea-Carri\u00f3n (Sector V &#8211; Fase I) que transformar\u00eda en regad\u00edo 690 hect\u00e1reas de Fuentes de Nava y Autillo de Campos, y de dos peque\u00f1os embalses que regular\u00edan los r\u00edos Boedo y Burejo (esto es lo que dec\u00eda el plan hidrol\u00f3gico actual: \u00abEn el horizonte 2027 Boedo y Burejo regular\u00e1n la cabecera de los r\u00edos hom\u00f3nimos. La finalidad de estos embalses es consolidar el regad\u00edo existente en las cuencas de los r\u00edos Boedo y Burejo y el desarrollo de nuevas zonas regables\u00bb). Estas tres obras han desaparecido del plan hidrol\u00f3gico junto con la presa estudiada en Valle de Cerrato, y adem\u00e1s, habr\u00e1 que seguir viendo c\u00f3mo el agua que baja por el r\u00edo Rubag\u00f3n es desperdiciada cuando en parte podr\u00eda ser acumulada en el embalse de Aguilar de Campoo.<\/p>\n\n\n\n<p>Adem\u00e1s, el bananismo de nuestro pa\u00eds es tal que los planes se informan a los consejos del agua pero da igual que \u00e9stos los aprueben o no. Concretamente, en el Consejo del Agua del Duero se tumb\u00f3 la propuesta del MITECO pero todo el sector era conocedor de que no servir\u00eda de nada porque la \u00faltima palabra, por no decir la \u00fanica, la tiene el Ministerio y el Gobierno. As\u00ed que nos esperan varios a\u00f1os m\u00e1s de sequ\u00eda pero no meteorol\u00f3gica sino de necesarias infraestructuras.<\/p>\n","protected":false},"excerpt":{"rendered":"<p>Hace unos d\u00edas el Bolet\u00edn Oficial del Estado ha publicado la revisi\u00f3n del plan hidrol\u00f3gico de la parte espa\u00f1ola del Duero, el cual est\u00e1 incluido dentro de los Planes Hidrol\u00f3gicos de Tercer Ciclo, que definen las l\u00edneas de actuaci\u00f3n para gestionar recursos h\u00eddricos en Espa\u00f1a hasta el a\u00f1o 2027. Seg\u00fan indica el Ministerio para la [&hellip;]<\/p>\n","protected":false},"author":9,"featured_media":12286,"comment_status":"open","ping_status":"open","sticky":false,"template":"","format":"standard","meta":{"footnotes":""},"categories":[9,29,28],"tags":[],"yoast_head":"<!-- This site is optimized with the Yoast SEO plugin v24.5 - https:\/\/yoast.com\/wordpress\/plugins\/seo\/ -->\n<title>Aprobada dictatorialmente la revisi\u00f3n del plan hidrol\u00f3gico del Duero - ASAJA Palencia<\/title>\n<meta name=\"description\" content=\"Hace unos d\u00edas el Bolet\u00edn Oficial del Estado ha publicado la revisi\u00f3n del plan hidrol\u00f3gico de la parte espa\u00f1ola del Duero, el cual est\u00e1 incluido dentro de\" \/>\n<meta name=\"robots\" content=\"index, follow, max-snippet:-1, max-image-preview:large, max-video-preview:-1\" \/>\n<link rel=\"canonical\" href=\"https:\/\/www.asajacyl.com\/palencia\/asaja-palencia-informa\/aprobada-dictatorialmente-la-revision-del-plan-hidrologico-del-duero\" \/>\n<meta property=\"og:locale\" content=\"es_ES\" \/>\n<meta property=\"og:type\" content=\"article\" \/>\n<meta property=\"og:title\" content=\"Aprobada dictatorialmente la revisi\u00f3n del plan hidrol\u00f3gico del Duero - ASAJA Palencia\" \/>\n<meta property=\"og:description\" content=\"Hace unos d\u00edas el Bolet\u00edn Oficial del Estado ha publicado la revisi\u00f3n del plan hidrol\u00f3gico de la parte espa\u00f1ola del Duero, el cual est\u00e1 incluido dentro de\" \/>\n<meta property=\"og:url\" content=\"https:\/\/www.asajacyl.com\/palencia\/asaja-palencia-informa\/aprobada-dictatorialmente-la-revision-del-plan-hidrologico-del-duero\" \/>\n<meta property=\"og:site_name\" content=\"ASAJA Palencia\" \/>\n<meta property=\"article:published_time\" content=\"2023-02-25T14:17:31+00:00\" \/>\n<meta property=\"og:image\" content=\"https:\/\/www.asajacyl.com\/palencia\/wp-content\/uploads\/sites\/3\/2023\/02\/EMBALSE-AGUILAR-2-2.jpg\" \/>\n\t<meta property=\"og:image:width\" content=\"1024\" \/>\n\t<meta property=\"og:image:height\" content=\"576\" \/>\n\t<meta property=\"og:image:type\" content=\"image\/jpeg\" \/>\n<meta name=\"author\" content=\"Administrador\" \/>\n<meta name=\"twitter:card\" content=\"summary_large_image\" \/>\n<meta name=\"twitter:label1\" content=\"Escrito por\" \/>\n\t<meta name=\"twitter:data1\" content=\"Administrador\" \/>\n\t<meta name=\"twitter:label2\" content=\"Tiempo de lectura\" \/>\n\t<meta name=\"twitter:data2\" content=\"3 minutos\" \/>\n<script type=\"application\/ld+json\" class=\"yoast-schema-graph\">{\"@context\":\"https:\/\/schema.org\",\"@graph\":[{\"@type\":\"WebPage\",\"@id\":\"https:\/\/www.asajacyl.com\/palencia\/asaja-palencia-informa\/aprobada-dictatorialmente-la-revision-del-plan-hidrologico-del-duero\",\"url\":\"https:\/\/www.asajacyl.com\/palencia\/asaja-palencia-informa\/aprobada-dictatorialmente-la-revision-del-plan-hidrologico-del-duero\",\"name\":\"Aprobada dictatorialmente la revisi\u00f3n del plan hidrol\u00f3gico del Duero - ASAJA Palencia\",\"isPartOf\":{\"@id\":\"https:\/\/www.asajacyl.com\/palencia\/#website\"},\"primaryImageOfPage\":{\"@id\":\"https:\/\/www.asajacyl.com\/palencia\/asaja-palencia-informa\/aprobada-dictatorialmente-la-revision-del-plan-hidrologico-del-duero#primaryimage\"},\"image\":{\"@id\":\"https:\/\/www.asajacyl.com\/palencia\/asaja-palencia-informa\/aprobada-dictatorialmente-la-revision-del-plan-hidrologico-del-duero#primaryimage\"},\"thumbnailUrl\":\"https:\/\/www.asajacyl.com\/palencia\/wp-content\/uploads\/sites\/3\/2023\/02\/EMBALSE-AGUILAR-2-2.jpg\",\"datePublished\":\"2023-02-25T14:17:31+00:00\",\"author\":{\"@id\":\"https:\/\/www.asajacyl.com\/palencia\/#\/schema\/person\/3ab17aeb03527485c317557fae64aab1\"},\"description\":\"Hace unos d\u00edas el Bolet\u00edn Oficial del Estado ha publicado la revisi\u00f3n del plan hidrol\u00f3gico de la parte espa\u00f1ola del Duero, el cual est\u00e1 incluido dentro de\",\"breadcrumb\":{\"@id\":\"https:\/\/www.asajacyl.com\/palencia\/asaja-palencia-informa\/aprobada-dictatorialmente-la-revision-del-plan-hidrologico-del-duero#breadcrumb\"},\"inLanguage\":\"es\",\"potentialAction\":[{\"@type\":\"ReadAction\",\"target\":[\"https:\/\/www.asajacyl.com\/palencia\/asaja-palencia-informa\/aprobada-dictatorialmente-la-revision-del-plan-hidrologico-del-duero\"]}]},{\"@type\":\"ImageObject\",\"inLanguage\":\"es\",\"@id\":\"https:\/\/www.asajacyl.com\/palencia\/asaja-palencia-informa\/aprobada-dictatorialmente-la-revision-del-plan-hidrologico-del-duero#primaryimage\",\"url\":\"https:\/\/www.asajacyl.com\/palencia\/wp-content\/uploads\/sites\/3\/2023\/02\/EMBALSE-AGUILAR-2-2.jpg\",\"contentUrl\":\"https:\/\/www.asajacyl.com\/palencia\/wp-content\/uploads\/sites\/3\/2023\/02\/EMBALSE-AGUILAR-2-2.jpg\",\"width\":1024,\"height\":576},{\"@type\":\"BreadcrumbList\",\"@id\":\"https:\/\/www.asajacyl.com\/palencia\/asaja-palencia-informa\/aprobada-dictatorialmente-la-revision-del-plan-hidrologico-del-duero#breadcrumb\",\"itemListElement\":[{\"@type\":\"ListItem\",\"position\":1,\"name\":\"Portada\",\"item\":\"https:\/\/www.asajacyl.com\/palencia\/\"},{\"@type\":\"ListItem\",\"position\":2,\"name\":\"Aprobada dictatorialmente la revisi\u00f3n del plan hidrol\u00f3gico del Duero\"}]},{\"@type\":\"WebSite\",\"@id\":\"https:\/\/www.asajacyl.com\/palencia\/#website\",\"url\":\"https:\/\/www.asajacyl.com\/palencia\/\",\"name\":\"ASAJA Palencia\",\"description\":\"Otro sitio m\u00e1s de Provincias ASAJA Castilla y Le\u00f3n\",\"potentialAction\":[{\"@type\":\"SearchAction\",\"target\":{\"@type\":\"EntryPoint\",\"urlTemplate\":\"https:\/\/www.asajacyl.com\/palencia\/?s={search_term_string}\"},\"query-input\":{\"@type\":\"PropertyValueSpecification\",\"valueRequired\":true,\"valueName\":\"search_term_string\"}}],\"inLanguage\":\"es\"},{\"@type\":\"Person\",\"@id\":\"https:\/\/www.asajacyl.com\/palencia\/#\/schema\/person\/3ab17aeb03527485c317557fae64aab1\",\"name\":\"Administrador\",\"image\":{\"@type\":\"ImageObject\",\"inLanguage\":\"es\",\"@id\":\"https:\/\/www.asajacyl.com\/palencia\/#\/schema\/person\/image\/\",\"url\":\"https:\/\/secure.gravatar.com\/avatar\/517384810d242ca9e38c180f3c9fb973?s=96&d=mm&r=g\",\"contentUrl\":\"https:\/\/secure.gravatar.com\/avatar\/517384810d242ca9e38c180f3c9fb973?s=96&d=mm&r=g\",\"caption\":\"Administrador\"},\"url\":\"https:\/\/www.asajacyl.com\/palencia\/author\/carlosrm\"}]}<\/script>\n<!-- \/ Yoast SEO plugin. -->","yoast_head_json":{"title":"Aprobada dictatorialmente la revisi\u00f3n del plan hidrol\u00f3gico del Duero - ASAJA Palencia","description":"Hace unos d\u00edas el Bolet\u00edn Oficial del Estado ha publicado la revisi\u00f3n del plan hidrol\u00f3gico de la parte espa\u00f1ola del Duero, el cual est\u00e1 incluido dentro de","robots":{"index":"index","follow":"follow","max-snippet":"max-snippet:-1","max-image-preview":"max-image-preview:large","max-video-preview":"max-video-preview:-1"},"canonical":"https:\/\/www.asajacyl.com\/palencia\/asaja-palencia-informa\/aprobada-dictatorialmente-la-revision-del-plan-hidrologico-del-duero","og_locale":"es_ES","og_type":"article","og_title":"Aprobada dictatorialmente la revisi\u00f3n del plan hidrol\u00f3gico del Duero - ASAJA Palencia","og_description":"Hace unos d\u00edas el Bolet\u00edn Oficial del Estado ha publicado la revisi\u00f3n del plan hidrol\u00f3gico de la parte espa\u00f1ola del Duero, el cual est\u00e1 incluido dentro de","og_url":"https:\/\/www.asajacyl.com\/palencia\/asaja-palencia-informa\/aprobada-dictatorialmente-la-revision-del-plan-hidrologico-del-duero","og_site_name":"ASAJA Palencia","article_published_time":"2023-02-25T14:17:31+00:00","og_image":[{"width":1024,"height":576,"url":"https:\/\/www.asajacyl.com\/palencia\/wp-content\/uploads\/sites\/3\/2023\/02\/EMBALSE-AGUILAR-2-2.jpg","type":"image\/jpeg"}],"author":"Administrador","twitter_card":"summary_large_image","twitter_misc":{"Escrito por":"Administrador","Tiempo de lectura":"3 minutos"},"schema":{"@context":"https:\/\/schema.org","@graph":[{"@type":"WebPage","@id":"https:\/\/www.asajacyl.com\/palencia\/asaja-palencia-informa\/aprobada-dictatorialmente-la-revision-del-plan-hidrologico-del-duero","url":"https:\/\/www.asajacyl.com\/palencia\/asaja-palencia-informa\/aprobada-dictatorialmente-la-revision-del-plan-hidrologico-del-duero","name":"Aprobada dictatorialmente la revisi\u00f3n del plan hidrol\u00f3gico del Duero - ASAJA Palencia","isPartOf":{"@id":"https:\/\/www.asajacyl.com\/palencia\/#website"},"primaryImageOfPage":{"@id":"https:\/\/www.asajacyl.com\/palencia\/asaja-palencia-informa\/aprobada-dictatorialmente-la-revision-del-plan-hidrologico-del-duero#primaryimage"},"image":{"@id":"https:\/\/www.asajacyl.com\/palencia\/asaja-palencia-informa\/aprobada-dictatorialmente-la-revision-del-plan-hidrologico-del-duero#primaryimage"},"thumbnailUrl":"https:\/\/www.asajacyl.com\/palencia\/wp-content\/uploads\/sites\/3\/2023\/02\/EMBALSE-AGUILAR-2-2.jpg","datePublished":"2023-02-25T14:17:31+00:00","author":{"@id":"https:\/\/www.asajacyl.com\/palencia\/#\/schema\/person\/3ab17aeb03527485c317557fae64aab1"},"description":"Hace unos d\u00edas el Bolet\u00edn Oficial del Estado ha publicado la revisi\u00f3n del plan hidrol\u00f3gico de la parte espa\u00f1ola del Duero, el cual est\u00e1 incluido dentro de","breadcrumb":{"@id":"https:\/\/www.asajacyl.com\/palencia\/asaja-palencia-informa\/aprobada-dictatorialmente-la-revision-del-plan-hidrologico-del-duero#breadcrumb"},"inLanguage":"es","potentialAction":[{"@type":"ReadAction","target":["https:\/\/www.asajacyl.com\/palencia\/asaja-palencia-informa\/aprobada-dictatorialmente-la-revision-del-plan-hidrologico-del-duero"]}]},{"@type":"ImageObject","inLanguage":"es","@id":"https:\/\/www.asajacyl.com\/palencia\/asaja-palencia-informa\/aprobada-dictatorialmente-la-revision-del-plan-hidrologico-del-duero#primaryimage","url":"https:\/\/www.asajacyl.com\/palencia\/wp-content\/uploads\/sites\/3\/2023\/02\/EMBALSE-AGUILAR-2-2.jpg","contentUrl":"https:\/\/www.asajacyl.com\/palencia\/wp-content\/uploads\/sites\/3\/2023\/02\/EMBALSE-AGUILAR-2-2.jpg","width":1024,"height":576},{"@type":"BreadcrumbList","@id":"https:\/\/www.asajacyl.com\/palencia\/asaja-palencia-informa\/aprobada-dictatorialmente-la-revision-del-plan-hidrologico-del-duero#breadcrumb","itemListElement":[{"@type":"ListItem","position":1,"name":"Portada","item":"https:\/\/www.asajacyl.com\/palencia\/"},{"@type":"ListItem","position":2,"name":"Aprobada dictatorialmente la revisi\u00f3n del plan hidrol\u00f3gico del Duero"}]},{"@type":"WebSite","@id":"https:\/\/www.asajacyl.com\/palencia\/#website","url":"https:\/\/www.asajacyl.com\/palencia\/","name":"ASAJA Palencia","description":"Otro sitio m\u00e1s de Provincias ASAJA Castilla y Le\u00f3n","potentialAction":[{"@type":"SearchAction","target":{"@type":"EntryPoint","urlTemplate":"https:\/\/www.asajacyl.com\/palencia\/?s={search_term_string}"},"query-input":{"@type":"PropertyValueSpecification","valueRequired":true,"valueName":"search_term_string"}}],"inLanguage":"es"},{"@type":"Person","@id":"https:\/\/www.asajacyl.com\/palencia\/#\/schema\/person\/3ab17aeb03527485c317557fae64aab1","name":"Administrador","image":{"@type":"ImageObject","inLanguage":"es","@id":"https:\/\/www.asajacyl.com\/palencia\/#\/schema\/person\/image\/","url":"https:\/\/secure.gravatar.com\/avatar\/517384810d242ca9e38c180f3c9fb973?s=96&d=mm&r=g","contentUrl":"https:\/\/secure.gravatar.com\/avatar\/517384810d242ca9e38c180f3c9fb973?s=96&d=mm&r=g","caption":"Administrador"},"url":"https:\/\/www.asajacyl.com\/palencia\/author\/carlosrm"}]}},"_links":{"self":[{"href":"https:\/\/www.asajacyl.com\/palencia\/wp-json\/wp\/v2\/posts\/12422"}],"collection":[{"href":"https:\/\/www.asajacyl.com\/palencia\/wp-json\/wp\/v2\/posts"}],"about":[{"href":"https:\/\/www.asajacyl.com\/palencia\/wp-json\/wp\/v2\/types\/post"}],"author":[{"embeddable":true,"href":"https:\/\/www.asajacyl.com\/palencia\/wp-json\/wp\/v2\/users\/9"}],"replies":[{"embeddable":true,"href":"https:\/\/www.asajacyl.com\/palencia\/wp-json\/wp\/v2\/comments?post=12422"}],"version-history":[{"count":2,"href":"https:\/\/www.asajacyl.com\/palencia\/wp-json\/wp\/v2\/posts\/12422\/revisions"}],"predecessor-version":[{"id":12437,"href":"https:\/\/www.asajacyl.com\/palencia\/wp-json\/wp\/v2\/posts\/12422\/revisions\/12437"}],"wp:featuredmedia":[{"embeddable":true,"href":"https:\/\/www.asajacyl.com\/palencia\/wp-json\/wp\/v2\/media\/12286"}],"wp:attachment":[{"href":"https:\/\/www.asajacyl.com\/palencia\/wp-json\/wp\/v2\/media?parent=12422"}],"wp:term":[{"taxonomy":"category","embeddable":true,"href":"https:\/\/www.asajacyl.com\/palencia\/wp-json\/wp\/v2\/categories?post=12422"},{"taxonomy":"post_tag","embeddable":true,"href":"https:\/\/www.asajacyl.com\/palencia\/wp-json\/wp\/v2\/tags?post=12422"}],"curies":[{"name":"wp","href":"https:\/\/api.w.org\/{rel}","templated":true}]}}