{"id":12425,"date":"2023-02-26T08:48:28","date_gmt":"2023-02-26T07:48:28","guid":{"rendered":"https:\/\/www.asajacyl.com\/palencia\/?p=12425"},"modified":"2023-02-23T08:59:00","modified_gmt":"2023-02-23T07:59:00","slug":"la-junta-adaptara-el-reacyl-a-la-nueva-normativa-de-granjas-bovinas","status":"publish","type":"post","link":"https:\/\/www.asajacyl.com\/palencia\/asaja-palencia-informa\/la-junta-adaptara-el-reacyl-a-la-nueva-normativa-de-granjas-bovinas","title":{"rendered":"La Junta adaptar\u00e1 el REACYL a la nueva normativa de granjas bovinas"},"content":{"rendered":"\n<p><br>En relaci\u00f3n con la entrada en vigor del Real Decreto 1053\/2022 de 27 de diciembre por el que se establecen las Normas b\u00e1sicas de ordenaci\u00f3n de las granjas bovinas, desde la Direcci\u00f3n General de Producci\u00f3n Agr\u00edcola y Ganadera van a adaptar los datos recogidos en el Registro de Explotaciones Agrarias de Castilla y Le\u00f3n (REACYL), en concreto los registros IRMA, REGA y REMO, y notificar\u00e1n dichos cambios a los interesados en las pr\u00f3ximas semanas.<\/p>\n\n\n\n<p>Con objeto de permitir que todas las explotaciones extensivas accedan a la Ayuda asociada para los ganaderos extensivos de vacuno de carne, van a adaptar el dato \u201cSistema productivo\u201d en base a lo recogido en el REGA y a las obligaciones de la nueva normativa. De este modo, la denominaci\u00f3n del \u201cSistema productivo\u201d quedar\u00eda modificada como sigue:<\/p>\n\n\n\n<figure class=\"wp-block-table is-style-stripes\"><table><tbody><tr><td class=\"has-text-align-center\" data-align=\"center\"><strong>DENOMINACI\u00d3N ACTUAL EN REGA<\/strong><\/td><td class=\"has-text-align-center\" data-align=\"center\"><strong>NUEVA DENOMINACI\u00d3N<\/strong><\/td><\/tr><tr><td class=\"has-text-align-center\" data-align=\"center\">Explotaci\u00f3n intensiva<\/td><td class=\"has-text-align-center\" data-align=\"center\">Explotaci\u00f3n no extensiva<\/td><\/tr><tr><td class=\"has-text-align-center\" data-align=\"center\">Explotaci\u00f3n intensiva&nbsp;<em>(que haya accedido al cobro en a\u00f1os anteriores de la ayuda asociada para explotaciones que mantengan vacas nodrizas)<\/em><\/td><td class=\"has-text-align-center\" data-align=\"center\">Explotaci\u00f3n extensiva<\/td><\/tr><tr><td class=\"has-text-align-center\" data-align=\"center\">Explotaci\u00f3n mixta<\/td><td class=\"has-text-align-center\" data-align=\"center\">Explotaci\u00f3n semiextensiva<\/td><\/tr><tr><td class=\"has-text-align-center\" data-align=\"center\">Explotaci\u00f3n mixta&nbsp;<em>(que haya accedido al cobro en a\u00f1os anteriores de la ayuda asociada para explotaciones que mantengan vacas nodrizas)<\/em><\/td><td class=\"has-text-align-center\" data-align=\"center\">Explotaci\u00f3n extensiva<\/td><\/tr><tr><td class=\"has-text-align-center\" data-align=\"center\">Explotaci\u00f3n extensiva<\/td><td class=\"has-text-align-center\" data-align=\"center\">Explotaci\u00f3n extensiva<\/td><\/tr><\/tbody><\/table><\/figure>\n\n\n\n<p>Adem\u00e1s, se adaptar\u00e1n los campos de \u201cClasificaci\u00f3n Zoot\u00e9cnica\u201d, Tipo de Explotaci\u00f3n\u201d y \u201cCapacidad productiva\u201d.<\/p>\n\n\n\n<p>Una vez realizada la notificaci\u00f3n a los interesados, de dar\u00e1 un plazo de 10 d\u00edas h\u00e1biles para alegar y presentar la documentaci\u00f3n o justificaciones pertinentes.<\/p>\n","protected":false},"excerpt":{"rendered":"<p>En relaci\u00f3n con la entrada en vigor del Real Decreto 1053\/2022 de 27 de diciembre por el que se establecen las Normas b\u00e1sicas de ordenaci\u00f3n de las granjas bovinas, desde la Direcci\u00f3n General de Producci\u00f3n Agr\u00edcola y Ganadera van a adaptar los datos recogidos en el Registro de Explotaciones Agrarias de Castilla y Le\u00f3n (REACYL), [&hellip;]<\/p>\n","protected":false},"author":9,"featured_media":10954,"comment_status":"open","ping_status":"open","sticky":false,"template":"","format":"standard","meta":{"footnotes":""},"categories":[9,29,28],"tags":[],"yoast_head":"<!-- This site is optimized with the Yoast SEO plugin v24.5 - https:\/\/yoast.com\/wordpress\/plugins\/seo\/ -->\n<title>La Junta adaptar\u00e1 el REACYL a la nueva normativa de granjas bovinas - ASAJA Palencia<\/title>\n<meta name=\"description\" content=\"En relaci\u00f3n con la entrada en vigor del Real Decreto 1053\/2022 de 27 de diciembre por el que se establecen las Normas b\u00e1sicas de ordenaci\u00f3n de las granjas\" \/>\n<meta name=\"robots\" content=\"index, follow, max-snippet:-1, max-image-preview:large, max-video-preview:-1\" \/>\n<link rel=\"canonical\" href=\"https:\/\/www.asajacyl.com\/palencia\/asaja-palencia-informa\/la-junta-adaptara-el-reacyl-a-la-nueva-normativa-de-granjas-bovinas\" \/>\n<meta property=\"og:locale\" content=\"es_ES\" \/>\n<meta property=\"og:type\" content=\"article\" \/>\n<meta property=\"og:title\" content=\"La Junta adaptar\u00e1 el REACYL a la nueva normativa de granjas bovinas - ASAJA Palencia\" \/>\n<meta property=\"og:description\" content=\"En relaci\u00f3n con la entrada en vigor del Real Decreto 1053\/2022 de 27 de diciembre por el que se establecen las Normas b\u00e1sicas de ordenaci\u00f3n de las granjas\" \/>\n<meta property=\"og:url\" content=\"https:\/\/www.asajacyl.com\/palencia\/asaja-palencia-informa\/la-junta-adaptara-el-reacyl-a-la-nueva-normativa-de-granjas-bovinas\" \/>\n<meta property=\"og:site_name\" content=\"ASAJA Palencia\" \/>\n<meta property=\"article:published_time\" content=\"2023-02-26T07:48:28+00:00\" \/>\n<meta property=\"og:image\" content=\"https:\/\/www.asajacyl.com\/palencia\/wp-content\/uploads\/sites\/3\/2022\/06\/VACAS-CARNE-MONTE.jpg\" \/>\n\t<meta property=\"og:image:width\" content=\"1280\" \/>\n\t<meta property=\"og:image:height\" content=\"960\" \/>\n\t<meta property=\"og:image:type\" content=\"image\/jpeg\" \/>\n<meta name=\"author\" content=\"Administrador\" \/>\n<meta name=\"twitter:card\" content=\"summary_large_image\" \/>\n<meta name=\"twitter:label1\" content=\"Escrito por\" \/>\n\t<meta name=\"twitter:data1\" content=\"Administrador\" \/>\n\t<meta name=\"twitter:label2\" content=\"Tiempo de lectura\" \/>\n\t<meta name=\"twitter:data2\" content=\"2 minutos\" \/>\n<script type=\"application\/ld+json\" class=\"yoast-schema-graph\">{\"@context\":\"https:\/\/schema.org\",\"@graph\":[{\"@type\":\"WebPage\",\"@id\":\"https:\/\/www.asajacyl.com\/palencia\/asaja-palencia-informa\/la-junta-adaptara-el-reacyl-a-la-nueva-normativa-de-granjas-bovinas\",\"url\":\"https:\/\/www.asajacyl.com\/palencia\/asaja-palencia-informa\/la-junta-adaptara-el-reacyl-a-la-nueva-normativa-de-granjas-bovinas\",\"name\":\"La Junta adaptar\u00e1 el REACYL a la nueva normativa de granjas bovinas - ASAJA Palencia\",\"isPartOf\":{\"@id\":\"https:\/\/www.asajacyl.com\/palencia\/#website\"},\"primaryImageOfPage\":{\"@id\":\"https:\/\/www.asajacyl.com\/palencia\/asaja-palencia-informa\/la-junta-adaptara-el-reacyl-a-la-nueva-normativa-de-granjas-bovinas#primaryimage\"},\"image\":{\"@id\":\"https:\/\/www.asajacyl.com\/palencia\/asaja-palencia-informa\/la-junta-adaptara-el-reacyl-a-la-nueva-normativa-de-granjas-bovinas#primaryimage\"},\"thumbnailUrl\":\"https:\/\/www.asajacyl.com\/palencia\/wp-content\/uploads\/sites\/3\/2022\/06\/VACAS-CARNE-MONTE.jpg\",\"datePublished\":\"2023-02-26T07:48:28+00:00\",\"author\":{\"@id\":\"https:\/\/www.asajacyl.com\/palencia\/#\/schema\/person\/3ab17aeb03527485c317557fae64aab1\"},\"description\":\"En relaci\u00f3n con la entrada en vigor del Real Decreto 1053\/2022 de 27 de diciembre por el que se establecen las Normas b\u00e1sicas de ordenaci\u00f3n de las granjas\",\"breadcrumb\":{\"@id\":\"https:\/\/www.asajacyl.com\/palencia\/asaja-palencia-informa\/la-junta-adaptara-el-reacyl-a-la-nueva-normativa-de-granjas-bovinas#breadcrumb\"},\"inLanguage\":\"es\",\"potentialAction\":[{\"@type\":\"ReadAction\",\"target\":[\"https:\/\/www.asajacyl.com\/palencia\/asaja-palencia-informa\/la-junta-adaptara-el-reacyl-a-la-nueva-normativa-de-granjas-bovinas\"]}]},{\"@type\":\"ImageObject\",\"inLanguage\":\"es\",\"@id\":\"https:\/\/www.asajacyl.com\/palencia\/asaja-palencia-informa\/la-junta-adaptara-el-reacyl-a-la-nueva-normativa-de-granjas-bovinas#primaryimage\",\"url\":\"https:\/\/www.asajacyl.com\/palencia\/wp-content\/uploads\/sites\/3\/2022\/06\/VACAS-CARNE-MONTE.jpg\",\"contentUrl\":\"https:\/\/www.asajacyl.com\/palencia\/wp-content\/uploads\/sites\/3\/2022\/06\/VACAS-CARNE-MONTE.jpg\",\"width\":1280,\"height\":960},{\"@type\":\"BreadcrumbList\",\"@id\":\"https:\/\/www.asajacyl.com\/palencia\/asaja-palencia-informa\/la-junta-adaptara-el-reacyl-a-la-nueva-normativa-de-granjas-bovinas#breadcrumb\",\"itemListElement\":[{\"@type\":\"ListItem\",\"position\":1,\"name\":\"Portada\",\"item\":\"https:\/\/www.asajacyl.com\/palencia\/\"},{\"@type\":\"ListItem\",\"position\":2,\"name\":\"La Junta adaptar\u00e1 el REACYL a la nueva normativa de granjas bovinas\"}]},{\"@type\":\"WebSite\",\"@id\":\"https:\/\/www.asajacyl.com\/palencia\/#website\",\"url\":\"https:\/\/www.asajacyl.com\/palencia\/\",\"name\":\"ASAJA Palencia\",\"description\":\"Otro sitio m\u00e1s de Provincias ASAJA Castilla y Le\u00f3n\",\"potentialAction\":[{\"@type\":\"SearchAction\",\"target\":{\"@type\":\"EntryPoint\",\"urlTemplate\":\"https:\/\/www.asajacyl.com\/palencia\/?s={search_term_string}\"},\"query-input\":{\"@type\":\"PropertyValueSpecification\",\"valueRequired\":true,\"valueName\":\"search_term_string\"}}],\"inLanguage\":\"es\"},{\"@type\":\"Person\",\"@id\":\"https:\/\/www.asajacyl.com\/palencia\/#\/schema\/person\/3ab17aeb03527485c317557fae64aab1\",\"name\":\"Administrador\",\"image\":{\"@type\":\"ImageObject\",\"inLanguage\":\"es\",\"@id\":\"https:\/\/www.asajacyl.com\/palencia\/#\/schema\/person\/image\/\",\"url\":\"https:\/\/secure.gravatar.com\/avatar\/517384810d242ca9e38c180f3c9fb973?s=96&d=mm&r=g\",\"contentUrl\":\"https:\/\/secure.gravatar.com\/avatar\/517384810d242ca9e38c180f3c9fb973?s=96&d=mm&r=g\",\"caption\":\"Administrador\"},\"url\":\"https:\/\/www.asajacyl.com\/palencia\/author\/carlosrm\"}]}<\/script>\n<!-- \/ Yoast SEO plugin. -->","yoast_head_json":{"title":"La Junta adaptar\u00e1 el REACYL a la nueva normativa de granjas bovinas - ASAJA Palencia","description":"En relaci\u00f3n con la entrada en vigor del Real Decreto 1053\/2022 de 27 de diciembre por el que se establecen las Normas b\u00e1sicas de ordenaci\u00f3n de las granjas","robots":{"index":"index","follow":"follow","max-snippet":"max-snippet:-1","max-image-preview":"max-image-preview:large","max-video-preview":"max-video-preview:-1"},"canonical":"https:\/\/www.asajacyl.com\/palencia\/asaja-palencia-informa\/la-junta-adaptara-el-reacyl-a-la-nueva-normativa-de-granjas-bovinas","og_locale":"es_ES","og_type":"article","og_title":"La Junta adaptar\u00e1 el REACYL a la nueva normativa de granjas bovinas - ASAJA Palencia","og_description":"En relaci\u00f3n con la entrada en vigor del Real Decreto 1053\/2022 de 27 de diciembre por el que se establecen las Normas b\u00e1sicas de ordenaci\u00f3n de las granjas","og_url":"https:\/\/www.asajacyl.com\/palencia\/asaja-palencia-informa\/la-junta-adaptara-el-reacyl-a-la-nueva-normativa-de-granjas-bovinas","og_site_name":"ASAJA Palencia","article_published_time":"2023-02-26T07:48:28+00:00","og_image":[{"width":1280,"height":960,"url":"https:\/\/www.asajacyl.com\/palencia\/wp-content\/uploads\/sites\/3\/2022\/06\/VACAS-CARNE-MONTE.jpg","type":"image\/jpeg"}],"author":"Administrador","twitter_card":"summary_large_image","twitter_misc":{"Escrito por":"Administrador","Tiempo de lectura":"2 minutos"},"schema":{"@context":"https:\/\/schema.org","@graph":[{"@type":"WebPage","@id":"https:\/\/www.asajacyl.com\/palencia\/asaja-palencia-informa\/la-junta-adaptara-el-reacyl-a-la-nueva-normativa-de-granjas-bovinas","url":"https:\/\/www.asajacyl.com\/palencia\/asaja-palencia-informa\/la-junta-adaptara-el-reacyl-a-la-nueva-normativa-de-granjas-bovinas","name":"La Junta adaptar\u00e1 el REACYL a la nueva normativa de granjas bovinas - ASAJA Palencia","isPartOf":{"@id":"https:\/\/www.asajacyl.com\/palencia\/#website"},"primaryImageOfPage":{"@id":"https:\/\/www.asajacyl.com\/palencia\/asaja-palencia-informa\/la-junta-adaptara-el-reacyl-a-la-nueva-normativa-de-granjas-bovinas#primaryimage"},"image":{"@id":"https:\/\/www.asajacyl.com\/palencia\/asaja-palencia-informa\/la-junta-adaptara-el-reacyl-a-la-nueva-normativa-de-granjas-bovinas#primaryimage"},"thumbnailUrl":"https:\/\/www.asajacyl.com\/palencia\/wp-content\/uploads\/sites\/3\/2022\/06\/VACAS-CARNE-MONTE.jpg","datePublished":"2023-02-26T07:48:28+00:00","author":{"@id":"https:\/\/www.asajacyl.com\/palencia\/#\/schema\/person\/3ab17aeb03527485c317557fae64aab1"},"description":"En relaci\u00f3n con la entrada en vigor del Real Decreto 1053\/2022 de 27 de diciembre por el que se establecen las Normas b\u00e1sicas de ordenaci\u00f3n de las granjas","breadcrumb":{"@id":"https:\/\/www.asajacyl.com\/palencia\/asaja-palencia-informa\/la-junta-adaptara-el-reacyl-a-la-nueva-normativa-de-granjas-bovinas#breadcrumb"},"inLanguage":"es","potentialAction":[{"@type":"ReadAction","target":["https:\/\/www.asajacyl.com\/palencia\/asaja-palencia-informa\/la-junta-adaptara-el-reacyl-a-la-nueva-normativa-de-granjas-bovinas"]}]},{"@type":"ImageObject","inLanguage":"es","@id":"https:\/\/www.asajacyl.com\/palencia\/asaja-palencia-informa\/la-junta-adaptara-el-reacyl-a-la-nueva-normativa-de-granjas-bovinas#primaryimage","url":"https:\/\/www.asajacyl.com\/palencia\/wp-content\/uploads\/sites\/3\/2022\/06\/VACAS-CARNE-MONTE.jpg","contentUrl":"https:\/\/www.asajacyl.com\/palencia\/wp-content\/uploads\/sites\/3\/2022\/06\/VACAS-CARNE-MONTE.jpg","width":1280,"height":960},{"@type":"BreadcrumbList","@id":"https:\/\/www.asajacyl.com\/palencia\/asaja-palencia-informa\/la-junta-adaptara-el-reacyl-a-la-nueva-normativa-de-granjas-bovinas#breadcrumb","itemListElement":[{"@type":"ListItem","position":1,"name":"Portada","item":"https:\/\/www.asajacyl.com\/palencia\/"},{"@type":"ListItem","position":2,"name":"La Junta adaptar\u00e1 el REACYL a la nueva normativa de granjas bovinas"}]},{"@type":"WebSite","@id":"https:\/\/www.asajacyl.com\/palencia\/#website","url":"https:\/\/www.asajacyl.com\/palencia\/","name":"ASAJA Palencia","description":"Otro sitio m\u00e1s de Provincias ASAJA Castilla y Le\u00f3n","potentialAction":[{"@type":"SearchAction","target":{"@type":"EntryPoint","urlTemplate":"https:\/\/www.asajacyl.com\/palencia\/?s={search_term_string}"},"query-input":{"@type":"PropertyValueSpecification","valueRequired":true,"valueName":"search_term_string"}}],"inLanguage":"es"},{"@type":"Person","@id":"https:\/\/www.asajacyl.com\/palencia\/#\/schema\/person\/3ab17aeb03527485c317557fae64aab1","name":"Administrador","image":{"@type":"ImageObject","inLanguage":"es","@id":"https:\/\/www.asajacyl.com\/palencia\/#\/schema\/person\/image\/","url":"https:\/\/secure.gravatar.com\/avatar\/517384810d242ca9e38c180f3c9fb973?s=96&d=mm&r=g","contentUrl":"https:\/\/secure.gravatar.com\/avatar\/517384810d242ca9e38c180f3c9fb973?s=96&d=mm&r=g","caption":"Administrador"},"url":"https:\/\/www.asajacyl.com\/palencia\/author\/carlosrm"}]}},"_links":{"self":[{"href":"https:\/\/www.asajacyl.com\/palencia\/wp-json\/wp\/v2\/posts\/12425"}],"collection":[{"href":"https:\/\/www.asajacyl.com\/palencia\/wp-json\/wp\/v2\/posts"}],"about":[{"href":"https:\/\/www.asajacyl.com\/palencia\/wp-json\/wp\/v2\/types\/post"}],"author":[{"embeddable":true,"href":"https:\/\/www.asajacyl.com\/palencia\/wp-json\/wp\/v2\/users\/9"}],"replies":[{"embeddable":true,"href":"https:\/\/www.asajacyl.com\/palencia\/wp-json\/wp\/v2\/comments?post=12425"}],"version-history":[{"count":1,"href":"https:\/\/www.asajacyl.com\/palencia\/wp-json\/wp\/v2\/posts\/12425\/revisions"}],"predecessor-version":[{"id":12426,"href":"https:\/\/www.asajacyl.com\/palencia\/wp-json\/wp\/v2\/posts\/12425\/revisions\/12426"}],"wp:featuredmedia":[{"embeddable":true,"href":"https:\/\/www.asajacyl.com\/palencia\/wp-json\/wp\/v2\/media\/10954"}],"wp:attachment":[{"href":"https:\/\/www.asajacyl.com\/palencia\/wp-json\/wp\/v2\/media?parent=12425"}],"wp:term":[{"taxonomy":"category","embeddable":true,"href":"https:\/\/www.asajacyl.com\/palencia\/wp-json\/wp\/v2\/categories?post=12425"},{"taxonomy":"post_tag","embeddable":true,"href":"https:\/\/www.asajacyl.com\/palencia\/wp-json\/wp\/v2\/tags?post=12425"}],"curies":[{"name":"wp","href":"https:\/\/api.w.org\/{rel}","templated":true}]}}