{"id":12447,"date":"2023-02-24T09:28:04","date_gmt":"2023-02-24T08:28:04","guid":{"rendered":"https:\/\/www.asajacyl.com\/palencia\/?p=12447"},"modified":"2023-02-24T09:28:06","modified_gmt":"2023-02-24T08:28:06","slug":"vergonzoso-vandalismo-en-villamediana","status":"publish","type":"post","link":"https:\/\/www.asajacyl.com\/palencia\/asaja-palencia-informa\/vergonzoso-vandalismo-en-villamediana","title":{"rendered":"Vergonzoso vandalismo en Villamediana"},"content":{"rendered":"\n<p>La madrugada del jueves 23 de febrero promet\u00eda ser una madrugada m\u00e1s pero no lo fue, al menos en la localidad de Villamediana. Los agricultores hab\u00edan estado los d\u00edas previos realizando todas las tareas que el clima permit\u00eda realizar en el campo, fundamentalmente abonar, aplicar herbicidas y realizar alguna siembra de \u00faltima hora. Se pronosticaba mal tiempo y hab\u00eda que adelantar todo lo que se pudiera. Esa tarde todos se fueron a casa con la satisfacci\u00f3n del trabajo bien hecho pero no sab\u00edan lo que ocurrir\u00eda durante la noche.<\/p>\n\n\n\n<p>Por la ma\u00f1ana se dio la voz de alarma, hab\u00edan rajado las ruedas a un p\u00edvot. Un acto vand\u00e1lico sin sentido ninguno, solamente el de hacer da\u00f1o por hacer da\u00f1o, doble delito. La noticia corri\u00f3 como la p\u00f3lvora, todos acudieron a revisar sus instalaciones y se pudo confirmar que no hab\u00eda uno sino cinco p\u00edvots con las ruedas rajadas. En total han sido treinta y cuatro ruedas las que alg\u00fan o algunos desalmados han destrozado, y cada una de estas ruedas tiene un coste de unos quinientos euros por lo que en una noche han generado unos da\u00f1os a los agricultores de alrededor de 17.000 euros. \u00bfQu\u00e9 explotaci\u00f3n incluye esto en los costes a la hora de calcular la rentabilidad? \u00bfAcaso esta sociedad ha llegado a un punto donde tenemos que asumir con normalidad que puedan producirse hechos de este tipo? Ser\u00eda el colmo.<\/p>\n\n\n\n<p>Adem\u00e1s de las pertinentes denuncias, por parte de los afectados, ASAJA se ha puesto en contacto con el Equipo ROCA de la Guardia Civil para informar del hecho buscando un incremento de la presencia de sus agentes en la zona que disuada a los delincuentes de volver a realizar un hecho tan punible y esperando que todo el peso de la ley caiga sobre ellos.<\/p>\n","protected":false},"excerpt":{"rendered":"<p>La madrugada del jueves 23 de febrero promet\u00eda ser una madrugada m\u00e1s pero no lo fue, al menos en la localidad de Villamediana. Los agricultores hab\u00edan estado los d\u00edas previos realizando todas las tareas que el clima permit\u00eda realizar en el campo, fundamentalmente abonar, aplicar herbicidas y realizar alguna siembra de \u00faltima hora. Se pronosticaba [&hellip;]<\/p>\n","protected":false},"author":9,"featured_media":12448,"comment_status":"open","ping_status":"open","sticky":false,"template":"","format":"standard","meta":{"footnotes":""},"categories":[9,29,28],"tags":[],"yoast_head":"<!-- This site is optimized with the Yoast SEO plugin v24.5 - https:\/\/yoast.com\/wordpress\/plugins\/seo\/ -->\n<title>Vergonzoso vandalismo en Villamediana - ASAJA Palencia<\/title>\n<meta name=\"description\" content=\"La madrugada del jueves 23 de febrero promet\u00eda ser una madrugada m\u00e1s pero no lo fue, al menos en la localidad de Villamediana. Los agricultores hab\u00edan\" \/>\n<meta name=\"robots\" content=\"index, follow, max-snippet:-1, max-image-preview:large, max-video-preview:-1\" \/>\n<link rel=\"canonical\" href=\"https:\/\/www.asajacyl.com\/palencia\/asaja-palencia-informa\/vergonzoso-vandalismo-en-villamediana\" \/>\n<meta property=\"og:locale\" content=\"es_ES\" \/>\n<meta property=\"og:type\" content=\"article\" \/>\n<meta property=\"og:title\" content=\"Vergonzoso vandalismo en Villamediana - ASAJA Palencia\" \/>\n<meta property=\"og:description\" content=\"La madrugada del jueves 23 de febrero promet\u00eda ser una madrugada m\u00e1s pero no lo fue, al menos en la localidad de Villamediana. Los agricultores hab\u00edan\" \/>\n<meta property=\"og:url\" content=\"https:\/\/www.asajacyl.com\/palencia\/asaja-palencia-informa\/vergonzoso-vandalismo-en-villamediana\" \/>\n<meta property=\"og:site_name\" content=\"ASAJA Palencia\" \/>\n<meta property=\"article:published_time\" content=\"2023-02-24T08:28:04+00:00\" \/>\n<meta property=\"article:modified_time\" content=\"2023-02-24T08:28:06+00:00\" \/>\n<meta property=\"og:image\" content=\"https:\/\/www.asajacyl.com\/palencia\/wp-content\/uploads\/sites\/3\/2023\/02\/VANDALISMO.jpg\" \/>\n\t<meta property=\"og:image:width\" content=\"1200\" \/>\n\t<meta property=\"og:image:height\" content=\"1600\" \/>\n\t<meta property=\"og:image:type\" content=\"image\/jpeg\" \/>\n<meta name=\"author\" content=\"Administrador\" \/>\n<meta name=\"twitter:card\" content=\"summary_large_image\" \/>\n<meta name=\"twitter:label1\" content=\"Escrito por\" \/>\n\t<meta name=\"twitter:data1\" content=\"Administrador\" \/>\n\t<meta name=\"twitter:label2\" content=\"Tiempo de lectura\" \/>\n\t<meta name=\"twitter:data2\" content=\"2 minutos\" \/>\n<script type=\"application\/ld+json\" class=\"yoast-schema-graph\">{\"@context\":\"https:\/\/schema.org\",\"@graph\":[{\"@type\":\"WebPage\",\"@id\":\"https:\/\/www.asajacyl.com\/palencia\/asaja-palencia-informa\/vergonzoso-vandalismo-en-villamediana\",\"url\":\"https:\/\/www.asajacyl.com\/palencia\/asaja-palencia-informa\/vergonzoso-vandalismo-en-villamediana\",\"name\":\"Vergonzoso vandalismo en Villamediana - ASAJA Palencia\",\"isPartOf\":{\"@id\":\"https:\/\/www.asajacyl.com\/palencia\/#website\"},\"primaryImageOfPage\":{\"@id\":\"https:\/\/www.asajacyl.com\/palencia\/asaja-palencia-informa\/vergonzoso-vandalismo-en-villamediana#primaryimage\"},\"image\":{\"@id\":\"https:\/\/www.asajacyl.com\/palencia\/asaja-palencia-informa\/vergonzoso-vandalismo-en-villamediana#primaryimage\"},\"thumbnailUrl\":\"https:\/\/www.asajacyl.com\/palencia\/wp-content\/uploads\/sites\/3\/2023\/02\/VANDALISMO.jpg\",\"datePublished\":\"2023-02-24T08:28:04+00:00\",\"dateModified\":\"2023-02-24T08:28:06+00:00\",\"author\":{\"@id\":\"https:\/\/www.asajacyl.com\/palencia\/#\/schema\/person\/3ab17aeb03527485c317557fae64aab1\"},\"description\":\"La madrugada del jueves 23 de febrero promet\u00eda ser una madrugada m\u00e1s pero no lo fue, al menos en la localidad de Villamediana. Los agricultores hab\u00edan\",\"breadcrumb\":{\"@id\":\"https:\/\/www.asajacyl.com\/palencia\/asaja-palencia-informa\/vergonzoso-vandalismo-en-villamediana#breadcrumb\"},\"inLanguage\":\"es\",\"potentialAction\":[{\"@type\":\"ReadAction\",\"target\":[\"https:\/\/www.asajacyl.com\/palencia\/asaja-palencia-informa\/vergonzoso-vandalismo-en-villamediana\"]}]},{\"@type\":\"ImageObject\",\"inLanguage\":\"es\",\"@id\":\"https:\/\/www.asajacyl.com\/palencia\/asaja-palencia-informa\/vergonzoso-vandalismo-en-villamediana#primaryimage\",\"url\":\"https:\/\/www.asajacyl.com\/palencia\/wp-content\/uploads\/sites\/3\/2023\/02\/VANDALISMO.jpg\",\"contentUrl\":\"https:\/\/www.asajacyl.com\/palencia\/wp-content\/uploads\/sites\/3\/2023\/02\/VANDALISMO.jpg\",\"width\":1200,\"height\":1600},{\"@type\":\"BreadcrumbList\",\"@id\":\"https:\/\/www.asajacyl.com\/palencia\/asaja-palencia-informa\/vergonzoso-vandalismo-en-villamediana#breadcrumb\",\"itemListElement\":[{\"@type\":\"ListItem\",\"position\":1,\"name\":\"Portada\",\"item\":\"https:\/\/www.asajacyl.com\/palencia\/\"},{\"@type\":\"ListItem\",\"position\":2,\"name\":\"Vergonzoso vandalismo en Villamediana\"}]},{\"@type\":\"WebSite\",\"@id\":\"https:\/\/www.asajacyl.com\/palencia\/#website\",\"url\":\"https:\/\/www.asajacyl.com\/palencia\/\",\"name\":\"ASAJA Palencia\",\"description\":\"Otro sitio m\u00e1s de Provincias ASAJA Castilla y Le\u00f3n\",\"potentialAction\":[{\"@type\":\"SearchAction\",\"target\":{\"@type\":\"EntryPoint\",\"urlTemplate\":\"https:\/\/www.asajacyl.com\/palencia\/?s={search_term_string}\"},\"query-input\":{\"@type\":\"PropertyValueSpecification\",\"valueRequired\":true,\"valueName\":\"search_term_string\"}}],\"inLanguage\":\"es\"},{\"@type\":\"Person\",\"@id\":\"https:\/\/www.asajacyl.com\/palencia\/#\/schema\/person\/3ab17aeb03527485c317557fae64aab1\",\"name\":\"Administrador\",\"image\":{\"@type\":\"ImageObject\",\"inLanguage\":\"es\",\"@id\":\"https:\/\/www.asajacyl.com\/palencia\/#\/schema\/person\/image\/\",\"url\":\"https:\/\/secure.gravatar.com\/avatar\/517384810d242ca9e38c180f3c9fb973?s=96&d=mm&r=g\",\"contentUrl\":\"https:\/\/secure.gravatar.com\/avatar\/517384810d242ca9e38c180f3c9fb973?s=96&d=mm&r=g\",\"caption\":\"Administrador\"},\"url\":\"https:\/\/www.asajacyl.com\/palencia\/author\/carlosrm\"}]}<\/script>\n<!-- \/ Yoast SEO plugin. -->","yoast_head_json":{"title":"Vergonzoso vandalismo en Villamediana - ASAJA Palencia","description":"La madrugada del jueves 23 de febrero promet\u00eda ser una madrugada m\u00e1s pero no lo fue, al menos en la localidad de Villamediana. Los agricultores hab\u00edan","robots":{"index":"index","follow":"follow","max-snippet":"max-snippet:-1","max-image-preview":"max-image-preview:large","max-video-preview":"max-video-preview:-1"},"canonical":"https:\/\/www.asajacyl.com\/palencia\/asaja-palencia-informa\/vergonzoso-vandalismo-en-villamediana","og_locale":"es_ES","og_type":"article","og_title":"Vergonzoso vandalismo en Villamediana - ASAJA Palencia","og_description":"La madrugada del jueves 23 de febrero promet\u00eda ser una madrugada m\u00e1s pero no lo fue, al menos en la localidad de Villamediana. Los agricultores hab\u00edan","og_url":"https:\/\/www.asajacyl.com\/palencia\/asaja-palencia-informa\/vergonzoso-vandalismo-en-villamediana","og_site_name":"ASAJA Palencia","article_published_time":"2023-02-24T08:28:04+00:00","article_modified_time":"2023-02-24T08:28:06+00:00","og_image":[{"width":1200,"height":1600,"url":"https:\/\/www.asajacyl.com\/palencia\/wp-content\/uploads\/sites\/3\/2023\/02\/VANDALISMO.jpg","type":"image\/jpeg"}],"author":"Administrador","twitter_card":"summary_large_image","twitter_misc":{"Escrito por":"Administrador","Tiempo de lectura":"2 minutos"},"schema":{"@context":"https:\/\/schema.org","@graph":[{"@type":"WebPage","@id":"https:\/\/www.asajacyl.com\/palencia\/asaja-palencia-informa\/vergonzoso-vandalismo-en-villamediana","url":"https:\/\/www.asajacyl.com\/palencia\/asaja-palencia-informa\/vergonzoso-vandalismo-en-villamediana","name":"Vergonzoso vandalismo en Villamediana - ASAJA Palencia","isPartOf":{"@id":"https:\/\/www.asajacyl.com\/palencia\/#website"},"primaryImageOfPage":{"@id":"https:\/\/www.asajacyl.com\/palencia\/asaja-palencia-informa\/vergonzoso-vandalismo-en-villamediana#primaryimage"},"image":{"@id":"https:\/\/www.asajacyl.com\/palencia\/asaja-palencia-informa\/vergonzoso-vandalismo-en-villamediana#primaryimage"},"thumbnailUrl":"https:\/\/www.asajacyl.com\/palencia\/wp-content\/uploads\/sites\/3\/2023\/02\/VANDALISMO.jpg","datePublished":"2023-02-24T08:28:04+00:00","dateModified":"2023-02-24T08:28:06+00:00","author":{"@id":"https:\/\/www.asajacyl.com\/palencia\/#\/schema\/person\/3ab17aeb03527485c317557fae64aab1"},"description":"La madrugada del jueves 23 de febrero promet\u00eda ser una madrugada m\u00e1s pero no lo fue, al menos en la localidad de Villamediana. Los agricultores hab\u00edan","breadcrumb":{"@id":"https:\/\/www.asajacyl.com\/palencia\/asaja-palencia-informa\/vergonzoso-vandalismo-en-villamediana#breadcrumb"},"inLanguage":"es","potentialAction":[{"@type":"ReadAction","target":["https:\/\/www.asajacyl.com\/palencia\/asaja-palencia-informa\/vergonzoso-vandalismo-en-villamediana"]}]},{"@type":"ImageObject","inLanguage":"es","@id":"https:\/\/www.asajacyl.com\/palencia\/asaja-palencia-informa\/vergonzoso-vandalismo-en-villamediana#primaryimage","url":"https:\/\/www.asajacyl.com\/palencia\/wp-content\/uploads\/sites\/3\/2023\/02\/VANDALISMO.jpg","contentUrl":"https:\/\/www.asajacyl.com\/palencia\/wp-content\/uploads\/sites\/3\/2023\/02\/VANDALISMO.jpg","width":1200,"height":1600},{"@type":"BreadcrumbList","@id":"https:\/\/www.asajacyl.com\/palencia\/asaja-palencia-informa\/vergonzoso-vandalismo-en-villamediana#breadcrumb","itemListElement":[{"@type":"ListItem","position":1,"name":"Portada","item":"https:\/\/www.asajacyl.com\/palencia\/"},{"@type":"ListItem","position":2,"name":"Vergonzoso vandalismo en Villamediana"}]},{"@type":"WebSite","@id":"https:\/\/www.asajacyl.com\/palencia\/#website","url":"https:\/\/www.asajacyl.com\/palencia\/","name":"ASAJA Palencia","description":"Otro sitio m\u00e1s de Provincias ASAJA Castilla y Le\u00f3n","potentialAction":[{"@type":"SearchAction","target":{"@type":"EntryPoint","urlTemplate":"https:\/\/www.asajacyl.com\/palencia\/?s={search_term_string}"},"query-input":{"@type":"PropertyValueSpecification","valueRequired":true,"valueName":"search_term_string"}}],"inLanguage":"es"},{"@type":"Person","@id":"https:\/\/www.asajacyl.com\/palencia\/#\/schema\/person\/3ab17aeb03527485c317557fae64aab1","name":"Administrador","image":{"@type":"ImageObject","inLanguage":"es","@id":"https:\/\/www.asajacyl.com\/palencia\/#\/schema\/person\/image\/","url":"https:\/\/secure.gravatar.com\/avatar\/517384810d242ca9e38c180f3c9fb973?s=96&d=mm&r=g","contentUrl":"https:\/\/secure.gravatar.com\/avatar\/517384810d242ca9e38c180f3c9fb973?s=96&d=mm&r=g","caption":"Administrador"},"url":"https:\/\/www.asajacyl.com\/palencia\/author\/carlosrm"}]}},"_links":{"self":[{"href":"https:\/\/www.asajacyl.com\/palencia\/wp-json\/wp\/v2\/posts\/12447"}],"collection":[{"href":"https:\/\/www.asajacyl.com\/palencia\/wp-json\/wp\/v2\/posts"}],"about":[{"href":"https:\/\/www.asajacyl.com\/palencia\/wp-json\/wp\/v2\/types\/post"}],"author":[{"embeddable":true,"href":"https:\/\/www.asajacyl.com\/palencia\/wp-json\/wp\/v2\/users\/9"}],"replies":[{"embeddable":true,"href":"https:\/\/www.asajacyl.com\/palencia\/wp-json\/wp\/v2\/comments?post=12447"}],"version-history":[{"count":1,"href":"https:\/\/www.asajacyl.com\/palencia\/wp-json\/wp\/v2\/posts\/12447\/revisions"}],"predecessor-version":[{"id":12449,"href":"https:\/\/www.asajacyl.com\/palencia\/wp-json\/wp\/v2\/posts\/12447\/revisions\/12449"}],"wp:featuredmedia":[{"embeddable":true,"href":"https:\/\/www.asajacyl.com\/palencia\/wp-json\/wp\/v2\/media\/12448"}],"wp:attachment":[{"href":"https:\/\/www.asajacyl.com\/palencia\/wp-json\/wp\/v2\/media?parent=12447"}],"wp:term":[{"taxonomy":"category","embeddable":true,"href":"https:\/\/www.asajacyl.com\/palencia\/wp-json\/wp\/v2\/categories?post=12447"},{"taxonomy":"post_tag","embeddable":true,"href":"https:\/\/www.asajacyl.com\/palencia\/wp-json\/wp\/v2\/tags?post=12447"}],"curies":[{"name":"wp","href":"https:\/\/api.w.org\/{rel}","templated":true}]}}