{"id":12451,"date":"2023-02-28T11:41:56","date_gmt":"2023-02-28T10:41:56","guid":{"rendered":"https:\/\/www.asajacyl.com\/palencia\/?p=12451"},"modified":"2023-02-27T11:11:30","modified_gmt":"2023-02-27T10:11:30","slug":"nuevo-bache-para-los-regantes-del-bajo-carrion","status":"publish","type":"post","link":"https:\/\/www.asajacyl.com\/palencia\/asaja-palencia-informa\/nuevo-bache-para-los-regantes-del-bajo-carrion","title":{"rendered":"Nuevo bache para los regantes del Bajo Carri\u00f3n"},"content":{"rendered":"\n<p>En julio del pasado 2022 se conoci\u00f3 el enga\u00f1o a que los regantes hab\u00edan sido sometidos por parte de la Delegaci\u00f3n del Gobierno en Castilla y Le\u00f3n. Tras la firma del convenio del ministro Planas con SEIASA para realizar las obras de modernizaci\u00f3n de regad\u00edos incluidas en el \u00abPlan para la mejora de la eficiencia y la sostenibilidad en regad\u00edos\u00bb, la Delegaci\u00f3n del Gobierno comandada por Virginia Barcones traslad\u00f3 a los medios de comunicaci\u00f3n que en dicho plan estaban incluidas una obra ubicada en Soria y la del Bajo Carri\u00f3n. Hasta ah\u00ed todo bien porque era lo que a los regantes se les hab\u00eda comprometido pero la publicaci\u00f3n del convenio en el Bolet\u00edn Oficial del Estado descubri\u00f3 que no inclu\u00eda la partida destinada al Bajo Carri\u00f3n, algo que ha paralizado el avance de la modernizaci\u00f3n en esta comunidad de regantes.<\/p>\n\n\n\n<p>Hace unos d\u00edas tuvo lugar, en la sede de la Subdelegaci\u00f3n del Gobierno en Palencia, una reuni\u00f3n en la que participaron los representantes de la Delegaci\u00f3n del Gobierno en Castilla y Le\u00f3n, del ITACYL, de SEIASA y de la Comunidad de Regantes del Bajo Carri\u00f3n. El motivo era buscar la forma de financiar el aumento del presupuesto de la obra.<\/p>\n\n\n\n<p>Por parte del ITACyL, representado por su director, Rafael S\u00e1ez, se ha asumido el incremento presupuestario en la parte que le corresponde y se defendi\u00f3 el comienzo de las obras a la mayor brevedad posible. En cuanto a SEAISA, su presidente Francisco Rodr\u00edguez, defendi\u00f3 el dinamismo en los proyectos en la idea de que pueda haber una revisi\u00f3n a la baja en el mismo y adem\u00e1s inform\u00f3 de que el proyecto deber\u00eda iniciar el proceso de evaluaci\u00f3n ambiental antes de mayo y ser licitado antes de finalizar 2024, con idea de que la obra est\u00e9 ejecutada en 2026, fecha l\u00edmite para el Plan de Recuperaci\u00f3n, Transformaci\u00f3n y Resiliencia. As\u00ed mismo cifr\u00f3 en 14 a 18 meses el per\u00edodo de duraci\u00f3n de la obra.<\/p>\n\n\n\n<p>Seg\u00fan las \u00faltimas informaciones, esa misma tarde el Gobierno de Espa\u00f1a lleg\u00f3 a un acuerdo con el ITACYL en virtud del cual se revisar\u00e1 el proyecto b\u00e1sico de modernizaci\u00f3n. Adem\u00e1s, el Estado incrementar\u00e1 su aportaci\u00f3n -de la que una parte es a fondo perdido y otra consiste en financiaci\u00f3n para el pago de la obra por parte de los regantes- en un 22% para hacer viable la ejecuci\u00f3n de esta modernizaci\u00f3n. De esta manera, el proyecto pasar\u00eda de 37 a 45 millones de euros.<\/p>\n\n\n\n<p> <\/p>\n","protected":false},"excerpt":{"rendered":"<p>En julio del pasado 2022 se conoci\u00f3 el enga\u00f1o a que los regantes hab\u00edan sido sometidos por parte de la Delegaci\u00f3n del Gobierno en Castilla y Le\u00f3n. Tras la firma del convenio del ministro Planas con SEIASA para realizar las obras de modernizaci\u00f3n de regad\u00edos incluidas en el \u00abPlan para la mejora de la eficiencia [&hellip;]<\/p>\n","protected":false},"author":9,"featured_media":10992,"comment_status":"open","ping_status":"open","sticky":false,"template":"","format":"standard","meta":{"footnotes":""},"categories":[9,29,28],"tags":[],"yoast_head":"<!-- This site is optimized with the Yoast SEO plugin v24.5 - https:\/\/yoast.com\/wordpress\/plugins\/seo\/ -->\n<title>Nuevo bache para los regantes del Bajo Carri\u00f3n - ASAJA Palencia<\/title>\n<meta name=\"description\" content=\"En julio del pasado 2022 se conoci\u00f3 el enga\u00f1o a que los regantes hab\u00edan sido sometidos por parte de la Delegaci\u00f3n del Gobierno en Castilla y Le\u00f3n. Tras la\" \/>\n<meta name=\"robots\" content=\"index, follow, max-snippet:-1, max-image-preview:large, max-video-preview:-1\" \/>\n<link rel=\"canonical\" href=\"https:\/\/www.asajacyl.com\/palencia\/asaja-palencia-informa\/nuevo-bache-para-los-regantes-del-bajo-carrion\" \/>\n<meta property=\"og:locale\" content=\"es_ES\" \/>\n<meta property=\"og:type\" content=\"article\" \/>\n<meta property=\"og:title\" content=\"Nuevo bache para los regantes del Bajo Carri\u00f3n - ASAJA Palencia\" \/>\n<meta property=\"og:description\" content=\"En julio del pasado 2022 se conoci\u00f3 el enga\u00f1o a que los regantes hab\u00edan sido sometidos por parte de la Delegaci\u00f3n del Gobierno en Castilla y Le\u00f3n. Tras la\" \/>\n<meta property=\"og:url\" content=\"https:\/\/www.asajacyl.com\/palencia\/asaja-palencia-informa\/nuevo-bache-para-los-regantes-del-bajo-carrion\" \/>\n<meta property=\"og:site_name\" content=\"ASAJA Palencia\" \/>\n<meta property=\"article:published_time\" content=\"2023-02-28T10:41:56+00:00\" \/>\n<meta property=\"og:image\" content=\"https:\/\/www.asajacyl.com\/palencia\/wp-content\/uploads\/sites\/3\/2022\/07\/REGADIO-PIVOT.jpg\" \/>\n\t<meta property=\"og:image:width\" content=\"2500\" \/>\n\t<meta property=\"og:image:height\" content=\"1875\" \/>\n\t<meta property=\"og:image:type\" content=\"image\/jpeg\" \/>\n<meta name=\"author\" content=\"Administrador\" \/>\n<meta name=\"twitter:card\" content=\"summary_large_image\" \/>\n<meta name=\"twitter:label1\" content=\"Escrito por\" \/>\n\t<meta name=\"twitter:data1\" content=\"Administrador\" \/>\n\t<meta name=\"twitter:label2\" content=\"Tiempo de lectura\" \/>\n\t<meta name=\"twitter:data2\" content=\"2 minutos\" \/>\n<script type=\"application\/ld+json\" class=\"yoast-schema-graph\">{\"@context\":\"https:\/\/schema.org\",\"@graph\":[{\"@type\":\"WebPage\",\"@id\":\"https:\/\/www.asajacyl.com\/palencia\/asaja-palencia-informa\/nuevo-bache-para-los-regantes-del-bajo-carrion\",\"url\":\"https:\/\/www.asajacyl.com\/palencia\/asaja-palencia-informa\/nuevo-bache-para-los-regantes-del-bajo-carrion\",\"name\":\"Nuevo bache para los regantes del Bajo Carri\u00f3n - ASAJA Palencia\",\"isPartOf\":{\"@id\":\"https:\/\/www.asajacyl.com\/palencia\/#website\"},\"primaryImageOfPage\":{\"@id\":\"https:\/\/www.asajacyl.com\/palencia\/asaja-palencia-informa\/nuevo-bache-para-los-regantes-del-bajo-carrion#primaryimage\"},\"image\":{\"@id\":\"https:\/\/www.asajacyl.com\/palencia\/asaja-palencia-informa\/nuevo-bache-para-los-regantes-del-bajo-carrion#primaryimage\"},\"thumbnailUrl\":\"https:\/\/www.asajacyl.com\/palencia\/wp-content\/uploads\/sites\/3\/2022\/07\/REGADIO-PIVOT.jpg\",\"datePublished\":\"2023-02-28T10:41:56+00:00\",\"author\":{\"@id\":\"https:\/\/www.asajacyl.com\/palencia\/#\/schema\/person\/3ab17aeb03527485c317557fae64aab1\"},\"description\":\"En julio del pasado 2022 se conoci\u00f3 el enga\u00f1o a que los regantes hab\u00edan sido sometidos por parte de la Delegaci\u00f3n del Gobierno en Castilla y Le\u00f3n. Tras la\",\"breadcrumb\":{\"@id\":\"https:\/\/www.asajacyl.com\/palencia\/asaja-palencia-informa\/nuevo-bache-para-los-regantes-del-bajo-carrion#breadcrumb\"},\"inLanguage\":\"es\",\"potentialAction\":[{\"@type\":\"ReadAction\",\"target\":[\"https:\/\/www.asajacyl.com\/palencia\/asaja-palencia-informa\/nuevo-bache-para-los-regantes-del-bajo-carrion\"]}]},{\"@type\":\"ImageObject\",\"inLanguage\":\"es\",\"@id\":\"https:\/\/www.asajacyl.com\/palencia\/asaja-palencia-informa\/nuevo-bache-para-los-regantes-del-bajo-carrion#primaryimage\",\"url\":\"https:\/\/www.asajacyl.com\/palencia\/wp-content\/uploads\/sites\/3\/2022\/07\/REGADIO-PIVOT.jpg\",\"contentUrl\":\"https:\/\/www.asajacyl.com\/palencia\/wp-content\/uploads\/sites\/3\/2022\/07\/REGADIO-PIVOT.jpg\",\"width\":2500,\"height\":1875},{\"@type\":\"BreadcrumbList\",\"@id\":\"https:\/\/www.asajacyl.com\/palencia\/asaja-palencia-informa\/nuevo-bache-para-los-regantes-del-bajo-carrion#breadcrumb\",\"itemListElement\":[{\"@type\":\"ListItem\",\"position\":1,\"name\":\"Portada\",\"item\":\"https:\/\/www.asajacyl.com\/palencia\/\"},{\"@type\":\"ListItem\",\"position\":2,\"name\":\"Nuevo bache para los regantes del Bajo Carri\u00f3n\"}]},{\"@type\":\"WebSite\",\"@id\":\"https:\/\/www.asajacyl.com\/palencia\/#website\",\"url\":\"https:\/\/www.asajacyl.com\/palencia\/\",\"name\":\"ASAJA Palencia\",\"description\":\"Otro sitio m\u00e1s de Provincias ASAJA Castilla y Le\u00f3n\",\"potentialAction\":[{\"@type\":\"SearchAction\",\"target\":{\"@type\":\"EntryPoint\",\"urlTemplate\":\"https:\/\/www.asajacyl.com\/palencia\/?s={search_term_string}\"},\"query-input\":{\"@type\":\"PropertyValueSpecification\",\"valueRequired\":true,\"valueName\":\"search_term_string\"}}],\"inLanguage\":\"es\"},{\"@type\":\"Person\",\"@id\":\"https:\/\/www.asajacyl.com\/palencia\/#\/schema\/person\/3ab17aeb03527485c317557fae64aab1\",\"name\":\"Administrador\",\"image\":{\"@type\":\"ImageObject\",\"inLanguage\":\"es\",\"@id\":\"https:\/\/www.asajacyl.com\/palencia\/#\/schema\/person\/image\/\",\"url\":\"https:\/\/secure.gravatar.com\/avatar\/517384810d242ca9e38c180f3c9fb973?s=96&d=mm&r=g\",\"contentUrl\":\"https:\/\/secure.gravatar.com\/avatar\/517384810d242ca9e38c180f3c9fb973?s=96&d=mm&r=g\",\"caption\":\"Administrador\"},\"url\":\"https:\/\/www.asajacyl.com\/palencia\/author\/carlosrm\"}]}<\/script>\n<!-- \/ Yoast SEO plugin. -->","yoast_head_json":{"title":"Nuevo bache para los regantes del Bajo Carri\u00f3n - ASAJA Palencia","description":"En julio del pasado 2022 se conoci\u00f3 el enga\u00f1o a que los regantes hab\u00edan sido sometidos por parte de la Delegaci\u00f3n del Gobierno en Castilla y Le\u00f3n. Tras la","robots":{"index":"index","follow":"follow","max-snippet":"max-snippet:-1","max-image-preview":"max-image-preview:large","max-video-preview":"max-video-preview:-1"},"canonical":"https:\/\/www.asajacyl.com\/palencia\/asaja-palencia-informa\/nuevo-bache-para-los-regantes-del-bajo-carrion","og_locale":"es_ES","og_type":"article","og_title":"Nuevo bache para los regantes del Bajo Carri\u00f3n - ASAJA Palencia","og_description":"En julio del pasado 2022 se conoci\u00f3 el enga\u00f1o a que los regantes hab\u00edan sido sometidos por parte de la Delegaci\u00f3n del Gobierno en Castilla y Le\u00f3n. Tras la","og_url":"https:\/\/www.asajacyl.com\/palencia\/asaja-palencia-informa\/nuevo-bache-para-los-regantes-del-bajo-carrion","og_site_name":"ASAJA Palencia","article_published_time":"2023-02-28T10:41:56+00:00","og_image":[{"width":2500,"height":1875,"url":"https:\/\/www.asajacyl.com\/palencia\/wp-content\/uploads\/sites\/3\/2022\/07\/REGADIO-PIVOT.jpg","type":"image\/jpeg"}],"author":"Administrador","twitter_card":"summary_large_image","twitter_misc":{"Escrito por":"Administrador","Tiempo de lectura":"2 minutos"},"schema":{"@context":"https:\/\/schema.org","@graph":[{"@type":"WebPage","@id":"https:\/\/www.asajacyl.com\/palencia\/asaja-palencia-informa\/nuevo-bache-para-los-regantes-del-bajo-carrion","url":"https:\/\/www.asajacyl.com\/palencia\/asaja-palencia-informa\/nuevo-bache-para-los-regantes-del-bajo-carrion","name":"Nuevo bache para los regantes del Bajo Carri\u00f3n - ASAJA Palencia","isPartOf":{"@id":"https:\/\/www.asajacyl.com\/palencia\/#website"},"primaryImageOfPage":{"@id":"https:\/\/www.asajacyl.com\/palencia\/asaja-palencia-informa\/nuevo-bache-para-los-regantes-del-bajo-carrion#primaryimage"},"image":{"@id":"https:\/\/www.asajacyl.com\/palencia\/asaja-palencia-informa\/nuevo-bache-para-los-regantes-del-bajo-carrion#primaryimage"},"thumbnailUrl":"https:\/\/www.asajacyl.com\/palencia\/wp-content\/uploads\/sites\/3\/2022\/07\/REGADIO-PIVOT.jpg","datePublished":"2023-02-28T10:41:56+00:00","author":{"@id":"https:\/\/www.asajacyl.com\/palencia\/#\/schema\/person\/3ab17aeb03527485c317557fae64aab1"},"description":"En julio del pasado 2022 se conoci\u00f3 el enga\u00f1o a que los regantes hab\u00edan sido sometidos por parte de la Delegaci\u00f3n del Gobierno en Castilla y Le\u00f3n. Tras la","breadcrumb":{"@id":"https:\/\/www.asajacyl.com\/palencia\/asaja-palencia-informa\/nuevo-bache-para-los-regantes-del-bajo-carrion#breadcrumb"},"inLanguage":"es","potentialAction":[{"@type":"ReadAction","target":["https:\/\/www.asajacyl.com\/palencia\/asaja-palencia-informa\/nuevo-bache-para-los-regantes-del-bajo-carrion"]}]},{"@type":"ImageObject","inLanguage":"es","@id":"https:\/\/www.asajacyl.com\/palencia\/asaja-palencia-informa\/nuevo-bache-para-los-regantes-del-bajo-carrion#primaryimage","url":"https:\/\/www.asajacyl.com\/palencia\/wp-content\/uploads\/sites\/3\/2022\/07\/REGADIO-PIVOT.jpg","contentUrl":"https:\/\/www.asajacyl.com\/palencia\/wp-content\/uploads\/sites\/3\/2022\/07\/REGADIO-PIVOT.jpg","width":2500,"height":1875},{"@type":"BreadcrumbList","@id":"https:\/\/www.asajacyl.com\/palencia\/asaja-palencia-informa\/nuevo-bache-para-los-regantes-del-bajo-carrion#breadcrumb","itemListElement":[{"@type":"ListItem","position":1,"name":"Portada","item":"https:\/\/www.asajacyl.com\/palencia\/"},{"@type":"ListItem","position":2,"name":"Nuevo bache para los regantes del Bajo Carri\u00f3n"}]},{"@type":"WebSite","@id":"https:\/\/www.asajacyl.com\/palencia\/#website","url":"https:\/\/www.asajacyl.com\/palencia\/","name":"ASAJA Palencia","description":"Otro sitio m\u00e1s de Provincias ASAJA Castilla y Le\u00f3n","potentialAction":[{"@type":"SearchAction","target":{"@type":"EntryPoint","urlTemplate":"https:\/\/www.asajacyl.com\/palencia\/?s={search_term_string}"},"query-input":{"@type":"PropertyValueSpecification","valueRequired":true,"valueName":"search_term_string"}}],"inLanguage":"es"},{"@type":"Person","@id":"https:\/\/www.asajacyl.com\/palencia\/#\/schema\/person\/3ab17aeb03527485c317557fae64aab1","name":"Administrador","image":{"@type":"ImageObject","inLanguage":"es","@id":"https:\/\/www.asajacyl.com\/palencia\/#\/schema\/person\/image\/","url":"https:\/\/secure.gravatar.com\/avatar\/517384810d242ca9e38c180f3c9fb973?s=96&d=mm&r=g","contentUrl":"https:\/\/secure.gravatar.com\/avatar\/517384810d242ca9e38c180f3c9fb973?s=96&d=mm&r=g","caption":"Administrador"},"url":"https:\/\/www.asajacyl.com\/palencia\/author\/carlosrm"}]}},"_links":{"self":[{"href":"https:\/\/www.asajacyl.com\/palencia\/wp-json\/wp\/v2\/posts\/12451"}],"collection":[{"href":"https:\/\/www.asajacyl.com\/palencia\/wp-json\/wp\/v2\/posts"}],"about":[{"href":"https:\/\/www.asajacyl.com\/palencia\/wp-json\/wp\/v2\/types\/post"}],"author":[{"embeddable":true,"href":"https:\/\/www.asajacyl.com\/palencia\/wp-json\/wp\/v2\/users\/9"}],"replies":[{"embeddable":true,"href":"https:\/\/www.asajacyl.com\/palencia\/wp-json\/wp\/v2\/comments?post=12451"}],"version-history":[{"count":6,"href":"https:\/\/www.asajacyl.com\/palencia\/wp-json\/wp\/v2\/posts\/12451\/revisions"}],"predecessor-version":[{"id":12483,"href":"https:\/\/www.asajacyl.com\/palencia\/wp-json\/wp\/v2\/posts\/12451\/revisions\/12483"}],"wp:featuredmedia":[{"embeddable":true,"href":"https:\/\/www.asajacyl.com\/palencia\/wp-json\/wp\/v2\/media\/10992"}],"wp:attachment":[{"href":"https:\/\/www.asajacyl.com\/palencia\/wp-json\/wp\/v2\/media?parent=12451"}],"wp:term":[{"taxonomy":"category","embeddable":true,"href":"https:\/\/www.asajacyl.com\/palencia\/wp-json\/wp\/v2\/categories?post=12451"},{"taxonomy":"post_tag","embeddable":true,"href":"https:\/\/www.asajacyl.com\/palencia\/wp-json\/wp\/v2\/tags?post=12451"}],"curies":[{"name":"wp","href":"https:\/\/api.w.org\/{rel}","templated":true}]}}