{"id":12508,"date":"2023-03-06T12:56:00","date_gmt":"2023-03-06T11:56:00","guid":{"rendered":"https:\/\/www.asajacyl.com\/palencia\/?p=12508"},"modified":"2023-03-06T12:56:02","modified_gmt":"2023-03-06T11:56:02","slug":"jcb-organiza-una-exhibicion-de-su-maquinaria-en-dehesa-de-romanos","status":"publish","type":"post","link":"https:\/\/www.asajacyl.com\/palencia\/asaja-palencia-informa\/jcb-organiza-una-exhibicion-de-su-maquinaria-en-dehesa-de-romanos","title":{"rendered":"JCB organiza una exhibici\u00f3n de su maquinaria en Dehesa de Romanos"},"content":{"rendered":"\n<p>La ma\u00f1ana del jueves d\u00eda 9 de marzo el fabricante de maquinaria JCB organizar\u00e1 un d\u00eda de campo en la localidad palentina de Dehesa de Romanos. Es algo que esta marca denomina AGRIDAY.<\/p>\n\n\n\n<p>El evento comenzar\u00e1 sobre las 10:00 horas con el registro de asistentes frente a las antiguas escuelas de la localidad, a los que se les entregar\u00e1 un obsequio. Desde esa hora y hasta las 12:30 horas se realizar\u00e1n presentaciones est\u00e1ticas y la prueba de manejo del Fastrac Icon 220, que estar\u00e1 a disposici\u00f3n de quien quiera probarlo. A las 12:30 horas se realizar\u00e1n presentaciones din\u00e1micas de los equipos, que realizar\u00e1n diversas labores de campo en parcelas cercanas. Finalizar\u00e1 el evento con un almuerzo popular para los asistentes, en el que podr\u00e1n departir sobre el desarrollo de la jornada y el funcionamiento de la maquinaria.<\/p>\n\n\n\n<p>El listado de m\u00e1quinas que participar\u00e1n en el evento es el siguiente:<\/p>\n\n\n\n<ul>\n<li>Minicargadora modelo 155w (\u00danica mini del mercado con puerta de acceso lateral).<\/li>\n\n\n\n<li>Cargadora modelo Telemaster 320 (es una cargadora articulada con brazo telesc\u00f3pico con un alcance de 5,20 m de altura y 3200 kg de capacidad de carga).<\/li>\n\n\n\n<li>Pala cargadora modelo 427 HT con cazo de alto volteo (N\u00famero uno en ventas en el sector del cereal).<\/li>\n\n\n\n<li>Telesc\u00f3pica modelo 538-70 Agri S\u00faper (3800 kg de capacidad de carga y 7 metros de altura).<\/li>\n\n\n\n<li>Telesc\u00f3pica modelo 542-70 Agri s\u00faper Dual Tech (4200 kg de capacidad de carga y 7 m de altura con cambio hidrost\u00e1tico hasta 18km\/h y de convertidor de 19km\/h en adelante).<\/li>\n\n\n\n<li>Telesc\u00f3pica 525-60e (2500kg de capacidad de carga y 6 m de altura, con motor el\u00e9ctrico).<\/li>\n\n\n\n<li>Pala cargadora modelo 403 (dimensiones muy reducidas).<\/li>\n\n\n\n<li>Tractor de altas especificaciones FASTRAC ICON 220 (a disposici\u00f3n de quien quiera probarlo).<\/li>\n<\/ul>\n","protected":false},"excerpt":{"rendered":"<p>La ma\u00f1ana del jueves d\u00eda 9 de marzo el fabricante de maquinaria JCB organizar\u00e1 un d\u00eda de campo en la localidad palentina de Dehesa de Romanos. Es algo que esta marca denomina AGRIDAY. El evento comenzar\u00e1 sobre las 10:00 horas con el registro de asistentes frente a las antiguas escuelas de la localidad, a los [&hellip;]<\/p>\n","protected":false},"author":9,"featured_media":12500,"comment_status":"open","ping_status":"open","sticky":false,"template":"","format":"standard","meta":{"footnotes":""},"categories":[9,29,28],"tags":[],"yoast_head":"<!-- This site is optimized with the Yoast SEO plugin v24.5 - https:\/\/yoast.com\/wordpress\/plugins\/seo\/ -->\n<title>JCB organiza una exhibici\u00f3n de su maquinaria en Dehesa de Romanos - ASAJA Palencia<\/title>\n<meta name=\"description\" content=\"La ma\u00f1ana del jueves d\u00eda 9 de marzo el fabricante de maquinaria JCB organizar\u00e1 un d\u00eda de campo en la localidad palentina de Dehesa de Romanos. Es algo que\" \/>\n<meta name=\"robots\" content=\"index, follow, max-snippet:-1, max-image-preview:large, max-video-preview:-1\" \/>\n<link rel=\"canonical\" href=\"https:\/\/www.asajacyl.com\/palencia\/asaja-palencia-informa\/jcb-organiza-una-exhibicion-de-su-maquinaria-en-dehesa-de-romanos\" \/>\n<meta property=\"og:locale\" content=\"es_ES\" \/>\n<meta property=\"og:type\" content=\"article\" \/>\n<meta property=\"og:title\" content=\"JCB organiza una exhibici\u00f3n de su maquinaria en Dehesa de Romanos - ASAJA Palencia\" \/>\n<meta property=\"og:description\" content=\"La ma\u00f1ana del jueves d\u00eda 9 de marzo el fabricante de maquinaria JCB organizar\u00e1 un d\u00eda de campo en la localidad palentina de Dehesa de Romanos. Es algo que\" \/>\n<meta property=\"og:url\" content=\"https:\/\/www.asajacyl.com\/palencia\/asaja-palencia-informa\/jcb-organiza-una-exhibicion-de-su-maquinaria-en-dehesa-de-romanos\" \/>\n<meta property=\"og:site_name\" content=\"ASAJA Palencia\" \/>\n<meta property=\"article:published_time\" content=\"2023-03-06T11:56:00+00:00\" \/>\n<meta property=\"article:modified_time\" content=\"2023-03-06T11:56:02+00:00\" \/>\n<meta property=\"og:image\" content=\"https:\/\/www.asajacyl.com\/palencia\/wp-content\/uploads\/sites\/3\/2023\/03\/EVENTO-JCB.jpg\" \/>\n\t<meta property=\"og:image:width\" content=\"750\" \/>\n\t<meta property=\"og:image:height\" content=\"536\" \/>\n\t<meta property=\"og:image:type\" content=\"image\/jpeg\" \/>\n<meta name=\"author\" content=\"Administrador\" \/>\n<meta name=\"twitter:card\" content=\"summary_large_image\" \/>\n<meta name=\"twitter:label1\" content=\"Escrito por\" \/>\n\t<meta name=\"twitter:data1\" content=\"Administrador\" \/>\n\t<meta name=\"twitter:label2\" content=\"Tiempo de lectura\" \/>\n\t<meta name=\"twitter:data2\" content=\"2 minutos\" \/>\n<script type=\"application\/ld+json\" class=\"yoast-schema-graph\">{\"@context\":\"https:\/\/schema.org\",\"@graph\":[{\"@type\":\"WebPage\",\"@id\":\"https:\/\/www.asajacyl.com\/palencia\/asaja-palencia-informa\/jcb-organiza-una-exhibicion-de-su-maquinaria-en-dehesa-de-romanos\",\"url\":\"https:\/\/www.asajacyl.com\/palencia\/asaja-palencia-informa\/jcb-organiza-una-exhibicion-de-su-maquinaria-en-dehesa-de-romanos\",\"name\":\"JCB organiza una exhibici\u00f3n de su maquinaria en Dehesa de Romanos - ASAJA Palencia\",\"isPartOf\":{\"@id\":\"https:\/\/www.asajacyl.com\/palencia\/#website\"},\"primaryImageOfPage\":{\"@id\":\"https:\/\/www.asajacyl.com\/palencia\/asaja-palencia-informa\/jcb-organiza-una-exhibicion-de-su-maquinaria-en-dehesa-de-romanos#primaryimage\"},\"image\":{\"@id\":\"https:\/\/www.asajacyl.com\/palencia\/asaja-palencia-informa\/jcb-organiza-una-exhibicion-de-su-maquinaria-en-dehesa-de-romanos#primaryimage\"},\"thumbnailUrl\":\"https:\/\/www.asajacyl.com\/palencia\/wp-content\/uploads\/sites\/3\/2023\/03\/EVENTO-JCB.jpg\",\"datePublished\":\"2023-03-06T11:56:00+00:00\",\"dateModified\":\"2023-03-06T11:56:02+00:00\",\"author\":{\"@id\":\"https:\/\/www.asajacyl.com\/palencia\/#\/schema\/person\/3ab17aeb03527485c317557fae64aab1\"},\"description\":\"La ma\u00f1ana del jueves d\u00eda 9 de marzo el fabricante de maquinaria JCB organizar\u00e1 un d\u00eda de campo en la localidad palentina de Dehesa de Romanos. Es algo que\",\"breadcrumb\":{\"@id\":\"https:\/\/www.asajacyl.com\/palencia\/asaja-palencia-informa\/jcb-organiza-una-exhibicion-de-su-maquinaria-en-dehesa-de-romanos#breadcrumb\"},\"inLanguage\":\"es\",\"potentialAction\":[{\"@type\":\"ReadAction\",\"target\":[\"https:\/\/www.asajacyl.com\/palencia\/asaja-palencia-informa\/jcb-organiza-una-exhibicion-de-su-maquinaria-en-dehesa-de-romanos\"]}]},{\"@type\":\"ImageObject\",\"inLanguage\":\"es\",\"@id\":\"https:\/\/www.asajacyl.com\/palencia\/asaja-palencia-informa\/jcb-organiza-una-exhibicion-de-su-maquinaria-en-dehesa-de-romanos#primaryimage\",\"url\":\"https:\/\/www.asajacyl.com\/palencia\/wp-content\/uploads\/sites\/3\/2023\/03\/EVENTO-JCB.jpg\",\"contentUrl\":\"https:\/\/www.asajacyl.com\/palencia\/wp-content\/uploads\/sites\/3\/2023\/03\/EVENTO-JCB.jpg\",\"width\":750,\"height\":536},{\"@type\":\"BreadcrumbList\",\"@id\":\"https:\/\/www.asajacyl.com\/palencia\/asaja-palencia-informa\/jcb-organiza-una-exhibicion-de-su-maquinaria-en-dehesa-de-romanos#breadcrumb\",\"itemListElement\":[{\"@type\":\"ListItem\",\"position\":1,\"name\":\"Portada\",\"item\":\"https:\/\/www.asajacyl.com\/palencia\/\"},{\"@type\":\"ListItem\",\"position\":2,\"name\":\"JCB organiza una exhibici\u00f3n de su maquinaria en Dehesa de Romanos\"}]},{\"@type\":\"WebSite\",\"@id\":\"https:\/\/www.asajacyl.com\/palencia\/#website\",\"url\":\"https:\/\/www.asajacyl.com\/palencia\/\",\"name\":\"ASAJA Palencia\",\"description\":\"Otro sitio m\u00e1s de Provincias ASAJA Castilla y Le\u00f3n\",\"potentialAction\":[{\"@type\":\"SearchAction\",\"target\":{\"@type\":\"EntryPoint\",\"urlTemplate\":\"https:\/\/www.asajacyl.com\/palencia\/?s={search_term_string}\"},\"query-input\":{\"@type\":\"PropertyValueSpecification\",\"valueRequired\":true,\"valueName\":\"search_term_string\"}}],\"inLanguage\":\"es\"},{\"@type\":\"Person\",\"@id\":\"https:\/\/www.asajacyl.com\/palencia\/#\/schema\/person\/3ab17aeb03527485c317557fae64aab1\",\"name\":\"Administrador\",\"image\":{\"@type\":\"ImageObject\",\"inLanguage\":\"es\",\"@id\":\"https:\/\/www.asajacyl.com\/palencia\/#\/schema\/person\/image\/\",\"url\":\"https:\/\/secure.gravatar.com\/avatar\/517384810d242ca9e38c180f3c9fb973?s=96&d=mm&r=g\",\"contentUrl\":\"https:\/\/secure.gravatar.com\/avatar\/517384810d242ca9e38c180f3c9fb973?s=96&d=mm&r=g\",\"caption\":\"Administrador\"},\"url\":\"https:\/\/www.asajacyl.com\/palencia\/author\/carlosrm\"}]}<\/script>\n<!-- \/ Yoast SEO plugin. -->","yoast_head_json":{"title":"JCB organiza una exhibici\u00f3n de su maquinaria en Dehesa de Romanos - ASAJA Palencia","description":"La ma\u00f1ana del jueves d\u00eda 9 de marzo el fabricante de maquinaria JCB organizar\u00e1 un d\u00eda de campo en la localidad palentina de Dehesa de Romanos. Es algo que","robots":{"index":"index","follow":"follow","max-snippet":"max-snippet:-1","max-image-preview":"max-image-preview:large","max-video-preview":"max-video-preview:-1"},"canonical":"https:\/\/www.asajacyl.com\/palencia\/asaja-palencia-informa\/jcb-organiza-una-exhibicion-de-su-maquinaria-en-dehesa-de-romanos","og_locale":"es_ES","og_type":"article","og_title":"JCB organiza una exhibici\u00f3n de su maquinaria en Dehesa de Romanos - ASAJA Palencia","og_description":"La ma\u00f1ana del jueves d\u00eda 9 de marzo el fabricante de maquinaria JCB organizar\u00e1 un d\u00eda de campo en la localidad palentina de Dehesa de Romanos. Es algo que","og_url":"https:\/\/www.asajacyl.com\/palencia\/asaja-palencia-informa\/jcb-organiza-una-exhibicion-de-su-maquinaria-en-dehesa-de-romanos","og_site_name":"ASAJA Palencia","article_published_time":"2023-03-06T11:56:00+00:00","article_modified_time":"2023-03-06T11:56:02+00:00","og_image":[{"width":750,"height":536,"url":"https:\/\/www.asajacyl.com\/palencia\/wp-content\/uploads\/sites\/3\/2023\/03\/EVENTO-JCB.jpg","type":"image\/jpeg"}],"author":"Administrador","twitter_card":"summary_large_image","twitter_misc":{"Escrito por":"Administrador","Tiempo de lectura":"2 minutos"},"schema":{"@context":"https:\/\/schema.org","@graph":[{"@type":"WebPage","@id":"https:\/\/www.asajacyl.com\/palencia\/asaja-palencia-informa\/jcb-organiza-una-exhibicion-de-su-maquinaria-en-dehesa-de-romanos","url":"https:\/\/www.asajacyl.com\/palencia\/asaja-palencia-informa\/jcb-organiza-una-exhibicion-de-su-maquinaria-en-dehesa-de-romanos","name":"JCB organiza una exhibici\u00f3n de su maquinaria en Dehesa de Romanos - ASAJA Palencia","isPartOf":{"@id":"https:\/\/www.asajacyl.com\/palencia\/#website"},"primaryImageOfPage":{"@id":"https:\/\/www.asajacyl.com\/palencia\/asaja-palencia-informa\/jcb-organiza-una-exhibicion-de-su-maquinaria-en-dehesa-de-romanos#primaryimage"},"image":{"@id":"https:\/\/www.asajacyl.com\/palencia\/asaja-palencia-informa\/jcb-organiza-una-exhibicion-de-su-maquinaria-en-dehesa-de-romanos#primaryimage"},"thumbnailUrl":"https:\/\/www.asajacyl.com\/palencia\/wp-content\/uploads\/sites\/3\/2023\/03\/EVENTO-JCB.jpg","datePublished":"2023-03-06T11:56:00+00:00","dateModified":"2023-03-06T11:56:02+00:00","author":{"@id":"https:\/\/www.asajacyl.com\/palencia\/#\/schema\/person\/3ab17aeb03527485c317557fae64aab1"},"description":"La ma\u00f1ana del jueves d\u00eda 9 de marzo el fabricante de maquinaria JCB organizar\u00e1 un d\u00eda de campo en la localidad palentina de Dehesa de Romanos. Es algo que","breadcrumb":{"@id":"https:\/\/www.asajacyl.com\/palencia\/asaja-palencia-informa\/jcb-organiza-una-exhibicion-de-su-maquinaria-en-dehesa-de-romanos#breadcrumb"},"inLanguage":"es","potentialAction":[{"@type":"ReadAction","target":["https:\/\/www.asajacyl.com\/palencia\/asaja-palencia-informa\/jcb-organiza-una-exhibicion-de-su-maquinaria-en-dehesa-de-romanos"]}]},{"@type":"ImageObject","inLanguage":"es","@id":"https:\/\/www.asajacyl.com\/palencia\/asaja-palencia-informa\/jcb-organiza-una-exhibicion-de-su-maquinaria-en-dehesa-de-romanos#primaryimage","url":"https:\/\/www.asajacyl.com\/palencia\/wp-content\/uploads\/sites\/3\/2023\/03\/EVENTO-JCB.jpg","contentUrl":"https:\/\/www.asajacyl.com\/palencia\/wp-content\/uploads\/sites\/3\/2023\/03\/EVENTO-JCB.jpg","width":750,"height":536},{"@type":"BreadcrumbList","@id":"https:\/\/www.asajacyl.com\/palencia\/asaja-palencia-informa\/jcb-organiza-una-exhibicion-de-su-maquinaria-en-dehesa-de-romanos#breadcrumb","itemListElement":[{"@type":"ListItem","position":1,"name":"Portada","item":"https:\/\/www.asajacyl.com\/palencia\/"},{"@type":"ListItem","position":2,"name":"JCB organiza una exhibici\u00f3n de su maquinaria en Dehesa de Romanos"}]},{"@type":"WebSite","@id":"https:\/\/www.asajacyl.com\/palencia\/#website","url":"https:\/\/www.asajacyl.com\/palencia\/","name":"ASAJA Palencia","description":"Otro sitio m\u00e1s de Provincias ASAJA Castilla y Le\u00f3n","potentialAction":[{"@type":"SearchAction","target":{"@type":"EntryPoint","urlTemplate":"https:\/\/www.asajacyl.com\/palencia\/?s={search_term_string}"},"query-input":{"@type":"PropertyValueSpecification","valueRequired":true,"valueName":"search_term_string"}}],"inLanguage":"es"},{"@type":"Person","@id":"https:\/\/www.asajacyl.com\/palencia\/#\/schema\/person\/3ab17aeb03527485c317557fae64aab1","name":"Administrador","image":{"@type":"ImageObject","inLanguage":"es","@id":"https:\/\/www.asajacyl.com\/palencia\/#\/schema\/person\/image\/","url":"https:\/\/secure.gravatar.com\/avatar\/517384810d242ca9e38c180f3c9fb973?s=96&d=mm&r=g","contentUrl":"https:\/\/secure.gravatar.com\/avatar\/517384810d242ca9e38c180f3c9fb973?s=96&d=mm&r=g","caption":"Administrador"},"url":"https:\/\/www.asajacyl.com\/palencia\/author\/carlosrm"}]}},"_links":{"self":[{"href":"https:\/\/www.asajacyl.com\/palencia\/wp-json\/wp\/v2\/posts\/12508"}],"collection":[{"href":"https:\/\/www.asajacyl.com\/palencia\/wp-json\/wp\/v2\/posts"}],"about":[{"href":"https:\/\/www.asajacyl.com\/palencia\/wp-json\/wp\/v2\/types\/post"}],"author":[{"embeddable":true,"href":"https:\/\/www.asajacyl.com\/palencia\/wp-json\/wp\/v2\/users\/9"}],"replies":[{"embeddable":true,"href":"https:\/\/www.asajacyl.com\/palencia\/wp-json\/wp\/v2\/comments?post=12508"}],"version-history":[{"count":1,"href":"https:\/\/www.asajacyl.com\/palencia\/wp-json\/wp\/v2\/posts\/12508\/revisions"}],"predecessor-version":[{"id":12509,"href":"https:\/\/www.asajacyl.com\/palencia\/wp-json\/wp\/v2\/posts\/12508\/revisions\/12509"}],"wp:featuredmedia":[{"embeddable":true,"href":"https:\/\/www.asajacyl.com\/palencia\/wp-json\/wp\/v2\/media\/12500"}],"wp:attachment":[{"href":"https:\/\/www.asajacyl.com\/palencia\/wp-json\/wp\/v2\/media?parent=12508"}],"wp:term":[{"taxonomy":"category","embeddable":true,"href":"https:\/\/www.asajacyl.com\/palencia\/wp-json\/wp\/v2\/categories?post=12508"},{"taxonomy":"post_tag","embeddable":true,"href":"https:\/\/www.asajacyl.com\/palencia\/wp-json\/wp\/v2\/tags?post=12508"}],"curies":[{"name":"wp","href":"https:\/\/api.w.org\/{rel}","templated":true}]}}