{"id":12510,"date":"2023-03-06T15:54:18","date_gmt":"2023-03-06T14:54:18","guid":{"rendered":"https:\/\/www.asajacyl.com\/palencia\/?p=12510"},"modified":"2023-03-07T10:17:44","modified_gmt":"2023-03-07T09:17:44","slug":"los-regantes-de-la-retencion-aprueban-iniciar-los-tramites-de-modernizacion-de-su-comunidad-de-regantes","status":"publish","type":"post","link":"https:\/\/www.asajacyl.com\/palencia\/sin-categoria\/los-regantes-de-la-retencion-aprueban-iniciar-los-tramites-de-modernizacion-de-su-comunidad-de-regantes","title":{"rendered":"Los regantes del &#8216;Canal de la Retenci\u00f3n&#8217; aprueban iniciar los tr\u00e1mites para modernizar su comunidad"},"content":{"rendered":"\n<p>La comunidad de regantes \u00abCanal de La Retenci\u00f3n\u00bb inici\u00f3 su puesta en servicio en el a\u00f1o 1932. En la actualidad, esta comunidad domina unas 4.000 hect\u00e1reas, de las que se riegan aproximadamente 3.500. Para regar utilizan un canal principal de 14 kil\u00f3metros de longitud, que se inicia en <strong>Calahorra de Ribas<\/strong> una vez que el Canal de Castilla ha superado la tur\u00edstica esclusa, del que parten diversas acequias que suman cerca de cien kil\u00f3metros de canalizaciones. Adem\u00e1s, cuenta con una balsa de cola situada junto a la f\u00e1brica de El Serr\u00f3n. <\/p>\n\n\n\n<p>Son varios los municipios que forman parte de esta zona regable: concretamente, <strong>Monz\u00f3n de Campos<\/strong>, <strong>Ribas de Campos<\/strong>, <strong>Husillos<\/strong>, <strong>Becerril de Campos<\/strong>, <strong>Villaumbrales<\/strong>, <strong>Grijota <\/strong>y <strong>Palencia<\/strong>. El cultivo de primavera m\u00e1s importante en la zona es el ma\u00edz: desgraciadamente, ya lejos queda la \u00e9poca en que era la remolacha, y la localidad de Monz\u00f3n de Campos incluso contaba con una industria azucarera que revitalizaba toda la zona.<\/p>\n\n\n\n<p>En la votaci\u00f3n realizada el lunes 6 de este mes de marzo, la Junta General Extraordinaria, celebrada en Monz\u00f3n de Campos, ha aprobado iniciar los tr\u00e1mites necesarios para realizar la modernizaci\u00f3n de esta comunidad de regantes. Ahora ser\u00e1 el ITACyL el encargado de presentar a los regantes diversas alternativas para que puedan decidir cu\u00e1l resulta m\u00e1s interesante para el futuro de la comunidad. En la actualidad ya se est\u00e1 hablando, como una de las alternativas, sobre la posibilidad de realizar una balsa en los cerros cercanos a Monz\u00f3n de Campos, o bien utilizar la balsa de cola ya existente para impulsar el agua mediante tuber\u00edas.<\/p>\n\n\n\n<p>Desde ASAJA-Palencia deseamos toda la suerte del mundo a este colectivo de regantes en esta nueva andadura, donde esperemos que encuentren un proyecto a su medida que se ejecute en el menor tiempo posible y que satisfaga sus necesidades. Ahora ha llegado el momento de que las administraciones p\u00fablicas les den todo su apoyo y acorten al m\u00e1ximo posible los plazos de todos aquellos tr\u00e1mites que deban ir realiz\u00e1ndose.<\/p>\n","protected":false},"excerpt":{"rendered":"<p>La comunidad de regantes \u00abCanal de La Retenci\u00f3n\u00bb inici\u00f3 su puesta en servicio en el a\u00f1o 1932. En la actualidad, esta comunidad domina unas 4.000 hect\u00e1reas, de las que se riegan aproximadamente 3.500. Para regar utilizan un canal principal de 14 kil\u00f3metros de longitud, que se inicia en Calahorra de Ribas una vez que el [&hellip;]<\/p>\n","protected":false},"author":9,"featured_media":12512,"comment_status":"open","ping_status":"open","sticky":false,"template":"","format":"standard","meta":{"footnotes":""},"categories":[9,29,28,1],"tags":[],"yoast_head":"<!-- This site is optimized with the Yoast SEO plugin v24.5 - https:\/\/yoast.com\/wordpress\/plugins\/seo\/ -->\n<title>Los regantes del &#039;Canal de la Retenci\u00f3n&#039; aprueban iniciar los tr\u00e1mites para modernizar su comunidad - ASAJA Palencia<\/title>\n<meta name=\"description\" content=\"La comunidad de regantes &quot;Canal de La Retenci\u00f3n&quot; inici\u00f3 su puesta en servicio en el a\u00f1o 1932. En la actualidad, esta comunidad domina unas 4.000\" \/>\n<meta name=\"robots\" content=\"index, follow, max-snippet:-1, max-image-preview:large, max-video-preview:-1\" \/>\n<link rel=\"canonical\" href=\"https:\/\/www.asajacyl.com\/palencia\/sin-categoria\/los-regantes-de-la-retencion-aprueban-iniciar-los-tramites-de-modernizacion-de-su-comunidad-de-regantes\" \/>\n<meta property=\"og:locale\" content=\"es_ES\" \/>\n<meta property=\"og:type\" content=\"article\" \/>\n<meta property=\"og:title\" content=\"Los regantes del &#039;Canal de la Retenci\u00f3n&#039; aprueban iniciar los tr\u00e1mites para modernizar su comunidad - ASAJA Palencia\" \/>\n<meta property=\"og:description\" content=\"La comunidad de regantes &quot;Canal de La Retenci\u00f3n&quot; inici\u00f3 su puesta en servicio en el a\u00f1o 1932. En la actualidad, esta comunidad domina unas 4.000\" \/>\n<meta property=\"og:url\" content=\"https:\/\/www.asajacyl.com\/palencia\/sin-categoria\/los-regantes-de-la-retencion-aprueban-iniciar-los-tramites-de-modernizacion-de-su-comunidad-de-regantes\" \/>\n<meta property=\"og:site_name\" content=\"ASAJA Palencia\" \/>\n<meta property=\"article:published_time\" content=\"2023-03-06T14:54:18+00:00\" \/>\n<meta property=\"article:modified_time\" content=\"2023-03-07T09:17:44+00:00\" \/>\n<meta property=\"og:image\" content=\"https:\/\/www.asajacyl.com\/palencia\/wp-content\/uploads\/sites\/3\/2023\/03\/LA-RETENCION.jpg\" \/>\n\t<meta property=\"og:image:width\" content=\"980\" \/>\n\t<meta property=\"og:image:height\" content=\"1260\" \/>\n\t<meta property=\"og:image:type\" content=\"image\/jpeg\" \/>\n<meta name=\"author\" content=\"Administrador\" \/>\n<meta name=\"twitter:card\" content=\"summary_large_image\" \/>\n<meta name=\"twitter:label1\" content=\"Escrito por\" \/>\n\t<meta name=\"twitter:data1\" content=\"Administrador\" \/>\n\t<meta name=\"twitter:label2\" content=\"Tiempo de lectura\" \/>\n\t<meta name=\"twitter:data2\" content=\"2 minutos\" \/>\n<script type=\"application\/ld+json\" class=\"yoast-schema-graph\">{\"@context\":\"https:\/\/schema.org\",\"@graph\":[{\"@type\":\"WebPage\",\"@id\":\"https:\/\/www.asajacyl.com\/palencia\/sin-categoria\/los-regantes-de-la-retencion-aprueban-iniciar-los-tramites-de-modernizacion-de-su-comunidad-de-regantes\",\"url\":\"https:\/\/www.asajacyl.com\/palencia\/sin-categoria\/los-regantes-de-la-retencion-aprueban-iniciar-los-tramites-de-modernizacion-de-su-comunidad-de-regantes\",\"name\":\"Los regantes del 'Canal de la Retenci\u00f3n' aprueban iniciar los tr\u00e1mites para modernizar su comunidad - ASAJA Palencia\",\"isPartOf\":{\"@id\":\"https:\/\/www.asajacyl.com\/palencia\/#website\"},\"primaryImageOfPage\":{\"@id\":\"https:\/\/www.asajacyl.com\/palencia\/sin-categoria\/los-regantes-de-la-retencion-aprueban-iniciar-los-tramites-de-modernizacion-de-su-comunidad-de-regantes#primaryimage\"},\"image\":{\"@id\":\"https:\/\/www.asajacyl.com\/palencia\/sin-categoria\/los-regantes-de-la-retencion-aprueban-iniciar-los-tramites-de-modernizacion-de-su-comunidad-de-regantes#primaryimage\"},\"thumbnailUrl\":\"https:\/\/www.asajacyl.com\/palencia\/wp-content\/uploads\/sites\/3\/2023\/03\/LA-RETENCION.jpg\",\"datePublished\":\"2023-03-06T14:54:18+00:00\",\"dateModified\":\"2023-03-07T09:17:44+00:00\",\"author\":{\"@id\":\"https:\/\/www.asajacyl.com\/palencia\/#\/schema\/person\/3ab17aeb03527485c317557fae64aab1\"},\"description\":\"La comunidad de regantes \\\"Canal de La Retenci\u00f3n\\\" inici\u00f3 su puesta en servicio en el a\u00f1o 1932. En la actualidad, esta comunidad domina unas 4.000\",\"breadcrumb\":{\"@id\":\"https:\/\/www.asajacyl.com\/palencia\/sin-categoria\/los-regantes-de-la-retencion-aprueban-iniciar-los-tramites-de-modernizacion-de-su-comunidad-de-regantes#breadcrumb\"},\"inLanguage\":\"es\",\"potentialAction\":[{\"@type\":\"ReadAction\",\"target\":[\"https:\/\/www.asajacyl.com\/palencia\/sin-categoria\/los-regantes-de-la-retencion-aprueban-iniciar-los-tramites-de-modernizacion-de-su-comunidad-de-regantes\"]}]},{\"@type\":\"ImageObject\",\"inLanguage\":\"es\",\"@id\":\"https:\/\/www.asajacyl.com\/palencia\/sin-categoria\/los-regantes-de-la-retencion-aprueban-iniciar-los-tramites-de-modernizacion-de-su-comunidad-de-regantes#primaryimage\",\"url\":\"https:\/\/www.asajacyl.com\/palencia\/wp-content\/uploads\/sites\/3\/2023\/03\/LA-RETENCION.jpg\",\"contentUrl\":\"https:\/\/www.asajacyl.com\/palencia\/wp-content\/uploads\/sites\/3\/2023\/03\/LA-RETENCION.jpg\",\"width\":980,\"height\":1260},{\"@type\":\"BreadcrumbList\",\"@id\":\"https:\/\/www.asajacyl.com\/palencia\/sin-categoria\/los-regantes-de-la-retencion-aprueban-iniciar-los-tramites-de-modernizacion-de-su-comunidad-de-regantes#breadcrumb\",\"itemListElement\":[{\"@type\":\"ListItem\",\"position\":1,\"name\":\"Portada\",\"item\":\"https:\/\/www.asajacyl.com\/palencia\/\"},{\"@type\":\"ListItem\",\"position\":2,\"name\":\"Los regantes del &#8216;Canal de la Retenci\u00f3n&#8217; aprueban iniciar los tr\u00e1mites para modernizar su comunidad\"}]},{\"@type\":\"WebSite\",\"@id\":\"https:\/\/www.asajacyl.com\/palencia\/#website\",\"url\":\"https:\/\/www.asajacyl.com\/palencia\/\",\"name\":\"ASAJA Palencia\",\"description\":\"Otro sitio m\u00e1s de Provincias ASAJA Castilla y Le\u00f3n\",\"potentialAction\":[{\"@type\":\"SearchAction\",\"target\":{\"@type\":\"EntryPoint\",\"urlTemplate\":\"https:\/\/www.asajacyl.com\/palencia\/?s={search_term_string}\"},\"query-input\":{\"@type\":\"PropertyValueSpecification\",\"valueRequired\":true,\"valueName\":\"search_term_string\"}}],\"inLanguage\":\"es\"},{\"@type\":\"Person\",\"@id\":\"https:\/\/www.asajacyl.com\/palencia\/#\/schema\/person\/3ab17aeb03527485c317557fae64aab1\",\"name\":\"Administrador\",\"image\":{\"@type\":\"ImageObject\",\"inLanguage\":\"es\",\"@id\":\"https:\/\/www.asajacyl.com\/palencia\/#\/schema\/person\/image\/\",\"url\":\"https:\/\/secure.gravatar.com\/avatar\/517384810d242ca9e38c180f3c9fb973?s=96&d=mm&r=g\",\"contentUrl\":\"https:\/\/secure.gravatar.com\/avatar\/517384810d242ca9e38c180f3c9fb973?s=96&d=mm&r=g\",\"caption\":\"Administrador\"},\"url\":\"https:\/\/www.asajacyl.com\/palencia\/author\/carlosrm\"}]}<\/script>\n<!-- \/ Yoast SEO plugin. -->","yoast_head_json":{"title":"Los regantes del 'Canal de la Retenci\u00f3n' aprueban iniciar los tr\u00e1mites para modernizar su comunidad - ASAJA Palencia","description":"La comunidad de regantes \"Canal de La Retenci\u00f3n\" inici\u00f3 su puesta en servicio en el a\u00f1o 1932. En la actualidad, esta comunidad domina unas 4.000","robots":{"index":"index","follow":"follow","max-snippet":"max-snippet:-1","max-image-preview":"max-image-preview:large","max-video-preview":"max-video-preview:-1"},"canonical":"https:\/\/www.asajacyl.com\/palencia\/sin-categoria\/los-regantes-de-la-retencion-aprueban-iniciar-los-tramites-de-modernizacion-de-su-comunidad-de-regantes","og_locale":"es_ES","og_type":"article","og_title":"Los regantes del 'Canal de la Retenci\u00f3n' aprueban iniciar los tr\u00e1mites para modernizar su comunidad - ASAJA Palencia","og_description":"La comunidad de regantes \"Canal de La Retenci\u00f3n\" inici\u00f3 su puesta en servicio en el a\u00f1o 1932. En la actualidad, esta comunidad domina unas 4.000","og_url":"https:\/\/www.asajacyl.com\/palencia\/sin-categoria\/los-regantes-de-la-retencion-aprueban-iniciar-los-tramites-de-modernizacion-de-su-comunidad-de-regantes","og_site_name":"ASAJA Palencia","article_published_time":"2023-03-06T14:54:18+00:00","article_modified_time":"2023-03-07T09:17:44+00:00","og_image":[{"width":980,"height":1260,"url":"https:\/\/www.asajacyl.com\/palencia\/wp-content\/uploads\/sites\/3\/2023\/03\/LA-RETENCION.jpg","type":"image\/jpeg"}],"author":"Administrador","twitter_card":"summary_large_image","twitter_misc":{"Escrito por":"Administrador","Tiempo de lectura":"2 minutos"},"schema":{"@context":"https:\/\/schema.org","@graph":[{"@type":"WebPage","@id":"https:\/\/www.asajacyl.com\/palencia\/sin-categoria\/los-regantes-de-la-retencion-aprueban-iniciar-los-tramites-de-modernizacion-de-su-comunidad-de-regantes","url":"https:\/\/www.asajacyl.com\/palencia\/sin-categoria\/los-regantes-de-la-retencion-aprueban-iniciar-los-tramites-de-modernizacion-de-su-comunidad-de-regantes","name":"Los regantes del 'Canal de la Retenci\u00f3n' aprueban iniciar los tr\u00e1mites para modernizar su comunidad - ASAJA Palencia","isPartOf":{"@id":"https:\/\/www.asajacyl.com\/palencia\/#website"},"primaryImageOfPage":{"@id":"https:\/\/www.asajacyl.com\/palencia\/sin-categoria\/los-regantes-de-la-retencion-aprueban-iniciar-los-tramites-de-modernizacion-de-su-comunidad-de-regantes#primaryimage"},"image":{"@id":"https:\/\/www.asajacyl.com\/palencia\/sin-categoria\/los-regantes-de-la-retencion-aprueban-iniciar-los-tramites-de-modernizacion-de-su-comunidad-de-regantes#primaryimage"},"thumbnailUrl":"https:\/\/www.asajacyl.com\/palencia\/wp-content\/uploads\/sites\/3\/2023\/03\/LA-RETENCION.jpg","datePublished":"2023-03-06T14:54:18+00:00","dateModified":"2023-03-07T09:17:44+00:00","author":{"@id":"https:\/\/www.asajacyl.com\/palencia\/#\/schema\/person\/3ab17aeb03527485c317557fae64aab1"},"description":"La comunidad de regantes \"Canal de La Retenci\u00f3n\" inici\u00f3 su puesta en servicio en el a\u00f1o 1932. En la actualidad, esta comunidad domina unas 4.000","breadcrumb":{"@id":"https:\/\/www.asajacyl.com\/palencia\/sin-categoria\/los-regantes-de-la-retencion-aprueban-iniciar-los-tramites-de-modernizacion-de-su-comunidad-de-regantes#breadcrumb"},"inLanguage":"es","potentialAction":[{"@type":"ReadAction","target":["https:\/\/www.asajacyl.com\/palencia\/sin-categoria\/los-regantes-de-la-retencion-aprueban-iniciar-los-tramites-de-modernizacion-de-su-comunidad-de-regantes"]}]},{"@type":"ImageObject","inLanguage":"es","@id":"https:\/\/www.asajacyl.com\/palencia\/sin-categoria\/los-regantes-de-la-retencion-aprueban-iniciar-los-tramites-de-modernizacion-de-su-comunidad-de-regantes#primaryimage","url":"https:\/\/www.asajacyl.com\/palencia\/wp-content\/uploads\/sites\/3\/2023\/03\/LA-RETENCION.jpg","contentUrl":"https:\/\/www.asajacyl.com\/palencia\/wp-content\/uploads\/sites\/3\/2023\/03\/LA-RETENCION.jpg","width":980,"height":1260},{"@type":"BreadcrumbList","@id":"https:\/\/www.asajacyl.com\/palencia\/sin-categoria\/los-regantes-de-la-retencion-aprueban-iniciar-los-tramites-de-modernizacion-de-su-comunidad-de-regantes#breadcrumb","itemListElement":[{"@type":"ListItem","position":1,"name":"Portada","item":"https:\/\/www.asajacyl.com\/palencia\/"},{"@type":"ListItem","position":2,"name":"Los regantes del &#8216;Canal de la Retenci\u00f3n&#8217; aprueban iniciar los tr\u00e1mites para modernizar su comunidad"}]},{"@type":"WebSite","@id":"https:\/\/www.asajacyl.com\/palencia\/#website","url":"https:\/\/www.asajacyl.com\/palencia\/","name":"ASAJA Palencia","description":"Otro sitio m\u00e1s de Provincias ASAJA Castilla y Le\u00f3n","potentialAction":[{"@type":"SearchAction","target":{"@type":"EntryPoint","urlTemplate":"https:\/\/www.asajacyl.com\/palencia\/?s={search_term_string}"},"query-input":{"@type":"PropertyValueSpecification","valueRequired":true,"valueName":"search_term_string"}}],"inLanguage":"es"},{"@type":"Person","@id":"https:\/\/www.asajacyl.com\/palencia\/#\/schema\/person\/3ab17aeb03527485c317557fae64aab1","name":"Administrador","image":{"@type":"ImageObject","inLanguage":"es","@id":"https:\/\/www.asajacyl.com\/palencia\/#\/schema\/person\/image\/","url":"https:\/\/secure.gravatar.com\/avatar\/517384810d242ca9e38c180f3c9fb973?s=96&d=mm&r=g","contentUrl":"https:\/\/secure.gravatar.com\/avatar\/517384810d242ca9e38c180f3c9fb973?s=96&d=mm&r=g","caption":"Administrador"},"url":"https:\/\/www.asajacyl.com\/palencia\/author\/carlosrm"}]}},"_links":{"self":[{"href":"https:\/\/www.asajacyl.com\/palencia\/wp-json\/wp\/v2\/posts\/12510"}],"collection":[{"href":"https:\/\/www.asajacyl.com\/palencia\/wp-json\/wp\/v2\/posts"}],"about":[{"href":"https:\/\/www.asajacyl.com\/palencia\/wp-json\/wp\/v2\/types\/post"}],"author":[{"embeddable":true,"href":"https:\/\/www.asajacyl.com\/palencia\/wp-json\/wp\/v2\/users\/9"}],"replies":[{"embeddable":true,"href":"https:\/\/www.asajacyl.com\/palencia\/wp-json\/wp\/v2\/comments?post=12510"}],"version-history":[{"count":5,"href":"https:\/\/www.asajacyl.com\/palencia\/wp-json\/wp\/v2\/posts\/12510\/revisions"}],"predecessor-version":[{"id":12528,"href":"https:\/\/www.asajacyl.com\/palencia\/wp-json\/wp\/v2\/posts\/12510\/revisions\/12528"}],"wp:featuredmedia":[{"embeddable":true,"href":"https:\/\/www.asajacyl.com\/palencia\/wp-json\/wp\/v2\/media\/12512"}],"wp:attachment":[{"href":"https:\/\/www.asajacyl.com\/palencia\/wp-json\/wp\/v2\/media?parent=12510"}],"wp:term":[{"taxonomy":"category","embeddable":true,"href":"https:\/\/www.asajacyl.com\/palencia\/wp-json\/wp\/v2\/categories?post=12510"},{"taxonomy":"post_tag","embeddable":true,"href":"https:\/\/www.asajacyl.com\/palencia\/wp-json\/wp\/v2\/tags?post=12510"}],"curies":[{"name":"wp","href":"https:\/\/api.w.org\/{rel}","templated":true}]}}