{"id":12530,"date":"2023-03-07T14:44:35","date_gmt":"2023-03-07T13:44:35","guid":{"rendered":"https:\/\/www.asajacyl.com\/palencia\/?p=12530"},"modified":"2023-03-07T14:44:37","modified_gmt":"2023-03-07T13:44:37","slug":"catastrofe-apicola-el-sector-unido-convoca-una-gran-concentracion-en-madrid-en-defensa-de-la-miel-y-la-apicultura-espanola","status":"publish","type":"post","link":"https:\/\/www.asajacyl.com\/palencia\/asaja-palencia-informa\/catastrofe-apicola-el-sector-unido-convoca-una-gran-concentracion-en-madrid-en-defensa-de-la-miel-y-la-apicultura-espanola","title":{"rendered":"Cat\u00e1strofe ap\u00edcola: el sector unido convoca una gran concentraci\u00f3n en Madrid en defensa de la miel y la apicultura espa\u00f1ola"},"content":{"rendered":"\n<p>Apicultores de toda Espa\u00f1a, convocados por ASAJA, COAG, UPA y Cooperativas Agro-alimentarias de Espa\u00f1a, se concentrar\u00e1n en Madrid, frente al Ministerio de Agricultura, Pesca y Alimentaci\u00f3n el pr\u00f3ximo 9 de marzo a las 12:00 para visibilizar los problemas por los que atraviesa la producci\u00f3n y comercializaci\u00f3n de la miel espa\u00f1ola y pedir la puesta en marcha de un conjunto de medidas ante la grave crisis coyuntural y estructural que atraviesa la apicultura, y que afecta a m\u00e1s de 36.0000 familias en nuestro pa\u00eds.<\/p>\n\n\n\n<p>Despu\u00e9s de movilizarse en las \u00faltimas semanas en diversos territorios, apicultores de toda Espa\u00f1a acudir\u00e1n a Madrid para alzar su voz y poner de manifiesto la situaci\u00f3n \u201cabsolutamente dram\u00e1tica\u201d en la que se encuentran. Los apicultores consideran que \u201ctodas las Administraciones deben involucrarse en mayor medida en frenar los ataques y reducir las amenazas que atenazan a la apicultura\u201d.<\/p>\n\n\n\n<p>Las organizaciones convocantes califican de \u201cabsolutamente irresponsable\u201d el comportamiento de los envasadores y la distribuci\u00f3n espa\u00f1ola, que \u201cdiscriminan la miel espa\u00f1ola y la sustituyen por mieles importadas a precios muy por debajo de los costes de producci\u00f3n en nuestro pa\u00eds\u201d. As\u00ed, en la mayor\u00eda de los lineales de la gran distribuci\u00f3n se encuentran mayoritariamente mieles mezcladas donde el porcentaje de miel espa\u00f1ola es absolutamente testimonial, y la miel espa\u00f1ola tiene escasa o nula presencia. Ante esta situaci\u00f3n, \u201cel Ministerio debe actuar y defender a nuestros apicultores\u201d, aseguran.<\/p>\n\n\n\n<p>Los apicultores achacan parte de la responsabilidad de esta situaci\u00f3n a la norma de etiquetado, de la cual lo apicultores vienen reclamando desde hace a\u00f1os un cambio para que el consumidor conozca con exactitud el origen de la miel. \u201cLa presidencia europea es una oportunidad, que nuestro Ministerio no debe dejar pasar, para promover este cambio\u201d, se\u00f1alan.<\/p>\n\n\n\n<p>Adem\u00e1s, este problema de mercado se acompa\u00f1a de una reducci\u00f3n de aproximadamente el 50% de la cosecha debido a la falta de lluvias y el calor extremo del verano, de la muerte de hasta un tercio de las colmenas en algunas zonas como consecuencia de los problemas sanitarios, especialmente por la Varroa, o de los ataques de depredadores como los abejarucos o las avispas, as\u00ed como, del fuerte encarecimiento de los costes de producci\u00f3n, por ejemplo, suplementos de alimentaci\u00f3n o combustibles para la trashumancia.<\/p>\n\n\n\n<p>Los apicultores no han sido beneficiarios de las ayudas extraordinarias habilitadas en el contexto de la invasi\u00f3n de Ucrania, que se han articulado en agricultura y ganader\u00eda. El sector considera una discriminaci\u00f3n haber sido excluidos de la devoluci\u00f3n de los 20 c\u00e9ntimos de descuento para los combustibles que, sin embargo, s\u00ed reciben el resto de los productores.<\/p>\n\n\n\n<p>En definitiva, toda esta problem\u00e1tica ha llevado a ASAJA, COAG, UPA y Cooperativas Agro-alimentarias a convocar una concentraci\u00f3n frente al Ministerio de Agricultura para que se escuchen sus necesidades y preocupaciones y promover acciones que aseguren la supervivencia de la apicultura y de las miles de familias que viven de ella.<\/p>\n","protected":false},"excerpt":{"rendered":"<p>Apicultores de toda Espa\u00f1a, convocados por ASAJA, COAG, UPA y Cooperativas Agro-alimentarias de Espa\u00f1a, se concentrar\u00e1n en Madrid, frente al Ministerio de Agricultura, Pesca y Alimentaci\u00f3n el pr\u00f3ximo 9 de marzo a las 12:00 para visibilizar los problemas por los que atraviesa la producci\u00f3n y comercializaci\u00f3n de la miel espa\u00f1ola y pedir la puesta en [&hellip;]<\/p>\n","protected":false},"author":9,"featured_media":12531,"comment_status":"open","ping_status":"open","sticky":false,"template":"","format":"standard","meta":{"footnotes":""},"categories":[9,29,28],"tags":[],"yoast_head":"<!-- This site is optimized with the Yoast SEO plugin v24.5 - https:\/\/yoast.com\/wordpress\/plugins\/seo\/ -->\n<title>Cat\u00e1strofe ap\u00edcola: el sector unido convoca una gran concentraci\u00f3n en Madrid en defensa de la miel y la apicultura espa\u00f1ola - ASAJA Palencia<\/title>\n<meta name=\"description\" content=\"Apicultores de toda Espa\u00f1a, convocados por ASAJA, COAG, UPA y Cooperativas Agro-alimentarias de Espa\u00f1a, se concentrar\u00e1n en Madrid, frente al Ministerio de\" \/>\n<meta name=\"robots\" content=\"index, follow, max-snippet:-1, max-image-preview:large, max-video-preview:-1\" \/>\n<link rel=\"canonical\" href=\"https:\/\/www.asajacyl.com\/palencia\/asaja-palencia-informa\/catastrofe-apicola-el-sector-unido-convoca-una-gran-concentracion-en-madrid-en-defensa-de-la-miel-y-la-apicultura-espanola\" \/>\n<meta property=\"og:locale\" content=\"es_ES\" \/>\n<meta property=\"og:type\" content=\"article\" \/>\n<meta property=\"og:title\" content=\"Cat\u00e1strofe ap\u00edcola: el sector unido convoca una gran concentraci\u00f3n en Madrid en defensa de la miel y la apicultura espa\u00f1ola - ASAJA Palencia\" \/>\n<meta property=\"og:description\" content=\"Apicultores de toda Espa\u00f1a, convocados por ASAJA, COAG, UPA y Cooperativas Agro-alimentarias de Espa\u00f1a, se concentrar\u00e1n en Madrid, frente al Ministerio de\" \/>\n<meta property=\"og:url\" content=\"https:\/\/www.asajacyl.com\/palencia\/asaja-palencia-informa\/catastrofe-apicola-el-sector-unido-convoca-una-gran-concentracion-en-madrid-en-defensa-de-la-miel-y-la-apicultura-espanola\" \/>\n<meta property=\"og:site_name\" content=\"ASAJA Palencia\" \/>\n<meta property=\"article:published_time\" content=\"2023-03-07T13:44:35+00:00\" \/>\n<meta property=\"article:modified_time\" content=\"2023-03-07T13:44:37+00:00\" \/>\n<meta property=\"og:image\" content=\"https:\/\/www.asajacyl.com\/palencia\/wp-content\/uploads\/sites\/3\/2023\/03\/MANIFESTACION-APICULTURA.jpg\" \/>\n\t<meta property=\"og:image:width\" content=\"1500\" \/>\n\t<meta property=\"og:image:height\" content=\"1286\" \/>\n\t<meta property=\"og:image:type\" content=\"image\/jpeg\" \/>\n<meta name=\"author\" content=\"Administrador\" \/>\n<meta name=\"twitter:card\" content=\"summary_large_image\" \/>\n<meta name=\"twitter:label1\" content=\"Escrito por\" \/>\n\t<meta name=\"twitter:data1\" content=\"Administrador\" \/>\n\t<meta name=\"twitter:label2\" content=\"Tiempo de lectura\" \/>\n\t<meta name=\"twitter:data2\" content=\"3 minutos\" \/>\n<script type=\"application\/ld+json\" class=\"yoast-schema-graph\">{\"@context\":\"https:\/\/schema.org\",\"@graph\":[{\"@type\":\"WebPage\",\"@id\":\"https:\/\/www.asajacyl.com\/palencia\/asaja-palencia-informa\/catastrofe-apicola-el-sector-unido-convoca-una-gran-concentracion-en-madrid-en-defensa-de-la-miel-y-la-apicultura-espanola\",\"url\":\"https:\/\/www.asajacyl.com\/palencia\/asaja-palencia-informa\/catastrofe-apicola-el-sector-unido-convoca-una-gran-concentracion-en-madrid-en-defensa-de-la-miel-y-la-apicultura-espanola\",\"name\":\"Cat\u00e1strofe ap\u00edcola: el sector unido convoca una gran concentraci\u00f3n en Madrid en defensa de la miel y la apicultura espa\u00f1ola - ASAJA Palencia\",\"isPartOf\":{\"@id\":\"https:\/\/www.asajacyl.com\/palencia\/#website\"},\"primaryImageOfPage\":{\"@id\":\"https:\/\/www.asajacyl.com\/palencia\/asaja-palencia-informa\/catastrofe-apicola-el-sector-unido-convoca-una-gran-concentracion-en-madrid-en-defensa-de-la-miel-y-la-apicultura-espanola#primaryimage\"},\"image\":{\"@id\":\"https:\/\/www.asajacyl.com\/palencia\/asaja-palencia-informa\/catastrofe-apicola-el-sector-unido-convoca-una-gran-concentracion-en-madrid-en-defensa-de-la-miel-y-la-apicultura-espanola#primaryimage\"},\"thumbnailUrl\":\"https:\/\/www.asajacyl.com\/palencia\/wp-content\/uploads\/sites\/3\/2023\/03\/MANIFESTACION-APICULTURA.jpg\",\"datePublished\":\"2023-03-07T13:44:35+00:00\",\"dateModified\":\"2023-03-07T13:44:37+00:00\",\"author\":{\"@id\":\"https:\/\/www.asajacyl.com\/palencia\/#\/schema\/person\/3ab17aeb03527485c317557fae64aab1\"},\"description\":\"Apicultores de toda Espa\u00f1a, convocados por ASAJA, COAG, UPA y Cooperativas Agro-alimentarias de Espa\u00f1a, se concentrar\u00e1n en Madrid, frente al Ministerio de\",\"breadcrumb\":{\"@id\":\"https:\/\/www.asajacyl.com\/palencia\/asaja-palencia-informa\/catastrofe-apicola-el-sector-unido-convoca-una-gran-concentracion-en-madrid-en-defensa-de-la-miel-y-la-apicultura-espanola#breadcrumb\"},\"inLanguage\":\"es\",\"potentialAction\":[{\"@type\":\"ReadAction\",\"target\":[\"https:\/\/www.asajacyl.com\/palencia\/asaja-palencia-informa\/catastrofe-apicola-el-sector-unido-convoca-una-gran-concentracion-en-madrid-en-defensa-de-la-miel-y-la-apicultura-espanola\"]}]},{\"@type\":\"ImageObject\",\"inLanguage\":\"es\",\"@id\":\"https:\/\/www.asajacyl.com\/palencia\/asaja-palencia-informa\/catastrofe-apicola-el-sector-unido-convoca-una-gran-concentracion-en-madrid-en-defensa-de-la-miel-y-la-apicultura-espanola#primaryimage\",\"url\":\"https:\/\/www.asajacyl.com\/palencia\/wp-content\/uploads\/sites\/3\/2023\/03\/MANIFESTACION-APICULTURA.jpg\",\"contentUrl\":\"https:\/\/www.asajacyl.com\/palencia\/wp-content\/uploads\/sites\/3\/2023\/03\/MANIFESTACION-APICULTURA.jpg\",\"width\":1500,\"height\":1286},{\"@type\":\"BreadcrumbList\",\"@id\":\"https:\/\/www.asajacyl.com\/palencia\/asaja-palencia-informa\/catastrofe-apicola-el-sector-unido-convoca-una-gran-concentracion-en-madrid-en-defensa-de-la-miel-y-la-apicultura-espanola#breadcrumb\",\"itemListElement\":[{\"@type\":\"ListItem\",\"position\":1,\"name\":\"Portada\",\"item\":\"https:\/\/www.asajacyl.com\/palencia\/\"},{\"@type\":\"ListItem\",\"position\":2,\"name\":\"Cat\u00e1strofe ap\u00edcola: el sector unido convoca una gran concentraci\u00f3n en Madrid en defensa de la miel y la apicultura espa\u00f1ola\"}]},{\"@type\":\"WebSite\",\"@id\":\"https:\/\/www.asajacyl.com\/palencia\/#website\",\"url\":\"https:\/\/www.asajacyl.com\/palencia\/\",\"name\":\"ASAJA Palencia\",\"description\":\"Otro sitio m\u00e1s de Provincias ASAJA Castilla y Le\u00f3n\",\"potentialAction\":[{\"@type\":\"SearchAction\",\"target\":{\"@type\":\"EntryPoint\",\"urlTemplate\":\"https:\/\/www.asajacyl.com\/palencia\/?s={search_term_string}\"},\"query-input\":{\"@type\":\"PropertyValueSpecification\",\"valueRequired\":true,\"valueName\":\"search_term_string\"}}],\"inLanguage\":\"es\"},{\"@type\":\"Person\",\"@id\":\"https:\/\/www.asajacyl.com\/palencia\/#\/schema\/person\/3ab17aeb03527485c317557fae64aab1\",\"name\":\"Administrador\",\"image\":{\"@type\":\"ImageObject\",\"inLanguage\":\"es\",\"@id\":\"https:\/\/www.asajacyl.com\/palencia\/#\/schema\/person\/image\/\",\"url\":\"https:\/\/secure.gravatar.com\/avatar\/517384810d242ca9e38c180f3c9fb973?s=96&d=mm&r=g\",\"contentUrl\":\"https:\/\/secure.gravatar.com\/avatar\/517384810d242ca9e38c180f3c9fb973?s=96&d=mm&r=g\",\"caption\":\"Administrador\"},\"url\":\"https:\/\/www.asajacyl.com\/palencia\/author\/carlosrm\"}]}<\/script>\n<!-- \/ Yoast SEO plugin. -->","yoast_head_json":{"title":"Cat\u00e1strofe ap\u00edcola: el sector unido convoca una gran concentraci\u00f3n en Madrid en defensa de la miel y la apicultura espa\u00f1ola - ASAJA Palencia","description":"Apicultores de toda Espa\u00f1a, convocados por ASAJA, COAG, UPA y Cooperativas Agro-alimentarias de Espa\u00f1a, se concentrar\u00e1n en Madrid, frente al Ministerio de","robots":{"index":"index","follow":"follow","max-snippet":"max-snippet:-1","max-image-preview":"max-image-preview:large","max-video-preview":"max-video-preview:-1"},"canonical":"https:\/\/www.asajacyl.com\/palencia\/asaja-palencia-informa\/catastrofe-apicola-el-sector-unido-convoca-una-gran-concentracion-en-madrid-en-defensa-de-la-miel-y-la-apicultura-espanola","og_locale":"es_ES","og_type":"article","og_title":"Cat\u00e1strofe ap\u00edcola: el sector unido convoca una gran concentraci\u00f3n en Madrid en defensa de la miel y la apicultura espa\u00f1ola - ASAJA Palencia","og_description":"Apicultores de toda Espa\u00f1a, convocados por ASAJA, COAG, UPA y Cooperativas Agro-alimentarias de Espa\u00f1a, se concentrar\u00e1n en Madrid, frente al Ministerio de","og_url":"https:\/\/www.asajacyl.com\/palencia\/asaja-palencia-informa\/catastrofe-apicola-el-sector-unido-convoca-una-gran-concentracion-en-madrid-en-defensa-de-la-miel-y-la-apicultura-espanola","og_site_name":"ASAJA Palencia","article_published_time":"2023-03-07T13:44:35+00:00","article_modified_time":"2023-03-07T13:44:37+00:00","og_image":[{"width":1500,"height":1286,"url":"https:\/\/www.asajacyl.com\/palencia\/wp-content\/uploads\/sites\/3\/2023\/03\/MANIFESTACION-APICULTURA.jpg","type":"image\/jpeg"}],"author":"Administrador","twitter_card":"summary_large_image","twitter_misc":{"Escrito por":"Administrador","Tiempo de lectura":"3 minutos"},"schema":{"@context":"https:\/\/schema.org","@graph":[{"@type":"WebPage","@id":"https:\/\/www.asajacyl.com\/palencia\/asaja-palencia-informa\/catastrofe-apicola-el-sector-unido-convoca-una-gran-concentracion-en-madrid-en-defensa-de-la-miel-y-la-apicultura-espanola","url":"https:\/\/www.asajacyl.com\/palencia\/asaja-palencia-informa\/catastrofe-apicola-el-sector-unido-convoca-una-gran-concentracion-en-madrid-en-defensa-de-la-miel-y-la-apicultura-espanola","name":"Cat\u00e1strofe ap\u00edcola: el sector unido convoca una gran concentraci\u00f3n en Madrid en defensa de la miel y la apicultura espa\u00f1ola - ASAJA Palencia","isPartOf":{"@id":"https:\/\/www.asajacyl.com\/palencia\/#website"},"primaryImageOfPage":{"@id":"https:\/\/www.asajacyl.com\/palencia\/asaja-palencia-informa\/catastrofe-apicola-el-sector-unido-convoca-una-gran-concentracion-en-madrid-en-defensa-de-la-miel-y-la-apicultura-espanola#primaryimage"},"image":{"@id":"https:\/\/www.asajacyl.com\/palencia\/asaja-palencia-informa\/catastrofe-apicola-el-sector-unido-convoca-una-gran-concentracion-en-madrid-en-defensa-de-la-miel-y-la-apicultura-espanola#primaryimage"},"thumbnailUrl":"https:\/\/www.asajacyl.com\/palencia\/wp-content\/uploads\/sites\/3\/2023\/03\/MANIFESTACION-APICULTURA.jpg","datePublished":"2023-03-07T13:44:35+00:00","dateModified":"2023-03-07T13:44:37+00:00","author":{"@id":"https:\/\/www.asajacyl.com\/palencia\/#\/schema\/person\/3ab17aeb03527485c317557fae64aab1"},"description":"Apicultores de toda Espa\u00f1a, convocados por ASAJA, COAG, UPA y Cooperativas Agro-alimentarias de Espa\u00f1a, se concentrar\u00e1n en Madrid, frente al Ministerio de","breadcrumb":{"@id":"https:\/\/www.asajacyl.com\/palencia\/asaja-palencia-informa\/catastrofe-apicola-el-sector-unido-convoca-una-gran-concentracion-en-madrid-en-defensa-de-la-miel-y-la-apicultura-espanola#breadcrumb"},"inLanguage":"es","potentialAction":[{"@type":"ReadAction","target":["https:\/\/www.asajacyl.com\/palencia\/asaja-palencia-informa\/catastrofe-apicola-el-sector-unido-convoca-una-gran-concentracion-en-madrid-en-defensa-de-la-miel-y-la-apicultura-espanola"]}]},{"@type":"ImageObject","inLanguage":"es","@id":"https:\/\/www.asajacyl.com\/palencia\/asaja-palencia-informa\/catastrofe-apicola-el-sector-unido-convoca-una-gran-concentracion-en-madrid-en-defensa-de-la-miel-y-la-apicultura-espanola#primaryimage","url":"https:\/\/www.asajacyl.com\/palencia\/wp-content\/uploads\/sites\/3\/2023\/03\/MANIFESTACION-APICULTURA.jpg","contentUrl":"https:\/\/www.asajacyl.com\/palencia\/wp-content\/uploads\/sites\/3\/2023\/03\/MANIFESTACION-APICULTURA.jpg","width":1500,"height":1286},{"@type":"BreadcrumbList","@id":"https:\/\/www.asajacyl.com\/palencia\/asaja-palencia-informa\/catastrofe-apicola-el-sector-unido-convoca-una-gran-concentracion-en-madrid-en-defensa-de-la-miel-y-la-apicultura-espanola#breadcrumb","itemListElement":[{"@type":"ListItem","position":1,"name":"Portada","item":"https:\/\/www.asajacyl.com\/palencia\/"},{"@type":"ListItem","position":2,"name":"Cat\u00e1strofe ap\u00edcola: el sector unido convoca una gran concentraci\u00f3n en Madrid en defensa de la miel y la apicultura espa\u00f1ola"}]},{"@type":"WebSite","@id":"https:\/\/www.asajacyl.com\/palencia\/#website","url":"https:\/\/www.asajacyl.com\/palencia\/","name":"ASAJA Palencia","description":"Otro sitio m\u00e1s de Provincias ASAJA Castilla y Le\u00f3n","potentialAction":[{"@type":"SearchAction","target":{"@type":"EntryPoint","urlTemplate":"https:\/\/www.asajacyl.com\/palencia\/?s={search_term_string}"},"query-input":{"@type":"PropertyValueSpecification","valueRequired":true,"valueName":"search_term_string"}}],"inLanguage":"es"},{"@type":"Person","@id":"https:\/\/www.asajacyl.com\/palencia\/#\/schema\/person\/3ab17aeb03527485c317557fae64aab1","name":"Administrador","image":{"@type":"ImageObject","inLanguage":"es","@id":"https:\/\/www.asajacyl.com\/palencia\/#\/schema\/person\/image\/","url":"https:\/\/secure.gravatar.com\/avatar\/517384810d242ca9e38c180f3c9fb973?s=96&d=mm&r=g","contentUrl":"https:\/\/secure.gravatar.com\/avatar\/517384810d242ca9e38c180f3c9fb973?s=96&d=mm&r=g","caption":"Administrador"},"url":"https:\/\/www.asajacyl.com\/palencia\/author\/carlosrm"}]}},"_links":{"self":[{"href":"https:\/\/www.asajacyl.com\/palencia\/wp-json\/wp\/v2\/posts\/12530"}],"collection":[{"href":"https:\/\/www.asajacyl.com\/palencia\/wp-json\/wp\/v2\/posts"}],"about":[{"href":"https:\/\/www.asajacyl.com\/palencia\/wp-json\/wp\/v2\/types\/post"}],"author":[{"embeddable":true,"href":"https:\/\/www.asajacyl.com\/palencia\/wp-json\/wp\/v2\/users\/9"}],"replies":[{"embeddable":true,"href":"https:\/\/www.asajacyl.com\/palencia\/wp-json\/wp\/v2\/comments?post=12530"}],"version-history":[{"count":1,"href":"https:\/\/www.asajacyl.com\/palencia\/wp-json\/wp\/v2\/posts\/12530\/revisions"}],"predecessor-version":[{"id":12532,"href":"https:\/\/www.asajacyl.com\/palencia\/wp-json\/wp\/v2\/posts\/12530\/revisions\/12532"}],"wp:featuredmedia":[{"embeddable":true,"href":"https:\/\/www.asajacyl.com\/palencia\/wp-json\/wp\/v2\/media\/12531"}],"wp:attachment":[{"href":"https:\/\/www.asajacyl.com\/palencia\/wp-json\/wp\/v2\/media?parent=12530"}],"wp:term":[{"taxonomy":"category","embeddable":true,"href":"https:\/\/www.asajacyl.com\/palencia\/wp-json\/wp\/v2\/categories?post=12530"},{"taxonomy":"post_tag","embeddable":true,"href":"https:\/\/www.asajacyl.com\/palencia\/wp-json\/wp\/v2\/tags?post=12530"}],"curies":[{"name":"wp","href":"https:\/\/api.w.org\/{rel}","templated":true}]}}