{"id":12562,"date":"2023-03-11T18:43:00","date_gmt":"2023-03-11T17:43:00","guid":{"rendered":"https:\/\/www.asajacyl.com\/palencia\/?p=12562"},"modified":"2023-03-13T11:16:31","modified_gmt":"2023-03-13T10:16:31","slug":"hay-que-mojarse","status":"publish","type":"post","link":"https:\/\/www.asajacyl.com\/palencia\/asaja-palencia-informa\/opinion-asaja\/hay-que-mojarse","title":{"rendered":"Hay que mojarse"},"content":{"rendered":"\n<p><strong>Jos\u00e9 Luis Marcos Fern\u00e1ndez, presidente de ASAJA-Palencia<\/strong><\/p>\n\n\n\n<p>El d\u00eda 28 de mayo llega una cita muy importante para el campo: las <strong>elecciones municipales<\/strong>. En estas elecciones, los votos emitidos decidir\u00e1n qui\u00e9nes ser\u00e1n los concejales y los vocales que para cada municipio o junta vecinal, respectivamente. A su vez, los concejales y los vocales elegir\u00e1n qui\u00e9n ostentar\u00e1 los cargos de alcalde y alcalde ped\u00e1neo. En estas elecciones nos jugamos mucho. Cada entidad local act\u00faa como act\u00faan las personas que tienen el mando y, si queremos que se respete al campo, quienes formamos parte de \u00e9l tenemos que mojarnos, tenemos que dar la cara y presentarnos a los cargos de los lugares donde vivimos.<\/p>\n\n\n\n<p>L\u00f3gicamente, se presupone que todas las entidades p\u00fablicas cumplen con la ley. Faltar\u00eda m\u00e1s. Pero siempre <strong>hay un margen de acci\u00f3n<\/strong> donde la balanza puede decantarse apoyando al sector agropecuario o en su contra. Y de nosotros depende que esa balanza se incline a nuestro favor. Es com\u00fan o\u00edr comentarios en contra de algunas actuaciones municipales. El caso es que, aun en localidades vecinas, hay asuntos que en unas funcionan de una manera y en otras, de forma muy distinta. Si queremos arreglar lo que m\u00e1s nos afecta, debemos <strong>ponernos en primera fila<\/strong>, en lugar de estar cuatro a\u00f1os quej\u00e1ndonos.<\/p>\n\n\n\n<p>Los agricultores y los ganaderos somos quienes mantenemos la vida en muchos pueblos peque\u00f1os, as\u00ed que no podemos permitir que un <em>findesemanista<\/em>, o un hijo del pueblo que durante d\u00e9cadas vivi\u00f3 fuera (y ahora se cree el salvador del mundo), sea quien gobierne nuestros designios. No nos quejemos despu\u00e9s si se denuncia el ruido del ralent\u00ed de un tractor o el canto de un gallo. Bien est\u00e1 que venga gente al pueblo en vacaciones o en fines de semana, pero deben <strong>comprender y respetar a quienes vivimos a diario<\/strong>, a quienes tenemos una actividad &nbsp;econ\u00f3mica. Si no queremos que nos echen del pueblo, impliqu\u00e9monos.<\/p>\n\n\n\n<p>Los partidos pol\u00edticos ya est\u00e1n formando sus candidaturas y el sector agropecuario ha de estar en ellas. Da igual la tendencia ideol\u00f3gica: que vaya cada uno con la sigla con la que se identifique m\u00e1s. Estas elecciones poseen una caracter\u00edstica diferencial con las de \u00e1mbitos m\u00e1s grandes: <strong>se vota m\u00e1s a la persona que al partido<\/strong>; el votante no mira tanto (incluso le da igual) si el candidato es de derechas o de izquierdas, de arriba o de abajo, eso apenas le importa para su decisi\u00f3n.<\/p>\n\n\n\n<p>\u00daltimamente<strong> se est\u00e1 legislando <\/strong>en todos los \u00e1mbitos <strong>contra el sector agropecuario<\/strong>. Los agricultores y los ganaderos no podemos dejar que ocurra. Debemos ir todos a una, porque todos somos uno: la mayor\u00eda de la producci\u00f3n agr\u00edcola de Palencia se destina a la alimentaci\u00f3n animal, as\u00ed que el futuro de la ganader\u00eda est\u00e1 ligado al de la agricultura, y viceversa. No vale apartarse y que otros nos resuelvan los problemas.<\/p>\n\n\n\n<p>En suma, present\u00e9monos a las elecciones, formemos parte de las corporaciones locales y <strong>paremos, desde la base, los golpes de los <em>antiagro<\/em>.<\/strong> Y aquellos que empiecen por el poder municipal y vayan haciendo carrera pol\u00edtica, no traicionen al sector: acu\u00e9rdense de los compa\u00f1eros que le apoyaron en su momento, recuerden sus or\u00edgenes y sigan defendiendo con fidelidad al sector agropecuario. Los necesitamos para que haya cordura en este pa\u00eds. <strong>\/<\/strong><\/p>\n","protected":false},"excerpt":{"rendered":"<p>Jos\u00e9 Luis Marcos Fern\u00e1ndez, presidente de ASAJA-Palencia El d\u00eda 28 de mayo llega una cita muy importante para el campo: las elecciones municipales. En estas elecciones, los votos emitidos decidir\u00e1n qui\u00e9nes ser\u00e1n los concejales y los vocales que para cada municipio o junta vecinal, respectivamente. A su vez, los concejales y los vocales elegir\u00e1n qui\u00e9n [&hellip;]<\/p>\n","protected":false},"author":9,"featured_media":8911,"comment_status":"open","ping_status":"open","sticky":false,"template":"","format":"standard","meta":{"footnotes":""},"categories":[30],"tags":[],"yoast_head":"<!-- This site is optimized with the Yoast SEO plugin v24.5 - https:\/\/yoast.com\/wordpress\/plugins\/seo\/ -->\n<title>Hay que mojarse - ASAJA Palencia<\/title>\n<meta name=\"description\" content=\"Jos\u00e9 Luis Marcos Fern\u00e1ndez, presidente de ASAJA-Palencia El d\u00eda 28 de mayo llega una cita muy importante para el campo: las elecciones municipales. En\" \/>\n<meta name=\"robots\" content=\"index, follow, max-snippet:-1, max-image-preview:large, max-video-preview:-1\" \/>\n<link rel=\"canonical\" href=\"https:\/\/www.asajacyl.com\/palencia\/asaja-palencia-informa\/opinion-asaja\/hay-que-mojarse\" \/>\n<meta property=\"og:locale\" content=\"es_ES\" \/>\n<meta property=\"og:type\" content=\"article\" \/>\n<meta property=\"og:title\" content=\"Hay que mojarse - ASAJA Palencia\" \/>\n<meta property=\"og:description\" content=\"Jos\u00e9 Luis Marcos Fern\u00e1ndez, presidente de ASAJA-Palencia El d\u00eda 28 de mayo llega una cita muy importante para el campo: las elecciones municipales. En\" \/>\n<meta property=\"og:url\" content=\"https:\/\/www.asajacyl.com\/palencia\/asaja-palencia-informa\/opinion-asaja\/hay-que-mojarse\" \/>\n<meta property=\"og:site_name\" content=\"ASAJA Palencia\" \/>\n<meta property=\"article:published_time\" content=\"2023-03-11T17:43:00+00:00\" \/>\n<meta property=\"article:modified_time\" content=\"2023-03-13T10:16:31+00:00\" \/>\n<meta property=\"og:image\" content=\"https:\/\/www.asajacyl.com\/palencia\/wp-content\/uploads\/sites\/3\/2021\/09\/JOSE-LUIS-MARCOS.jpg\" \/>\n\t<meta property=\"og:image:width\" content=\"2016\" \/>\n\t<meta property=\"og:image:height\" content=\"1512\" \/>\n\t<meta property=\"og:image:type\" content=\"image\/jpeg\" \/>\n<meta name=\"author\" content=\"Administrador\" \/>\n<meta name=\"twitter:card\" content=\"summary_large_image\" \/>\n<meta name=\"twitter:label1\" content=\"Escrito por\" \/>\n\t<meta name=\"twitter:data1\" content=\"Administrador\" \/>\n\t<meta name=\"twitter:label2\" content=\"Tiempo de lectura\" \/>\n\t<meta name=\"twitter:data2\" content=\"3 minutos\" \/>\n<script type=\"application\/ld+json\" class=\"yoast-schema-graph\">{\"@context\":\"https:\/\/schema.org\",\"@graph\":[{\"@type\":\"WebPage\",\"@id\":\"https:\/\/www.asajacyl.com\/palencia\/asaja-palencia-informa\/opinion-asaja\/hay-que-mojarse\",\"url\":\"https:\/\/www.asajacyl.com\/palencia\/asaja-palencia-informa\/opinion-asaja\/hay-que-mojarse\",\"name\":\"Hay que mojarse - ASAJA Palencia\",\"isPartOf\":{\"@id\":\"https:\/\/www.asajacyl.com\/palencia\/#website\"},\"primaryImageOfPage\":{\"@id\":\"https:\/\/www.asajacyl.com\/palencia\/asaja-palencia-informa\/opinion-asaja\/hay-que-mojarse#primaryimage\"},\"image\":{\"@id\":\"https:\/\/www.asajacyl.com\/palencia\/asaja-palencia-informa\/opinion-asaja\/hay-que-mojarse#primaryimage\"},\"thumbnailUrl\":\"https:\/\/www.asajacyl.com\/palencia\/wp-content\/uploads\/sites\/3\/2021\/09\/JOSE-LUIS-MARCOS.jpg\",\"datePublished\":\"2023-03-11T17:43:00+00:00\",\"dateModified\":\"2023-03-13T10:16:31+00:00\",\"author\":{\"@id\":\"https:\/\/www.asajacyl.com\/palencia\/#\/schema\/person\/3ab17aeb03527485c317557fae64aab1\"},\"description\":\"Jos\u00e9 Luis Marcos Fern\u00e1ndez, presidente de ASAJA-Palencia El d\u00eda 28 de mayo llega una cita muy importante para el campo: las elecciones municipales. En\",\"breadcrumb\":{\"@id\":\"https:\/\/www.asajacyl.com\/palencia\/asaja-palencia-informa\/opinion-asaja\/hay-que-mojarse#breadcrumb\"},\"inLanguage\":\"es\",\"potentialAction\":[{\"@type\":\"ReadAction\",\"target\":[\"https:\/\/www.asajacyl.com\/palencia\/asaja-palencia-informa\/opinion-asaja\/hay-que-mojarse\"]}]},{\"@type\":\"ImageObject\",\"inLanguage\":\"es\",\"@id\":\"https:\/\/www.asajacyl.com\/palencia\/asaja-palencia-informa\/opinion-asaja\/hay-que-mojarse#primaryimage\",\"url\":\"https:\/\/www.asajacyl.com\/palencia\/wp-content\/uploads\/sites\/3\/2021\/09\/JOSE-LUIS-MARCOS.jpg\",\"contentUrl\":\"https:\/\/www.asajacyl.com\/palencia\/wp-content\/uploads\/sites\/3\/2021\/09\/JOSE-LUIS-MARCOS.jpg\",\"width\":2016,\"height\":1512},{\"@type\":\"BreadcrumbList\",\"@id\":\"https:\/\/www.asajacyl.com\/palencia\/asaja-palencia-informa\/opinion-asaja\/hay-que-mojarse#breadcrumb\",\"itemListElement\":[{\"@type\":\"ListItem\",\"position\":1,\"name\":\"Portada\",\"item\":\"https:\/\/www.asajacyl.com\/palencia\/\"},{\"@type\":\"ListItem\",\"position\":2,\"name\":\"Hay que mojarse\"}]},{\"@type\":\"WebSite\",\"@id\":\"https:\/\/www.asajacyl.com\/palencia\/#website\",\"url\":\"https:\/\/www.asajacyl.com\/palencia\/\",\"name\":\"ASAJA Palencia\",\"description\":\"Otro sitio m\u00e1s de Provincias ASAJA Castilla y Le\u00f3n\",\"potentialAction\":[{\"@type\":\"SearchAction\",\"target\":{\"@type\":\"EntryPoint\",\"urlTemplate\":\"https:\/\/www.asajacyl.com\/palencia\/?s={search_term_string}\"},\"query-input\":{\"@type\":\"PropertyValueSpecification\",\"valueRequired\":true,\"valueName\":\"search_term_string\"}}],\"inLanguage\":\"es\"},{\"@type\":\"Person\",\"@id\":\"https:\/\/www.asajacyl.com\/palencia\/#\/schema\/person\/3ab17aeb03527485c317557fae64aab1\",\"name\":\"Administrador\",\"image\":{\"@type\":\"ImageObject\",\"inLanguage\":\"es\",\"@id\":\"https:\/\/www.asajacyl.com\/palencia\/#\/schema\/person\/image\/\",\"url\":\"https:\/\/secure.gravatar.com\/avatar\/517384810d242ca9e38c180f3c9fb973?s=96&d=mm&r=g\",\"contentUrl\":\"https:\/\/secure.gravatar.com\/avatar\/517384810d242ca9e38c180f3c9fb973?s=96&d=mm&r=g\",\"caption\":\"Administrador\"},\"url\":\"https:\/\/www.asajacyl.com\/palencia\/author\/carlosrm\"}]}<\/script>\n<!-- \/ Yoast SEO plugin. -->","yoast_head_json":{"title":"Hay que mojarse - ASAJA Palencia","description":"Jos\u00e9 Luis Marcos Fern\u00e1ndez, presidente de ASAJA-Palencia El d\u00eda 28 de mayo llega una cita muy importante para el campo: las elecciones municipales. En","robots":{"index":"index","follow":"follow","max-snippet":"max-snippet:-1","max-image-preview":"max-image-preview:large","max-video-preview":"max-video-preview:-1"},"canonical":"https:\/\/www.asajacyl.com\/palencia\/asaja-palencia-informa\/opinion-asaja\/hay-que-mojarse","og_locale":"es_ES","og_type":"article","og_title":"Hay que mojarse - ASAJA Palencia","og_description":"Jos\u00e9 Luis Marcos Fern\u00e1ndez, presidente de ASAJA-Palencia El d\u00eda 28 de mayo llega una cita muy importante para el campo: las elecciones municipales. En","og_url":"https:\/\/www.asajacyl.com\/palencia\/asaja-palencia-informa\/opinion-asaja\/hay-que-mojarse","og_site_name":"ASAJA Palencia","article_published_time":"2023-03-11T17:43:00+00:00","article_modified_time":"2023-03-13T10:16:31+00:00","og_image":[{"width":2016,"height":1512,"url":"https:\/\/www.asajacyl.com\/palencia\/wp-content\/uploads\/sites\/3\/2021\/09\/JOSE-LUIS-MARCOS.jpg","type":"image\/jpeg"}],"author":"Administrador","twitter_card":"summary_large_image","twitter_misc":{"Escrito por":"Administrador","Tiempo de lectura":"3 minutos"},"schema":{"@context":"https:\/\/schema.org","@graph":[{"@type":"WebPage","@id":"https:\/\/www.asajacyl.com\/palencia\/asaja-palencia-informa\/opinion-asaja\/hay-que-mojarse","url":"https:\/\/www.asajacyl.com\/palencia\/asaja-palencia-informa\/opinion-asaja\/hay-que-mojarse","name":"Hay que mojarse - ASAJA Palencia","isPartOf":{"@id":"https:\/\/www.asajacyl.com\/palencia\/#website"},"primaryImageOfPage":{"@id":"https:\/\/www.asajacyl.com\/palencia\/asaja-palencia-informa\/opinion-asaja\/hay-que-mojarse#primaryimage"},"image":{"@id":"https:\/\/www.asajacyl.com\/palencia\/asaja-palencia-informa\/opinion-asaja\/hay-que-mojarse#primaryimage"},"thumbnailUrl":"https:\/\/www.asajacyl.com\/palencia\/wp-content\/uploads\/sites\/3\/2021\/09\/JOSE-LUIS-MARCOS.jpg","datePublished":"2023-03-11T17:43:00+00:00","dateModified":"2023-03-13T10:16:31+00:00","author":{"@id":"https:\/\/www.asajacyl.com\/palencia\/#\/schema\/person\/3ab17aeb03527485c317557fae64aab1"},"description":"Jos\u00e9 Luis Marcos Fern\u00e1ndez, presidente de ASAJA-Palencia El d\u00eda 28 de mayo llega una cita muy importante para el campo: las elecciones municipales. En","breadcrumb":{"@id":"https:\/\/www.asajacyl.com\/palencia\/asaja-palencia-informa\/opinion-asaja\/hay-que-mojarse#breadcrumb"},"inLanguage":"es","potentialAction":[{"@type":"ReadAction","target":["https:\/\/www.asajacyl.com\/palencia\/asaja-palencia-informa\/opinion-asaja\/hay-que-mojarse"]}]},{"@type":"ImageObject","inLanguage":"es","@id":"https:\/\/www.asajacyl.com\/palencia\/asaja-palencia-informa\/opinion-asaja\/hay-que-mojarse#primaryimage","url":"https:\/\/www.asajacyl.com\/palencia\/wp-content\/uploads\/sites\/3\/2021\/09\/JOSE-LUIS-MARCOS.jpg","contentUrl":"https:\/\/www.asajacyl.com\/palencia\/wp-content\/uploads\/sites\/3\/2021\/09\/JOSE-LUIS-MARCOS.jpg","width":2016,"height":1512},{"@type":"BreadcrumbList","@id":"https:\/\/www.asajacyl.com\/palencia\/asaja-palencia-informa\/opinion-asaja\/hay-que-mojarse#breadcrumb","itemListElement":[{"@type":"ListItem","position":1,"name":"Portada","item":"https:\/\/www.asajacyl.com\/palencia\/"},{"@type":"ListItem","position":2,"name":"Hay que mojarse"}]},{"@type":"WebSite","@id":"https:\/\/www.asajacyl.com\/palencia\/#website","url":"https:\/\/www.asajacyl.com\/palencia\/","name":"ASAJA Palencia","description":"Otro sitio m\u00e1s de Provincias ASAJA Castilla y Le\u00f3n","potentialAction":[{"@type":"SearchAction","target":{"@type":"EntryPoint","urlTemplate":"https:\/\/www.asajacyl.com\/palencia\/?s={search_term_string}"},"query-input":{"@type":"PropertyValueSpecification","valueRequired":true,"valueName":"search_term_string"}}],"inLanguage":"es"},{"@type":"Person","@id":"https:\/\/www.asajacyl.com\/palencia\/#\/schema\/person\/3ab17aeb03527485c317557fae64aab1","name":"Administrador","image":{"@type":"ImageObject","inLanguage":"es","@id":"https:\/\/www.asajacyl.com\/palencia\/#\/schema\/person\/image\/","url":"https:\/\/secure.gravatar.com\/avatar\/517384810d242ca9e38c180f3c9fb973?s=96&d=mm&r=g","contentUrl":"https:\/\/secure.gravatar.com\/avatar\/517384810d242ca9e38c180f3c9fb973?s=96&d=mm&r=g","caption":"Administrador"},"url":"https:\/\/www.asajacyl.com\/palencia\/author\/carlosrm"}]}},"_links":{"self":[{"href":"https:\/\/www.asajacyl.com\/palencia\/wp-json\/wp\/v2\/posts\/12562"}],"collection":[{"href":"https:\/\/www.asajacyl.com\/palencia\/wp-json\/wp\/v2\/posts"}],"about":[{"href":"https:\/\/www.asajacyl.com\/palencia\/wp-json\/wp\/v2\/types\/post"}],"author":[{"embeddable":true,"href":"https:\/\/www.asajacyl.com\/palencia\/wp-json\/wp\/v2\/users\/9"}],"replies":[{"embeddable":true,"href":"https:\/\/www.asajacyl.com\/palencia\/wp-json\/wp\/v2\/comments?post=12562"}],"version-history":[{"count":5,"href":"https:\/\/www.asajacyl.com\/palencia\/wp-json\/wp\/v2\/posts\/12562\/revisions"}],"predecessor-version":[{"id":12611,"href":"https:\/\/www.asajacyl.com\/palencia\/wp-json\/wp\/v2\/posts\/12562\/revisions\/12611"}],"wp:featuredmedia":[{"embeddable":true,"href":"https:\/\/www.asajacyl.com\/palencia\/wp-json\/wp\/v2\/media\/8911"}],"wp:attachment":[{"href":"https:\/\/www.asajacyl.com\/palencia\/wp-json\/wp\/v2\/media?parent=12562"}],"wp:term":[{"taxonomy":"category","embeddable":true,"href":"https:\/\/www.asajacyl.com\/palencia\/wp-json\/wp\/v2\/categories?post=12562"},{"taxonomy":"post_tag","embeddable":true,"href":"https:\/\/www.asajacyl.com\/palencia\/wp-json\/wp\/v2\/tags?post=12562"}],"curies":[{"name":"wp","href":"https:\/\/api.w.org\/{rel}","templated":true}]}}