{"id":12586,"date":"2023-03-13T09:23:16","date_gmt":"2023-03-13T08:23:16","guid":{"rendered":"https:\/\/www.asajacyl.com\/palencia\/?p=12586"},"modified":"2023-03-13T12:15:48","modified_gmt":"2023-03-13T11:15:48","slug":"asaja-preside-por-primera-vez-el-grupo-de-trabajo-de-cereales-del-copa-cogeca-ante-la-union-europea","status":"publish","type":"post","link":"https:\/\/www.asajacyl.com\/palencia\/asaja-palencia-informa\/asaja-preside-por-primera-vez-el-grupo-de-trabajo-de-cereales-del-copa-cogeca-ante-la-union-europea","title":{"rendered":"ASAJA preside por primera vez el Grupo de Trabajo de Cereales del COPA-COGECA ante la Uni\u00f3n Europea"},"content":{"rendered":"\n<p>El representante de ASAJA, <strong>Pedro Gallardo<\/strong>, ha resultado elegido presidente del Grupo de Trabajo de Cereales del COPA-COGECA, colectivo que representa <strong>la voz unida de los agricultores y de las cooperativas agrarias en la Uni\u00f3n Europea<\/strong>. Esta plataforma asegura que la UE posea un sector agrario sostenible, innovador y competitivo, garantizando adem\u00e1s la seguridad alimentaria de m\u00e1s de 500 millones de personas en el continente. El COPA (Comit\u00e9 de Organizaciones Profesionales Agr\u00edcolas)&nbsp;representa a m\u00e1s de 22 millones de agricultores europeos y sus familias, mientras la COGECA (Confederaci\u00f3n General de Cooperativas Agr\u00edcolas) engloba a las 22.000 cooperativas agroalimentarias, forestales y pesqueras europeas y defiende sus intereses generales y espec\u00edficos ante las instituciones comunitarias y otras organizaciones socioecon\u00f3micas que contribuyen a la toma de decisiones.<\/p>\n\n\n\n<p>Tras dos mandatos en la presidencia de Oleaginosas y Proteaginosas, Pedro Gallardo deja este grupo de trabajo avalado por su experiencia para tomar las riendas de Cereales, una nueva responsabilidad al frente de los cerealistas europeos donde le acompa\u00f1ar\u00e1n los vicepresidentes<strong> Guido Seedler <\/strong>(Alemania) y <strong>Cristina Cionga<\/strong> (Ruman\u00eda).<\/p>\n\n\n\n<p>ASAJA centrar\u00e1 su trabajo en dar respuesta a los siguientes desaf\u00edos para los cerealistas:<\/p>\n\n\n\n<ul>\n<li>El encarecimiento de los <strong>costes de producci\u00f3n<\/strong><\/li>\n\n\n\n<li>La protecci\u00f3n de los <strong>cultivos<\/strong><\/li>\n\n\n\n<li>La <strong>innovaci\u00f3n cient\u00edfica<\/strong> en las explotaciones frente al cambio clim\u00e1tico<\/li>\n\n\n\n<li>La <strong>competencia desleal <\/strong>extracomunitaria<\/li>\n\n\n\n<li>La <strong>volatilidad de los precios<\/strong> y<\/li>\n\n\n\n<li>La implementaci\u00f3n de la <strong>nueva PAC.<\/strong> \u00a0\u00a0\u00a0<\/li>\n<\/ul>\n\n\n\n<p>A estos retos se a\u00f1adir\u00e1n un <strong>esfuerzo mayor en la comunicaci\u00f3n<\/strong> para que la sociedad europea en su conjunto entienda c\u00f3mo los agricultores producimos los alimentos de forma sostenible, con trazabilidad y con los mayores est\u00e1ndares de calidad del mundo.<\/p>\n\n\n\n<p>En definitiva, durante los pr\u00f3ximos dos a\u00f1os del mandato 2023-2025, desde ASAJA <strong>defenderemos en las instancias comunitarias los intereses de los productores <\/strong>europeos de cereales, <strong>incluidos l\u00f3gicamente los espa\u00f1oles<\/strong>. Ya en nuestra etapa anterior al frente del Grupo de Trabajo Oleaginosas y Proteaginosas pusimos el acento en el marco financiero plurianual y en la defensa de un presupuesto s\u00f3lido para la PAC, sin que el Brexit y otras circunstancias pol\u00edticas perjudicaran a los fondos agrarios. Para ello, hemos defendido los intereses de los productores tanto en el Parlamento Europeo como en la Comisi\u00f3n Europea, reforzando el di\u00e1logo en los centros de decisi\u00f3n comunitaria.&nbsp;&nbsp;<\/p>\n\n\n\n<p>Uno de los principales objetivos que ASAJA se plantea desde la presidencia del COPA-COGECA es la defensa del modelo productivo cerealista de Europa, que vive un periodo de <strong>alt\u00edsimos costes<\/strong> de producci\u00f3n que, unidos a la invasi\u00f3n de Ucrania y a la inflaci\u00f3n, est\u00e1n <strong>comprometiendo <\/strong>seriamente <strong>la viabilidad <\/strong>de las explotaciones agrarias europeas.&nbsp;&nbsp;<\/p>\n\n\n\n<p><strong>ESPA\u00d1A, PA\u00cdS FRONTERIZO.  <\/strong>Tambi\u00e9n continuaremos apoyando la <strong>protecci\u00f3n de los cultivos <\/strong>con nuestras medicinas de las plantas, un aspecto que debe ir muy de la mano con la <strong>innovaci\u00f3n <\/strong>en las explotaciones agr\u00edcolas, donde las nuevas t\u00e9cnicas de edici\u00f3n gen\u00e9tica desempe\u00f1ar\u00e1n un papel fundamental en un pa\u00eds como Espa\u00f1a, que es frontera con un continente como \u00c1frica y que sufre el cambio clim\u00e1tico por su ubicaci\u00f3n geogr\u00e1fica. Para ello, debemos apoyarnos en la evidencia cient\u00edfica y alejarnos de posicionamientos pol\u00edticos y de cualquier otra \u00edndole.&nbsp;&nbsp;<\/p>\n\n\n\n<p>Adem\u00e1s, el presidente del Grupo de Trabajo de Cereales del COPA-COGECA continuar\u00e1 apoyando los debates de la PAC, \u00abdonde recordaremos a la Comisi\u00f3n Europea \u2014en palabras de Pedro Gallardo\u2014 que no se puede ser juez y parte, pues tanto la Comisi\u00f3n y como otras instituciones comunitarias deben reflexionar y entender que el <strong>contexto mundial <\/strong>ha cambiado y <strong>Europa debe seguir ejerciendo su papel de liderazgo<\/strong>\u00bb.&nbsp;&nbsp;<\/p>\n\n\n\n<p>\u00abPor \u00faltimo, pero no menos importante \u2014a\u00f1ade Gallardo\u2014, debemos reflexionar sobre la mejor manera de <strong>gestionar los riesgos <\/strong>relacionados con la <strong>volatilidad de los precio<\/strong>s, y sirve de ejemplo que este a\u00f1o, nuevamente, muchos de los agricultores no se han beneficiado del incremento de los precios de la pasada campa\u00f1a\u00bb. &nbsp;<\/p>\n\n\n\n<p>El Grupo de Trabajo del COPA-COGECA, en fin, seguir\u00e1 trasladando a las esferas comunitarias de decisi\u00f3n, pero tambi\u00e9n a toda la sociedad europea, que los agricultores europeos y sus cooperativas agrarias se esfuerzan por ofrecer a los ciudadanos los productos agr\u00edcolas que esperan y exigen, con una agricultura orientada al mercado que cumple con las m\u00e1s estrictas normas de seguridad alimentaria, sostenibilidad, salud vegetal y salud y bienestar animal. \/<\/p>\n","protected":false},"excerpt":{"rendered":"<p>El representante de ASAJA, Pedro Gallardo, ha resultado elegido presidente del Grupo de Trabajo de Cereales del COPA-COGECA, colectivo que representa la voz unida de los agricultores y de las cooperativas agrarias en la Uni\u00f3n Europea. Esta plataforma asegura que la UE posea un sector agrario sostenible, innovador y competitivo, garantizando adem\u00e1s la seguridad alimentaria [&hellip;]<\/p>\n","protected":false},"author":9,"featured_media":12587,"comment_status":"open","ping_status":"open","sticky":false,"template":"","format":"standard","meta":{"footnotes":""},"categories":[9,29,28],"tags":[46,47,45,44],"yoast_head":"<!-- This site is optimized with the Yoast SEO plugin v24.5 - https:\/\/yoast.com\/wordpress\/plugins\/seo\/ -->\n<title>ASAJA preside por primera vez el Grupo de Trabajo de Cereales del COPA-COGECA ante la Uni\u00f3n Europea - ASAJA Palencia<\/title>\n<meta name=\"description\" content=\"El representante de ASAJA, Pedro Gallardo, ha resultado elegido presidente del Grupo de Trabajo de Cereales del COPA-COGECA, colectivo que representa la\" \/>\n<meta name=\"robots\" content=\"index, follow, max-snippet:-1, max-image-preview:large, max-video-preview:-1\" \/>\n<link rel=\"canonical\" href=\"https:\/\/www.asajacyl.com\/palencia\/asaja-palencia-informa\/asaja-preside-por-primera-vez-el-grupo-de-trabajo-de-cereales-del-copa-cogeca-ante-la-union-europea\" \/>\n<meta property=\"og:locale\" content=\"es_ES\" \/>\n<meta property=\"og:type\" content=\"article\" \/>\n<meta property=\"og:title\" content=\"ASAJA preside por primera vez el Grupo de Trabajo de Cereales del COPA-COGECA ante la Uni\u00f3n Europea - ASAJA Palencia\" \/>\n<meta property=\"og:description\" content=\"El representante de ASAJA, Pedro Gallardo, ha resultado elegido presidente del Grupo de Trabajo de Cereales del COPA-COGECA, colectivo que representa la\" \/>\n<meta property=\"og:url\" content=\"https:\/\/www.asajacyl.com\/palencia\/asaja-palencia-informa\/asaja-preside-por-primera-vez-el-grupo-de-trabajo-de-cereales-del-copa-cogeca-ante-la-union-europea\" \/>\n<meta property=\"og:site_name\" content=\"ASAJA Palencia\" \/>\n<meta property=\"article:published_time\" content=\"2023-03-13T08:23:16+00:00\" \/>\n<meta property=\"article:modified_time\" content=\"2023-03-13T11:15:48+00:00\" \/>\n<meta property=\"og:image\" content=\"https:\/\/www.asajacyl.com\/palencia\/wp-content\/uploads\/sites\/3\/2023\/03\/pedro-gallardo.jpg\" \/>\n\t<meta property=\"og:image:width\" content=\"2500\" \/>\n\t<meta property=\"og:image:height\" content=\"1250\" \/>\n\t<meta property=\"og:image:type\" content=\"image\/jpeg\" \/>\n<meta name=\"author\" content=\"Administrador\" \/>\n<meta name=\"twitter:card\" content=\"summary_large_image\" \/>\n<meta name=\"twitter:label1\" content=\"Escrito por\" \/>\n\t<meta name=\"twitter:data1\" content=\"Administrador\" \/>\n\t<meta name=\"twitter:label2\" content=\"Tiempo de lectura\" \/>\n\t<meta name=\"twitter:data2\" content=\"4 minutos\" \/>\n<script type=\"application\/ld+json\" class=\"yoast-schema-graph\">{\"@context\":\"https:\/\/schema.org\",\"@graph\":[{\"@type\":\"WebPage\",\"@id\":\"https:\/\/www.asajacyl.com\/palencia\/asaja-palencia-informa\/asaja-preside-por-primera-vez-el-grupo-de-trabajo-de-cereales-del-copa-cogeca-ante-la-union-europea\",\"url\":\"https:\/\/www.asajacyl.com\/palencia\/asaja-palencia-informa\/asaja-preside-por-primera-vez-el-grupo-de-trabajo-de-cereales-del-copa-cogeca-ante-la-union-europea\",\"name\":\"ASAJA preside por primera vez el Grupo de Trabajo de Cereales del COPA-COGECA ante la Uni\u00f3n Europea - ASAJA Palencia\",\"isPartOf\":{\"@id\":\"https:\/\/www.asajacyl.com\/palencia\/#website\"},\"primaryImageOfPage\":{\"@id\":\"https:\/\/www.asajacyl.com\/palencia\/asaja-palencia-informa\/asaja-preside-por-primera-vez-el-grupo-de-trabajo-de-cereales-del-copa-cogeca-ante-la-union-europea#primaryimage\"},\"image\":{\"@id\":\"https:\/\/www.asajacyl.com\/palencia\/asaja-palencia-informa\/asaja-preside-por-primera-vez-el-grupo-de-trabajo-de-cereales-del-copa-cogeca-ante-la-union-europea#primaryimage\"},\"thumbnailUrl\":\"https:\/\/www.asajacyl.com\/palencia\/wp-content\/uploads\/sites\/3\/2023\/03\/pedro-gallardo.jpg\",\"datePublished\":\"2023-03-13T08:23:16+00:00\",\"dateModified\":\"2023-03-13T11:15:48+00:00\",\"author\":{\"@id\":\"https:\/\/www.asajacyl.com\/palencia\/#\/schema\/person\/3ab17aeb03527485c317557fae64aab1\"},\"description\":\"El representante de ASAJA, Pedro Gallardo, ha resultado elegido presidente del Grupo de Trabajo de Cereales del COPA-COGECA, colectivo que representa la\",\"breadcrumb\":{\"@id\":\"https:\/\/www.asajacyl.com\/palencia\/asaja-palencia-informa\/asaja-preside-por-primera-vez-el-grupo-de-trabajo-de-cereales-del-copa-cogeca-ante-la-union-europea#breadcrumb\"},\"inLanguage\":\"es\",\"potentialAction\":[{\"@type\":\"ReadAction\",\"target\":[\"https:\/\/www.asajacyl.com\/palencia\/asaja-palencia-informa\/asaja-preside-por-primera-vez-el-grupo-de-trabajo-de-cereales-del-copa-cogeca-ante-la-union-europea\"]}]},{\"@type\":\"ImageObject\",\"inLanguage\":\"es\",\"@id\":\"https:\/\/www.asajacyl.com\/palencia\/asaja-palencia-informa\/asaja-preside-por-primera-vez-el-grupo-de-trabajo-de-cereales-del-copa-cogeca-ante-la-union-europea#primaryimage\",\"url\":\"https:\/\/www.asajacyl.com\/palencia\/wp-content\/uploads\/sites\/3\/2023\/03\/pedro-gallardo.jpg\",\"contentUrl\":\"https:\/\/www.asajacyl.com\/palencia\/wp-content\/uploads\/sites\/3\/2023\/03\/pedro-gallardo.jpg\",\"width\":2500,\"height\":1250},{\"@type\":\"BreadcrumbList\",\"@id\":\"https:\/\/www.asajacyl.com\/palencia\/asaja-palencia-informa\/asaja-preside-por-primera-vez-el-grupo-de-trabajo-de-cereales-del-copa-cogeca-ante-la-union-europea#breadcrumb\",\"itemListElement\":[{\"@type\":\"ListItem\",\"position\":1,\"name\":\"Portada\",\"item\":\"https:\/\/www.asajacyl.com\/palencia\/\"},{\"@type\":\"ListItem\",\"position\":2,\"name\":\"ASAJA preside por primera vez el Grupo de Trabajo de Cereales del COPA-COGECA ante la Uni\u00f3n Europea\"}]},{\"@type\":\"WebSite\",\"@id\":\"https:\/\/www.asajacyl.com\/palencia\/#website\",\"url\":\"https:\/\/www.asajacyl.com\/palencia\/\",\"name\":\"ASAJA Palencia\",\"description\":\"Otro sitio m\u00e1s de Provincias ASAJA Castilla y Le\u00f3n\",\"potentialAction\":[{\"@type\":\"SearchAction\",\"target\":{\"@type\":\"EntryPoint\",\"urlTemplate\":\"https:\/\/www.asajacyl.com\/palencia\/?s={search_term_string}\"},\"query-input\":{\"@type\":\"PropertyValueSpecification\",\"valueRequired\":true,\"valueName\":\"search_term_string\"}}],\"inLanguage\":\"es\"},{\"@type\":\"Person\",\"@id\":\"https:\/\/www.asajacyl.com\/palencia\/#\/schema\/person\/3ab17aeb03527485c317557fae64aab1\",\"name\":\"Administrador\",\"image\":{\"@type\":\"ImageObject\",\"inLanguage\":\"es\",\"@id\":\"https:\/\/www.asajacyl.com\/palencia\/#\/schema\/person\/image\/\",\"url\":\"https:\/\/secure.gravatar.com\/avatar\/517384810d242ca9e38c180f3c9fb973?s=96&d=mm&r=g\",\"contentUrl\":\"https:\/\/secure.gravatar.com\/avatar\/517384810d242ca9e38c180f3c9fb973?s=96&d=mm&r=g\",\"caption\":\"Administrador\"},\"url\":\"https:\/\/www.asajacyl.com\/palencia\/author\/carlosrm\"}]}<\/script>\n<!-- \/ Yoast SEO plugin. -->","yoast_head_json":{"title":"ASAJA preside por primera vez el Grupo de Trabajo de Cereales del COPA-COGECA ante la Uni\u00f3n Europea - ASAJA Palencia","description":"El representante de ASAJA, Pedro Gallardo, ha resultado elegido presidente del Grupo de Trabajo de Cereales del COPA-COGECA, colectivo que representa la","robots":{"index":"index","follow":"follow","max-snippet":"max-snippet:-1","max-image-preview":"max-image-preview:large","max-video-preview":"max-video-preview:-1"},"canonical":"https:\/\/www.asajacyl.com\/palencia\/asaja-palencia-informa\/asaja-preside-por-primera-vez-el-grupo-de-trabajo-de-cereales-del-copa-cogeca-ante-la-union-europea","og_locale":"es_ES","og_type":"article","og_title":"ASAJA preside por primera vez el Grupo de Trabajo de Cereales del COPA-COGECA ante la Uni\u00f3n Europea - ASAJA Palencia","og_description":"El representante de ASAJA, Pedro Gallardo, ha resultado elegido presidente del Grupo de Trabajo de Cereales del COPA-COGECA, colectivo que representa la","og_url":"https:\/\/www.asajacyl.com\/palencia\/asaja-palencia-informa\/asaja-preside-por-primera-vez-el-grupo-de-trabajo-de-cereales-del-copa-cogeca-ante-la-union-europea","og_site_name":"ASAJA Palencia","article_published_time":"2023-03-13T08:23:16+00:00","article_modified_time":"2023-03-13T11:15:48+00:00","og_image":[{"width":2500,"height":1250,"url":"https:\/\/www.asajacyl.com\/palencia\/wp-content\/uploads\/sites\/3\/2023\/03\/pedro-gallardo.jpg","type":"image\/jpeg"}],"author":"Administrador","twitter_card":"summary_large_image","twitter_misc":{"Escrito por":"Administrador","Tiempo de lectura":"4 minutos"},"schema":{"@context":"https:\/\/schema.org","@graph":[{"@type":"WebPage","@id":"https:\/\/www.asajacyl.com\/palencia\/asaja-palencia-informa\/asaja-preside-por-primera-vez-el-grupo-de-trabajo-de-cereales-del-copa-cogeca-ante-la-union-europea","url":"https:\/\/www.asajacyl.com\/palencia\/asaja-palencia-informa\/asaja-preside-por-primera-vez-el-grupo-de-trabajo-de-cereales-del-copa-cogeca-ante-la-union-europea","name":"ASAJA preside por primera vez el Grupo de Trabajo de Cereales del COPA-COGECA ante la Uni\u00f3n Europea - ASAJA Palencia","isPartOf":{"@id":"https:\/\/www.asajacyl.com\/palencia\/#website"},"primaryImageOfPage":{"@id":"https:\/\/www.asajacyl.com\/palencia\/asaja-palencia-informa\/asaja-preside-por-primera-vez-el-grupo-de-trabajo-de-cereales-del-copa-cogeca-ante-la-union-europea#primaryimage"},"image":{"@id":"https:\/\/www.asajacyl.com\/palencia\/asaja-palencia-informa\/asaja-preside-por-primera-vez-el-grupo-de-trabajo-de-cereales-del-copa-cogeca-ante-la-union-europea#primaryimage"},"thumbnailUrl":"https:\/\/www.asajacyl.com\/palencia\/wp-content\/uploads\/sites\/3\/2023\/03\/pedro-gallardo.jpg","datePublished":"2023-03-13T08:23:16+00:00","dateModified":"2023-03-13T11:15:48+00:00","author":{"@id":"https:\/\/www.asajacyl.com\/palencia\/#\/schema\/person\/3ab17aeb03527485c317557fae64aab1"},"description":"El representante de ASAJA, Pedro Gallardo, ha resultado elegido presidente del Grupo de Trabajo de Cereales del COPA-COGECA, colectivo que representa la","breadcrumb":{"@id":"https:\/\/www.asajacyl.com\/palencia\/asaja-palencia-informa\/asaja-preside-por-primera-vez-el-grupo-de-trabajo-de-cereales-del-copa-cogeca-ante-la-union-europea#breadcrumb"},"inLanguage":"es","potentialAction":[{"@type":"ReadAction","target":["https:\/\/www.asajacyl.com\/palencia\/asaja-palencia-informa\/asaja-preside-por-primera-vez-el-grupo-de-trabajo-de-cereales-del-copa-cogeca-ante-la-union-europea"]}]},{"@type":"ImageObject","inLanguage":"es","@id":"https:\/\/www.asajacyl.com\/palencia\/asaja-palencia-informa\/asaja-preside-por-primera-vez-el-grupo-de-trabajo-de-cereales-del-copa-cogeca-ante-la-union-europea#primaryimage","url":"https:\/\/www.asajacyl.com\/palencia\/wp-content\/uploads\/sites\/3\/2023\/03\/pedro-gallardo.jpg","contentUrl":"https:\/\/www.asajacyl.com\/palencia\/wp-content\/uploads\/sites\/3\/2023\/03\/pedro-gallardo.jpg","width":2500,"height":1250},{"@type":"BreadcrumbList","@id":"https:\/\/www.asajacyl.com\/palencia\/asaja-palencia-informa\/asaja-preside-por-primera-vez-el-grupo-de-trabajo-de-cereales-del-copa-cogeca-ante-la-union-europea#breadcrumb","itemListElement":[{"@type":"ListItem","position":1,"name":"Portada","item":"https:\/\/www.asajacyl.com\/palencia\/"},{"@type":"ListItem","position":2,"name":"ASAJA preside por primera vez el Grupo de Trabajo de Cereales del COPA-COGECA ante la Uni\u00f3n Europea"}]},{"@type":"WebSite","@id":"https:\/\/www.asajacyl.com\/palencia\/#website","url":"https:\/\/www.asajacyl.com\/palencia\/","name":"ASAJA Palencia","description":"Otro sitio m\u00e1s de Provincias ASAJA Castilla y Le\u00f3n","potentialAction":[{"@type":"SearchAction","target":{"@type":"EntryPoint","urlTemplate":"https:\/\/www.asajacyl.com\/palencia\/?s={search_term_string}"},"query-input":{"@type":"PropertyValueSpecification","valueRequired":true,"valueName":"search_term_string"}}],"inLanguage":"es"},{"@type":"Person","@id":"https:\/\/www.asajacyl.com\/palencia\/#\/schema\/person\/3ab17aeb03527485c317557fae64aab1","name":"Administrador","image":{"@type":"ImageObject","inLanguage":"es","@id":"https:\/\/www.asajacyl.com\/palencia\/#\/schema\/person\/image\/","url":"https:\/\/secure.gravatar.com\/avatar\/517384810d242ca9e38c180f3c9fb973?s=96&d=mm&r=g","contentUrl":"https:\/\/secure.gravatar.com\/avatar\/517384810d242ca9e38c180f3c9fb973?s=96&d=mm&r=g","caption":"Administrador"},"url":"https:\/\/www.asajacyl.com\/palencia\/author\/carlosrm"}]}},"_links":{"self":[{"href":"https:\/\/www.asajacyl.com\/palencia\/wp-json\/wp\/v2\/posts\/12586"}],"collection":[{"href":"https:\/\/www.asajacyl.com\/palencia\/wp-json\/wp\/v2\/posts"}],"about":[{"href":"https:\/\/www.asajacyl.com\/palencia\/wp-json\/wp\/v2\/types\/post"}],"author":[{"embeddable":true,"href":"https:\/\/www.asajacyl.com\/palencia\/wp-json\/wp\/v2\/users\/9"}],"replies":[{"embeddable":true,"href":"https:\/\/www.asajacyl.com\/palencia\/wp-json\/wp\/v2\/comments?post=12586"}],"version-history":[{"count":3,"href":"https:\/\/www.asajacyl.com\/palencia\/wp-json\/wp\/v2\/posts\/12586\/revisions"}],"predecessor-version":[{"id":12613,"href":"https:\/\/www.asajacyl.com\/palencia\/wp-json\/wp\/v2\/posts\/12586\/revisions\/12613"}],"wp:featuredmedia":[{"embeddable":true,"href":"https:\/\/www.asajacyl.com\/palencia\/wp-json\/wp\/v2\/media\/12587"}],"wp:attachment":[{"href":"https:\/\/www.asajacyl.com\/palencia\/wp-json\/wp\/v2\/media?parent=12586"}],"wp:term":[{"taxonomy":"category","embeddable":true,"href":"https:\/\/www.asajacyl.com\/palencia\/wp-json\/wp\/v2\/categories?post=12586"},{"taxonomy":"post_tag","embeddable":true,"href":"https:\/\/www.asajacyl.com\/palencia\/wp-json\/wp\/v2\/tags?post=12586"}],"curies":[{"name":"wp","href":"https:\/\/api.w.org\/{rel}","templated":true}]}}