{"id":12631,"date":"2023-03-18T08:25:35","date_gmt":"2023-03-18T07:25:35","guid":{"rendered":"https:\/\/www.asajacyl.com\/palencia\/?p=12631"},"modified":"2023-03-16T11:14:09","modified_gmt":"2023-03-16T10:14:09","slug":"resolucion-para-la-quema-de-residuos-vegetales-generados-en-el-entorno-agrario","status":"publish","type":"post","link":"https:\/\/www.asajacyl.com\/palencia\/asaja-palencia-informa\/resolucion-para-la-quema-de-residuos-vegetales-generados-en-el-entorno-agrario","title":{"rendered":"Resoluci\u00f3n para la quema de residuos vegetales generados en el entorno agrario"},"content":{"rendered":"\n<p>Se ha publicado la resoluci\u00f3n de la Consejer\u00eda de Agricultura, Ganader\u00eda y Desarrollo Rural por la que se establecen las condiciones y requisitos para la quema de restos vegetales generados en el entorno agrario.<\/p>\n\n\n\n<p>En la resoluci\u00f3n se determina que las peque\u00f1as empresas, con menos de 50 trabajadores y un volumen de negocio anual menor a los 10 millones de euros, y las microempresas, con menos de 10 trabajadores y volumen de negocio anual que no supere los 2 millones de euros, podr\u00e1n realizar quemas de restos vegetales siempre que se encuentren a m\u00e1s de 400 metros de un monte de la Comunidad de Castilla y Le\u00f3n y comuniquen su realizaci\u00f3n a la consejer\u00eda mediante el modelo de comunicaci\u00f3n disponible en la sede electr\u00f3nica.<\/p>\n\n\n\n<p>Asimismo, para las empresas que no ostenten las condiciones anteriores, s\u00f3lo podr\u00e1 realizarse la quema con una solicitud previa de autorizaci\u00f3n y un informe t\u00e9cnico acreditativo que determine la realizaci\u00f3n de esta pr\u00e1ctica como medida fitosanitaria, siempre y cuando no existan otros medios que eviten la propagaci\u00f3n de plagas. Para ello se utilizar\u00e1 el modelo de solicitud de autorizaci\u00f3n disponible en la sede electr\u00f3nica.<\/p>\n","protected":false},"excerpt":{"rendered":"<p>Se ha publicado la resoluci\u00f3n de la Consejer\u00eda de Agricultura, Ganader\u00eda y Desarrollo Rural por la que se establecen las condiciones y requisitos para la quema de restos vegetales generados en el entorno agrario. En la resoluci\u00f3n se determina que las peque\u00f1as empresas, con menos de 50 trabajadores y un volumen de negocio anual menor [&hellip;]<\/p>\n","protected":false},"author":9,"featured_media":12633,"comment_status":"open","ping_status":"open","sticky":false,"template":"","format":"standard","meta":{"footnotes":""},"categories":[9,29,28],"tags":[],"yoast_head":"<!-- This site is optimized with the Yoast SEO plugin v24.5 - https:\/\/yoast.com\/wordpress\/plugins\/seo\/ -->\n<title>Resoluci\u00f3n para la quema de residuos vegetales generados en el entorno agrario - ASAJA Palencia<\/title>\n<meta name=\"description\" content=\"Se ha publicado la resoluci\u00f3n de la Consejer\u00eda de Agricultura, Ganader\u00eda y Desarrollo Rural por la que se establecen las condiciones y requisitos para la\" \/>\n<meta name=\"robots\" content=\"index, follow, max-snippet:-1, max-image-preview:large, max-video-preview:-1\" \/>\n<link rel=\"canonical\" href=\"https:\/\/www.asajacyl.com\/palencia\/asaja-palencia-informa\/resolucion-para-la-quema-de-residuos-vegetales-generados-en-el-entorno-agrario\" \/>\n<meta property=\"og:locale\" content=\"es_ES\" \/>\n<meta property=\"og:type\" content=\"article\" \/>\n<meta property=\"og:title\" content=\"Resoluci\u00f3n para la quema de residuos vegetales generados en el entorno agrario - ASAJA Palencia\" \/>\n<meta property=\"og:description\" content=\"Se ha publicado la resoluci\u00f3n de la Consejer\u00eda de Agricultura, Ganader\u00eda y Desarrollo Rural por la que se establecen las condiciones y requisitos para la\" \/>\n<meta property=\"og:url\" content=\"https:\/\/www.asajacyl.com\/palencia\/asaja-palencia-informa\/resolucion-para-la-quema-de-residuos-vegetales-generados-en-el-entorno-agrario\" \/>\n<meta property=\"og:site_name\" content=\"ASAJA Palencia\" \/>\n<meta property=\"article:published_time\" content=\"2023-03-18T07:25:35+00:00\" \/>\n<meta property=\"og:image\" content=\"https:\/\/www.asajacyl.com\/palencia\/wp-content\/uploads\/sites\/3\/2023\/03\/PAISAJE-NOCTURNO.jpg\" \/>\n\t<meta property=\"og:image:width\" content=\"1500\" \/>\n\t<meta property=\"og:image:height\" content=\"2000\" \/>\n\t<meta property=\"og:image:type\" content=\"image\/jpeg\" \/>\n<meta name=\"author\" content=\"Administrador\" \/>\n<meta name=\"twitter:card\" content=\"summary_large_image\" \/>\n<meta name=\"twitter:label1\" content=\"Escrito por\" \/>\n\t<meta name=\"twitter:data1\" content=\"Administrador\" \/>\n\t<meta name=\"twitter:label2\" content=\"Tiempo de lectura\" \/>\n\t<meta name=\"twitter:data2\" content=\"1 minuto\" \/>\n<script type=\"application\/ld+json\" class=\"yoast-schema-graph\">{\"@context\":\"https:\/\/schema.org\",\"@graph\":[{\"@type\":\"WebPage\",\"@id\":\"https:\/\/www.asajacyl.com\/palencia\/asaja-palencia-informa\/resolucion-para-la-quema-de-residuos-vegetales-generados-en-el-entorno-agrario\",\"url\":\"https:\/\/www.asajacyl.com\/palencia\/asaja-palencia-informa\/resolucion-para-la-quema-de-residuos-vegetales-generados-en-el-entorno-agrario\",\"name\":\"Resoluci\u00f3n para la quema de residuos vegetales generados en el entorno agrario - ASAJA Palencia\",\"isPartOf\":{\"@id\":\"https:\/\/www.asajacyl.com\/palencia\/#website\"},\"primaryImageOfPage\":{\"@id\":\"https:\/\/www.asajacyl.com\/palencia\/asaja-palencia-informa\/resolucion-para-la-quema-de-residuos-vegetales-generados-en-el-entorno-agrario#primaryimage\"},\"image\":{\"@id\":\"https:\/\/www.asajacyl.com\/palencia\/asaja-palencia-informa\/resolucion-para-la-quema-de-residuos-vegetales-generados-en-el-entorno-agrario#primaryimage\"},\"thumbnailUrl\":\"https:\/\/www.asajacyl.com\/palencia\/wp-content\/uploads\/sites\/3\/2023\/03\/PAISAJE-NOCTURNO.jpg\",\"datePublished\":\"2023-03-18T07:25:35+00:00\",\"author\":{\"@id\":\"https:\/\/www.asajacyl.com\/palencia\/#\/schema\/person\/3ab17aeb03527485c317557fae64aab1\"},\"description\":\"Se ha publicado la resoluci\u00f3n de la Consejer\u00eda de Agricultura, Ganader\u00eda y Desarrollo Rural por la que se establecen las condiciones y requisitos para la\",\"breadcrumb\":{\"@id\":\"https:\/\/www.asajacyl.com\/palencia\/asaja-palencia-informa\/resolucion-para-la-quema-de-residuos-vegetales-generados-en-el-entorno-agrario#breadcrumb\"},\"inLanguage\":\"es\",\"potentialAction\":[{\"@type\":\"ReadAction\",\"target\":[\"https:\/\/www.asajacyl.com\/palencia\/asaja-palencia-informa\/resolucion-para-la-quema-de-residuos-vegetales-generados-en-el-entorno-agrario\"]}]},{\"@type\":\"ImageObject\",\"inLanguage\":\"es\",\"@id\":\"https:\/\/www.asajacyl.com\/palencia\/asaja-palencia-informa\/resolucion-para-la-quema-de-residuos-vegetales-generados-en-el-entorno-agrario#primaryimage\",\"url\":\"https:\/\/www.asajacyl.com\/palencia\/wp-content\/uploads\/sites\/3\/2023\/03\/PAISAJE-NOCTURNO.jpg\",\"contentUrl\":\"https:\/\/www.asajacyl.com\/palencia\/wp-content\/uploads\/sites\/3\/2023\/03\/PAISAJE-NOCTURNO.jpg\",\"width\":1500,\"height\":2000},{\"@type\":\"BreadcrumbList\",\"@id\":\"https:\/\/www.asajacyl.com\/palencia\/asaja-palencia-informa\/resolucion-para-la-quema-de-residuos-vegetales-generados-en-el-entorno-agrario#breadcrumb\",\"itemListElement\":[{\"@type\":\"ListItem\",\"position\":1,\"name\":\"Portada\",\"item\":\"https:\/\/www.asajacyl.com\/palencia\/\"},{\"@type\":\"ListItem\",\"position\":2,\"name\":\"Resoluci\u00f3n para la quema de residuos vegetales generados en el entorno agrario\"}]},{\"@type\":\"WebSite\",\"@id\":\"https:\/\/www.asajacyl.com\/palencia\/#website\",\"url\":\"https:\/\/www.asajacyl.com\/palencia\/\",\"name\":\"ASAJA Palencia\",\"description\":\"Otro sitio m\u00e1s de Provincias ASAJA Castilla y Le\u00f3n\",\"potentialAction\":[{\"@type\":\"SearchAction\",\"target\":{\"@type\":\"EntryPoint\",\"urlTemplate\":\"https:\/\/www.asajacyl.com\/palencia\/?s={search_term_string}\"},\"query-input\":{\"@type\":\"PropertyValueSpecification\",\"valueRequired\":true,\"valueName\":\"search_term_string\"}}],\"inLanguage\":\"es\"},{\"@type\":\"Person\",\"@id\":\"https:\/\/www.asajacyl.com\/palencia\/#\/schema\/person\/3ab17aeb03527485c317557fae64aab1\",\"name\":\"Administrador\",\"image\":{\"@type\":\"ImageObject\",\"inLanguage\":\"es\",\"@id\":\"https:\/\/www.asajacyl.com\/palencia\/#\/schema\/person\/image\/\",\"url\":\"https:\/\/secure.gravatar.com\/avatar\/517384810d242ca9e38c180f3c9fb973?s=96&d=mm&r=g\",\"contentUrl\":\"https:\/\/secure.gravatar.com\/avatar\/517384810d242ca9e38c180f3c9fb973?s=96&d=mm&r=g\",\"caption\":\"Administrador\"},\"url\":\"https:\/\/www.asajacyl.com\/palencia\/author\/carlosrm\"}]}<\/script>\n<!-- \/ Yoast SEO plugin. -->","yoast_head_json":{"title":"Resoluci\u00f3n para la quema de residuos vegetales generados en el entorno agrario - ASAJA Palencia","description":"Se ha publicado la resoluci\u00f3n de la Consejer\u00eda de Agricultura, Ganader\u00eda y Desarrollo Rural por la que se establecen las condiciones y requisitos para la","robots":{"index":"index","follow":"follow","max-snippet":"max-snippet:-1","max-image-preview":"max-image-preview:large","max-video-preview":"max-video-preview:-1"},"canonical":"https:\/\/www.asajacyl.com\/palencia\/asaja-palencia-informa\/resolucion-para-la-quema-de-residuos-vegetales-generados-en-el-entorno-agrario","og_locale":"es_ES","og_type":"article","og_title":"Resoluci\u00f3n para la quema de residuos vegetales generados en el entorno agrario - ASAJA Palencia","og_description":"Se ha publicado la resoluci\u00f3n de la Consejer\u00eda de Agricultura, Ganader\u00eda y Desarrollo Rural por la que se establecen las condiciones y requisitos para la","og_url":"https:\/\/www.asajacyl.com\/palencia\/asaja-palencia-informa\/resolucion-para-la-quema-de-residuos-vegetales-generados-en-el-entorno-agrario","og_site_name":"ASAJA Palencia","article_published_time":"2023-03-18T07:25:35+00:00","og_image":[{"width":1500,"height":2000,"url":"https:\/\/www.asajacyl.com\/palencia\/wp-content\/uploads\/sites\/3\/2023\/03\/PAISAJE-NOCTURNO.jpg","type":"image\/jpeg"}],"author":"Administrador","twitter_card":"summary_large_image","twitter_misc":{"Escrito por":"Administrador","Tiempo de lectura":"1 minuto"},"schema":{"@context":"https:\/\/schema.org","@graph":[{"@type":"WebPage","@id":"https:\/\/www.asajacyl.com\/palencia\/asaja-palencia-informa\/resolucion-para-la-quema-de-residuos-vegetales-generados-en-el-entorno-agrario","url":"https:\/\/www.asajacyl.com\/palencia\/asaja-palencia-informa\/resolucion-para-la-quema-de-residuos-vegetales-generados-en-el-entorno-agrario","name":"Resoluci\u00f3n para la quema de residuos vegetales generados en el entorno agrario - ASAJA Palencia","isPartOf":{"@id":"https:\/\/www.asajacyl.com\/palencia\/#website"},"primaryImageOfPage":{"@id":"https:\/\/www.asajacyl.com\/palencia\/asaja-palencia-informa\/resolucion-para-la-quema-de-residuos-vegetales-generados-en-el-entorno-agrario#primaryimage"},"image":{"@id":"https:\/\/www.asajacyl.com\/palencia\/asaja-palencia-informa\/resolucion-para-la-quema-de-residuos-vegetales-generados-en-el-entorno-agrario#primaryimage"},"thumbnailUrl":"https:\/\/www.asajacyl.com\/palencia\/wp-content\/uploads\/sites\/3\/2023\/03\/PAISAJE-NOCTURNO.jpg","datePublished":"2023-03-18T07:25:35+00:00","author":{"@id":"https:\/\/www.asajacyl.com\/palencia\/#\/schema\/person\/3ab17aeb03527485c317557fae64aab1"},"description":"Se ha publicado la resoluci\u00f3n de la Consejer\u00eda de Agricultura, Ganader\u00eda y Desarrollo Rural por la que se establecen las condiciones y requisitos para la","breadcrumb":{"@id":"https:\/\/www.asajacyl.com\/palencia\/asaja-palencia-informa\/resolucion-para-la-quema-de-residuos-vegetales-generados-en-el-entorno-agrario#breadcrumb"},"inLanguage":"es","potentialAction":[{"@type":"ReadAction","target":["https:\/\/www.asajacyl.com\/palencia\/asaja-palencia-informa\/resolucion-para-la-quema-de-residuos-vegetales-generados-en-el-entorno-agrario"]}]},{"@type":"ImageObject","inLanguage":"es","@id":"https:\/\/www.asajacyl.com\/palencia\/asaja-palencia-informa\/resolucion-para-la-quema-de-residuos-vegetales-generados-en-el-entorno-agrario#primaryimage","url":"https:\/\/www.asajacyl.com\/palencia\/wp-content\/uploads\/sites\/3\/2023\/03\/PAISAJE-NOCTURNO.jpg","contentUrl":"https:\/\/www.asajacyl.com\/palencia\/wp-content\/uploads\/sites\/3\/2023\/03\/PAISAJE-NOCTURNO.jpg","width":1500,"height":2000},{"@type":"BreadcrumbList","@id":"https:\/\/www.asajacyl.com\/palencia\/asaja-palencia-informa\/resolucion-para-la-quema-de-residuos-vegetales-generados-en-el-entorno-agrario#breadcrumb","itemListElement":[{"@type":"ListItem","position":1,"name":"Portada","item":"https:\/\/www.asajacyl.com\/palencia\/"},{"@type":"ListItem","position":2,"name":"Resoluci\u00f3n para la quema de residuos vegetales generados en el entorno agrario"}]},{"@type":"WebSite","@id":"https:\/\/www.asajacyl.com\/palencia\/#website","url":"https:\/\/www.asajacyl.com\/palencia\/","name":"ASAJA Palencia","description":"Otro sitio m\u00e1s de Provincias ASAJA Castilla y Le\u00f3n","potentialAction":[{"@type":"SearchAction","target":{"@type":"EntryPoint","urlTemplate":"https:\/\/www.asajacyl.com\/palencia\/?s={search_term_string}"},"query-input":{"@type":"PropertyValueSpecification","valueRequired":true,"valueName":"search_term_string"}}],"inLanguage":"es"},{"@type":"Person","@id":"https:\/\/www.asajacyl.com\/palencia\/#\/schema\/person\/3ab17aeb03527485c317557fae64aab1","name":"Administrador","image":{"@type":"ImageObject","inLanguage":"es","@id":"https:\/\/www.asajacyl.com\/palencia\/#\/schema\/person\/image\/","url":"https:\/\/secure.gravatar.com\/avatar\/517384810d242ca9e38c180f3c9fb973?s=96&d=mm&r=g","contentUrl":"https:\/\/secure.gravatar.com\/avatar\/517384810d242ca9e38c180f3c9fb973?s=96&d=mm&r=g","caption":"Administrador"},"url":"https:\/\/www.asajacyl.com\/palencia\/author\/carlosrm"}]}},"_links":{"self":[{"href":"https:\/\/www.asajacyl.com\/palencia\/wp-json\/wp\/v2\/posts\/12631"}],"collection":[{"href":"https:\/\/www.asajacyl.com\/palencia\/wp-json\/wp\/v2\/posts"}],"about":[{"href":"https:\/\/www.asajacyl.com\/palencia\/wp-json\/wp\/v2\/types\/post"}],"author":[{"embeddable":true,"href":"https:\/\/www.asajacyl.com\/palencia\/wp-json\/wp\/v2\/users\/9"}],"replies":[{"embeddable":true,"href":"https:\/\/www.asajacyl.com\/palencia\/wp-json\/wp\/v2\/comments?post=12631"}],"version-history":[{"count":1,"href":"https:\/\/www.asajacyl.com\/palencia\/wp-json\/wp\/v2\/posts\/12631\/revisions"}],"predecessor-version":[{"id":12632,"href":"https:\/\/www.asajacyl.com\/palencia\/wp-json\/wp\/v2\/posts\/12631\/revisions\/12632"}],"wp:featuredmedia":[{"embeddable":true,"href":"https:\/\/www.asajacyl.com\/palencia\/wp-json\/wp\/v2\/media\/12633"}],"wp:attachment":[{"href":"https:\/\/www.asajacyl.com\/palencia\/wp-json\/wp\/v2\/media?parent=12631"}],"wp:term":[{"taxonomy":"category","embeddable":true,"href":"https:\/\/www.asajacyl.com\/palencia\/wp-json\/wp\/v2\/categories?post=12631"},{"taxonomy":"post_tag","embeddable":true,"href":"https:\/\/www.asajacyl.com\/palencia\/wp-json\/wp\/v2\/tags?post=12631"}],"curies":[{"name":"wp","href":"https:\/\/api.w.org\/{rel}","templated":true}]}}