{"id":12634,"date":"2023-03-17T09:18:17","date_gmt":"2023-03-17T08:18:17","guid":{"rendered":"https:\/\/www.asajacyl.com\/palencia\/?p=12634"},"modified":"2023-03-17T09:18:20","modified_gmt":"2023-03-17T08:18:20","slug":"asaja-solicita-continuidad-en-la-bonificacion-de-la-tasa-por-prestacion-de-servicios-veterinarios-y-que-la-rebaja-en-la-cuota-de-arrendamiento-de-fincas-rusticas-llegue-a-todos-los-profesionales","status":"publish","type":"post","link":"https:\/\/www.asajacyl.com\/palencia\/asaja-palencia-informa\/asaja-solicita-continuidad-en-la-bonificacion-de-la-tasa-por-prestacion-de-servicios-veterinarios-y-que-la-rebaja-en-la-cuota-de-arrendamiento-de-fincas-rusticas-llegue-a-todos-los-profesionales","title":{"rendered":"ASAJA solicita continuidad en la bonificaci\u00f3n de la tasa por prestaci\u00f3n de servicios veterinarios y que la rebaja en la cuota de arrendamiento de fincas r\u00fasticas llegue a todos los profesionales"},"content":{"rendered":"\n<p>ASAJA se ha dirigido a los consejeros de Agricultura, Ganader\u00eda y Desarrollo Rural, Gerardo Due\u00f1as, y al consejero de Econom\u00eda y Hacienda, Carlos Fern\u00e1ndez Carriedo, para solicitar que la Junta admita dos modificaciones en la Ley 2\/2022, de 1 de diciembre, de rebajas tributarias en Castilla y Le\u00f3n, que permitan la ampliaci\u00f3n de la bonificaci\u00f3n de la tasa por la prestaci\u00f3n de servicios veterinarios, as\u00ed como que todos los profesionales puedan beneficiarse de la rebaja en la cuota de arrendamiento de fincas r\u00fasticas.<\/p>\n\n\n\n<p><strong>Tasa por prestaci\u00f3n de servicios veterinarios<\/strong><\/p>\n\n\n\n<p>Respecto a la tasa por servicios veterinarios, se trata de una bonificaci\u00f3n aplicable al 100% al pago de la tasa por la prestaci\u00f3n de servicios veterinarios, que se aprob\u00f3 como medida de apoyo al sector afectado por las subidas de precio de los insumos y la elevada inflaci\u00f3n, con una vigencia inicial de solo tres meses, en concreto desde el 13 de diciembre hasta el 13 de enero, por lo que a fecha de hoy ya se est\u00e1n abonando.<\/p>\n\n\n\n<p>Desde ASAJA hemos solicitado que se mantenga dicha bonificaci\u00f3n puesto que estos profesionales siguen afectados por esa subida de precios, a los que hay que sumar otros gastos que no se contemplaban en la justificaci\u00f3n de esa bonificaci\u00f3n en la ley, tales como la lengua azul o el saneamiento de terneros, que exigen utilizar m\u00e1s frecuentemente los servicios veterinarios.<\/p>\n\n\n\n<p>Teniendo en cuenta que el sector agrario es el \u00fanico pilar clave para el desarrollo econ\u00f3mico del medio rural y, al igual que ocurre con otras tasas como las licencias de caza y pesca bonificadas durante todo el a\u00f1o 2023, desde nuestra organizaci\u00f3n consideramos que se deben eliminar aquellas que entorpecen la producci\u00f3n alimentaria como, en este caso, las veterinarias en las peticiones de parte.<\/p>\n\n\n\n<p><strong>Bonificaci\u00f3n de la cuota del impuesto por arrendamiento de fincas r\u00fasticas<\/strong><\/p>\n\n\n\n<p>Por otro lado, ASAJA pide al consejero que interceda con una segunda petici\u00f3n, cursada por nuestra organizaci\u00f3n el pasado 22 de febrero. Desde ASAJA enviamos una carta al consejero de Econom\u00eda y Hacienda, Carlos Fern\u00e1ndez Carriedo, solicitando la modificaci\u00f3n de la Ley de rebajas tributarias, en concreto del art\u00edculo que establece la bonificaci\u00f3n del 100% de la cuota del impuesto de transmisiones patrimoniales onerosas a los arrendamientos de fincas r\u00fasticas. Para la organizaci\u00f3n agraria, deben poder acogerse a esta medida todos los agricultores profesionales que est\u00e9n dados de alta en la Seguridad Social como cotizantes en la actividad agraria y ganadera. Algo que, tal como se ha redactado este art\u00edculo, no es posible, puesto que se supedita a que el agricultor sea titular de una explotaci\u00f3n agraria prioritaria. Este requisito es imposible de conseguir de manera \u00e1gil y sin un coste que muchas veces es incluso mayor que la propia bonificaci\u00f3n. Adem\u00e1s, la mayor\u00eda de las explotaciones tienen m\u00faltiples contratos de arrendamiento, por lo que para lograr esa certificaci\u00f3n el agricultor tendr\u00eda que multiplicar este procedimiento por cada uno de los contratos, una burocracia inabarcable y cara.<\/p>\n","protected":false},"excerpt":{"rendered":"<p>ASAJA se ha dirigido a los consejeros de Agricultura, Ganader\u00eda y Desarrollo Rural, Gerardo Due\u00f1as, y al consejero de Econom\u00eda y Hacienda, Carlos Fern\u00e1ndez Carriedo, para solicitar que la Junta admita dos modificaciones en la Ley 2\/2022, de 1 de diciembre, de rebajas tributarias en Castilla y Le\u00f3n, que permitan la ampliaci\u00f3n de la bonificaci\u00f3n [&hellip;]<\/p>\n","protected":false},"author":9,"featured_media":10950,"comment_status":"open","ping_status":"open","sticky":false,"template":"","format":"standard","meta":{"footnotes":""},"categories":[9,29,28],"tags":[],"yoast_head":"<!-- This site is optimized with the Yoast SEO plugin v24.5 - https:\/\/yoast.com\/wordpress\/plugins\/seo\/ -->\n<title>ASAJA solicita continuidad en la bonificaci\u00f3n de la tasa por prestaci\u00f3n de servicios veterinarios y que la rebaja en la cuota de arrendamiento de fincas r\u00fasticas llegue a todos los profesionales - ASAJA Palencia<\/title>\n<meta name=\"description\" content=\"ASAJA se ha dirigido a los consejeros de Agricultura, Ganader\u00eda y Desarrollo Rural, Gerardo Due\u00f1as, y al consejero de Econom\u00eda y Hacienda, Carlos\" \/>\n<meta name=\"robots\" content=\"index, follow, max-snippet:-1, max-image-preview:large, max-video-preview:-1\" \/>\n<link rel=\"canonical\" href=\"https:\/\/www.asajacyl.com\/palencia\/sin-categoria\/asaja-solicita-continuidad-en-la-bonificacion-de-la-tasa-por-prestacion-de-servicios-veterinarios-y-que-la-rebaja-en-la-cuota-de-arrendamiento-de-fincas-rusticas-llegue-a-todos-los-profesionales\" \/>\n<meta property=\"og:locale\" content=\"es_ES\" \/>\n<meta property=\"og:type\" content=\"article\" \/>\n<meta property=\"og:title\" content=\"ASAJA solicita continuidad en la bonificaci\u00f3n de la tasa por prestaci\u00f3n de servicios veterinarios y que la rebaja en la cuota de arrendamiento de fincas r\u00fasticas llegue a todos los profesionales - ASAJA Palencia\" \/>\n<meta property=\"og:description\" content=\"ASAJA se ha dirigido a los consejeros de Agricultura, Ganader\u00eda y Desarrollo Rural, Gerardo Due\u00f1as, y al consejero de Econom\u00eda y Hacienda, Carlos\" \/>\n<meta property=\"og:url\" content=\"https:\/\/www.asajacyl.com\/palencia\/sin-categoria\/asaja-solicita-continuidad-en-la-bonificacion-de-la-tasa-por-prestacion-de-servicios-veterinarios-y-que-la-rebaja-en-la-cuota-de-arrendamiento-de-fincas-rusticas-llegue-a-todos-los-profesionales\" \/>\n<meta property=\"og:site_name\" content=\"ASAJA Palencia\" \/>\n<meta property=\"article:published_time\" content=\"2023-03-17T08:18:17+00:00\" \/>\n<meta property=\"article:modified_time\" content=\"2023-03-17T08:18:20+00:00\" \/>\n<meta property=\"og:image\" content=\"https:\/\/www.asajacyl.com\/palencia\/wp-content\/uploads\/sites\/3\/2017\/11\/im_predefinida_1920x1080.jpg\" \/>\n\t<meta property=\"og:image:width\" content=\"1920\" \/>\n\t<meta property=\"og:image:height\" content=\"1080\" \/>\n\t<meta property=\"og:image:type\" content=\"image\/jpeg\" \/>\n<meta name=\"author\" content=\"Administrador\" \/>\n<meta name=\"twitter:card\" content=\"summary_large_image\" \/>\n<meta name=\"twitter:label1\" content=\"Escrito por\" \/>\n\t<meta name=\"twitter:data1\" content=\"Administrador\" \/>\n\t<meta name=\"twitter:label2\" content=\"Tiempo de lectura\" \/>\n\t<meta name=\"twitter:data2\" content=\"3 minutos\" \/>\n<script type=\"application\/ld+json\" class=\"yoast-schema-graph\">{\"@context\":\"https:\/\/schema.org\",\"@graph\":[{\"@type\":\"WebPage\",\"@id\":\"https:\/\/www.asajacyl.com\/palencia\/sin-categoria\/asaja-solicita-continuidad-en-la-bonificacion-de-la-tasa-por-prestacion-de-servicios-veterinarios-y-que-la-rebaja-en-la-cuota-de-arrendamiento-de-fincas-rusticas-llegue-a-todos-los-profesionales\",\"url\":\"https:\/\/www.asajacyl.com\/palencia\/sin-categoria\/asaja-solicita-continuidad-en-la-bonificacion-de-la-tasa-por-prestacion-de-servicios-veterinarios-y-que-la-rebaja-en-la-cuota-de-arrendamiento-de-fincas-rusticas-llegue-a-todos-los-profesionales\",\"name\":\"ASAJA solicita continuidad en la bonificaci\u00f3n de la tasa por prestaci\u00f3n de servicios veterinarios y que la rebaja en la cuota de arrendamiento de fincas r\u00fasticas llegue a todos los profesionales - ASAJA Palencia\",\"isPartOf\":{\"@id\":\"https:\/\/www.asajacyl.com\/palencia\/#website\"},\"primaryImageOfPage\":{\"@id\":\"https:\/\/www.asajacyl.com\/palencia\/sin-categoria\/asaja-solicita-continuidad-en-la-bonificacion-de-la-tasa-por-prestacion-de-servicios-veterinarios-y-que-la-rebaja-en-la-cuota-de-arrendamiento-de-fincas-rusticas-llegue-a-todos-los-profesionales#primaryimage\"},\"image\":{\"@id\":\"https:\/\/www.asajacyl.com\/palencia\/sin-categoria\/asaja-solicita-continuidad-en-la-bonificacion-de-la-tasa-por-prestacion-de-servicios-veterinarios-y-que-la-rebaja-en-la-cuota-de-arrendamiento-de-fincas-rusticas-llegue-a-todos-los-profesionales#primaryimage\"},\"thumbnailUrl\":\"https:\/\/www.asajacyl.com\/palencia\/wp-content\/uploads\/sites\/3\/2022\/06\/VACAS-CARNE-AGUILAR-6.jpg\",\"datePublished\":\"2023-03-17T08:18:17+00:00\",\"dateModified\":\"2023-03-17T08:18:20+00:00\",\"author\":{\"@id\":\"https:\/\/www.asajacyl.com\/palencia\/#\/schema\/person\/3ab17aeb03527485c317557fae64aab1\"},\"description\":\"ASAJA se ha dirigido a los consejeros de Agricultura, Ganader\u00eda y Desarrollo Rural, Gerardo Due\u00f1as, y al consejero de Econom\u00eda y Hacienda, Carlos\",\"breadcrumb\":{\"@id\":\"https:\/\/www.asajacyl.com\/palencia\/sin-categoria\/asaja-solicita-continuidad-en-la-bonificacion-de-la-tasa-por-prestacion-de-servicios-veterinarios-y-que-la-rebaja-en-la-cuota-de-arrendamiento-de-fincas-rusticas-llegue-a-todos-los-profesionales#breadcrumb\"},\"inLanguage\":\"es\",\"potentialAction\":[{\"@type\":\"ReadAction\",\"target\":[\"https:\/\/www.asajacyl.com\/palencia\/sin-categoria\/asaja-solicita-continuidad-en-la-bonificacion-de-la-tasa-por-prestacion-de-servicios-veterinarios-y-que-la-rebaja-en-la-cuota-de-arrendamiento-de-fincas-rusticas-llegue-a-todos-los-profesionales\"]}]},{\"@type\":\"ImageObject\",\"inLanguage\":\"es\",\"@id\":\"https:\/\/www.asajacyl.com\/palencia\/sin-categoria\/asaja-solicita-continuidad-en-la-bonificacion-de-la-tasa-por-prestacion-de-servicios-veterinarios-y-que-la-rebaja-en-la-cuota-de-arrendamiento-de-fincas-rusticas-llegue-a-todos-los-profesionales#primaryimage\",\"url\":\"https:\/\/www.asajacyl.com\/palencia\/wp-content\/uploads\/sites\/3\/2022\/06\/VACAS-CARNE-AGUILAR-6.jpg\",\"contentUrl\":\"https:\/\/www.asajacyl.com\/palencia\/wp-content\/uploads\/sites\/3\/2022\/06\/VACAS-CARNE-AGUILAR-6.jpg\",\"width\":1600,\"height\":1200},{\"@type\":\"BreadcrumbList\",\"@id\":\"https:\/\/www.asajacyl.com\/palencia\/sin-categoria\/asaja-solicita-continuidad-en-la-bonificacion-de-la-tasa-por-prestacion-de-servicios-veterinarios-y-que-la-rebaja-en-la-cuota-de-arrendamiento-de-fincas-rusticas-llegue-a-todos-los-profesionales#breadcrumb\",\"itemListElement\":[{\"@type\":\"ListItem\",\"position\":1,\"name\":\"Portada\",\"item\":\"https:\/\/www.asajacyl.com\/palencia\/\"},{\"@type\":\"ListItem\",\"position\":2,\"name\":\"ASAJA solicita continuidad en la bonificaci\u00f3n de la tasa por prestaci\u00f3n de servicios veterinarios y que la rebaja en la cuota de arrendamiento de fincas r\u00fasticas llegue a todos los profesionales\"}]},{\"@type\":\"WebSite\",\"@id\":\"https:\/\/www.asajacyl.com\/palencia\/#website\",\"url\":\"https:\/\/www.asajacyl.com\/palencia\/\",\"name\":\"ASAJA Palencia\",\"description\":\"Otro sitio m\u00e1s de Provincias ASAJA Castilla y Le\u00f3n\",\"potentialAction\":[{\"@type\":\"SearchAction\",\"target\":{\"@type\":\"EntryPoint\",\"urlTemplate\":\"https:\/\/www.asajacyl.com\/palencia\/?s={search_term_string}\"},\"query-input\":{\"@type\":\"PropertyValueSpecification\",\"valueRequired\":true,\"valueName\":\"search_term_string\"}}],\"inLanguage\":\"es\"},{\"@type\":\"Person\",\"@id\":\"https:\/\/www.asajacyl.com\/palencia\/#\/schema\/person\/3ab17aeb03527485c317557fae64aab1\",\"name\":\"Administrador\",\"image\":{\"@type\":\"ImageObject\",\"inLanguage\":\"es\",\"@id\":\"https:\/\/www.asajacyl.com\/palencia\/#\/schema\/person\/image\/\",\"url\":\"https:\/\/secure.gravatar.com\/avatar\/517384810d242ca9e38c180f3c9fb973?s=96&d=mm&r=g\",\"contentUrl\":\"https:\/\/secure.gravatar.com\/avatar\/517384810d242ca9e38c180f3c9fb973?s=96&d=mm&r=g\",\"caption\":\"Administrador\"},\"url\":\"https:\/\/www.asajacyl.com\/palencia\/author\/carlosrm\"}]}<\/script>\n<!-- \/ Yoast SEO plugin. -->","yoast_head_json":{"title":"ASAJA solicita continuidad en la bonificaci\u00f3n de la tasa por prestaci\u00f3n de servicios veterinarios y que la rebaja en la cuota de arrendamiento de fincas r\u00fasticas llegue a todos los profesionales - ASAJA Palencia","description":"ASAJA se ha dirigido a los consejeros de Agricultura, Ganader\u00eda y Desarrollo Rural, Gerardo Due\u00f1as, y al consejero de Econom\u00eda y Hacienda, Carlos","robots":{"index":"index","follow":"follow","max-snippet":"max-snippet:-1","max-image-preview":"max-image-preview:large","max-video-preview":"max-video-preview:-1"},"canonical":"https:\/\/www.asajacyl.com\/palencia\/sin-categoria\/asaja-solicita-continuidad-en-la-bonificacion-de-la-tasa-por-prestacion-de-servicios-veterinarios-y-que-la-rebaja-en-la-cuota-de-arrendamiento-de-fincas-rusticas-llegue-a-todos-los-profesionales","og_locale":"es_ES","og_type":"article","og_title":"ASAJA solicita continuidad en la bonificaci\u00f3n de la tasa por prestaci\u00f3n de servicios veterinarios y que la rebaja en la cuota de arrendamiento de fincas r\u00fasticas llegue a todos los profesionales - ASAJA Palencia","og_description":"ASAJA se ha dirigido a los consejeros de Agricultura, Ganader\u00eda y Desarrollo Rural, Gerardo Due\u00f1as, y al consejero de Econom\u00eda y Hacienda, Carlos","og_url":"https:\/\/www.asajacyl.com\/palencia\/sin-categoria\/asaja-solicita-continuidad-en-la-bonificacion-de-la-tasa-por-prestacion-de-servicios-veterinarios-y-que-la-rebaja-en-la-cuota-de-arrendamiento-de-fincas-rusticas-llegue-a-todos-los-profesionales","og_site_name":"ASAJA Palencia","article_published_time":"2023-03-17T08:18:17+00:00","article_modified_time":"2023-03-17T08:18:20+00:00","og_image":[{"width":1920,"height":1080,"url":"https:\/\/www.asajacyl.com\/palencia\/wp-content\/uploads\/sites\/3\/2017\/11\/im_predefinida_1920x1080.jpg","type":"image\/jpeg"}],"author":"Administrador","twitter_card":"summary_large_image","twitter_misc":{"Escrito por":"Administrador","Tiempo de lectura":"3 minutos"},"schema":{"@context":"https:\/\/schema.org","@graph":[{"@type":"WebPage","@id":"https:\/\/www.asajacyl.com\/palencia\/sin-categoria\/asaja-solicita-continuidad-en-la-bonificacion-de-la-tasa-por-prestacion-de-servicios-veterinarios-y-que-la-rebaja-en-la-cuota-de-arrendamiento-de-fincas-rusticas-llegue-a-todos-los-profesionales","url":"https:\/\/www.asajacyl.com\/palencia\/sin-categoria\/asaja-solicita-continuidad-en-la-bonificacion-de-la-tasa-por-prestacion-de-servicios-veterinarios-y-que-la-rebaja-en-la-cuota-de-arrendamiento-de-fincas-rusticas-llegue-a-todos-los-profesionales","name":"ASAJA solicita continuidad en la bonificaci\u00f3n de la tasa por prestaci\u00f3n de servicios veterinarios y que la rebaja en la cuota de arrendamiento de fincas r\u00fasticas llegue a todos los profesionales - ASAJA Palencia","isPartOf":{"@id":"https:\/\/www.asajacyl.com\/palencia\/#website"},"primaryImageOfPage":{"@id":"https:\/\/www.asajacyl.com\/palencia\/sin-categoria\/asaja-solicita-continuidad-en-la-bonificacion-de-la-tasa-por-prestacion-de-servicios-veterinarios-y-que-la-rebaja-en-la-cuota-de-arrendamiento-de-fincas-rusticas-llegue-a-todos-los-profesionales#primaryimage"},"image":{"@id":"https:\/\/www.asajacyl.com\/palencia\/sin-categoria\/asaja-solicita-continuidad-en-la-bonificacion-de-la-tasa-por-prestacion-de-servicios-veterinarios-y-que-la-rebaja-en-la-cuota-de-arrendamiento-de-fincas-rusticas-llegue-a-todos-los-profesionales#primaryimage"},"thumbnailUrl":"https:\/\/www.asajacyl.com\/palencia\/wp-content\/uploads\/sites\/3\/2022\/06\/VACAS-CARNE-AGUILAR-6.jpg","datePublished":"2023-03-17T08:18:17+00:00","dateModified":"2023-03-17T08:18:20+00:00","author":{"@id":"https:\/\/www.asajacyl.com\/palencia\/#\/schema\/person\/3ab17aeb03527485c317557fae64aab1"},"description":"ASAJA se ha dirigido a los consejeros de Agricultura, Ganader\u00eda y Desarrollo Rural, Gerardo Due\u00f1as, y al consejero de Econom\u00eda y Hacienda, Carlos","breadcrumb":{"@id":"https:\/\/www.asajacyl.com\/palencia\/sin-categoria\/asaja-solicita-continuidad-en-la-bonificacion-de-la-tasa-por-prestacion-de-servicios-veterinarios-y-que-la-rebaja-en-la-cuota-de-arrendamiento-de-fincas-rusticas-llegue-a-todos-los-profesionales#breadcrumb"},"inLanguage":"es","potentialAction":[{"@type":"ReadAction","target":["https:\/\/www.asajacyl.com\/palencia\/sin-categoria\/asaja-solicita-continuidad-en-la-bonificacion-de-la-tasa-por-prestacion-de-servicios-veterinarios-y-que-la-rebaja-en-la-cuota-de-arrendamiento-de-fincas-rusticas-llegue-a-todos-los-profesionales"]}]},{"@type":"ImageObject","inLanguage":"es","@id":"https:\/\/www.asajacyl.com\/palencia\/sin-categoria\/asaja-solicita-continuidad-en-la-bonificacion-de-la-tasa-por-prestacion-de-servicios-veterinarios-y-que-la-rebaja-en-la-cuota-de-arrendamiento-de-fincas-rusticas-llegue-a-todos-los-profesionales#primaryimage","url":"https:\/\/www.asajacyl.com\/palencia\/wp-content\/uploads\/sites\/3\/2022\/06\/VACAS-CARNE-AGUILAR-6.jpg","contentUrl":"https:\/\/www.asajacyl.com\/palencia\/wp-content\/uploads\/sites\/3\/2022\/06\/VACAS-CARNE-AGUILAR-6.jpg","width":1600,"height":1200},{"@type":"BreadcrumbList","@id":"https:\/\/www.asajacyl.com\/palencia\/sin-categoria\/asaja-solicita-continuidad-en-la-bonificacion-de-la-tasa-por-prestacion-de-servicios-veterinarios-y-que-la-rebaja-en-la-cuota-de-arrendamiento-de-fincas-rusticas-llegue-a-todos-los-profesionales#breadcrumb","itemListElement":[{"@type":"ListItem","position":1,"name":"Portada","item":"https:\/\/www.asajacyl.com\/palencia\/"},{"@type":"ListItem","position":2,"name":"ASAJA solicita continuidad en la bonificaci\u00f3n de la tasa por prestaci\u00f3n de servicios veterinarios y que la rebaja en la cuota de arrendamiento de fincas r\u00fasticas llegue a todos los profesionales"}]},{"@type":"WebSite","@id":"https:\/\/www.asajacyl.com\/palencia\/#website","url":"https:\/\/www.asajacyl.com\/palencia\/","name":"ASAJA Palencia","description":"Otro sitio m\u00e1s de Provincias ASAJA Castilla y Le\u00f3n","potentialAction":[{"@type":"SearchAction","target":{"@type":"EntryPoint","urlTemplate":"https:\/\/www.asajacyl.com\/palencia\/?s={search_term_string}"},"query-input":{"@type":"PropertyValueSpecification","valueRequired":true,"valueName":"search_term_string"}}],"inLanguage":"es"},{"@type":"Person","@id":"https:\/\/www.asajacyl.com\/palencia\/#\/schema\/person\/3ab17aeb03527485c317557fae64aab1","name":"Administrador","image":{"@type":"ImageObject","inLanguage":"es","@id":"https:\/\/www.asajacyl.com\/palencia\/#\/schema\/person\/image\/","url":"https:\/\/secure.gravatar.com\/avatar\/517384810d242ca9e38c180f3c9fb973?s=96&d=mm&r=g","contentUrl":"https:\/\/secure.gravatar.com\/avatar\/517384810d242ca9e38c180f3c9fb973?s=96&d=mm&r=g","caption":"Administrador"},"url":"https:\/\/www.asajacyl.com\/palencia\/author\/carlosrm"}]}},"_links":{"self":[{"href":"https:\/\/www.asajacyl.com\/palencia\/wp-json\/wp\/v2\/posts\/12634"}],"collection":[{"href":"https:\/\/www.asajacyl.com\/palencia\/wp-json\/wp\/v2\/posts"}],"about":[{"href":"https:\/\/www.asajacyl.com\/palencia\/wp-json\/wp\/v2\/types\/post"}],"author":[{"embeddable":true,"href":"https:\/\/www.asajacyl.com\/palencia\/wp-json\/wp\/v2\/users\/9"}],"replies":[{"embeddable":true,"href":"https:\/\/www.asajacyl.com\/palencia\/wp-json\/wp\/v2\/comments?post=12634"}],"version-history":[{"count":1,"href":"https:\/\/www.asajacyl.com\/palencia\/wp-json\/wp\/v2\/posts\/12634\/revisions"}],"predecessor-version":[{"id":12635,"href":"https:\/\/www.asajacyl.com\/palencia\/wp-json\/wp\/v2\/posts\/12634\/revisions\/12635"}],"wp:featuredmedia":[{"embeddable":true,"href":"https:\/\/www.asajacyl.com\/palencia\/wp-json\/wp\/v2\/media\/10950"}],"wp:attachment":[{"href":"https:\/\/www.asajacyl.com\/palencia\/wp-json\/wp\/v2\/media?parent=12634"}],"wp:term":[{"taxonomy":"category","embeddable":true,"href":"https:\/\/www.asajacyl.com\/palencia\/wp-json\/wp\/v2\/categories?post=12634"},{"taxonomy":"post_tag","embeddable":true,"href":"https:\/\/www.asajacyl.com\/palencia\/wp-json\/wp\/v2\/tags?post=12634"}],"curies":[{"name":"wp","href":"https:\/\/api.w.org\/{rel}","templated":true}]}}