{"id":12640,"date":"2023-03-20T09:59:41","date_gmt":"2023-03-20T08:59:41","guid":{"rendered":"https:\/\/www.asajacyl.com\/palencia\/?p=12640"},"modified":"2023-03-20T09:59:43","modified_gmt":"2023-03-20T08:59:43","slug":"asaja-palencia-anima-a-los-agricultores-y-ganaderos-a-implicarse-mas-en-los-gobiernos-locales-para-propiciar-politicas-municipales-sensibles-con-el-sector","status":"publish","type":"post","link":"https:\/\/www.asajacyl.com\/palencia\/asaja-palencia-informa\/asaja-palencia-anima-a-los-agricultores-y-ganaderos-a-implicarse-mas-en-los-gobiernos-locales-para-propiciar-politicas-municipales-sensibles-con-el-sector","title":{"rendered":"ASAJA-Palencia anima a los agricultores y ganaderos a implicarse m\u00e1s en los gobiernos locales para propiciar pol\u00edticas municipales sensibles con el sector"},"content":{"rendered":"\n<p>El presidente de ASAJA-Palencia, Jos\u00e9 Luis Marcos, ha aprovechado la asamblea general de la organizaci\u00f3n celebrada recientemente para animar a los agricultores y los ganaderos una mayor implicaci\u00f3n en la pol\u00edtica local ante la pr\u00f3xima celebraci\u00f3n de las elecciones municipales. El m\u00e1ximo dirigente de nuestra entidad a nivel provincial apel\u00f3 a los socios y a los simpatizantes a que se involucren en los gobiernos de los ayuntamientos y las juntas vecinales del medio rural \u00abporque, de lo contrario, las pol\u00edticas se orientan hacia asuntos que no repercuten en el bienestar y la mejora del sector agropecuario, e incluso se adoptan medidas perjudiciales, tanto de tipo fiscal como administrativo y burocr\u00e1tico\u00bb. <\/p>\n\n\n\n<p>El presidente de ASAJA-Castilla y Le\u00f3n, Donaciano Dujo, clausur\u00f3 la asamblea elogiando la labor de la nueva directiva palentina, as\u00ed como los \u00abmagn\u00edficos resultados\u00bb logrados por la entidad en la provincia de Palencia en las recientes elecciones agrarias, \u00aby con unos niveles de participaci\u00f3n hist\u00f3ricos\u00bb. En esta asamblea general de socios, ASAJA-Palencia, entidad que cuenta con cerca de 3.300 afiliados, aprob\u00f3 las cuentas del ejercicio 2022 y aprob\u00f3 el presupuesto para este a\u00f1o, documentos que explic\u00f3 de manera pormenorizada el gerente de la entidad, \u00c1lvaro de la Hera.<\/p>\n\n\n\n<p><strong>UNA PAC CADA VEZ M\u00c1S COMPLEJA.<\/strong> Por su parte, Jos\u00e9 Luis Marcos explic\u00f3 que una gran parte de los gastos de la organizaci\u00f3n corresponden a la plantilla que presta los diversos servicios de asesor\u00eda t\u00e9cnica y gesti\u00f3n econ\u00f3mica y laboral, un grupo de personas que se viene incrementando, en paralelo a la creciente necesidad de los profesionales de contar con ese apoyo. El presidente de ASAJA-Palencia lament\u00f3, en ese sentido, que la nueva PAC 2023-2027 exige \u00aba\u00fan m\u00e1s esfuerzo burocr\u00e1tico a los profesionales del campo\u00bb. Gr\u00e1ficamente, apunt\u00f3 que \u00absi antes cumplimentar una PAC duraba cosa de una hora, este a\u00f1o nos vamos a dos o m\u00e1s en la mayor\u00eda de los casos, porque adem\u00e1s hay cuestiones que a\u00fan no han precisado ni la Junta de Castilla y Le\u00f3n ni el Gobierno de Espa\u00f1a\u00bb.<\/p>\n\n\n\n<p>Tanto Jos\u00e9 Luis Marcos como Donaciano Dujo, que cerr\u00f3 el turno de intervenciones, avanzaron que ASAJA continuar\u00e1 moviliz\u00e1ndose para paliar los efectos \u00abde la peor PAC de la historia\u00bb. Dujo reclam\u00f3 \u00abpol\u00edticas efectivas y reales\u00bb de apoyo al sector desde la Consejer\u00eda de Agricultura y Ganader\u00eda y a\u00f1adi\u00f3 que \u00abnecesitamos que nos dejen producir con profesionalidad, calidad y eficiencia, frente a unas normativas que aumentan la burocracia y nos impiden trabajar en libertad por motivos ideol\u00f3gicos medioambientales\u00bb.<\/p>\n\n\n\n<p>Los dirigentes provincial y regional de ASAJA coincidieron, asimismo, en denunciar el incremento de costes de la actual campa\u00f1a, que ponen incluso en riesgo la rentabilidad de las explotaciones \u00abaun cuando venga un a\u00f1o bueno por la meteorolog\u00eda y las reservas de riego se presenten algo mejor que en la desastrosa campa\u00f1a anterior\u00bb. A esos elevados costes se une el sustancial descenso en los precios de compraventa de la producci\u00f3n que se vienen registrando en las \u00faltimas semanas.<\/p>\n\n\n\n<p><strong>RIEGOS Y AVE. <\/strong>Donaciano Dujo elogi\u00f3 y apoy\u00f3 \u00aba todas las comunidades de regantes de la provincia que avancen en implantar proyectos de modernizaci\u00f3n; a todas sin distinci\u00f3n\u00bb; y se comprometi\u00f3 a defender sus intereses ante las administraciones p\u00fablicas. Sobre ese aspecto, Jos\u00e9 Luis Marcos lament\u00f3 que desde el SEIASA (entidad dependiente del Ministerio de Agricultura) se demoren sus aportaciones financieras que cubren una parte de esas inversiones.<\/p>\n\n\n\n<p>Se expres\u00f3 en la asamblea la queja por el \u00abdestrozo\u00bb que la ejecuci\u00f3n de los tramos del AVE a Cantabria est\u00e1 causando en muchas zonas de cultivo y en infraestructuras de regad\u00edo modernizadas hace relativamente poco tiempo. Asimismo, se puso de manifiesto la necesidad de mantener la presencia p\u00fablica de ASAJA, as\u00ed como de los agricultores y ganaderos a t\u00edtulo particular, para trasladar a la sociedad que los productores no son los culpables del alza de precios de los alimentos, sino al contrario, profesionales a los que tambi\u00e9n les afecta la inflaci\u00f3n y perjudicados por esta coyuntura.<\/p>\n\n\n\n<p>En ese sentido, Donaciano Dujo calific\u00f3 como \u00abuna desgracia\u00bb que \u00abtengan que matarse vacas para sufragar los costes de dar de comer a otras y, como \u00faltimo remedio, cerrar explotaciones, cuando se necesitan alimentos y es inexplicable que en este pa\u00eds cada vez nos resulte m\u00e1s costoso y dif\u00edcil ejercer la agricultura y la ganader\u00eda\u00bb.<strong>\/<\/strong><\/p>\n","protected":false},"excerpt":{"rendered":"<p>El presidente de ASAJA-Palencia, Jos\u00e9 Luis Marcos, ha aprovechado la asamblea general de la organizaci\u00f3n celebrada recientemente para animar a los agricultores y los ganaderos una mayor implicaci\u00f3n en la pol\u00edtica local ante la pr\u00f3xima celebraci\u00f3n de las elecciones municipales. El m\u00e1ximo dirigente de nuestra entidad a nivel provincial apel\u00f3 a los socios y a [&hellip;]<\/p>\n","protected":false},"author":9,"featured_media":12648,"comment_status":"open","ping_status":"open","sticky":false,"template":"","format":"standard","meta":{"footnotes":""},"categories":[9,29,28],"tags":[52],"yoast_head":"<!-- This site is optimized with the Yoast SEO plugin v24.5 - https:\/\/yoast.com\/wordpress\/plugins\/seo\/ -->\n<title>ASAJA-Palencia anima a los agricultores y ganaderos a implicarse m\u00e1s en los gobiernos locales para propiciar pol\u00edticas municipales sensibles con el sector - ASAJA Palencia<\/title>\n<meta name=\"description\" content=\"El presidente de ASAJA-Palencia, Jos\u00e9 Luis Marcos, ha aprovechado la asamblea general de la organizaci\u00f3n celebrada recientemente para animar a los\" \/>\n<meta name=\"robots\" content=\"index, follow, max-snippet:-1, max-image-preview:large, max-video-preview:-1\" \/>\n<link rel=\"canonical\" href=\"https:\/\/www.asajacyl.com\/palencia\/asaja-palencia-informa\/asaja-palencia-anima-a-los-agricultores-y-ganaderos-a-implicarse-mas-en-los-gobiernos-locales-para-propiciar-politicas-municipales-sensibles-con-el-sector\" \/>\n<meta property=\"og:locale\" content=\"es_ES\" \/>\n<meta property=\"og:type\" content=\"article\" \/>\n<meta property=\"og:title\" content=\"ASAJA-Palencia anima a los agricultores y ganaderos a implicarse m\u00e1s en los gobiernos locales para propiciar pol\u00edticas municipales sensibles con el sector - ASAJA Palencia\" \/>\n<meta property=\"og:description\" content=\"El presidente de ASAJA-Palencia, Jos\u00e9 Luis Marcos, ha aprovechado la asamblea general de la organizaci\u00f3n celebrada recientemente para animar a los\" \/>\n<meta property=\"og:url\" content=\"https:\/\/www.asajacyl.com\/palencia\/asaja-palencia-informa\/asaja-palencia-anima-a-los-agricultores-y-ganaderos-a-implicarse-mas-en-los-gobiernos-locales-para-propiciar-politicas-municipales-sensibles-con-el-sector\" \/>\n<meta property=\"og:site_name\" content=\"ASAJA Palencia\" \/>\n<meta property=\"article:published_time\" content=\"2023-03-20T08:59:41+00:00\" \/>\n<meta property=\"article:modified_time\" content=\"2023-03-20T08:59:43+00:00\" \/>\n<meta property=\"og:image\" content=\"https:\/\/www.asajacyl.com\/palencia\/wp-content\/uploads\/sites\/3\/2023\/03\/Donaciano-Dujo-y-JLMarcos-atienden-medios-asamblea.jpg\" \/>\n\t<meta property=\"og:image:width\" content=\"2500\" \/>\n\t<meta property=\"og:image:height\" content=\"1317\" \/>\n\t<meta property=\"og:image:type\" content=\"image\/jpeg\" \/>\n<meta name=\"author\" content=\"Administrador\" \/>\n<meta name=\"twitter:card\" content=\"summary_large_image\" \/>\n<meta name=\"twitter:label1\" content=\"Escrito por\" \/>\n\t<meta name=\"twitter:data1\" content=\"Administrador\" \/>\n\t<meta name=\"twitter:label2\" content=\"Tiempo de lectura\" \/>\n\t<meta name=\"twitter:data2\" content=\"4 minutos\" \/>\n<script type=\"application\/ld+json\" class=\"yoast-schema-graph\">{\"@context\":\"https:\/\/schema.org\",\"@graph\":[{\"@type\":\"WebPage\",\"@id\":\"https:\/\/www.asajacyl.com\/palencia\/asaja-palencia-informa\/asaja-palencia-anima-a-los-agricultores-y-ganaderos-a-implicarse-mas-en-los-gobiernos-locales-para-propiciar-politicas-municipales-sensibles-con-el-sector\",\"url\":\"https:\/\/www.asajacyl.com\/palencia\/asaja-palencia-informa\/asaja-palencia-anima-a-los-agricultores-y-ganaderos-a-implicarse-mas-en-los-gobiernos-locales-para-propiciar-politicas-municipales-sensibles-con-el-sector\",\"name\":\"ASAJA-Palencia anima a los agricultores y ganaderos a implicarse m\u00e1s en los gobiernos locales para propiciar pol\u00edticas municipales sensibles con el sector - ASAJA Palencia\",\"isPartOf\":{\"@id\":\"https:\/\/www.asajacyl.com\/palencia\/#website\"},\"primaryImageOfPage\":{\"@id\":\"https:\/\/www.asajacyl.com\/palencia\/asaja-palencia-informa\/asaja-palencia-anima-a-los-agricultores-y-ganaderos-a-implicarse-mas-en-los-gobiernos-locales-para-propiciar-politicas-municipales-sensibles-con-el-sector#primaryimage\"},\"image\":{\"@id\":\"https:\/\/www.asajacyl.com\/palencia\/asaja-palencia-informa\/asaja-palencia-anima-a-los-agricultores-y-ganaderos-a-implicarse-mas-en-los-gobiernos-locales-para-propiciar-politicas-municipales-sensibles-con-el-sector#primaryimage\"},\"thumbnailUrl\":\"https:\/\/www.asajacyl.com\/palencia\/wp-content\/uploads\/sites\/3\/2023\/03\/Donaciano-Dujo-y-JLMarcos-atienden-medios-asamblea.jpg\",\"datePublished\":\"2023-03-20T08:59:41+00:00\",\"dateModified\":\"2023-03-20T08:59:43+00:00\",\"author\":{\"@id\":\"https:\/\/www.asajacyl.com\/palencia\/#\/schema\/person\/3ab17aeb03527485c317557fae64aab1\"},\"description\":\"El presidente de ASAJA-Palencia, Jos\u00e9 Luis Marcos, ha aprovechado la asamblea general de la organizaci\u00f3n celebrada recientemente para animar a los\",\"breadcrumb\":{\"@id\":\"https:\/\/www.asajacyl.com\/palencia\/asaja-palencia-informa\/asaja-palencia-anima-a-los-agricultores-y-ganaderos-a-implicarse-mas-en-los-gobiernos-locales-para-propiciar-politicas-municipales-sensibles-con-el-sector#breadcrumb\"},\"inLanguage\":\"es\",\"potentialAction\":[{\"@type\":\"ReadAction\",\"target\":[\"https:\/\/www.asajacyl.com\/palencia\/asaja-palencia-informa\/asaja-palencia-anima-a-los-agricultores-y-ganaderos-a-implicarse-mas-en-los-gobiernos-locales-para-propiciar-politicas-municipales-sensibles-con-el-sector\"]}]},{\"@type\":\"ImageObject\",\"inLanguage\":\"es\",\"@id\":\"https:\/\/www.asajacyl.com\/palencia\/asaja-palencia-informa\/asaja-palencia-anima-a-los-agricultores-y-ganaderos-a-implicarse-mas-en-los-gobiernos-locales-para-propiciar-politicas-municipales-sensibles-con-el-sector#primaryimage\",\"url\":\"https:\/\/www.asajacyl.com\/palencia\/wp-content\/uploads\/sites\/3\/2023\/03\/Donaciano-Dujo-y-JLMarcos-atienden-medios-asamblea.jpg\",\"contentUrl\":\"https:\/\/www.asajacyl.com\/palencia\/wp-content\/uploads\/sites\/3\/2023\/03\/Donaciano-Dujo-y-JLMarcos-atienden-medios-asamblea.jpg\",\"width\":2500,\"height\":1317},{\"@type\":\"BreadcrumbList\",\"@id\":\"https:\/\/www.asajacyl.com\/palencia\/asaja-palencia-informa\/asaja-palencia-anima-a-los-agricultores-y-ganaderos-a-implicarse-mas-en-los-gobiernos-locales-para-propiciar-politicas-municipales-sensibles-con-el-sector#breadcrumb\",\"itemListElement\":[{\"@type\":\"ListItem\",\"position\":1,\"name\":\"Portada\",\"item\":\"https:\/\/www.asajacyl.com\/palencia\/\"},{\"@type\":\"ListItem\",\"position\":2,\"name\":\"ASAJA-Palencia anima a los agricultores y ganaderos a implicarse m\u00e1s en los gobiernos locales para propiciar pol\u00edticas municipales sensibles con el sector\"}]},{\"@type\":\"WebSite\",\"@id\":\"https:\/\/www.asajacyl.com\/palencia\/#website\",\"url\":\"https:\/\/www.asajacyl.com\/palencia\/\",\"name\":\"ASAJA Palencia\",\"description\":\"Otro sitio m\u00e1s de Provincias ASAJA Castilla y Le\u00f3n\",\"potentialAction\":[{\"@type\":\"SearchAction\",\"target\":{\"@type\":\"EntryPoint\",\"urlTemplate\":\"https:\/\/www.asajacyl.com\/palencia\/?s={search_term_string}\"},\"query-input\":{\"@type\":\"PropertyValueSpecification\",\"valueRequired\":true,\"valueName\":\"search_term_string\"}}],\"inLanguage\":\"es\"},{\"@type\":\"Person\",\"@id\":\"https:\/\/www.asajacyl.com\/palencia\/#\/schema\/person\/3ab17aeb03527485c317557fae64aab1\",\"name\":\"Administrador\",\"image\":{\"@type\":\"ImageObject\",\"inLanguage\":\"es\",\"@id\":\"https:\/\/www.asajacyl.com\/palencia\/#\/schema\/person\/image\/\",\"url\":\"https:\/\/secure.gravatar.com\/avatar\/517384810d242ca9e38c180f3c9fb973?s=96&d=mm&r=g\",\"contentUrl\":\"https:\/\/secure.gravatar.com\/avatar\/517384810d242ca9e38c180f3c9fb973?s=96&d=mm&r=g\",\"caption\":\"Administrador\"},\"url\":\"https:\/\/www.asajacyl.com\/palencia\/author\/carlosrm\"}]}<\/script>\n<!-- \/ Yoast SEO plugin. -->","yoast_head_json":{"title":"ASAJA-Palencia anima a los agricultores y ganaderos a implicarse m\u00e1s en los gobiernos locales para propiciar pol\u00edticas municipales sensibles con el sector - ASAJA Palencia","description":"El presidente de ASAJA-Palencia, Jos\u00e9 Luis Marcos, ha aprovechado la asamblea general de la organizaci\u00f3n celebrada recientemente para animar a los","robots":{"index":"index","follow":"follow","max-snippet":"max-snippet:-1","max-image-preview":"max-image-preview:large","max-video-preview":"max-video-preview:-1"},"canonical":"https:\/\/www.asajacyl.com\/palencia\/asaja-palencia-informa\/asaja-palencia-anima-a-los-agricultores-y-ganaderos-a-implicarse-mas-en-los-gobiernos-locales-para-propiciar-politicas-municipales-sensibles-con-el-sector","og_locale":"es_ES","og_type":"article","og_title":"ASAJA-Palencia anima a los agricultores y ganaderos a implicarse m\u00e1s en los gobiernos locales para propiciar pol\u00edticas municipales sensibles con el sector - ASAJA Palencia","og_description":"El presidente de ASAJA-Palencia, Jos\u00e9 Luis Marcos, ha aprovechado la asamblea general de la organizaci\u00f3n celebrada recientemente para animar a los","og_url":"https:\/\/www.asajacyl.com\/palencia\/asaja-palencia-informa\/asaja-palencia-anima-a-los-agricultores-y-ganaderos-a-implicarse-mas-en-los-gobiernos-locales-para-propiciar-politicas-municipales-sensibles-con-el-sector","og_site_name":"ASAJA Palencia","article_published_time":"2023-03-20T08:59:41+00:00","article_modified_time":"2023-03-20T08:59:43+00:00","og_image":[{"width":2500,"height":1317,"url":"https:\/\/www.asajacyl.com\/palencia\/wp-content\/uploads\/sites\/3\/2023\/03\/Donaciano-Dujo-y-JLMarcos-atienden-medios-asamblea.jpg","type":"image\/jpeg"}],"author":"Administrador","twitter_card":"summary_large_image","twitter_misc":{"Escrito por":"Administrador","Tiempo de lectura":"4 minutos"},"schema":{"@context":"https:\/\/schema.org","@graph":[{"@type":"WebPage","@id":"https:\/\/www.asajacyl.com\/palencia\/asaja-palencia-informa\/asaja-palencia-anima-a-los-agricultores-y-ganaderos-a-implicarse-mas-en-los-gobiernos-locales-para-propiciar-politicas-municipales-sensibles-con-el-sector","url":"https:\/\/www.asajacyl.com\/palencia\/asaja-palencia-informa\/asaja-palencia-anima-a-los-agricultores-y-ganaderos-a-implicarse-mas-en-los-gobiernos-locales-para-propiciar-politicas-municipales-sensibles-con-el-sector","name":"ASAJA-Palencia anima a los agricultores y ganaderos a implicarse m\u00e1s en los gobiernos locales para propiciar pol\u00edticas municipales sensibles con el sector - ASAJA Palencia","isPartOf":{"@id":"https:\/\/www.asajacyl.com\/palencia\/#website"},"primaryImageOfPage":{"@id":"https:\/\/www.asajacyl.com\/palencia\/asaja-palencia-informa\/asaja-palencia-anima-a-los-agricultores-y-ganaderos-a-implicarse-mas-en-los-gobiernos-locales-para-propiciar-politicas-municipales-sensibles-con-el-sector#primaryimage"},"image":{"@id":"https:\/\/www.asajacyl.com\/palencia\/asaja-palencia-informa\/asaja-palencia-anima-a-los-agricultores-y-ganaderos-a-implicarse-mas-en-los-gobiernos-locales-para-propiciar-politicas-municipales-sensibles-con-el-sector#primaryimage"},"thumbnailUrl":"https:\/\/www.asajacyl.com\/palencia\/wp-content\/uploads\/sites\/3\/2023\/03\/Donaciano-Dujo-y-JLMarcos-atienden-medios-asamblea.jpg","datePublished":"2023-03-20T08:59:41+00:00","dateModified":"2023-03-20T08:59:43+00:00","author":{"@id":"https:\/\/www.asajacyl.com\/palencia\/#\/schema\/person\/3ab17aeb03527485c317557fae64aab1"},"description":"El presidente de ASAJA-Palencia, Jos\u00e9 Luis Marcos, ha aprovechado la asamblea general de la organizaci\u00f3n celebrada recientemente para animar a los","breadcrumb":{"@id":"https:\/\/www.asajacyl.com\/palencia\/asaja-palencia-informa\/asaja-palencia-anima-a-los-agricultores-y-ganaderos-a-implicarse-mas-en-los-gobiernos-locales-para-propiciar-politicas-municipales-sensibles-con-el-sector#breadcrumb"},"inLanguage":"es","potentialAction":[{"@type":"ReadAction","target":["https:\/\/www.asajacyl.com\/palencia\/asaja-palencia-informa\/asaja-palencia-anima-a-los-agricultores-y-ganaderos-a-implicarse-mas-en-los-gobiernos-locales-para-propiciar-politicas-municipales-sensibles-con-el-sector"]}]},{"@type":"ImageObject","inLanguage":"es","@id":"https:\/\/www.asajacyl.com\/palencia\/asaja-palencia-informa\/asaja-palencia-anima-a-los-agricultores-y-ganaderos-a-implicarse-mas-en-los-gobiernos-locales-para-propiciar-politicas-municipales-sensibles-con-el-sector#primaryimage","url":"https:\/\/www.asajacyl.com\/palencia\/wp-content\/uploads\/sites\/3\/2023\/03\/Donaciano-Dujo-y-JLMarcos-atienden-medios-asamblea.jpg","contentUrl":"https:\/\/www.asajacyl.com\/palencia\/wp-content\/uploads\/sites\/3\/2023\/03\/Donaciano-Dujo-y-JLMarcos-atienden-medios-asamblea.jpg","width":2500,"height":1317},{"@type":"BreadcrumbList","@id":"https:\/\/www.asajacyl.com\/palencia\/asaja-palencia-informa\/asaja-palencia-anima-a-los-agricultores-y-ganaderos-a-implicarse-mas-en-los-gobiernos-locales-para-propiciar-politicas-municipales-sensibles-con-el-sector#breadcrumb","itemListElement":[{"@type":"ListItem","position":1,"name":"Portada","item":"https:\/\/www.asajacyl.com\/palencia\/"},{"@type":"ListItem","position":2,"name":"ASAJA-Palencia anima a los agricultores y ganaderos a implicarse m\u00e1s en los gobiernos locales para propiciar pol\u00edticas municipales sensibles con el sector"}]},{"@type":"WebSite","@id":"https:\/\/www.asajacyl.com\/palencia\/#website","url":"https:\/\/www.asajacyl.com\/palencia\/","name":"ASAJA Palencia","description":"Otro sitio m\u00e1s de Provincias ASAJA Castilla y Le\u00f3n","potentialAction":[{"@type":"SearchAction","target":{"@type":"EntryPoint","urlTemplate":"https:\/\/www.asajacyl.com\/palencia\/?s={search_term_string}"},"query-input":{"@type":"PropertyValueSpecification","valueRequired":true,"valueName":"search_term_string"}}],"inLanguage":"es"},{"@type":"Person","@id":"https:\/\/www.asajacyl.com\/palencia\/#\/schema\/person\/3ab17aeb03527485c317557fae64aab1","name":"Administrador","image":{"@type":"ImageObject","inLanguage":"es","@id":"https:\/\/www.asajacyl.com\/palencia\/#\/schema\/person\/image\/","url":"https:\/\/secure.gravatar.com\/avatar\/517384810d242ca9e38c180f3c9fb973?s=96&d=mm&r=g","contentUrl":"https:\/\/secure.gravatar.com\/avatar\/517384810d242ca9e38c180f3c9fb973?s=96&d=mm&r=g","caption":"Administrador"},"url":"https:\/\/www.asajacyl.com\/palencia\/author\/carlosrm"}]}},"_links":{"self":[{"href":"https:\/\/www.asajacyl.com\/palencia\/wp-json\/wp\/v2\/posts\/12640"}],"collection":[{"href":"https:\/\/www.asajacyl.com\/palencia\/wp-json\/wp\/v2\/posts"}],"about":[{"href":"https:\/\/www.asajacyl.com\/palencia\/wp-json\/wp\/v2\/types\/post"}],"author":[{"embeddable":true,"href":"https:\/\/www.asajacyl.com\/palencia\/wp-json\/wp\/v2\/users\/9"}],"replies":[{"embeddable":true,"href":"https:\/\/www.asajacyl.com\/palencia\/wp-json\/wp\/v2\/comments?post=12640"}],"version-history":[{"count":1,"href":"https:\/\/www.asajacyl.com\/palencia\/wp-json\/wp\/v2\/posts\/12640\/revisions"}],"predecessor-version":[{"id":12641,"href":"https:\/\/www.asajacyl.com\/palencia\/wp-json\/wp\/v2\/posts\/12640\/revisions\/12641"}],"wp:featuredmedia":[{"embeddable":true,"href":"https:\/\/www.asajacyl.com\/palencia\/wp-json\/wp\/v2\/media\/12648"}],"wp:attachment":[{"href":"https:\/\/www.asajacyl.com\/palencia\/wp-json\/wp\/v2\/media?parent=12640"}],"wp:term":[{"taxonomy":"category","embeddable":true,"href":"https:\/\/www.asajacyl.com\/palencia\/wp-json\/wp\/v2\/categories?post=12640"},{"taxonomy":"post_tag","embeddable":true,"href":"https:\/\/www.asajacyl.com\/palencia\/wp-json\/wp\/v2\/tags?post=12640"}],"curies":[{"name":"wp","href":"https:\/\/api.w.org\/{rel}","templated":true}]}}