{"id":12649,"date":"2023-03-23T13:01:19","date_gmt":"2023-03-23T12:01:19","guid":{"rendered":"https:\/\/www.asajacyl.com\/palencia\/?p=12649"},"modified":"2023-03-21T13:03:29","modified_gmt":"2023-03-21T12:03:29","slug":"el-umbral-ganadero-de-la-dei-se-derrumba-el-castillo-de-naipes","status":"publish","type":"post","link":"https:\/\/www.asajacyl.com\/palencia\/asaja-palencia-informa\/el-umbral-ganadero-de-la-dei-se-derrumba-el-castillo-de-naipes","title":{"rendered":"El umbral ganadero de la DEI: \u00bfse derrumba el castillo de naipes?"},"content":{"rendered":"\n<p>En abril de 2022, la Comisi\u00f3n Europea lanz\u00f3 su propuesta de revisi\u00f3n de la Directiva sobre las emisiones industriales (DEI), que abarca medidas que se dirigen a los ganaderos europeos. Con el enfoque adoptado por la Comisi\u00f3n Europea, que ha sido objeto de duras cr\u00edticas, se fija el umbral para el sector ganadero en 150 unidades de ganado mayor (UGM) y una vez superado este umbral las explotaciones porcinas, av\u00edcolas y bovinas estar\u00edan obligadas a cumplir la directiva. Para justificar este umbral, la Comisi\u00f3n tom\u00f3 como punto de partida una evaluaci\u00f3n de impacto que dicha entidad hab\u00eda encargado especialmente.<\/p>\n\n\n\n<p>Sin embargo, el peri\u00f3dico europeo revel\u00f3 ayer una reciente presentaci\u00f3n realizada por los servicios de la DG ENVI de la Comisi\u00f3n Europea ante el grupo de trabajo sobre medio ambiente del Consejo de la UE, que muestra una situaci\u00f3n muy diferente. Si bien los datos utilizados para la revisi\u00f3n de la directiva databan de 2016, en la actualidad la Comisi\u00f3n dispone de datos procedentes de 2020 que contradicen el porcentaje de explotaciones agr\u00edcolas cubiertas por la DEI que se indicara a priori.<\/p>\n\n\n\n<p>La Comisi\u00f3n siempre se ha defendido de las cr\u00edticas afirmando que \u00absolo el 13% de las explotaciones comerciales europeas\u00bb ser\u00e1n objeto de la propuesta. Sin embargo, con respecto a las explotaciones comunitarias que ser\u00e1n objeto de dicha medida, si se toman los datos m\u00e1s recientes, en el caso de la avicultura, la cifra pasa del 15% al 58% de las granjas av\u00edcolas, mientras que en el caso del sector porcino, el n\u00famero pasa del 18% al 61% de las explotaciones de dicho sector. \u00bfC\u00f3mo es posible que las decisiones est\u00e9n basadas en un c\u00e1lculo tan err\u00f3neo?<\/p>\n\n\n\n<p>Con esto se queda patente, por si a\u00fan fuera necesario demostrarlo, que estos planteamientos por objetivos y umbrales que se establecen en la Estrategia \u00abDe la granja a la mesa\u00bb son ante todo de \u00edndole pol\u00edtica, pero tienen adem\u00e1s un car\u00e1cter punitivo, sin hablar de lo desconectados que est\u00e1n de la realidad sobre el terreno. Desde el Copa y la Cogeca se espera que los responsables pol\u00edticos de la UE se tomen en serio esta nueva informaci\u00f3n y que reeval\u00faen la propuesta de la Comisi\u00f3n.<\/p>\n","protected":false},"excerpt":{"rendered":"<p>En abril de 2022, la Comisi\u00f3n Europea lanz\u00f3 su propuesta de revisi\u00f3n de la Directiva sobre las emisiones industriales (DEI), que abarca medidas que se dirigen a los ganaderos europeos. Con el enfoque adoptado por la Comisi\u00f3n Europea, que ha sido objeto de duras cr\u00edticas, se fija el umbral para el sector ganadero en 150 [&hellip;]<\/p>\n","protected":false},"author":9,"featured_media":8194,"comment_status":"open","ping_status":"open","sticky":false,"template":"","format":"standard","meta":{"footnotes":""},"categories":[9,29,28],"tags":[],"yoast_head":"<!-- This site is optimized with the Yoast SEO plugin v24.5 - https:\/\/yoast.com\/wordpress\/plugins\/seo\/ -->\n<title>El umbral ganadero de la DEI: \u00bfse derrumba el castillo de naipes? - ASAJA Palencia<\/title>\n<meta name=\"description\" content=\"En abril de 2022, la Comisi\u00f3n Europea lanz\u00f3 su propuesta de revisi\u00f3n de la Directiva sobre las emisiones industriales (DEI), que abarca medidas que se\" \/>\n<meta name=\"robots\" content=\"index, follow, max-snippet:-1, max-image-preview:large, max-video-preview:-1\" \/>\n<link rel=\"canonical\" href=\"https:\/\/www.asajacyl.com\/palencia\/asaja-palencia-informa\/el-umbral-ganadero-de-la-dei-se-derrumba-el-castillo-de-naipes\" \/>\n<meta property=\"og:locale\" content=\"es_ES\" \/>\n<meta property=\"og:type\" content=\"article\" \/>\n<meta property=\"og:title\" content=\"El umbral ganadero de la DEI: \u00bfse derrumba el castillo de naipes? - ASAJA Palencia\" \/>\n<meta property=\"og:description\" content=\"En abril de 2022, la Comisi\u00f3n Europea lanz\u00f3 su propuesta de revisi\u00f3n de la Directiva sobre las emisiones industriales (DEI), que abarca medidas que se\" \/>\n<meta property=\"og:url\" content=\"https:\/\/www.asajacyl.com\/palencia\/asaja-palencia-informa\/el-umbral-ganadero-de-la-dei-se-derrumba-el-castillo-de-naipes\" \/>\n<meta property=\"og:site_name\" content=\"ASAJA Palencia\" \/>\n<meta property=\"article:published_time\" content=\"2023-03-23T12:01:19+00:00\" \/>\n<meta property=\"og:image\" content=\"https:\/\/www.asajacyl.com\/palencia\/wp-content\/uploads\/sites\/3\/2021\/04\/COPACOGECA.jpg\" \/>\n\t<meta property=\"og:image:width\" content=\"1280\" \/>\n\t<meta property=\"og:image:height\" content=\"693\" \/>\n\t<meta property=\"og:image:type\" content=\"image\/jpeg\" \/>\n<meta name=\"author\" content=\"Administrador\" \/>\n<meta name=\"twitter:card\" content=\"summary_large_image\" \/>\n<meta name=\"twitter:label1\" content=\"Escrito por\" \/>\n\t<meta name=\"twitter:data1\" content=\"Administrador\" \/>\n\t<meta name=\"twitter:label2\" content=\"Tiempo de lectura\" \/>\n\t<meta name=\"twitter:data2\" content=\"2 minutos\" \/>\n<script type=\"application\/ld+json\" class=\"yoast-schema-graph\">{\"@context\":\"https:\/\/schema.org\",\"@graph\":[{\"@type\":\"WebPage\",\"@id\":\"https:\/\/www.asajacyl.com\/palencia\/asaja-palencia-informa\/el-umbral-ganadero-de-la-dei-se-derrumba-el-castillo-de-naipes\",\"url\":\"https:\/\/www.asajacyl.com\/palencia\/asaja-palencia-informa\/el-umbral-ganadero-de-la-dei-se-derrumba-el-castillo-de-naipes\",\"name\":\"El umbral ganadero de la DEI: \u00bfse derrumba el castillo de naipes? - ASAJA Palencia\",\"isPartOf\":{\"@id\":\"https:\/\/www.asajacyl.com\/palencia\/#website\"},\"primaryImageOfPage\":{\"@id\":\"https:\/\/www.asajacyl.com\/palencia\/asaja-palencia-informa\/el-umbral-ganadero-de-la-dei-se-derrumba-el-castillo-de-naipes#primaryimage\"},\"image\":{\"@id\":\"https:\/\/www.asajacyl.com\/palencia\/asaja-palencia-informa\/el-umbral-ganadero-de-la-dei-se-derrumba-el-castillo-de-naipes#primaryimage\"},\"thumbnailUrl\":\"https:\/\/www.asajacyl.com\/palencia\/wp-content\/uploads\/sites\/3\/2021\/04\/COPACOGECA.jpg\",\"datePublished\":\"2023-03-23T12:01:19+00:00\",\"author\":{\"@id\":\"https:\/\/www.asajacyl.com\/palencia\/#\/schema\/person\/3ab17aeb03527485c317557fae64aab1\"},\"description\":\"En abril de 2022, la Comisi\u00f3n Europea lanz\u00f3 su propuesta de revisi\u00f3n de la Directiva sobre las emisiones industriales (DEI), que abarca medidas que se\",\"breadcrumb\":{\"@id\":\"https:\/\/www.asajacyl.com\/palencia\/asaja-palencia-informa\/el-umbral-ganadero-de-la-dei-se-derrumba-el-castillo-de-naipes#breadcrumb\"},\"inLanguage\":\"es\",\"potentialAction\":[{\"@type\":\"ReadAction\",\"target\":[\"https:\/\/www.asajacyl.com\/palencia\/asaja-palencia-informa\/el-umbral-ganadero-de-la-dei-se-derrumba-el-castillo-de-naipes\"]}]},{\"@type\":\"ImageObject\",\"inLanguage\":\"es\",\"@id\":\"https:\/\/www.asajacyl.com\/palencia\/asaja-palencia-informa\/el-umbral-ganadero-de-la-dei-se-derrumba-el-castillo-de-naipes#primaryimage\",\"url\":\"https:\/\/www.asajacyl.com\/palencia\/wp-content\/uploads\/sites\/3\/2021\/04\/COPACOGECA.jpg\",\"contentUrl\":\"https:\/\/www.asajacyl.com\/palencia\/wp-content\/uploads\/sites\/3\/2021\/04\/COPACOGECA.jpg\",\"width\":1280,\"height\":693},{\"@type\":\"BreadcrumbList\",\"@id\":\"https:\/\/www.asajacyl.com\/palencia\/asaja-palencia-informa\/el-umbral-ganadero-de-la-dei-se-derrumba-el-castillo-de-naipes#breadcrumb\",\"itemListElement\":[{\"@type\":\"ListItem\",\"position\":1,\"name\":\"Portada\",\"item\":\"https:\/\/www.asajacyl.com\/palencia\/\"},{\"@type\":\"ListItem\",\"position\":2,\"name\":\"El umbral ganadero de la DEI: \u00bfse derrumba el castillo de naipes?\"}]},{\"@type\":\"WebSite\",\"@id\":\"https:\/\/www.asajacyl.com\/palencia\/#website\",\"url\":\"https:\/\/www.asajacyl.com\/palencia\/\",\"name\":\"ASAJA Palencia\",\"description\":\"Otro sitio m\u00e1s de Provincias ASAJA Castilla y Le\u00f3n\",\"potentialAction\":[{\"@type\":\"SearchAction\",\"target\":{\"@type\":\"EntryPoint\",\"urlTemplate\":\"https:\/\/www.asajacyl.com\/palencia\/?s={search_term_string}\"},\"query-input\":{\"@type\":\"PropertyValueSpecification\",\"valueRequired\":true,\"valueName\":\"search_term_string\"}}],\"inLanguage\":\"es\"},{\"@type\":\"Person\",\"@id\":\"https:\/\/www.asajacyl.com\/palencia\/#\/schema\/person\/3ab17aeb03527485c317557fae64aab1\",\"name\":\"Administrador\",\"image\":{\"@type\":\"ImageObject\",\"inLanguage\":\"es\",\"@id\":\"https:\/\/www.asajacyl.com\/palencia\/#\/schema\/person\/image\/\",\"url\":\"https:\/\/secure.gravatar.com\/avatar\/517384810d242ca9e38c180f3c9fb973?s=96&d=mm&r=g\",\"contentUrl\":\"https:\/\/secure.gravatar.com\/avatar\/517384810d242ca9e38c180f3c9fb973?s=96&d=mm&r=g\",\"caption\":\"Administrador\"},\"url\":\"https:\/\/www.asajacyl.com\/palencia\/author\/carlosrm\"}]}<\/script>\n<!-- \/ Yoast SEO plugin. -->","yoast_head_json":{"title":"El umbral ganadero de la DEI: \u00bfse derrumba el castillo de naipes? - ASAJA Palencia","description":"En abril de 2022, la Comisi\u00f3n Europea lanz\u00f3 su propuesta de revisi\u00f3n de la Directiva sobre las emisiones industriales (DEI), que abarca medidas que se","robots":{"index":"index","follow":"follow","max-snippet":"max-snippet:-1","max-image-preview":"max-image-preview:large","max-video-preview":"max-video-preview:-1"},"canonical":"https:\/\/www.asajacyl.com\/palencia\/asaja-palencia-informa\/el-umbral-ganadero-de-la-dei-se-derrumba-el-castillo-de-naipes","og_locale":"es_ES","og_type":"article","og_title":"El umbral ganadero de la DEI: \u00bfse derrumba el castillo de naipes? - ASAJA Palencia","og_description":"En abril de 2022, la Comisi\u00f3n Europea lanz\u00f3 su propuesta de revisi\u00f3n de la Directiva sobre las emisiones industriales (DEI), que abarca medidas que se","og_url":"https:\/\/www.asajacyl.com\/palencia\/asaja-palencia-informa\/el-umbral-ganadero-de-la-dei-se-derrumba-el-castillo-de-naipes","og_site_name":"ASAJA Palencia","article_published_time":"2023-03-23T12:01:19+00:00","og_image":[{"width":1280,"height":693,"url":"https:\/\/www.asajacyl.com\/palencia\/wp-content\/uploads\/sites\/3\/2021\/04\/COPACOGECA.jpg","type":"image\/jpeg"}],"author":"Administrador","twitter_card":"summary_large_image","twitter_misc":{"Escrito por":"Administrador","Tiempo de lectura":"2 minutos"},"schema":{"@context":"https:\/\/schema.org","@graph":[{"@type":"WebPage","@id":"https:\/\/www.asajacyl.com\/palencia\/asaja-palencia-informa\/el-umbral-ganadero-de-la-dei-se-derrumba-el-castillo-de-naipes","url":"https:\/\/www.asajacyl.com\/palencia\/asaja-palencia-informa\/el-umbral-ganadero-de-la-dei-se-derrumba-el-castillo-de-naipes","name":"El umbral ganadero de la DEI: \u00bfse derrumba el castillo de naipes? - ASAJA Palencia","isPartOf":{"@id":"https:\/\/www.asajacyl.com\/palencia\/#website"},"primaryImageOfPage":{"@id":"https:\/\/www.asajacyl.com\/palencia\/asaja-palencia-informa\/el-umbral-ganadero-de-la-dei-se-derrumba-el-castillo-de-naipes#primaryimage"},"image":{"@id":"https:\/\/www.asajacyl.com\/palencia\/asaja-palencia-informa\/el-umbral-ganadero-de-la-dei-se-derrumba-el-castillo-de-naipes#primaryimage"},"thumbnailUrl":"https:\/\/www.asajacyl.com\/palencia\/wp-content\/uploads\/sites\/3\/2021\/04\/COPACOGECA.jpg","datePublished":"2023-03-23T12:01:19+00:00","author":{"@id":"https:\/\/www.asajacyl.com\/palencia\/#\/schema\/person\/3ab17aeb03527485c317557fae64aab1"},"description":"En abril de 2022, la Comisi\u00f3n Europea lanz\u00f3 su propuesta de revisi\u00f3n de la Directiva sobre las emisiones industriales (DEI), que abarca medidas que se","breadcrumb":{"@id":"https:\/\/www.asajacyl.com\/palencia\/asaja-palencia-informa\/el-umbral-ganadero-de-la-dei-se-derrumba-el-castillo-de-naipes#breadcrumb"},"inLanguage":"es","potentialAction":[{"@type":"ReadAction","target":["https:\/\/www.asajacyl.com\/palencia\/asaja-palencia-informa\/el-umbral-ganadero-de-la-dei-se-derrumba-el-castillo-de-naipes"]}]},{"@type":"ImageObject","inLanguage":"es","@id":"https:\/\/www.asajacyl.com\/palencia\/asaja-palencia-informa\/el-umbral-ganadero-de-la-dei-se-derrumba-el-castillo-de-naipes#primaryimage","url":"https:\/\/www.asajacyl.com\/palencia\/wp-content\/uploads\/sites\/3\/2021\/04\/COPACOGECA.jpg","contentUrl":"https:\/\/www.asajacyl.com\/palencia\/wp-content\/uploads\/sites\/3\/2021\/04\/COPACOGECA.jpg","width":1280,"height":693},{"@type":"BreadcrumbList","@id":"https:\/\/www.asajacyl.com\/palencia\/asaja-palencia-informa\/el-umbral-ganadero-de-la-dei-se-derrumba-el-castillo-de-naipes#breadcrumb","itemListElement":[{"@type":"ListItem","position":1,"name":"Portada","item":"https:\/\/www.asajacyl.com\/palencia\/"},{"@type":"ListItem","position":2,"name":"El umbral ganadero de la DEI: \u00bfse derrumba el castillo de naipes?"}]},{"@type":"WebSite","@id":"https:\/\/www.asajacyl.com\/palencia\/#website","url":"https:\/\/www.asajacyl.com\/palencia\/","name":"ASAJA Palencia","description":"Otro sitio m\u00e1s de Provincias ASAJA Castilla y Le\u00f3n","potentialAction":[{"@type":"SearchAction","target":{"@type":"EntryPoint","urlTemplate":"https:\/\/www.asajacyl.com\/palencia\/?s={search_term_string}"},"query-input":{"@type":"PropertyValueSpecification","valueRequired":true,"valueName":"search_term_string"}}],"inLanguage":"es"},{"@type":"Person","@id":"https:\/\/www.asajacyl.com\/palencia\/#\/schema\/person\/3ab17aeb03527485c317557fae64aab1","name":"Administrador","image":{"@type":"ImageObject","inLanguage":"es","@id":"https:\/\/www.asajacyl.com\/palencia\/#\/schema\/person\/image\/","url":"https:\/\/secure.gravatar.com\/avatar\/517384810d242ca9e38c180f3c9fb973?s=96&d=mm&r=g","contentUrl":"https:\/\/secure.gravatar.com\/avatar\/517384810d242ca9e38c180f3c9fb973?s=96&d=mm&r=g","caption":"Administrador"},"url":"https:\/\/www.asajacyl.com\/palencia\/author\/carlosrm"}]}},"_links":{"self":[{"href":"https:\/\/www.asajacyl.com\/palencia\/wp-json\/wp\/v2\/posts\/12649"}],"collection":[{"href":"https:\/\/www.asajacyl.com\/palencia\/wp-json\/wp\/v2\/posts"}],"about":[{"href":"https:\/\/www.asajacyl.com\/palencia\/wp-json\/wp\/v2\/types\/post"}],"author":[{"embeddable":true,"href":"https:\/\/www.asajacyl.com\/palencia\/wp-json\/wp\/v2\/users\/9"}],"replies":[{"embeddable":true,"href":"https:\/\/www.asajacyl.com\/palencia\/wp-json\/wp\/v2\/comments?post=12649"}],"version-history":[{"count":1,"href":"https:\/\/www.asajacyl.com\/palencia\/wp-json\/wp\/v2\/posts\/12649\/revisions"}],"predecessor-version":[{"id":12650,"href":"https:\/\/www.asajacyl.com\/palencia\/wp-json\/wp\/v2\/posts\/12649\/revisions\/12650"}],"wp:featuredmedia":[{"embeddable":true,"href":"https:\/\/www.asajacyl.com\/palencia\/wp-json\/wp\/v2\/media\/8194"}],"wp:attachment":[{"href":"https:\/\/www.asajacyl.com\/palencia\/wp-json\/wp\/v2\/media?parent=12649"}],"wp:term":[{"taxonomy":"category","embeddable":true,"href":"https:\/\/www.asajacyl.com\/palencia\/wp-json\/wp\/v2\/categories?post=12649"},{"taxonomy":"post_tag","embeddable":true,"href":"https:\/\/www.asajacyl.com\/palencia\/wp-json\/wp\/v2\/tags?post=12649"}],"curies":[{"name":"wp","href":"https:\/\/api.w.org\/{rel}","templated":true}]}}