{"id":12657,"date":"2023-03-22T13:04:05","date_gmt":"2023-03-22T12:04:05","guid":{"rendered":"https:\/\/www.asajacyl.com\/palencia\/?p=12657"},"modified":"2023-03-22T13:12:15","modified_gmt":"2023-03-22T12:12:15","slug":"22-marzo-dia-mundial-del-agua-en-el-pisuerga-faltos-de-agua-y-en-el-carrion-dejandola-ir-al-mar","status":"publish","type":"post","link":"https:\/\/www.asajacyl.com\/palencia\/asaja-palencia-informa\/noticias\/destacados\/22-marzo-dia-mundial-del-agua-en-el-pisuerga-faltos-de-agua-y-en-el-carrion-dejandola-ir-al-mar","title":{"rendered":"22-Marzo, D\u00eda Mundial del Agua | En el Pisuerga, faltos de agua; y en el Carri\u00f3n, dej\u00e1ndola ir al mar"},"content":{"rendered":"\n<p>Hoy, d\u00eda 22 de marzo, es el D\u00eda Mundial del Agua, l\u00edquido elemento al que le debe mucho toda la humanidad, por ser fuente de vida. En la provincia de Palencia somos muy dependientes de ella para abastecer <strong>m\u00e1s de 70.000 hect\u00e1reas de regad\u00edo que dispone nuestro territorio<\/strong>. Son relativamente pocas y, en muchos casos, carentes del agua necesaria para funcionar a pleno rendimiento. Y no es que no llueva en nuestra provincia, sino que no hacemos acopio como se deber\u00eda, por una falta cr\u00f3nica de infraestructuras de almacenamiento, unida a la ausencia, por parte de la Confederaci\u00f3n Hidrogr\u00e1fica del Duero, de la ambici\u00f3n necesaria para dar soluci\u00f3n a este problema. Parece que la pol\u00edtica de la CHD se inclina por cruzarse de brazos, acaso pensando que si llueve poco, es mejor no invertir en infraestructuras que guarden esa agua.<\/p>\n\n\n\n<p>Afortunadamente, el indicador de \u2018Sequ\u00eda prolongada\u2019 ha vuelto a niveles de \u00abnormalidad\u00bb, tanto en el sistema Carri\u00f3n como en el sistema Pisuerga, que lo abandon\u00f3 en enero (fue el \u00faltimo sistema en volver a la normalidad de toda la cuenca del Duero). En cuanto al \u00edndice de \u2018Escasez\u2019, el sistema Carri\u00f3n tambi\u00e9n se encuentra en la \u00abnormalidad\u00bb, mientras el sistema Pisuerga est\u00e1 en \u00abprealerta\u00bb (tras haber permanecido un a\u00f1o en las situaciones de \u00abalerta\u00bb y \u00abemergencia\u00bb), cierto es que rayando la \u00abalerta\u00bb, seg\u00fan los indicadores manejados por la CHD.<\/p>\n\n\n\n<p>Seg\u00fan la propia web de la Confederaci\u00f3n, el embalse de Camporredondo (sistema Carri\u00f3n) es capaz de almacenar 70 millones de metros c\u00fabicos de agua (es decir, 70 hect\u00f3metros c\u00fabicos (hm<sup>3<\/sup>). En las \u00faltimas fechas hemos visto como la CHD, dentro del apartado de \u00absituaci\u00f3n de los embalses\u00bb ha \u2018birlado\u2019 1,3 hm<sup>3<\/sup> a este embalse, e indica que su capacidad es de 68,7 hm<sup>3<\/sup>. A fecha de hoy, 22 de marzo, el<strong> sistema Carri\u00f3n<\/strong> \u2014capaz de retener, con esas nuevas cifras, hasta 163,7 hm<sup>3 <\/sup>de agua\u2014 embalsa 150,8 hm<sup>3<\/sup> (m\u00e1s del 92%), y libera agua a raz\u00f3n de 12,4 metros c\u00fabicos por segundo (m<sup>3<\/sup>\/s. Es una pena no poder embalsar m\u00e1s agua en el sistema Carri\u00f3n y que se est\u00e9 yendo al mar. Las matem\u00e1ticas asustan, porque ese ritmo de desembalse equivale a desaprovechar 0,86 hm<sup>3<\/sup> al d\u00eda.<\/p>\n\n\n\n<p>En el <strong>sistema Pisuerga<\/strong>, cuya capacidad total asciende a 315,7 hm<sup>3<\/sup>, la situaci\u00f3n actual es mejor que la del a\u00f1o pasado, ya que dispone de 150,3 hm<sup>3<\/sup> (cerca del 48% de esa capacidad), mientras que en las mismas fechas de 2022 contaba con 135,2 hm<sup>3<\/sup>. No obstante, la situaci\u00f3n se mantiene muy preocupante, ya que la media de la d\u00e9cada ronda los 216 hm<sup>3<\/sup>, muy por encima de los datos actuales.<\/p>\n\n\n\n<p>Ya indica la CHD en sus informaciones que \u00ablas reservas existentes en los embalses del Pisuerga, m\u00e1s las reservas en forma de nieve, suponen menos del 48% de la demanda de la unidad territorial Pisuerga\u00bb, situaci\u00f3n que \u00abno ofrece certeza de que las demandas de estas zonas puedan ser atendidas adecuadamente en el presente a\u00f1o hidrol\u00f3gico\u00bb, y augura que \u00abla disponibilidad de agua ser\u00e1 limitada para los riegos que dependen de este sistema\u00bb. <\/p>\n\n\n\n<p>L<strong>as Juntas de Explotaci\u00f3n se celebrar\u00e1n los d\u00edas 28 (sistema Carri\u00f3n) y 29 (sistema Pisuerga) de este mes<\/strong>, paso previo a la Comisi\u00f3n de Desembalse que decidir\u00e1 la dotaci\u00f3n que se otorgar\u00e1 a nuestros regantes. Esperemos que la climatolog\u00eda de la primavera acompa\u00f1e a los regantes del Carri\u00f3n, que sufren una carest\u00eda hist\u00f3rica de regulaci\u00f3n y que necesitan ver rellenar sus embalses con las aguas de estos meses y con el deshielo; y a los del Pisuerga, que vuelven este a\u00f1o a tener carencia de agua embalsada. Los regantes de la provincia de Palencia seguir\u00e1n padeciendo el d\u00e9ficit estructural de nuestros sistemas, que no se procura corregir con inversiones adecuadas: por eso, aqu\u00ed ni siquiera el a\u00f1o de nieves nos garantiza un a\u00f1o de bienes.\/<\/p>\n","protected":false},"excerpt":{"rendered":"<p>Hoy, d\u00eda 22 de marzo, es el D\u00eda Mundial del Agua, l\u00edquido elemento al que le debe mucho toda la humanidad, por ser fuente de vida. En la provincia de Palencia somos muy dependientes de ella para abastecer m\u00e1s de 70.000 hect\u00e1reas de regad\u00edo que dispone nuestro territorio. Son relativamente pocas y, en muchos casos, [&hellip;]<\/p>\n","protected":false},"author":9,"featured_media":12666,"comment_status":"open","ping_status":"open","sticky":false,"template":"","format":"standard","meta":{"footnotes":""},"categories":[9,29,30,28],"tags":[42],"yoast_head":"<!-- This site is optimized with the Yoast SEO plugin v24.5 - https:\/\/yoast.com\/wordpress\/plugins\/seo\/ -->\n<title>22-Marzo, D\u00eda Mundial del Agua | En el Pisuerga, faltos de agua; y en el Carri\u00f3n, dej\u00e1ndola ir al mar - ASAJA Palencia<\/title>\n<meta name=\"description\" content=\"Hoy, d\u00eda 22 de marzo, es el D\u00eda Mundial del Agua, l\u00edquido elemento al que le debe mucho toda la humanidad, por ser fuente de vida. En la provincia de\" \/>\n<meta name=\"robots\" content=\"index, follow, max-snippet:-1, max-image-preview:large, max-video-preview:-1\" \/>\n<link rel=\"canonical\" href=\"https:\/\/www.asajacyl.com\/palencia\/asaja-palencia-informa\/noticias\/destacados\/22-marzo-dia-mundial-del-agua-en-el-pisuerga-faltos-de-agua-y-en-el-carrion-dejandola-ir-al-mar\" \/>\n<meta property=\"og:locale\" content=\"es_ES\" \/>\n<meta property=\"og:type\" content=\"article\" \/>\n<meta property=\"og:title\" content=\"22-Marzo, D\u00eda Mundial del Agua | En el Pisuerga, faltos de agua; y en el Carri\u00f3n, dej\u00e1ndola ir al mar - ASAJA Palencia\" \/>\n<meta property=\"og:description\" content=\"Hoy, d\u00eda 22 de marzo, es el D\u00eda Mundial del Agua, l\u00edquido elemento al que le debe mucho toda la humanidad, por ser fuente de vida. En la provincia de\" \/>\n<meta property=\"og:url\" content=\"https:\/\/www.asajacyl.com\/palencia\/asaja-palencia-informa\/noticias\/destacados\/22-marzo-dia-mundial-del-agua-en-el-pisuerga-faltos-de-agua-y-en-el-carrion-dejandola-ir-al-mar\" \/>\n<meta property=\"og:site_name\" content=\"ASAJA Palencia\" \/>\n<meta property=\"article:published_time\" content=\"2023-03-22T12:04:05+00:00\" \/>\n<meta property=\"article:modified_time\" content=\"2023-03-22T12:12:15+00:00\" \/>\n<meta property=\"og:image\" content=\"https:\/\/www.asajacyl.com\/palencia\/wp-content\/uploads\/sites\/3\/2023\/03\/Riego-retocada-1024x595.jpg\" \/>\n\t<meta property=\"og:image:width\" content=\"1024\" \/>\n\t<meta property=\"og:image:height\" content=\"595\" \/>\n\t<meta property=\"og:image:type\" content=\"image\/jpeg\" \/>\n<meta name=\"author\" content=\"Administrador\" \/>\n<meta name=\"twitter:card\" content=\"summary_large_image\" \/>\n<meta name=\"twitter:label1\" content=\"Escrito por\" \/>\n\t<meta name=\"twitter:data1\" content=\"Administrador\" \/>\n\t<meta name=\"twitter:label2\" content=\"Tiempo de lectura\" \/>\n\t<meta name=\"twitter:data2\" content=\"3 minutos\" \/>\n<script type=\"application\/ld+json\" class=\"yoast-schema-graph\">{\"@context\":\"https:\/\/schema.org\",\"@graph\":[{\"@type\":\"WebPage\",\"@id\":\"https:\/\/www.asajacyl.com\/palencia\/asaja-palencia-informa\/noticias\/destacados\/22-marzo-dia-mundial-del-agua-en-el-pisuerga-faltos-de-agua-y-en-el-carrion-dejandola-ir-al-mar\",\"url\":\"https:\/\/www.asajacyl.com\/palencia\/asaja-palencia-informa\/noticias\/destacados\/22-marzo-dia-mundial-del-agua-en-el-pisuerga-faltos-de-agua-y-en-el-carrion-dejandola-ir-al-mar\",\"name\":\"22-Marzo, D\u00eda Mundial del Agua | En el Pisuerga, faltos de agua; y en el Carri\u00f3n, dej\u00e1ndola ir al mar - ASAJA Palencia\",\"isPartOf\":{\"@id\":\"https:\/\/www.asajacyl.com\/palencia\/#website\"},\"primaryImageOfPage\":{\"@id\":\"https:\/\/www.asajacyl.com\/palencia\/asaja-palencia-informa\/noticias\/destacados\/22-marzo-dia-mundial-del-agua-en-el-pisuerga-faltos-de-agua-y-en-el-carrion-dejandola-ir-al-mar#primaryimage\"},\"image\":{\"@id\":\"https:\/\/www.asajacyl.com\/palencia\/asaja-palencia-informa\/noticias\/destacados\/22-marzo-dia-mundial-del-agua-en-el-pisuerga-faltos-de-agua-y-en-el-carrion-dejandola-ir-al-mar#primaryimage\"},\"thumbnailUrl\":\"https:\/\/www.asajacyl.com\/palencia\/wp-content\/uploads\/sites\/3\/2023\/03\/Riego-retocada.jpg\",\"datePublished\":\"2023-03-22T12:04:05+00:00\",\"dateModified\":\"2023-03-22T12:12:15+00:00\",\"author\":{\"@id\":\"https:\/\/www.asajacyl.com\/palencia\/#\/schema\/person\/3ab17aeb03527485c317557fae64aab1\"},\"description\":\"Hoy, d\u00eda 22 de marzo, es el D\u00eda Mundial del Agua, l\u00edquido elemento al que le debe mucho toda la humanidad, por ser fuente de vida. En la provincia de\",\"breadcrumb\":{\"@id\":\"https:\/\/www.asajacyl.com\/palencia\/asaja-palencia-informa\/noticias\/destacados\/22-marzo-dia-mundial-del-agua-en-el-pisuerga-faltos-de-agua-y-en-el-carrion-dejandola-ir-al-mar#breadcrumb\"},\"inLanguage\":\"es\",\"potentialAction\":[{\"@type\":\"ReadAction\",\"target\":[\"https:\/\/www.asajacyl.com\/palencia\/asaja-palencia-informa\/noticias\/destacados\/22-marzo-dia-mundial-del-agua-en-el-pisuerga-faltos-de-agua-y-en-el-carrion-dejandola-ir-al-mar\"]}]},{\"@type\":\"ImageObject\",\"inLanguage\":\"es\",\"@id\":\"https:\/\/www.asajacyl.com\/palencia\/asaja-palencia-informa\/noticias\/destacados\/22-marzo-dia-mundial-del-agua-en-el-pisuerga-faltos-de-agua-y-en-el-carrion-dejandola-ir-al-mar#primaryimage\",\"url\":\"https:\/\/www.asajacyl.com\/palencia\/wp-content\/uploads\/sites\/3\/2023\/03\/Riego-retocada.jpg\",\"contentUrl\":\"https:\/\/www.asajacyl.com\/palencia\/wp-content\/uploads\/sites\/3\/2023\/03\/Riego-retocada.jpg\",\"width\":2449,\"height\":1424},{\"@type\":\"BreadcrumbList\",\"@id\":\"https:\/\/www.asajacyl.com\/palencia\/asaja-palencia-informa\/noticias\/destacados\/22-marzo-dia-mundial-del-agua-en-el-pisuerga-faltos-de-agua-y-en-el-carrion-dejandola-ir-al-mar#breadcrumb\",\"itemListElement\":[{\"@type\":\"ListItem\",\"position\":1,\"name\":\"Portada\",\"item\":\"https:\/\/www.asajacyl.com\/palencia\/\"},{\"@type\":\"ListItem\",\"position\":2,\"name\":\"22-Marzo, D\u00eda Mundial del Agua | En el Pisuerga, faltos de agua; y en el Carri\u00f3n, dej\u00e1ndola ir al mar\"}]},{\"@type\":\"WebSite\",\"@id\":\"https:\/\/www.asajacyl.com\/palencia\/#website\",\"url\":\"https:\/\/www.asajacyl.com\/palencia\/\",\"name\":\"ASAJA Palencia\",\"description\":\"Otro sitio m\u00e1s de Provincias ASAJA Castilla y Le\u00f3n\",\"potentialAction\":[{\"@type\":\"SearchAction\",\"target\":{\"@type\":\"EntryPoint\",\"urlTemplate\":\"https:\/\/www.asajacyl.com\/palencia\/?s={search_term_string}\"},\"query-input\":{\"@type\":\"PropertyValueSpecification\",\"valueRequired\":true,\"valueName\":\"search_term_string\"}}],\"inLanguage\":\"es\"},{\"@type\":\"Person\",\"@id\":\"https:\/\/www.asajacyl.com\/palencia\/#\/schema\/person\/3ab17aeb03527485c317557fae64aab1\",\"name\":\"Administrador\",\"image\":{\"@type\":\"ImageObject\",\"inLanguage\":\"es\",\"@id\":\"https:\/\/www.asajacyl.com\/palencia\/#\/schema\/person\/image\/\",\"url\":\"https:\/\/secure.gravatar.com\/avatar\/517384810d242ca9e38c180f3c9fb973?s=96&d=mm&r=g\",\"contentUrl\":\"https:\/\/secure.gravatar.com\/avatar\/517384810d242ca9e38c180f3c9fb973?s=96&d=mm&r=g\",\"caption\":\"Administrador\"},\"url\":\"https:\/\/www.asajacyl.com\/palencia\/author\/carlosrm\"}]}<\/script>\n<!-- \/ Yoast SEO plugin. -->","yoast_head_json":{"title":"22-Marzo, D\u00eda Mundial del Agua | En el Pisuerga, faltos de agua; y en el Carri\u00f3n, dej\u00e1ndola ir al mar - ASAJA Palencia","description":"Hoy, d\u00eda 22 de marzo, es el D\u00eda Mundial del Agua, l\u00edquido elemento al que le debe mucho toda la humanidad, por ser fuente de vida. En la provincia de","robots":{"index":"index","follow":"follow","max-snippet":"max-snippet:-1","max-image-preview":"max-image-preview:large","max-video-preview":"max-video-preview:-1"},"canonical":"https:\/\/www.asajacyl.com\/palencia\/asaja-palencia-informa\/noticias\/destacados\/22-marzo-dia-mundial-del-agua-en-el-pisuerga-faltos-de-agua-y-en-el-carrion-dejandola-ir-al-mar","og_locale":"es_ES","og_type":"article","og_title":"22-Marzo, D\u00eda Mundial del Agua | En el Pisuerga, faltos de agua; y en el Carri\u00f3n, dej\u00e1ndola ir al mar - ASAJA Palencia","og_description":"Hoy, d\u00eda 22 de marzo, es el D\u00eda Mundial del Agua, l\u00edquido elemento al que le debe mucho toda la humanidad, por ser fuente de vida. En la provincia de","og_url":"https:\/\/www.asajacyl.com\/palencia\/asaja-palencia-informa\/noticias\/destacados\/22-marzo-dia-mundial-del-agua-en-el-pisuerga-faltos-de-agua-y-en-el-carrion-dejandola-ir-al-mar","og_site_name":"ASAJA Palencia","article_published_time":"2023-03-22T12:04:05+00:00","article_modified_time":"2023-03-22T12:12:15+00:00","og_image":[{"width":1024,"height":595,"url":"https:\/\/www.asajacyl.com\/palencia\/wp-content\/uploads\/sites\/3\/2023\/03\/Riego-retocada-1024x595.jpg","type":"image\/jpeg"}],"author":"Administrador","twitter_card":"summary_large_image","twitter_misc":{"Escrito por":"Administrador","Tiempo de lectura":"3 minutos"},"schema":{"@context":"https:\/\/schema.org","@graph":[{"@type":"WebPage","@id":"https:\/\/www.asajacyl.com\/palencia\/asaja-palencia-informa\/noticias\/destacados\/22-marzo-dia-mundial-del-agua-en-el-pisuerga-faltos-de-agua-y-en-el-carrion-dejandola-ir-al-mar","url":"https:\/\/www.asajacyl.com\/palencia\/asaja-palencia-informa\/noticias\/destacados\/22-marzo-dia-mundial-del-agua-en-el-pisuerga-faltos-de-agua-y-en-el-carrion-dejandola-ir-al-mar","name":"22-Marzo, D\u00eda Mundial del Agua | En el Pisuerga, faltos de agua; y en el Carri\u00f3n, dej\u00e1ndola ir al mar - ASAJA Palencia","isPartOf":{"@id":"https:\/\/www.asajacyl.com\/palencia\/#website"},"primaryImageOfPage":{"@id":"https:\/\/www.asajacyl.com\/palencia\/asaja-palencia-informa\/noticias\/destacados\/22-marzo-dia-mundial-del-agua-en-el-pisuerga-faltos-de-agua-y-en-el-carrion-dejandola-ir-al-mar#primaryimage"},"image":{"@id":"https:\/\/www.asajacyl.com\/palencia\/asaja-palencia-informa\/noticias\/destacados\/22-marzo-dia-mundial-del-agua-en-el-pisuerga-faltos-de-agua-y-en-el-carrion-dejandola-ir-al-mar#primaryimage"},"thumbnailUrl":"https:\/\/www.asajacyl.com\/palencia\/wp-content\/uploads\/sites\/3\/2023\/03\/Riego-retocada.jpg","datePublished":"2023-03-22T12:04:05+00:00","dateModified":"2023-03-22T12:12:15+00:00","author":{"@id":"https:\/\/www.asajacyl.com\/palencia\/#\/schema\/person\/3ab17aeb03527485c317557fae64aab1"},"description":"Hoy, d\u00eda 22 de marzo, es el D\u00eda Mundial del Agua, l\u00edquido elemento al que le debe mucho toda la humanidad, por ser fuente de vida. En la provincia de","breadcrumb":{"@id":"https:\/\/www.asajacyl.com\/palencia\/asaja-palencia-informa\/noticias\/destacados\/22-marzo-dia-mundial-del-agua-en-el-pisuerga-faltos-de-agua-y-en-el-carrion-dejandola-ir-al-mar#breadcrumb"},"inLanguage":"es","potentialAction":[{"@type":"ReadAction","target":["https:\/\/www.asajacyl.com\/palencia\/asaja-palencia-informa\/noticias\/destacados\/22-marzo-dia-mundial-del-agua-en-el-pisuerga-faltos-de-agua-y-en-el-carrion-dejandola-ir-al-mar"]}]},{"@type":"ImageObject","inLanguage":"es","@id":"https:\/\/www.asajacyl.com\/palencia\/asaja-palencia-informa\/noticias\/destacados\/22-marzo-dia-mundial-del-agua-en-el-pisuerga-faltos-de-agua-y-en-el-carrion-dejandola-ir-al-mar#primaryimage","url":"https:\/\/www.asajacyl.com\/palencia\/wp-content\/uploads\/sites\/3\/2023\/03\/Riego-retocada.jpg","contentUrl":"https:\/\/www.asajacyl.com\/palencia\/wp-content\/uploads\/sites\/3\/2023\/03\/Riego-retocada.jpg","width":2449,"height":1424},{"@type":"BreadcrumbList","@id":"https:\/\/www.asajacyl.com\/palencia\/asaja-palencia-informa\/noticias\/destacados\/22-marzo-dia-mundial-del-agua-en-el-pisuerga-faltos-de-agua-y-en-el-carrion-dejandola-ir-al-mar#breadcrumb","itemListElement":[{"@type":"ListItem","position":1,"name":"Portada","item":"https:\/\/www.asajacyl.com\/palencia\/"},{"@type":"ListItem","position":2,"name":"22-Marzo, D\u00eda Mundial del Agua | En el Pisuerga, faltos de agua; y en el Carri\u00f3n, dej\u00e1ndola ir al mar"}]},{"@type":"WebSite","@id":"https:\/\/www.asajacyl.com\/palencia\/#website","url":"https:\/\/www.asajacyl.com\/palencia\/","name":"ASAJA Palencia","description":"Otro sitio m\u00e1s de Provincias ASAJA Castilla y Le\u00f3n","potentialAction":[{"@type":"SearchAction","target":{"@type":"EntryPoint","urlTemplate":"https:\/\/www.asajacyl.com\/palencia\/?s={search_term_string}"},"query-input":{"@type":"PropertyValueSpecification","valueRequired":true,"valueName":"search_term_string"}}],"inLanguage":"es"},{"@type":"Person","@id":"https:\/\/www.asajacyl.com\/palencia\/#\/schema\/person\/3ab17aeb03527485c317557fae64aab1","name":"Administrador","image":{"@type":"ImageObject","inLanguage":"es","@id":"https:\/\/www.asajacyl.com\/palencia\/#\/schema\/person\/image\/","url":"https:\/\/secure.gravatar.com\/avatar\/517384810d242ca9e38c180f3c9fb973?s=96&d=mm&r=g","contentUrl":"https:\/\/secure.gravatar.com\/avatar\/517384810d242ca9e38c180f3c9fb973?s=96&d=mm&r=g","caption":"Administrador"},"url":"https:\/\/www.asajacyl.com\/palencia\/author\/carlosrm"}]}},"_links":{"self":[{"href":"https:\/\/www.asajacyl.com\/palencia\/wp-json\/wp\/v2\/posts\/12657"}],"collection":[{"href":"https:\/\/www.asajacyl.com\/palencia\/wp-json\/wp\/v2\/posts"}],"about":[{"href":"https:\/\/www.asajacyl.com\/palencia\/wp-json\/wp\/v2\/types\/post"}],"author":[{"embeddable":true,"href":"https:\/\/www.asajacyl.com\/palencia\/wp-json\/wp\/v2\/users\/9"}],"replies":[{"embeddable":true,"href":"https:\/\/www.asajacyl.com\/palencia\/wp-json\/wp\/v2\/comments?post=12657"}],"version-history":[{"count":2,"href":"https:\/\/www.asajacyl.com\/palencia\/wp-json\/wp\/v2\/posts\/12657\/revisions"}],"predecessor-version":[{"id":12670,"href":"https:\/\/www.asajacyl.com\/palencia\/wp-json\/wp\/v2\/posts\/12657\/revisions\/12670"}],"wp:featuredmedia":[{"embeddable":true,"href":"https:\/\/www.asajacyl.com\/palencia\/wp-json\/wp\/v2\/media\/12666"}],"wp:attachment":[{"href":"https:\/\/www.asajacyl.com\/palencia\/wp-json\/wp\/v2\/media?parent=12657"}],"wp:term":[{"taxonomy":"category","embeddable":true,"href":"https:\/\/www.asajacyl.com\/palencia\/wp-json\/wp\/v2\/categories?post=12657"},{"taxonomy":"post_tag","embeddable":true,"href":"https:\/\/www.asajacyl.com\/palencia\/wp-json\/wp\/v2\/tags?post=12657"}],"curies":[{"name":"wp","href":"https:\/\/api.w.org\/{rel}","templated":true}]}}