{"id":12658,"date":"2023-03-23T13:03:02","date_gmt":"2023-03-23T12:03:02","guid":{"rendered":"https:\/\/www.asajacyl.com\/palencia\/?p=12658"},"modified":"2023-03-22T13:03:27","modified_gmt":"2023-03-22T12:03:27","slug":"asaja-coag-y-upa-solicitan-actuaciones-urgentes-y-la-convocatoria-del-pleno-del-observatorio-de-la-cadena-alimentaria","status":"publish","type":"post","link":"https:\/\/www.asajacyl.com\/palencia\/asaja-palencia-informa\/asaja-coag-y-upa-solicitan-actuaciones-urgentes-y-la-convocatoria-del-pleno-del-observatorio-de-la-cadena-alimentaria","title":{"rendered":"ASAJA, COAG y UPA solicitan actuaciones urgentes y la convocatoria del Pleno del Observatorio de la Cadena Alimentaria"},"content":{"rendered":"\n<p>Las organizaciones profesionales agrarias, ASAJA, COAG y UPA, reclaman al Ministerio de Agricultura, Pesca y Alimentaci\u00f3n, actuaciones urgentes y la convocatoria del Pleno del Observatorio de la Cadena Alimentaria.&nbsp; En una carta conjunta remitida al presidente del Observatorio, Jos\u00e9 Miguel Herrero, las OPA recuerdan que el pasado 20 de febrero tuvo lugar la XV sesi\u00f3n del Pleno del Observatorio de la Cadena. Durante la misma, el ministro Planas anunci\u00f3 la publicaci\u00f3n de los estudios de cadena de valor pendientes, as\u00ed como la actualizaci\u00f3n de los ya aprobados para la leche l\u00edquida y el aceite de oliva virgen extra.<\/p>\n\n\n\n<p>Habiendo discurrido casi un mes desde la celebraci\u00f3n de dicha reuni\u00f3n, las tres organizaciones firmantes <strong>reiteran \u201cla necesidad de aprobar y publicar de manera urgente los estudios para todas las cadenas pendientes<\/strong> (melocot\u00f3n-nectarina, patata, tomate, carne de vacuno, carne de ovino, naranja y lim\u00f3n y miel, as\u00ed como la citada actualizaci\u00f3n tambi\u00e9n de leche l\u00edquida y el aceite de oliva virgen extra)\u201d. A tal fin, solicitamos la convocatoria del Pleno del Observatorio de la Cadena, de manera que podamos cumplir con los compromisos ya adquiridos. <em>\u201cEstos estudios son muy relevantes y beneficiosos para los distintos sectores y para el conjunto de la cadena alimentaria en nuestro pa\u00eds y su transparencia<\/em>\u201d, han subrayado.<\/p>\n\n\n\n<p>Adem\u00e1s, ASAJA, COAG y UPA demandan la puesta en marcha de nuevos estudios de otras cadenas de valor, con el fin de cubrir en el menor plazo posible el mayor n\u00famero de sectores agr\u00edcolas y ganaderos.<\/p>\n\n\n\n<p>Por otro lado, las organizaciones agrarias solicitan que <strong>el Observatorio de Cadena comience a trabajar de manera inmediata en el desarrollo y generaci\u00f3n de \u00edndices de referencia de precios<\/strong>, especialmente para aquellos productos y sectores que no disponen de ellos. La Ley 12\/2013 recoge esta funci\u00f3n para el Observatorio en su art\u00edculo 20.1.m.<\/p>\n\n\n\n<p>Dicha ley establece la obligatoriedad de establecer contratos por escrito, as\u00ed como de contemplar en dichos contratos el precio en cuant\u00eda fija o variable, en funci\u00f3n \u00fanicamente de factores objetivos, verificables y no manipulables. \u201c<em>En muchos sectores y productos no existen tales \u00edndices que puedan cumplir esos criterios, por lo que se hace necesario que el Observatorio los establezca y proporcione as\u00ed a las personas agricultoras y ganaderas y a sus compradores un elemento necesario para las negociaciones\u201d,<\/em> han argumentado.<\/p>\n\n\n\n<p>Por otro lado, y en aras de la transparencia necesaria para el correcto funcionamiento de la cadena de valor, se insta a la <strong>recuperaci\u00f3n de la informaci\u00f3n mensual sobre Precios Venta a P\u00fablico<\/strong>. Dicha informaci\u00f3n se elimin\u00f3 en 2018 por parte del Ministerio de Comercio, con el acuerdo del Ministerio de Agricultura. El propio MAPA facilitaba determinados datos a trav\u00e9s del Panel de Consumo en hogares, pero esta fuente es insuficiente y, hasta donde sabemos, ha dejado de actualizarse en la p\u00e1gina web desde 2021.<\/p>\n\n\n\n<p>Asimismo, es&nbsp; necesario proporcionar informaci\u00f3n concreta y detallada por sectores sobre los <strong>precios de las transacciones en la salida de las industrias<\/strong>. \u201c<em>La transparencia de los precios a los que vendemos los agricultores es muy elevada, con datos p\u00fablicos semanales y otra multitud de fuentes de informaci\u00f3n. Sin embargo, la informaci\u00f3n del resto de eslabones no existe de manera oficial y p\u00fablica. Hay una clara descompensaci\u00f3n en este sentido, que afecta seriamente a la transparencia de la cadena de valor<\/em>\u201d, ha afirmado ASAJA, COAG y UPA. Por \u00faltimo, en el escrito se reclama la creaci\u00f3n de un <strong>Observatorio de costes y mercados de insumos<\/strong> o en su defecto, un grupo de trabajo en el seno del Observatorio de Cadena para analizar los precios y estructura de los distintos costes de producci\u00f3n para el sector primario (piensos, fertilizantes, energ\u00eda, mano de obra\u2026). <em>\u201cNos encontramos en una situaci\u00f3n muy dif\u00edcil para la rentabilidad de las explotaciones agr\u00edcolas y ganaderas. Los indicadores, como apuntaba el propio Ministro en la citada reuni\u00f3n del Observatorio, se\u00f1alan una posible bajada de los insumos y \u00e9sta debe trasladarse lo antes posible y evitando la especulaci\u00f3n a la producci\u00f3n primaria, de manera que puedan verse aliviadas en cierta medida las tensiones inflacionistas que encontramos en la actualidad y los consumidores se vean en una situaci\u00f3n m\u00e1s favorable\u201d,<\/em> han apostillado.<\/p>\n","protected":false},"excerpt":{"rendered":"<p>Las organizaciones profesionales agrarias, ASAJA, COAG y UPA, reclaman al Ministerio de Agricultura, Pesca y Alimentaci\u00f3n, actuaciones urgentes y la convocatoria del Pleno del Observatorio de la Cadena Alimentaria.&nbsp; En una carta conjunta remitida al presidente del Observatorio, Jos\u00e9 Miguel Herrero, las OPA recuerdan que el pasado 20 de febrero tuvo lugar la XV sesi\u00f3n [&hellip;]<\/p>\n","protected":false},"author":9,"featured_media":10971,"comment_status":"open","ping_status":"open","sticky":false,"template":"","format":"standard","meta":{"footnotes":""},"categories":[9,29,28],"tags":[],"yoast_head":"<!-- This site is optimized with the Yoast SEO plugin v24.5 - https:\/\/yoast.com\/wordpress\/plugins\/seo\/ -->\n<title>ASAJA, COAG y UPA solicitan actuaciones urgentes y la convocatoria del Pleno del Observatorio de la Cadena Alimentaria - ASAJA Palencia<\/title>\n<meta name=\"description\" content=\"Las organizaciones profesionales agrarias, ASAJA, COAG y UPA, reclaman al Ministerio de Agricultura, Pesca y Alimentaci\u00f3n, actuaciones urgentes y la\" \/>\n<meta name=\"robots\" content=\"index, follow, max-snippet:-1, max-image-preview:large, max-video-preview:-1\" \/>\n<link rel=\"canonical\" href=\"https:\/\/www.asajacyl.com\/palencia\/asaja-palencia-informa\/asaja-coag-y-upa-solicitan-actuaciones-urgentes-y-la-convocatoria-del-pleno-del-observatorio-de-la-cadena-alimentaria\" \/>\n<meta property=\"og:locale\" content=\"es_ES\" \/>\n<meta property=\"og:type\" content=\"article\" \/>\n<meta property=\"og:title\" content=\"ASAJA, COAG y UPA solicitan actuaciones urgentes y la convocatoria del Pleno del Observatorio de la Cadena Alimentaria - ASAJA Palencia\" \/>\n<meta property=\"og:description\" content=\"Las organizaciones profesionales agrarias, ASAJA, COAG y UPA, reclaman al Ministerio de Agricultura, Pesca y Alimentaci\u00f3n, actuaciones urgentes y la\" \/>\n<meta property=\"og:url\" content=\"https:\/\/www.asajacyl.com\/palencia\/asaja-palencia-informa\/asaja-coag-y-upa-solicitan-actuaciones-urgentes-y-la-convocatoria-del-pleno-del-observatorio-de-la-cadena-alimentaria\" \/>\n<meta property=\"og:site_name\" content=\"ASAJA Palencia\" \/>\n<meta property=\"article:published_time\" content=\"2023-03-23T12:03:02+00:00\" \/>\n<meta property=\"og:image\" content=\"https:\/\/www.asajacyl.com\/palencia\/wp-content\/uploads\/sites\/3\/2022\/06\/VACAS-LECHE-1.jpg\" \/>\n\t<meta property=\"og:image:width\" content=\"1600\" \/>\n\t<meta property=\"og:image:height\" content=\"720\" \/>\n\t<meta property=\"og:image:type\" content=\"image\/jpeg\" \/>\n<meta name=\"author\" content=\"Administrador\" \/>\n<meta name=\"twitter:card\" content=\"summary_large_image\" \/>\n<meta name=\"twitter:label1\" content=\"Escrito por\" \/>\n\t<meta name=\"twitter:data1\" content=\"Administrador\" \/>\n\t<meta name=\"twitter:label2\" content=\"Tiempo de lectura\" \/>\n\t<meta name=\"twitter:data2\" content=\"4 minutos\" \/>\n<script type=\"application\/ld+json\" class=\"yoast-schema-graph\">{\"@context\":\"https:\/\/schema.org\",\"@graph\":[{\"@type\":\"WebPage\",\"@id\":\"https:\/\/www.asajacyl.com\/palencia\/asaja-palencia-informa\/asaja-coag-y-upa-solicitan-actuaciones-urgentes-y-la-convocatoria-del-pleno-del-observatorio-de-la-cadena-alimentaria\",\"url\":\"https:\/\/www.asajacyl.com\/palencia\/asaja-palencia-informa\/asaja-coag-y-upa-solicitan-actuaciones-urgentes-y-la-convocatoria-del-pleno-del-observatorio-de-la-cadena-alimentaria\",\"name\":\"ASAJA, COAG y UPA solicitan actuaciones urgentes y la convocatoria del Pleno del Observatorio de la Cadena Alimentaria - ASAJA Palencia\",\"isPartOf\":{\"@id\":\"https:\/\/www.asajacyl.com\/palencia\/#website\"},\"primaryImageOfPage\":{\"@id\":\"https:\/\/www.asajacyl.com\/palencia\/asaja-palencia-informa\/asaja-coag-y-upa-solicitan-actuaciones-urgentes-y-la-convocatoria-del-pleno-del-observatorio-de-la-cadena-alimentaria#primaryimage\"},\"image\":{\"@id\":\"https:\/\/www.asajacyl.com\/palencia\/asaja-palencia-informa\/asaja-coag-y-upa-solicitan-actuaciones-urgentes-y-la-convocatoria-del-pleno-del-observatorio-de-la-cadena-alimentaria#primaryimage\"},\"thumbnailUrl\":\"https:\/\/www.asajacyl.com\/palencia\/wp-content\/uploads\/sites\/3\/2022\/06\/VACAS-LECHE-1.jpg\",\"datePublished\":\"2023-03-23T12:03:02+00:00\",\"author\":{\"@id\":\"https:\/\/www.asajacyl.com\/palencia\/#\/schema\/person\/3ab17aeb03527485c317557fae64aab1\"},\"description\":\"Las organizaciones profesionales agrarias, ASAJA, COAG y UPA, reclaman al Ministerio de Agricultura, Pesca y Alimentaci\u00f3n, actuaciones urgentes y la\",\"breadcrumb\":{\"@id\":\"https:\/\/www.asajacyl.com\/palencia\/asaja-palencia-informa\/asaja-coag-y-upa-solicitan-actuaciones-urgentes-y-la-convocatoria-del-pleno-del-observatorio-de-la-cadena-alimentaria#breadcrumb\"},\"inLanguage\":\"es\",\"potentialAction\":[{\"@type\":\"ReadAction\",\"target\":[\"https:\/\/www.asajacyl.com\/palencia\/asaja-palencia-informa\/asaja-coag-y-upa-solicitan-actuaciones-urgentes-y-la-convocatoria-del-pleno-del-observatorio-de-la-cadena-alimentaria\"]}]},{\"@type\":\"ImageObject\",\"inLanguage\":\"es\",\"@id\":\"https:\/\/www.asajacyl.com\/palencia\/asaja-palencia-informa\/asaja-coag-y-upa-solicitan-actuaciones-urgentes-y-la-convocatoria-del-pleno-del-observatorio-de-la-cadena-alimentaria#primaryimage\",\"url\":\"https:\/\/www.asajacyl.com\/palencia\/wp-content\/uploads\/sites\/3\/2022\/06\/VACAS-LECHE-1.jpg\",\"contentUrl\":\"https:\/\/www.asajacyl.com\/palencia\/wp-content\/uploads\/sites\/3\/2022\/06\/VACAS-LECHE-1.jpg\",\"width\":1600,\"height\":720},{\"@type\":\"BreadcrumbList\",\"@id\":\"https:\/\/www.asajacyl.com\/palencia\/asaja-palencia-informa\/asaja-coag-y-upa-solicitan-actuaciones-urgentes-y-la-convocatoria-del-pleno-del-observatorio-de-la-cadena-alimentaria#breadcrumb\",\"itemListElement\":[{\"@type\":\"ListItem\",\"position\":1,\"name\":\"Portada\",\"item\":\"https:\/\/www.asajacyl.com\/palencia\/\"},{\"@type\":\"ListItem\",\"position\":2,\"name\":\"ASAJA, COAG y UPA solicitan actuaciones urgentes y la convocatoria del Pleno del Observatorio de la Cadena Alimentaria\"}]},{\"@type\":\"WebSite\",\"@id\":\"https:\/\/www.asajacyl.com\/palencia\/#website\",\"url\":\"https:\/\/www.asajacyl.com\/palencia\/\",\"name\":\"ASAJA Palencia\",\"description\":\"Otro sitio m\u00e1s de Provincias ASAJA Castilla y Le\u00f3n\",\"potentialAction\":[{\"@type\":\"SearchAction\",\"target\":{\"@type\":\"EntryPoint\",\"urlTemplate\":\"https:\/\/www.asajacyl.com\/palencia\/?s={search_term_string}\"},\"query-input\":{\"@type\":\"PropertyValueSpecification\",\"valueRequired\":true,\"valueName\":\"search_term_string\"}}],\"inLanguage\":\"es\"},{\"@type\":\"Person\",\"@id\":\"https:\/\/www.asajacyl.com\/palencia\/#\/schema\/person\/3ab17aeb03527485c317557fae64aab1\",\"name\":\"Administrador\",\"image\":{\"@type\":\"ImageObject\",\"inLanguage\":\"es\",\"@id\":\"https:\/\/www.asajacyl.com\/palencia\/#\/schema\/person\/image\/\",\"url\":\"https:\/\/secure.gravatar.com\/avatar\/517384810d242ca9e38c180f3c9fb973?s=96&d=mm&r=g\",\"contentUrl\":\"https:\/\/secure.gravatar.com\/avatar\/517384810d242ca9e38c180f3c9fb973?s=96&d=mm&r=g\",\"caption\":\"Administrador\"},\"url\":\"https:\/\/www.asajacyl.com\/palencia\/author\/carlosrm\"}]}<\/script>\n<!-- \/ Yoast SEO plugin. -->","yoast_head_json":{"title":"ASAJA, COAG y UPA solicitan actuaciones urgentes y la convocatoria del Pleno del Observatorio de la Cadena Alimentaria - ASAJA Palencia","description":"Las organizaciones profesionales agrarias, ASAJA, COAG y UPA, reclaman al Ministerio de Agricultura, Pesca y Alimentaci\u00f3n, actuaciones urgentes y la","robots":{"index":"index","follow":"follow","max-snippet":"max-snippet:-1","max-image-preview":"max-image-preview:large","max-video-preview":"max-video-preview:-1"},"canonical":"https:\/\/www.asajacyl.com\/palencia\/asaja-palencia-informa\/asaja-coag-y-upa-solicitan-actuaciones-urgentes-y-la-convocatoria-del-pleno-del-observatorio-de-la-cadena-alimentaria","og_locale":"es_ES","og_type":"article","og_title":"ASAJA, COAG y UPA solicitan actuaciones urgentes y la convocatoria del Pleno del Observatorio de la Cadena Alimentaria - ASAJA Palencia","og_description":"Las organizaciones profesionales agrarias, ASAJA, COAG y UPA, reclaman al Ministerio de Agricultura, Pesca y Alimentaci\u00f3n, actuaciones urgentes y la","og_url":"https:\/\/www.asajacyl.com\/palencia\/asaja-palencia-informa\/asaja-coag-y-upa-solicitan-actuaciones-urgentes-y-la-convocatoria-del-pleno-del-observatorio-de-la-cadena-alimentaria","og_site_name":"ASAJA Palencia","article_published_time":"2023-03-23T12:03:02+00:00","og_image":[{"width":1600,"height":720,"url":"https:\/\/www.asajacyl.com\/palencia\/wp-content\/uploads\/sites\/3\/2022\/06\/VACAS-LECHE-1.jpg","type":"image\/jpeg"}],"author":"Administrador","twitter_card":"summary_large_image","twitter_misc":{"Escrito por":"Administrador","Tiempo de lectura":"4 minutos"},"schema":{"@context":"https:\/\/schema.org","@graph":[{"@type":"WebPage","@id":"https:\/\/www.asajacyl.com\/palencia\/asaja-palencia-informa\/asaja-coag-y-upa-solicitan-actuaciones-urgentes-y-la-convocatoria-del-pleno-del-observatorio-de-la-cadena-alimentaria","url":"https:\/\/www.asajacyl.com\/palencia\/asaja-palencia-informa\/asaja-coag-y-upa-solicitan-actuaciones-urgentes-y-la-convocatoria-del-pleno-del-observatorio-de-la-cadena-alimentaria","name":"ASAJA, COAG y UPA solicitan actuaciones urgentes y la convocatoria del Pleno del Observatorio de la Cadena Alimentaria - ASAJA Palencia","isPartOf":{"@id":"https:\/\/www.asajacyl.com\/palencia\/#website"},"primaryImageOfPage":{"@id":"https:\/\/www.asajacyl.com\/palencia\/asaja-palencia-informa\/asaja-coag-y-upa-solicitan-actuaciones-urgentes-y-la-convocatoria-del-pleno-del-observatorio-de-la-cadena-alimentaria#primaryimage"},"image":{"@id":"https:\/\/www.asajacyl.com\/palencia\/asaja-palencia-informa\/asaja-coag-y-upa-solicitan-actuaciones-urgentes-y-la-convocatoria-del-pleno-del-observatorio-de-la-cadena-alimentaria#primaryimage"},"thumbnailUrl":"https:\/\/www.asajacyl.com\/palencia\/wp-content\/uploads\/sites\/3\/2022\/06\/VACAS-LECHE-1.jpg","datePublished":"2023-03-23T12:03:02+00:00","author":{"@id":"https:\/\/www.asajacyl.com\/palencia\/#\/schema\/person\/3ab17aeb03527485c317557fae64aab1"},"description":"Las organizaciones profesionales agrarias, ASAJA, COAG y UPA, reclaman al Ministerio de Agricultura, Pesca y Alimentaci\u00f3n, actuaciones urgentes y la","breadcrumb":{"@id":"https:\/\/www.asajacyl.com\/palencia\/asaja-palencia-informa\/asaja-coag-y-upa-solicitan-actuaciones-urgentes-y-la-convocatoria-del-pleno-del-observatorio-de-la-cadena-alimentaria#breadcrumb"},"inLanguage":"es","potentialAction":[{"@type":"ReadAction","target":["https:\/\/www.asajacyl.com\/palencia\/asaja-palencia-informa\/asaja-coag-y-upa-solicitan-actuaciones-urgentes-y-la-convocatoria-del-pleno-del-observatorio-de-la-cadena-alimentaria"]}]},{"@type":"ImageObject","inLanguage":"es","@id":"https:\/\/www.asajacyl.com\/palencia\/asaja-palencia-informa\/asaja-coag-y-upa-solicitan-actuaciones-urgentes-y-la-convocatoria-del-pleno-del-observatorio-de-la-cadena-alimentaria#primaryimage","url":"https:\/\/www.asajacyl.com\/palencia\/wp-content\/uploads\/sites\/3\/2022\/06\/VACAS-LECHE-1.jpg","contentUrl":"https:\/\/www.asajacyl.com\/palencia\/wp-content\/uploads\/sites\/3\/2022\/06\/VACAS-LECHE-1.jpg","width":1600,"height":720},{"@type":"BreadcrumbList","@id":"https:\/\/www.asajacyl.com\/palencia\/asaja-palencia-informa\/asaja-coag-y-upa-solicitan-actuaciones-urgentes-y-la-convocatoria-del-pleno-del-observatorio-de-la-cadena-alimentaria#breadcrumb","itemListElement":[{"@type":"ListItem","position":1,"name":"Portada","item":"https:\/\/www.asajacyl.com\/palencia\/"},{"@type":"ListItem","position":2,"name":"ASAJA, COAG y UPA solicitan actuaciones urgentes y la convocatoria del Pleno del Observatorio de la Cadena Alimentaria"}]},{"@type":"WebSite","@id":"https:\/\/www.asajacyl.com\/palencia\/#website","url":"https:\/\/www.asajacyl.com\/palencia\/","name":"ASAJA Palencia","description":"Otro sitio m\u00e1s de Provincias ASAJA Castilla y Le\u00f3n","potentialAction":[{"@type":"SearchAction","target":{"@type":"EntryPoint","urlTemplate":"https:\/\/www.asajacyl.com\/palencia\/?s={search_term_string}"},"query-input":{"@type":"PropertyValueSpecification","valueRequired":true,"valueName":"search_term_string"}}],"inLanguage":"es"},{"@type":"Person","@id":"https:\/\/www.asajacyl.com\/palencia\/#\/schema\/person\/3ab17aeb03527485c317557fae64aab1","name":"Administrador","image":{"@type":"ImageObject","inLanguage":"es","@id":"https:\/\/www.asajacyl.com\/palencia\/#\/schema\/person\/image\/","url":"https:\/\/secure.gravatar.com\/avatar\/517384810d242ca9e38c180f3c9fb973?s=96&d=mm&r=g","contentUrl":"https:\/\/secure.gravatar.com\/avatar\/517384810d242ca9e38c180f3c9fb973?s=96&d=mm&r=g","caption":"Administrador"},"url":"https:\/\/www.asajacyl.com\/palencia\/author\/carlosrm"}]}},"_links":{"self":[{"href":"https:\/\/www.asajacyl.com\/palencia\/wp-json\/wp\/v2\/posts\/12658"}],"collection":[{"href":"https:\/\/www.asajacyl.com\/palencia\/wp-json\/wp\/v2\/posts"}],"about":[{"href":"https:\/\/www.asajacyl.com\/palencia\/wp-json\/wp\/v2\/types\/post"}],"author":[{"embeddable":true,"href":"https:\/\/www.asajacyl.com\/palencia\/wp-json\/wp\/v2\/users\/9"}],"replies":[{"embeddable":true,"href":"https:\/\/www.asajacyl.com\/palencia\/wp-json\/wp\/v2\/comments?post=12658"}],"version-history":[{"count":1,"href":"https:\/\/www.asajacyl.com\/palencia\/wp-json\/wp\/v2\/posts\/12658\/revisions"}],"predecessor-version":[{"id":12667,"href":"https:\/\/www.asajacyl.com\/palencia\/wp-json\/wp\/v2\/posts\/12658\/revisions\/12667"}],"wp:featuredmedia":[{"embeddable":true,"href":"https:\/\/www.asajacyl.com\/palencia\/wp-json\/wp\/v2\/media\/10971"}],"wp:attachment":[{"href":"https:\/\/www.asajacyl.com\/palencia\/wp-json\/wp\/v2\/media?parent=12658"}],"wp:term":[{"taxonomy":"category","embeddable":true,"href":"https:\/\/www.asajacyl.com\/palencia\/wp-json\/wp\/v2\/categories?post=12658"},{"taxonomy":"post_tag","embeddable":true,"href":"https:\/\/www.asajacyl.com\/palencia\/wp-json\/wp\/v2\/tags?post=12658"}],"curies":[{"name":"wp","href":"https:\/\/api.w.org\/{rel}","templated":true}]}}