{"id":12691,"date":"2023-03-28T09:54:53","date_gmt":"2023-03-28T07:54:53","guid":{"rendered":"https:\/\/www.asajacyl.com\/palencia\/?p=12691"},"modified":"2023-03-24T09:57:20","modified_gmt":"2023-03-24T08:57:20","slug":"el-copa-y-la-cogeca-celebran-la-sentencia-del-tribunal-de-justicia-de-la-union-europea-sobre-las-tecnicas-relativas-a-la-mutagenesis-aleatoria-in-vitro","status":"publish","type":"post","link":"https:\/\/www.asajacyl.com\/palencia\/asaja-palencia-informa\/el-copa-y-la-cogeca-celebran-la-sentencia-del-tribunal-de-justicia-de-la-union-europea-sobre-las-tecnicas-relativas-a-la-mutagenesis-aleatoria-in-vitro","title":{"rendered":"El Copa y la Cogeca celebran la sentencia del Tribunal de Justicia de la Uni\u00f3n Europea sobre las t\u00e9cnicas relativas a la mutag\u00e9nesis aleatoria in vitro"},"content":{"rendered":"\n<p>En un fallo (<a href=\"https:\/\/curia.europa.eu\/jcms\/jcms\/p1_3873349\/en\/\">Asunto C-688\/21<\/a>) dictado el 7 de febrero de 2023, el Tribunal de Justicia de la Uni\u00f3n Europea (TJUE) se pronunci\u00f3 sobre el genoma de una especie viva que se modifica sin a\u00f1adir ADN ex\u00f3geno y que no est\u00e1 sujeta a la Directiva de la UE sobre los organismos modificados gen\u00e9ticamente (OMG). En su sentencia, el tribunal establece una condici\u00f3n clara: estos organismos \u00abest\u00e1n excluidos del \u00e1mbito de aplicaci\u00f3n\u00bb de la Directiva europea sobre los OMG cuando \u00e9stos se obtienen \u00abmediante la aplicaci\u00f3n [\u2026] de una t\u00e9cnica o un m\u00e9todo de mutag\u00e9nesis que han venido siendo utilizados convencionalmente en varios usos in vivo y cuya seguridad ha quedado probada desde hace tiempo con respecto a dichos usos\u00bb. En otras palabras, las t\u00e9cnicas de mutag\u00e9nesis quedan, por tanto, excluidas del \u00e1mbito de aplicaci\u00f3n de la Directiva comunitaria sobre los OMG (Directiva 2001\/18\/CE).<\/p>\n\n\n\n<p>El Copa y la Cogeca acogen con satisfacci\u00f3n la sentencia del TJUE sobre la mutag\u00e9nesis aleatoria in vitro. La agricultura europea necesita poder beneficiarse de los avances en materia de innovaci\u00f3n para ser m\u00e1s sostenible y alcanzar el nivel de ambici\u00f3n establecido en el Pacto Verde Europeo. Los obtentores en el \u00e1mbito vegetal, o fitomejoradores, deber\u00edan poder aprovechar ciertas t\u00e9cnicas de mutag\u00e9nesis en sus programas de obtenci\u00f3n vegetal, con las cuales ser\u00edan capaces de agilizar el tiempo de comercializaci\u00f3n, ahorr\u00e1ndose unos 10 a\u00f1os. Los agricultores europeos se enfrentan actualmente a numerosos retos, como los fen\u00f3menos clim\u00e1ticos extremos, la gran volatilidad de los precios o la prohibici\u00f3n de uso de determinados productos fitosanitarios, entre otras cuestiones, por lo que resulta primordial que se puedan mejorar las especies vegetales.<\/p>\n\n\n\n<p>El Copa y la Cogeca est\u00e1n ahora a la espera de la propuesta de la Comisi\u00f3n Europea sobre las nuevas t\u00e9cnicas gen\u00f3micas (NTG) que se prev\u00e9 se emita antes de verano.<\/p>\n","protected":false},"excerpt":{"rendered":"<p>En un fallo (Asunto C-688\/21) dictado el 7 de febrero de 2023, el Tribunal de Justicia de la Uni\u00f3n Europea (TJUE) se pronunci\u00f3 sobre el genoma de una especie viva que se modifica sin a\u00f1adir ADN ex\u00f3geno y que no est\u00e1 sujeta a la Directiva de la UE sobre los organismos modificados gen\u00e9ticamente (OMG). En [&hellip;]<\/p>\n","protected":false},"author":9,"featured_media":8194,"comment_status":"open","ping_status":"open","sticky":false,"template":"","format":"standard","meta":{"footnotes":""},"categories":[9,29,28],"tags":[],"yoast_head":"<!-- This site is optimized with the Yoast SEO plugin v24.5 - https:\/\/yoast.com\/wordpress\/plugins\/seo\/ -->\n<title>El Copa y la Cogeca celebran la sentencia del Tribunal de Justicia de la Uni\u00f3n Europea sobre las t\u00e9cnicas relativas a la mutag\u00e9nesis aleatoria in vitro - ASAJA Palencia<\/title>\n<meta name=\"description\" content=\"En un fallo (Asunto C-688\/21) dictado el 7 de febrero de 2023, el Tribunal de Justicia de la Uni\u00f3n Europea (TJUE) se pronunci\u00f3 sobre el genoma de una\" \/>\n<meta name=\"robots\" content=\"index, follow, max-snippet:-1, max-image-preview:large, max-video-preview:-1\" \/>\n<link rel=\"canonical\" href=\"https:\/\/www.asajacyl.com\/palencia\/asaja-palencia-informa\/el-copa-y-la-cogeca-celebran-la-sentencia-del-tribunal-de-justicia-de-la-union-europea-sobre-las-tecnicas-relativas-a-la-mutagenesis-aleatoria-in-vitro\" \/>\n<meta property=\"og:locale\" content=\"es_ES\" \/>\n<meta property=\"og:type\" content=\"article\" \/>\n<meta property=\"og:title\" content=\"El Copa y la Cogeca celebran la sentencia del Tribunal de Justicia de la Uni\u00f3n Europea sobre las t\u00e9cnicas relativas a la mutag\u00e9nesis aleatoria in vitro - ASAJA Palencia\" \/>\n<meta property=\"og:description\" content=\"En un fallo (Asunto C-688\/21) dictado el 7 de febrero de 2023, el Tribunal de Justicia de la Uni\u00f3n Europea (TJUE) se pronunci\u00f3 sobre el genoma de una\" \/>\n<meta property=\"og:url\" content=\"https:\/\/www.asajacyl.com\/palencia\/asaja-palencia-informa\/el-copa-y-la-cogeca-celebran-la-sentencia-del-tribunal-de-justicia-de-la-union-europea-sobre-las-tecnicas-relativas-a-la-mutagenesis-aleatoria-in-vitro\" \/>\n<meta property=\"og:site_name\" content=\"ASAJA Palencia\" \/>\n<meta property=\"article:published_time\" content=\"2023-03-28T07:54:53+00:00\" \/>\n<meta property=\"og:image\" content=\"https:\/\/www.asajacyl.com\/palencia\/wp-content\/uploads\/sites\/3\/2021\/04\/COPACOGECA.jpg\" \/>\n\t<meta property=\"og:image:width\" content=\"1280\" \/>\n\t<meta property=\"og:image:height\" content=\"693\" \/>\n\t<meta property=\"og:image:type\" content=\"image\/jpeg\" \/>\n<meta name=\"author\" content=\"Administrador\" \/>\n<meta name=\"twitter:card\" content=\"summary_large_image\" \/>\n<meta name=\"twitter:label1\" content=\"Escrito por\" \/>\n\t<meta name=\"twitter:data1\" content=\"Administrador\" \/>\n\t<meta name=\"twitter:label2\" content=\"Tiempo de lectura\" \/>\n\t<meta name=\"twitter:data2\" content=\"2 minutos\" \/>\n<script type=\"application\/ld+json\" class=\"yoast-schema-graph\">{\"@context\":\"https:\/\/schema.org\",\"@graph\":[{\"@type\":\"WebPage\",\"@id\":\"https:\/\/www.asajacyl.com\/palencia\/asaja-palencia-informa\/el-copa-y-la-cogeca-celebran-la-sentencia-del-tribunal-de-justicia-de-la-union-europea-sobre-las-tecnicas-relativas-a-la-mutagenesis-aleatoria-in-vitro\",\"url\":\"https:\/\/www.asajacyl.com\/palencia\/asaja-palencia-informa\/el-copa-y-la-cogeca-celebran-la-sentencia-del-tribunal-de-justicia-de-la-union-europea-sobre-las-tecnicas-relativas-a-la-mutagenesis-aleatoria-in-vitro\",\"name\":\"El Copa y la Cogeca celebran la sentencia del Tribunal de Justicia de la Uni\u00f3n Europea sobre las t\u00e9cnicas relativas a la mutag\u00e9nesis aleatoria in vitro - ASAJA Palencia\",\"isPartOf\":{\"@id\":\"https:\/\/www.asajacyl.com\/palencia\/#website\"},\"primaryImageOfPage\":{\"@id\":\"https:\/\/www.asajacyl.com\/palencia\/asaja-palencia-informa\/el-copa-y-la-cogeca-celebran-la-sentencia-del-tribunal-de-justicia-de-la-union-europea-sobre-las-tecnicas-relativas-a-la-mutagenesis-aleatoria-in-vitro#primaryimage\"},\"image\":{\"@id\":\"https:\/\/www.asajacyl.com\/palencia\/asaja-palencia-informa\/el-copa-y-la-cogeca-celebran-la-sentencia-del-tribunal-de-justicia-de-la-union-europea-sobre-las-tecnicas-relativas-a-la-mutagenesis-aleatoria-in-vitro#primaryimage\"},\"thumbnailUrl\":\"https:\/\/www.asajacyl.com\/palencia\/wp-content\/uploads\/sites\/3\/2021\/04\/COPACOGECA.jpg\",\"datePublished\":\"2023-03-28T07:54:53+00:00\",\"author\":{\"@id\":\"https:\/\/www.asajacyl.com\/palencia\/#\/schema\/person\/3ab17aeb03527485c317557fae64aab1\"},\"description\":\"En un fallo (Asunto C-688\/21) dictado el 7 de febrero de 2023, el Tribunal de Justicia de la Uni\u00f3n Europea (TJUE) se pronunci\u00f3 sobre el genoma de una\",\"breadcrumb\":{\"@id\":\"https:\/\/www.asajacyl.com\/palencia\/asaja-palencia-informa\/el-copa-y-la-cogeca-celebran-la-sentencia-del-tribunal-de-justicia-de-la-union-europea-sobre-las-tecnicas-relativas-a-la-mutagenesis-aleatoria-in-vitro#breadcrumb\"},\"inLanguage\":\"es\",\"potentialAction\":[{\"@type\":\"ReadAction\",\"target\":[\"https:\/\/www.asajacyl.com\/palencia\/asaja-palencia-informa\/el-copa-y-la-cogeca-celebran-la-sentencia-del-tribunal-de-justicia-de-la-union-europea-sobre-las-tecnicas-relativas-a-la-mutagenesis-aleatoria-in-vitro\"]}]},{\"@type\":\"ImageObject\",\"inLanguage\":\"es\",\"@id\":\"https:\/\/www.asajacyl.com\/palencia\/asaja-palencia-informa\/el-copa-y-la-cogeca-celebran-la-sentencia-del-tribunal-de-justicia-de-la-union-europea-sobre-las-tecnicas-relativas-a-la-mutagenesis-aleatoria-in-vitro#primaryimage\",\"url\":\"https:\/\/www.asajacyl.com\/palencia\/wp-content\/uploads\/sites\/3\/2021\/04\/COPACOGECA.jpg\",\"contentUrl\":\"https:\/\/www.asajacyl.com\/palencia\/wp-content\/uploads\/sites\/3\/2021\/04\/COPACOGECA.jpg\",\"width\":1280,\"height\":693},{\"@type\":\"BreadcrumbList\",\"@id\":\"https:\/\/www.asajacyl.com\/palencia\/asaja-palencia-informa\/el-copa-y-la-cogeca-celebran-la-sentencia-del-tribunal-de-justicia-de-la-union-europea-sobre-las-tecnicas-relativas-a-la-mutagenesis-aleatoria-in-vitro#breadcrumb\",\"itemListElement\":[{\"@type\":\"ListItem\",\"position\":1,\"name\":\"Portada\",\"item\":\"https:\/\/www.asajacyl.com\/palencia\/\"},{\"@type\":\"ListItem\",\"position\":2,\"name\":\"El Copa y la Cogeca celebran la sentencia del Tribunal de Justicia de la Uni\u00f3n Europea sobre las t\u00e9cnicas relativas a la mutag\u00e9nesis aleatoria in vitro\"}]},{\"@type\":\"WebSite\",\"@id\":\"https:\/\/www.asajacyl.com\/palencia\/#website\",\"url\":\"https:\/\/www.asajacyl.com\/palencia\/\",\"name\":\"ASAJA Palencia\",\"description\":\"Otro sitio m\u00e1s de Provincias ASAJA Castilla y Le\u00f3n\",\"potentialAction\":[{\"@type\":\"SearchAction\",\"target\":{\"@type\":\"EntryPoint\",\"urlTemplate\":\"https:\/\/www.asajacyl.com\/palencia\/?s={search_term_string}\"},\"query-input\":{\"@type\":\"PropertyValueSpecification\",\"valueRequired\":true,\"valueName\":\"search_term_string\"}}],\"inLanguage\":\"es\"},{\"@type\":\"Person\",\"@id\":\"https:\/\/www.asajacyl.com\/palencia\/#\/schema\/person\/3ab17aeb03527485c317557fae64aab1\",\"name\":\"Administrador\",\"image\":{\"@type\":\"ImageObject\",\"inLanguage\":\"es\",\"@id\":\"https:\/\/www.asajacyl.com\/palencia\/#\/schema\/person\/image\/\",\"url\":\"https:\/\/secure.gravatar.com\/avatar\/517384810d242ca9e38c180f3c9fb973?s=96&d=mm&r=g\",\"contentUrl\":\"https:\/\/secure.gravatar.com\/avatar\/517384810d242ca9e38c180f3c9fb973?s=96&d=mm&r=g\",\"caption\":\"Administrador\"},\"url\":\"https:\/\/www.asajacyl.com\/palencia\/author\/carlosrm\"}]}<\/script>\n<!-- \/ Yoast SEO plugin. -->","yoast_head_json":{"title":"El Copa y la Cogeca celebran la sentencia del Tribunal de Justicia de la Uni\u00f3n Europea sobre las t\u00e9cnicas relativas a la mutag\u00e9nesis aleatoria in vitro - ASAJA Palencia","description":"En un fallo (Asunto C-688\/21) dictado el 7 de febrero de 2023, el Tribunal de Justicia de la Uni\u00f3n Europea (TJUE) se pronunci\u00f3 sobre el genoma de una","robots":{"index":"index","follow":"follow","max-snippet":"max-snippet:-1","max-image-preview":"max-image-preview:large","max-video-preview":"max-video-preview:-1"},"canonical":"https:\/\/www.asajacyl.com\/palencia\/asaja-palencia-informa\/el-copa-y-la-cogeca-celebran-la-sentencia-del-tribunal-de-justicia-de-la-union-europea-sobre-las-tecnicas-relativas-a-la-mutagenesis-aleatoria-in-vitro","og_locale":"es_ES","og_type":"article","og_title":"El Copa y la Cogeca celebran la sentencia del Tribunal de Justicia de la Uni\u00f3n Europea sobre las t\u00e9cnicas relativas a la mutag\u00e9nesis aleatoria in vitro - ASAJA Palencia","og_description":"En un fallo (Asunto C-688\/21) dictado el 7 de febrero de 2023, el Tribunal de Justicia de la Uni\u00f3n Europea (TJUE) se pronunci\u00f3 sobre el genoma de una","og_url":"https:\/\/www.asajacyl.com\/palencia\/asaja-palencia-informa\/el-copa-y-la-cogeca-celebran-la-sentencia-del-tribunal-de-justicia-de-la-union-europea-sobre-las-tecnicas-relativas-a-la-mutagenesis-aleatoria-in-vitro","og_site_name":"ASAJA Palencia","article_published_time":"2023-03-28T07:54:53+00:00","og_image":[{"width":1280,"height":693,"url":"https:\/\/www.asajacyl.com\/palencia\/wp-content\/uploads\/sites\/3\/2021\/04\/COPACOGECA.jpg","type":"image\/jpeg"}],"author":"Administrador","twitter_card":"summary_large_image","twitter_misc":{"Escrito por":"Administrador","Tiempo de lectura":"2 minutos"},"schema":{"@context":"https:\/\/schema.org","@graph":[{"@type":"WebPage","@id":"https:\/\/www.asajacyl.com\/palencia\/asaja-palencia-informa\/el-copa-y-la-cogeca-celebran-la-sentencia-del-tribunal-de-justicia-de-la-union-europea-sobre-las-tecnicas-relativas-a-la-mutagenesis-aleatoria-in-vitro","url":"https:\/\/www.asajacyl.com\/palencia\/asaja-palencia-informa\/el-copa-y-la-cogeca-celebran-la-sentencia-del-tribunal-de-justicia-de-la-union-europea-sobre-las-tecnicas-relativas-a-la-mutagenesis-aleatoria-in-vitro","name":"El Copa y la Cogeca celebran la sentencia del Tribunal de Justicia de la Uni\u00f3n Europea sobre las t\u00e9cnicas relativas a la mutag\u00e9nesis aleatoria in vitro - ASAJA Palencia","isPartOf":{"@id":"https:\/\/www.asajacyl.com\/palencia\/#website"},"primaryImageOfPage":{"@id":"https:\/\/www.asajacyl.com\/palencia\/asaja-palencia-informa\/el-copa-y-la-cogeca-celebran-la-sentencia-del-tribunal-de-justicia-de-la-union-europea-sobre-las-tecnicas-relativas-a-la-mutagenesis-aleatoria-in-vitro#primaryimage"},"image":{"@id":"https:\/\/www.asajacyl.com\/palencia\/asaja-palencia-informa\/el-copa-y-la-cogeca-celebran-la-sentencia-del-tribunal-de-justicia-de-la-union-europea-sobre-las-tecnicas-relativas-a-la-mutagenesis-aleatoria-in-vitro#primaryimage"},"thumbnailUrl":"https:\/\/www.asajacyl.com\/palencia\/wp-content\/uploads\/sites\/3\/2021\/04\/COPACOGECA.jpg","datePublished":"2023-03-28T07:54:53+00:00","author":{"@id":"https:\/\/www.asajacyl.com\/palencia\/#\/schema\/person\/3ab17aeb03527485c317557fae64aab1"},"description":"En un fallo (Asunto C-688\/21) dictado el 7 de febrero de 2023, el Tribunal de Justicia de la Uni\u00f3n Europea (TJUE) se pronunci\u00f3 sobre el genoma de una","breadcrumb":{"@id":"https:\/\/www.asajacyl.com\/palencia\/asaja-palencia-informa\/el-copa-y-la-cogeca-celebran-la-sentencia-del-tribunal-de-justicia-de-la-union-europea-sobre-las-tecnicas-relativas-a-la-mutagenesis-aleatoria-in-vitro#breadcrumb"},"inLanguage":"es","potentialAction":[{"@type":"ReadAction","target":["https:\/\/www.asajacyl.com\/palencia\/asaja-palencia-informa\/el-copa-y-la-cogeca-celebran-la-sentencia-del-tribunal-de-justicia-de-la-union-europea-sobre-las-tecnicas-relativas-a-la-mutagenesis-aleatoria-in-vitro"]}]},{"@type":"ImageObject","inLanguage":"es","@id":"https:\/\/www.asajacyl.com\/palencia\/asaja-palencia-informa\/el-copa-y-la-cogeca-celebran-la-sentencia-del-tribunal-de-justicia-de-la-union-europea-sobre-las-tecnicas-relativas-a-la-mutagenesis-aleatoria-in-vitro#primaryimage","url":"https:\/\/www.asajacyl.com\/palencia\/wp-content\/uploads\/sites\/3\/2021\/04\/COPACOGECA.jpg","contentUrl":"https:\/\/www.asajacyl.com\/palencia\/wp-content\/uploads\/sites\/3\/2021\/04\/COPACOGECA.jpg","width":1280,"height":693},{"@type":"BreadcrumbList","@id":"https:\/\/www.asajacyl.com\/palencia\/asaja-palencia-informa\/el-copa-y-la-cogeca-celebran-la-sentencia-del-tribunal-de-justicia-de-la-union-europea-sobre-las-tecnicas-relativas-a-la-mutagenesis-aleatoria-in-vitro#breadcrumb","itemListElement":[{"@type":"ListItem","position":1,"name":"Portada","item":"https:\/\/www.asajacyl.com\/palencia\/"},{"@type":"ListItem","position":2,"name":"El Copa y la Cogeca celebran la sentencia del Tribunal de Justicia de la Uni\u00f3n Europea sobre las t\u00e9cnicas relativas a la mutag\u00e9nesis aleatoria in vitro"}]},{"@type":"WebSite","@id":"https:\/\/www.asajacyl.com\/palencia\/#website","url":"https:\/\/www.asajacyl.com\/palencia\/","name":"ASAJA Palencia","description":"Otro sitio m\u00e1s de Provincias ASAJA Castilla y Le\u00f3n","potentialAction":[{"@type":"SearchAction","target":{"@type":"EntryPoint","urlTemplate":"https:\/\/www.asajacyl.com\/palencia\/?s={search_term_string}"},"query-input":{"@type":"PropertyValueSpecification","valueRequired":true,"valueName":"search_term_string"}}],"inLanguage":"es"},{"@type":"Person","@id":"https:\/\/www.asajacyl.com\/palencia\/#\/schema\/person\/3ab17aeb03527485c317557fae64aab1","name":"Administrador","image":{"@type":"ImageObject","inLanguage":"es","@id":"https:\/\/www.asajacyl.com\/palencia\/#\/schema\/person\/image\/","url":"https:\/\/secure.gravatar.com\/avatar\/517384810d242ca9e38c180f3c9fb973?s=96&d=mm&r=g","contentUrl":"https:\/\/secure.gravatar.com\/avatar\/517384810d242ca9e38c180f3c9fb973?s=96&d=mm&r=g","caption":"Administrador"},"url":"https:\/\/www.asajacyl.com\/palencia\/author\/carlosrm"}]}},"_links":{"self":[{"href":"https:\/\/www.asajacyl.com\/palencia\/wp-json\/wp\/v2\/posts\/12691"}],"collection":[{"href":"https:\/\/www.asajacyl.com\/palencia\/wp-json\/wp\/v2\/posts"}],"about":[{"href":"https:\/\/www.asajacyl.com\/palencia\/wp-json\/wp\/v2\/types\/post"}],"author":[{"embeddable":true,"href":"https:\/\/www.asajacyl.com\/palencia\/wp-json\/wp\/v2\/users\/9"}],"replies":[{"embeddable":true,"href":"https:\/\/www.asajacyl.com\/palencia\/wp-json\/wp\/v2\/comments?post=12691"}],"version-history":[{"count":1,"href":"https:\/\/www.asajacyl.com\/palencia\/wp-json\/wp\/v2\/posts\/12691\/revisions"}],"predecessor-version":[{"id":12692,"href":"https:\/\/www.asajacyl.com\/palencia\/wp-json\/wp\/v2\/posts\/12691\/revisions\/12692"}],"wp:featuredmedia":[{"embeddable":true,"href":"https:\/\/www.asajacyl.com\/palencia\/wp-json\/wp\/v2\/media\/8194"}],"wp:attachment":[{"href":"https:\/\/www.asajacyl.com\/palencia\/wp-json\/wp\/v2\/media?parent=12691"}],"wp:term":[{"taxonomy":"category","embeddable":true,"href":"https:\/\/www.asajacyl.com\/palencia\/wp-json\/wp\/v2\/categories?post=12691"},{"taxonomy":"post_tag","embeddable":true,"href":"https:\/\/www.asajacyl.com\/palencia\/wp-json\/wp\/v2\/tags?post=12691"}],"curies":[{"name":"wp","href":"https:\/\/api.w.org\/{rel}","templated":true}]}}