{"id":12693,"date":"2023-03-24T10:00:03","date_gmt":"2023-03-24T09:00:03","guid":{"rendered":"https:\/\/www.asajacyl.com\/palencia\/?p=12693"},"modified":"2023-03-24T10:00:06","modified_gmt":"2023-03-24T09:00:06","slug":"la-comision-de-agricultura-del-parlamento-europeo-adopta-medidas-sensatas-para-paliar-la-crisis-comercial-de-los-fertilizantes","status":"publish","type":"post","link":"https:\/\/www.asajacyl.com\/palencia\/asaja-palencia-informa\/la-comision-de-agricultura-del-parlamento-europeo-adopta-medidas-sensatas-para-paliar-la-crisis-comercial-de-los-fertilizantes","title":{"rendered":"La Comisi\u00f3n de Agricultura del Parlamento Europeo adopta medidas sensatas para paliar la crisis comercial de los fertilizantes"},"content":{"rendered":"\n<p>La Comisi\u00f3n de Agricultura del Parlamento Europeo ha sometido a votaci\u00f3n un proyecto de resoluci\u00f3n que complementa la Comunicaci\u00f3n de la Comisi\u00f3n de noviembre sobre la disponibilidad y asequibilidad de los abonos. El Copa y la Cogeca acogen positivamente la clara mayor\u00eda a favor de la resoluci\u00f3n en la Comisi\u00f3n AGRI y las medidas propuestas validadas.<\/p>\n\n\n\n<p>Ante la crisis sin precedentes que sufren los agricultores en relaci\u00f3n con el precio y la disponibilidad de fertilizantes, la Comisi\u00f3n Europea emiti\u00f3 una primera comunicaci\u00f3n el pasado mes de noviembre para aportar soluciones a corto, medio y largo plazo. El texto hab\u00eda resultado decepcionante y carec\u00eda de suficientes soluciones a corto plazo. En este contexto, el Copa y la Cogeca aplauden la iniciativa de la Comisi\u00f3n de Agricultura de presentar propuestas complementarias.<\/p>\n\n\n\n<p>Las medidas adoptadas ayer apuntan en la buena direcci\u00f3n y abordan algunas de las principales deficiencias de la Comunicaci\u00f3n de la Comisi\u00f3n. El Copa y la Cogeca celebran especialmente que se haga hincapi\u00e9 en las medidas urgentes para mejorar el funcionamiento del mercado, en parte omitidas en la Comunicaci\u00f3n de la Comisi\u00f3n. La solicitud de suspensi\u00f3n de los derechos de importaci\u00f3n convencionales para todos los fertilizantes minerales fue clave, as\u00ed como el uso de alternativas a los fertilizantes qu\u00edmicos, como el RENURE (el nitr\u00f3geno recuperado del esti\u00e9rcol) y el digestato, que aumentan la circularidad en las explotaciones. En cuanto a las propuestas a largo plazo, apoyamos la voluntad de la Comisi\u00f3n de Agricultura de aumentar la transparencia en el mercado de los fertilizantes, que deber\u00eda ser un elemento esencial de la estrategia a largo plazo en este \u00e1mbito.<\/p>\n\n\n\n<p>Ahora esperamos que en el pleno los eurodiputados voten con una clara mayor\u00eda a favor de este proyecto de resoluci\u00f3n para otorgar un mandato contundente al presidente de la Comisi\u00f3n de Agricultura, Norbert Lins (PPE, Alemania), qui\u00e9n inici\u00f3 esta resoluci\u00f3n.<\/p>\n","protected":false},"excerpt":{"rendered":"<p>La Comisi\u00f3n de Agricultura del Parlamento Europeo ha sometido a votaci\u00f3n un proyecto de resoluci\u00f3n que complementa la Comunicaci\u00f3n de la Comisi\u00f3n de noviembre sobre la disponibilidad y asequibilidad de los abonos. El Copa y la Cogeca acogen positivamente la clara mayor\u00eda a favor de la resoluci\u00f3n en la Comisi\u00f3n AGRI y las medidas propuestas [&hellip;]<\/p>\n","protected":false},"author":9,"featured_media":8194,"comment_status":"open","ping_status":"open","sticky":false,"template":"","format":"standard","meta":{"footnotes":""},"categories":[9,29,28],"tags":[],"yoast_head":"<!-- This site is optimized with the Yoast SEO plugin v24.5 - https:\/\/yoast.com\/wordpress\/plugins\/seo\/ -->\n<title>La Comisi\u00f3n de Agricultura del Parlamento Europeo adopta medidas sensatas para paliar la crisis comercial de los fertilizantes - ASAJA Palencia<\/title>\n<meta name=\"description\" content=\"La Comisi\u00f3n de Agricultura del Parlamento Europeo ha sometido a votaci\u00f3n un proyecto de resoluci\u00f3n que complementa la Comunicaci\u00f3n de la Comisi\u00f3n de\" \/>\n<meta name=\"robots\" content=\"index, follow, max-snippet:-1, max-image-preview:large, max-video-preview:-1\" \/>\n<link rel=\"canonical\" href=\"https:\/\/www.asajacyl.com\/palencia\/asaja-palencia-informa\/la-comision-de-agricultura-del-parlamento-europeo-adopta-medidas-sensatas-para-paliar-la-crisis-comercial-de-los-fertilizantes\" \/>\n<meta property=\"og:locale\" content=\"es_ES\" \/>\n<meta property=\"og:type\" content=\"article\" \/>\n<meta property=\"og:title\" content=\"La Comisi\u00f3n de Agricultura del Parlamento Europeo adopta medidas sensatas para paliar la crisis comercial de los fertilizantes - ASAJA Palencia\" \/>\n<meta property=\"og:description\" content=\"La Comisi\u00f3n de Agricultura del Parlamento Europeo ha sometido a votaci\u00f3n un proyecto de resoluci\u00f3n que complementa la Comunicaci\u00f3n de la Comisi\u00f3n de\" \/>\n<meta property=\"og:url\" content=\"https:\/\/www.asajacyl.com\/palencia\/asaja-palencia-informa\/la-comision-de-agricultura-del-parlamento-europeo-adopta-medidas-sensatas-para-paliar-la-crisis-comercial-de-los-fertilizantes\" \/>\n<meta property=\"og:site_name\" content=\"ASAJA Palencia\" \/>\n<meta property=\"article:published_time\" content=\"2023-03-24T09:00:03+00:00\" \/>\n<meta property=\"article:modified_time\" content=\"2023-03-24T09:00:06+00:00\" \/>\n<meta property=\"og:image\" content=\"https:\/\/www.asajacyl.com\/palencia\/wp-content\/uploads\/sites\/3\/2021\/04\/COPACOGECA.jpg\" \/>\n\t<meta property=\"og:image:width\" content=\"1280\" \/>\n\t<meta property=\"og:image:height\" content=\"693\" \/>\n\t<meta property=\"og:image:type\" content=\"image\/jpeg\" \/>\n<meta name=\"author\" content=\"Administrador\" \/>\n<meta name=\"twitter:card\" content=\"summary_large_image\" \/>\n<meta name=\"twitter:label1\" content=\"Escrito por\" \/>\n\t<meta name=\"twitter:data1\" content=\"Administrador\" \/>\n\t<meta name=\"twitter:label2\" content=\"Tiempo de lectura\" \/>\n\t<meta name=\"twitter:data2\" content=\"2 minutos\" \/>\n<script type=\"application\/ld+json\" class=\"yoast-schema-graph\">{\"@context\":\"https:\/\/schema.org\",\"@graph\":[{\"@type\":\"WebPage\",\"@id\":\"https:\/\/www.asajacyl.com\/palencia\/asaja-palencia-informa\/la-comision-de-agricultura-del-parlamento-europeo-adopta-medidas-sensatas-para-paliar-la-crisis-comercial-de-los-fertilizantes\",\"url\":\"https:\/\/www.asajacyl.com\/palencia\/asaja-palencia-informa\/la-comision-de-agricultura-del-parlamento-europeo-adopta-medidas-sensatas-para-paliar-la-crisis-comercial-de-los-fertilizantes\",\"name\":\"La Comisi\u00f3n de Agricultura del Parlamento Europeo adopta medidas sensatas para paliar la crisis comercial de los fertilizantes - ASAJA Palencia\",\"isPartOf\":{\"@id\":\"https:\/\/www.asajacyl.com\/palencia\/#website\"},\"primaryImageOfPage\":{\"@id\":\"https:\/\/www.asajacyl.com\/palencia\/asaja-palencia-informa\/la-comision-de-agricultura-del-parlamento-europeo-adopta-medidas-sensatas-para-paliar-la-crisis-comercial-de-los-fertilizantes#primaryimage\"},\"image\":{\"@id\":\"https:\/\/www.asajacyl.com\/palencia\/asaja-palencia-informa\/la-comision-de-agricultura-del-parlamento-europeo-adopta-medidas-sensatas-para-paliar-la-crisis-comercial-de-los-fertilizantes#primaryimage\"},\"thumbnailUrl\":\"https:\/\/www.asajacyl.com\/palencia\/wp-content\/uploads\/sites\/3\/2021\/04\/COPACOGECA.jpg\",\"datePublished\":\"2023-03-24T09:00:03+00:00\",\"dateModified\":\"2023-03-24T09:00:06+00:00\",\"author\":{\"@id\":\"https:\/\/www.asajacyl.com\/palencia\/#\/schema\/person\/3ab17aeb03527485c317557fae64aab1\"},\"description\":\"La Comisi\u00f3n de Agricultura del Parlamento Europeo ha sometido a votaci\u00f3n un proyecto de resoluci\u00f3n que complementa la Comunicaci\u00f3n de la Comisi\u00f3n de\",\"breadcrumb\":{\"@id\":\"https:\/\/www.asajacyl.com\/palencia\/asaja-palencia-informa\/la-comision-de-agricultura-del-parlamento-europeo-adopta-medidas-sensatas-para-paliar-la-crisis-comercial-de-los-fertilizantes#breadcrumb\"},\"inLanguage\":\"es\",\"potentialAction\":[{\"@type\":\"ReadAction\",\"target\":[\"https:\/\/www.asajacyl.com\/palencia\/asaja-palencia-informa\/la-comision-de-agricultura-del-parlamento-europeo-adopta-medidas-sensatas-para-paliar-la-crisis-comercial-de-los-fertilizantes\"]}]},{\"@type\":\"ImageObject\",\"inLanguage\":\"es\",\"@id\":\"https:\/\/www.asajacyl.com\/palencia\/asaja-palencia-informa\/la-comision-de-agricultura-del-parlamento-europeo-adopta-medidas-sensatas-para-paliar-la-crisis-comercial-de-los-fertilizantes#primaryimage\",\"url\":\"https:\/\/www.asajacyl.com\/palencia\/wp-content\/uploads\/sites\/3\/2021\/04\/COPACOGECA.jpg\",\"contentUrl\":\"https:\/\/www.asajacyl.com\/palencia\/wp-content\/uploads\/sites\/3\/2021\/04\/COPACOGECA.jpg\",\"width\":1280,\"height\":693},{\"@type\":\"BreadcrumbList\",\"@id\":\"https:\/\/www.asajacyl.com\/palencia\/asaja-palencia-informa\/la-comision-de-agricultura-del-parlamento-europeo-adopta-medidas-sensatas-para-paliar-la-crisis-comercial-de-los-fertilizantes#breadcrumb\",\"itemListElement\":[{\"@type\":\"ListItem\",\"position\":1,\"name\":\"Portada\",\"item\":\"https:\/\/www.asajacyl.com\/palencia\/\"},{\"@type\":\"ListItem\",\"position\":2,\"name\":\"La Comisi\u00f3n de Agricultura del Parlamento Europeo adopta medidas sensatas para paliar la crisis comercial de los fertilizantes\"}]},{\"@type\":\"WebSite\",\"@id\":\"https:\/\/www.asajacyl.com\/palencia\/#website\",\"url\":\"https:\/\/www.asajacyl.com\/palencia\/\",\"name\":\"ASAJA Palencia\",\"description\":\"Otro sitio m\u00e1s de Provincias ASAJA Castilla y Le\u00f3n\",\"potentialAction\":[{\"@type\":\"SearchAction\",\"target\":{\"@type\":\"EntryPoint\",\"urlTemplate\":\"https:\/\/www.asajacyl.com\/palencia\/?s={search_term_string}\"},\"query-input\":{\"@type\":\"PropertyValueSpecification\",\"valueRequired\":true,\"valueName\":\"search_term_string\"}}],\"inLanguage\":\"es\"},{\"@type\":\"Person\",\"@id\":\"https:\/\/www.asajacyl.com\/palencia\/#\/schema\/person\/3ab17aeb03527485c317557fae64aab1\",\"name\":\"Administrador\",\"image\":{\"@type\":\"ImageObject\",\"inLanguage\":\"es\",\"@id\":\"https:\/\/www.asajacyl.com\/palencia\/#\/schema\/person\/image\/\",\"url\":\"https:\/\/secure.gravatar.com\/avatar\/517384810d242ca9e38c180f3c9fb973?s=96&d=mm&r=g\",\"contentUrl\":\"https:\/\/secure.gravatar.com\/avatar\/517384810d242ca9e38c180f3c9fb973?s=96&d=mm&r=g\",\"caption\":\"Administrador\"},\"url\":\"https:\/\/www.asajacyl.com\/palencia\/author\/carlosrm\"}]}<\/script>\n<!-- \/ Yoast SEO plugin. -->","yoast_head_json":{"title":"La Comisi\u00f3n de Agricultura del Parlamento Europeo adopta medidas sensatas para paliar la crisis comercial de los fertilizantes - ASAJA Palencia","description":"La Comisi\u00f3n de Agricultura del Parlamento Europeo ha sometido a votaci\u00f3n un proyecto de resoluci\u00f3n que complementa la Comunicaci\u00f3n de la Comisi\u00f3n de","robots":{"index":"index","follow":"follow","max-snippet":"max-snippet:-1","max-image-preview":"max-image-preview:large","max-video-preview":"max-video-preview:-1"},"canonical":"https:\/\/www.asajacyl.com\/palencia\/asaja-palencia-informa\/la-comision-de-agricultura-del-parlamento-europeo-adopta-medidas-sensatas-para-paliar-la-crisis-comercial-de-los-fertilizantes","og_locale":"es_ES","og_type":"article","og_title":"La Comisi\u00f3n de Agricultura del Parlamento Europeo adopta medidas sensatas para paliar la crisis comercial de los fertilizantes - ASAJA Palencia","og_description":"La Comisi\u00f3n de Agricultura del Parlamento Europeo ha sometido a votaci\u00f3n un proyecto de resoluci\u00f3n que complementa la Comunicaci\u00f3n de la Comisi\u00f3n de","og_url":"https:\/\/www.asajacyl.com\/palencia\/asaja-palencia-informa\/la-comision-de-agricultura-del-parlamento-europeo-adopta-medidas-sensatas-para-paliar-la-crisis-comercial-de-los-fertilizantes","og_site_name":"ASAJA Palencia","article_published_time":"2023-03-24T09:00:03+00:00","article_modified_time":"2023-03-24T09:00:06+00:00","og_image":[{"width":1280,"height":693,"url":"https:\/\/www.asajacyl.com\/palencia\/wp-content\/uploads\/sites\/3\/2021\/04\/COPACOGECA.jpg","type":"image\/jpeg"}],"author":"Administrador","twitter_card":"summary_large_image","twitter_misc":{"Escrito por":"Administrador","Tiempo de lectura":"2 minutos"},"schema":{"@context":"https:\/\/schema.org","@graph":[{"@type":"WebPage","@id":"https:\/\/www.asajacyl.com\/palencia\/asaja-palencia-informa\/la-comision-de-agricultura-del-parlamento-europeo-adopta-medidas-sensatas-para-paliar-la-crisis-comercial-de-los-fertilizantes","url":"https:\/\/www.asajacyl.com\/palencia\/asaja-palencia-informa\/la-comision-de-agricultura-del-parlamento-europeo-adopta-medidas-sensatas-para-paliar-la-crisis-comercial-de-los-fertilizantes","name":"La Comisi\u00f3n de Agricultura del Parlamento Europeo adopta medidas sensatas para paliar la crisis comercial de los fertilizantes - ASAJA Palencia","isPartOf":{"@id":"https:\/\/www.asajacyl.com\/palencia\/#website"},"primaryImageOfPage":{"@id":"https:\/\/www.asajacyl.com\/palencia\/asaja-palencia-informa\/la-comision-de-agricultura-del-parlamento-europeo-adopta-medidas-sensatas-para-paliar-la-crisis-comercial-de-los-fertilizantes#primaryimage"},"image":{"@id":"https:\/\/www.asajacyl.com\/palencia\/asaja-palencia-informa\/la-comision-de-agricultura-del-parlamento-europeo-adopta-medidas-sensatas-para-paliar-la-crisis-comercial-de-los-fertilizantes#primaryimage"},"thumbnailUrl":"https:\/\/www.asajacyl.com\/palencia\/wp-content\/uploads\/sites\/3\/2021\/04\/COPACOGECA.jpg","datePublished":"2023-03-24T09:00:03+00:00","dateModified":"2023-03-24T09:00:06+00:00","author":{"@id":"https:\/\/www.asajacyl.com\/palencia\/#\/schema\/person\/3ab17aeb03527485c317557fae64aab1"},"description":"La Comisi\u00f3n de Agricultura del Parlamento Europeo ha sometido a votaci\u00f3n un proyecto de resoluci\u00f3n que complementa la Comunicaci\u00f3n de la Comisi\u00f3n de","breadcrumb":{"@id":"https:\/\/www.asajacyl.com\/palencia\/asaja-palencia-informa\/la-comision-de-agricultura-del-parlamento-europeo-adopta-medidas-sensatas-para-paliar-la-crisis-comercial-de-los-fertilizantes#breadcrumb"},"inLanguage":"es","potentialAction":[{"@type":"ReadAction","target":["https:\/\/www.asajacyl.com\/palencia\/asaja-palencia-informa\/la-comision-de-agricultura-del-parlamento-europeo-adopta-medidas-sensatas-para-paliar-la-crisis-comercial-de-los-fertilizantes"]}]},{"@type":"ImageObject","inLanguage":"es","@id":"https:\/\/www.asajacyl.com\/palencia\/asaja-palencia-informa\/la-comision-de-agricultura-del-parlamento-europeo-adopta-medidas-sensatas-para-paliar-la-crisis-comercial-de-los-fertilizantes#primaryimage","url":"https:\/\/www.asajacyl.com\/palencia\/wp-content\/uploads\/sites\/3\/2021\/04\/COPACOGECA.jpg","contentUrl":"https:\/\/www.asajacyl.com\/palencia\/wp-content\/uploads\/sites\/3\/2021\/04\/COPACOGECA.jpg","width":1280,"height":693},{"@type":"BreadcrumbList","@id":"https:\/\/www.asajacyl.com\/palencia\/asaja-palencia-informa\/la-comision-de-agricultura-del-parlamento-europeo-adopta-medidas-sensatas-para-paliar-la-crisis-comercial-de-los-fertilizantes#breadcrumb","itemListElement":[{"@type":"ListItem","position":1,"name":"Portada","item":"https:\/\/www.asajacyl.com\/palencia\/"},{"@type":"ListItem","position":2,"name":"La Comisi\u00f3n de Agricultura del Parlamento Europeo adopta medidas sensatas para paliar la crisis comercial de los fertilizantes"}]},{"@type":"WebSite","@id":"https:\/\/www.asajacyl.com\/palencia\/#website","url":"https:\/\/www.asajacyl.com\/palencia\/","name":"ASAJA Palencia","description":"Otro sitio m\u00e1s de Provincias ASAJA Castilla y Le\u00f3n","potentialAction":[{"@type":"SearchAction","target":{"@type":"EntryPoint","urlTemplate":"https:\/\/www.asajacyl.com\/palencia\/?s={search_term_string}"},"query-input":{"@type":"PropertyValueSpecification","valueRequired":true,"valueName":"search_term_string"}}],"inLanguage":"es"},{"@type":"Person","@id":"https:\/\/www.asajacyl.com\/palencia\/#\/schema\/person\/3ab17aeb03527485c317557fae64aab1","name":"Administrador","image":{"@type":"ImageObject","inLanguage":"es","@id":"https:\/\/www.asajacyl.com\/palencia\/#\/schema\/person\/image\/","url":"https:\/\/secure.gravatar.com\/avatar\/517384810d242ca9e38c180f3c9fb973?s=96&d=mm&r=g","contentUrl":"https:\/\/secure.gravatar.com\/avatar\/517384810d242ca9e38c180f3c9fb973?s=96&d=mm&r=g","caption":"Administrador"},"url":"https:\/\/www.asajacyl.com\/palencia\/author\/carlosrm"}]}},"_links":{"self":[{"href":"https:\/\/www.asajacyl.com\/palencia\/wp-json\/wp\/v2\/posts\/12693"}],"collection":[{"href":"https:\/\/www.asajacyl.com\/palencia\/wp-json\/wp\/v2\/posts"}],"about":[{"href":"https:\/\/www.asajacyl.com\/palencia\/wp-json\/wp\/v2\/types\/post"}],"author":[{"embeddable":true,"href":"https:\/\/www.asajacyl.com\/palencia\/wp-json\/wp\/v2\/users\/9"}],"replies":[{"embeddable":true,"href":"https:\/\/www.asajacyl.com\/palencia\/wp-json\/wp\/v2\/comments?post=12693"}],"version-history":[{"count":1,"href":"https:\/\/www.asajacyl.com\/palencia\/wp-json\/wp\/v2\/posts\/12693\/revisions"}],"predecessor-version":[{"id":12694,"href":"https:\/\/www.asajacyl.com\/palencia\/wp-json\/wp\/v2\/posts\/12693\/revisions\/12694"}],"wp:featuredmedia":[{"embeddable":true,"href":"https:\/\/www.asajacyl.com\/palencia\/wp-json\/wp\/v2\/media\/8194"}],"wp:attachment":[{"href":"https:\/\/www.asajacyl.com\/palencia\/wp-json\/wp\/v2\/media?parent=12693"}],"wp:term":[{"taxonomy":"category","embeddable":true,"href":"https:\/\/www.asajacyl.com\/palencia\/wp-json\/wp\/v2\/categories?post=12693"},{"taxonomy":"post_tag","embeddable":true,"href":"https:\/\/www.asajacyl.com\/palencia\/wp-json\/wp\/v2\/tags?post=12693"}],"curies":[{"name":"wp","href":"https:\/\/api.w.org\/{rel}","templated":true}]}}