{"id":12710,"date":"2023-03-28T10:42:43","date_gmt":"2023-03-28T08:42:43","guid":{"rendered":"https:\/\/www.asajacyl.com\/palencia\/?p=12710"},"modified":"2023-03-27T10:44:25","modified_gmt":"2023-03-27T08:44:25","slug":"el-ovino-espanol-ha-disminuido-un-935-el-uso-de-antibioticos-hasta-2021-gracias-al-plan-reduce","status":"publish","type":"post","link":"https:\/\/www.asajacyl.com\/palencia\/asaja-palencia-informa\/el-ovino-espanol-ha-disminuido-un-935-el-uso-de-antibioticos-hasta-2021-gracias-al-plan-reduce","title":{"rendered":"El ovino espa\u00f1ol ha disminuido un 93,5% el uso de antibi\u00f3ticos hasta 2021 gracias al Plan &#8216;Reduce&#8217;"},"content":{"rendered":"\n<p>La Agencia de Medicamentos y Productos Sanitarios (AEMPS) ha desvelado los resultados alcanzados por el programa \u2018Reduce\u2019 de antibi\u00f3ticos en el sector ovino-caprino espa\u00f1ol: entre 2016 y 2018, los a\u00f1os de referencia, y 2021, la prescripci\u00f3n de premezclas con antibi\u00f3ticos se rebaj\u00f3 un 93,5%, la mayor ca\u00edda de toda la caba\u00f1a espa\u00f1ola.<\/p>\n\n\n\n<p>La resistencia a los antibi\u00f3ticos y la complicaci\u00f3n de infecciones que hasta hace poco pod\u00edan ser medicadas con \u00e9xito se han convertido en un grave problema en salud humana. Se estima que es responsable de 25.000 muertes al a\u00f1o s\u00f3lo en la UE y de 700.000 en todo el mundo.<br>El esfuerzo de los ganaderos en la mejora del manejo, del bienestar de los animales, de las medidas de bioseguridad e higiene de las explotaciones y la aplicaci\u00f3n de un enfoque One Health (\u2018Una Sola salud\u2019, que relaciona la sanidad humana y animal con su medio ambiente) han sido las recetas empleadas para lograr tal meta.<\/p>\n\n\n\n<p>De forma general, la ganader\u00eda espa\u00f1ola ha reducido el uno de antibi\u00f3ticos un 62,5% desde 2014 a 2021, donde destaca la fuerte reducci\u00f3n en el ovino, especie en la que m\u00e1s se ha reducido su uso.<\/p>\n\n\n\n<p>El censo de ovino seg\u00fan datos del ministerio, en noviembre del a\u00f1o 2022 se sit\u00faa en 11.008.514 ovejas. La Comunidad aut\u00f3noma con mayor censo es Extremadura con 2.599.634 ovejas (23,6% del censo total) seguida en segundo lugar por Castilla-La Mancha, con 1.927.223 ovejas y Castilla y Le\u00f3n en tercera posici\u00f3n, con 1.820.409 ovejas (16,5% del censo total nacional). En cuanto a la provincia de Palencia, el \u00faltimo censo publicado por el MAPA indica que las ovejas palentinas ascienden a 145.120 unidades (8,0% del total regional), siendo Zamora la primera potencia regional, con 418.786 ovejas (23,0% del censo regional).<\/p>\n","protected":false},"excerpt":{"rendered":"<p>La Agencia de Medicamentos y Productos Sanitarios (AEMPS) ha desvelado los resultados alcanzados por el programa \u2018Reduce\u2019 de antibi\u00f3ticos en el sector ovino-caprino espa\u00f1ol: entre 2016 y 2018, los a\u00f1os de referencia, y 2021, la prescripci\u00f3n de premezclas con antibi\u00f3ticos se rebaj\u00f3 un 93,5%, la mayor ca\u00edda de toda la caba\u00f1a espa\u00f1ola. La resistencia a [&hellip;]<\/p>\n","protected":false},"author":9,"featured_media":11230,"comment_status":"open","ping_status":"open","sticky":false,"template":"","format":"standard","meta":{"footnotes":""},"categories":[9,29,28],"tags":[],"yoast_head":"<!-- This site is optimized with the Yoast SEO plugin v24.5 - https:\/\/yoast.com\/wordpress\/plugins\/seo\/ -->\n<title>El ovino espa\u00f1ol ha disminuido un 93,5% el uso de antibi\u00f3ticos hasta 2021 gracias al Plan &#039;Reduce&#039; - ASAJA Palencia<\/title>\n<meta name=\"description\" content=\"La Agencia de Medicamentos y Productos Sanitarios (AEMPS) ha desvelado los resultados alcanzados por el programa \u2018Reduce\u2019 de antibi\u00f3ticos en el sector\" \/>\n<meta name=\"robots\" content=\"index, follow, max-snippet:-1, max-image-preview:large, max-video-preview:-1\" \/>\n<link rel=\"canonical\" href=\"https:\/\/www.asajacyl.com\/palencia\/asaja-palencia-informa\/el-ovino-espanol-ha-disminuido-un-935-el-uso-de-antibioticos-hasta-2021-gracias-al-plan-reduce\" \/>\n<meta property=\"og:locale\" content=\"es_ES\" \/>\n<meta property=\"og:type\" content=\"article\" \/>\n<meta property=\"og:title\" content=\"El ovino espa\u00f1ol ha disminuido un 93,5% el uso de antibi\u00f3ticos hasta 2021 gracias al Plan &#039;Reduce&#039; - ASAJA Palencia\" \/>\n<meta property=\"og:description\" content=\"La Agencia de Medicamentos y Productos Sanitarios (AEMPS) ha desvelado los resultados alcanzados por el programa \u2018Reduce\u2019 de antibi\u00f3ticos en el sector\" \/>\n<meta property=\"og:url\" content=\"https:\/\/www.asajacyl.com\/palencia\/asaja-palencia-informa\/el-ovino-espanol-ha-disminuido-un-935-el-uso-de-antibioticos-hasta-2021-gracias-al-plan-reduce\" \/>\n<meta property=\"og:site_name\" content=\"ASAJA Palencia\" \/>\n<meta property=\"article:published_time\" content=\"2023-03-28T08:42:43+00:00\" \/>\n<meta property=\"og:image\" content=\"https:\/\/www.asajacyl.com\/palencia\/wp-content\/uploads\/sites\/3\/2022\/08\/OVINO-6-e1659698896608.jpg\" \/>\n\t<meta property=\"og:image:width\" content=\"1875\" \/>\n\t<meta property=\"og:image:height\" content=\"2500\" \/>\n\t<meta property=\"og:image:type\" content=\"image\/jpeg\" \/>\n<meta name=\"author\" content=\"Administrador\" \/>\n<meta name=\"twitter:card\" content=\"summary_large_image\" \/>\n<meta name=\"twitter:label1\" content=\"Escrito por\" \/>\n\t<meta name=\"twitter:data1\" content=\"Administrador\" \/>\n\t<meta name=\"twitter:label2\" content=\"Tiempo de lectura\" \/>\n\t<meta name=\"twitter:data2\" content=\"2 minutos\" \/>\n<script type=\"application\/ld+json\" class=\"yoast-schema-graph\">{\"@context\":\"https:\/\/schema.org\",\"@graph\":[{\"@type\":\"WebPage\",\"@id\":\"https:\/\/www.asajacyl.com\/palencia\/asaja-palencia-informa\/el-ovino-espanol-ha-disminuido-un-935-el-uso-de-antibioticos-hasta-2021-gracias-al-plan-reduce\",\"url\":\"https:\/\/www.asajacyl.com\/palencia\/asaja-palencia-informa\/el-ovino-espanol-ha-disminuido-un-935-el-uso-de-antibioticos-hasta-2021-gracias-al-plan-reduce\",\"name\":\"El ovino espa\u00f1ol ha disminuido un 93,5% el uso de antibi\u00f3ticos hasta 2021 gracias al Plan 'Reduce' - ASAJA Palencia\",\"isPartOf\":{\"@id\":\"https:\/\/www.asajacyl.com\/palencia\/#website\"},\"primaryImageOfPage\":{\"@id\":\"https:\/\/www.asajacyl.com\/palencia\/asaja-palencia-informa\/el-ovino-espanol-ha-disminuido-un-935-el-uso-de-antibioticos-hasta-2021-gracias-al-plan-reduce#primaryimage\"},\"image\":{\"@id\":\"https:\/\/www.asajacyl.com\/palencia\/asaja-palencia-informa\/el-ovino-espanol-ha-disminuido-un-935-el-uso-de-antibioticos-hasta-2021-gracias-al-plan-reduce#primaryimage\"},\"thumbnailUrl\":\"https:\/\/www.asajacyl.com\/palencia\/wp-content\/uploads\/sites\/3\/2022\/08\/OVINO-6-e1659698896608.jpg\",\"datePublished\":\"2023-03-28T08:42:43+00:00\",\"author\":{\"@id\":\"https:\/\/www.asajacyl.com\/palencia\/#\/schema\/person\/3ab17aeb03527485c317557fae64aab1\"},\"description\":\"La Agencia de Medicamentos y Productos Sanitarios (AEMPS) ha desvelado los resultados alcanzados por el programa \u2018Reduce\u2019 de antibi\u00f3ticos en el sector\",\"breadcrumb\":{\"@id\":\"https:\/\/www.asajacyl.com\/palencia\/asaja-palencia-informa\/el-ovino-espanol-ha-disminuido-un-935-el-uso-de-antibioticos-hasta-2021-gracias-al-plan-reduce#breadcrumb\"},\"inLanguage\":\"es\",\"potentialAction\":[{\"@type\":\"ReadAction\",\"target\":[\"https:\/\/www.asajacyl.com\/palencia\/asaja-palencia-informa\/el-ovino-espanol-ha-disminuido-un-935-el-uso-de-antibioticos-hasta-2021-gracias-al-plan-reduce\"]}]},{\"@type\":\"ImageObject\",\"inLanguage\":\"es\",\"@id\":\"https:\/\/www.asajacyl.com\/palencia\/asaja-palencia-informa\/el-ovino-espanol-ha-disminuido-un-935-el-uso-de-antibioticos-hasta-2021-gracias-al-plan-reduce#primaryimage\",\"url\":\"https:\/\/www.asajacyl.com\/palencia\/wp-content\/uploads\/sites\/3\/2022\/08\/OVINO-6-e1659698896608.jpg\",\"contentUrl\":\"https:\/\/www.asajacyl.com\/palencia\/wp-content\/uploads\/sites\/3\/2022\/08\/OVINO-6-e1659698896608.jpg\",\"width\":1875,\"height\":2500},{\"@type\":\"BreadcrumbList\",\"@id\":\"https:\/\/www.asajacyl.com\/palencia\/asaja-palencia-informa\/el-ovino-espanol-ha-disminuido-un-935-el-uso-de-antibioticos-hasta-2021-gracias-al-plan-reduce#breadcrumb\",\"itemListElement\":[{\"@type\":\"ListItem\",\"position\":1,\"name\":\"Portada\",\"item\":\"https:\/\/www.asajacyl.com\/palencia\/\"},{\"@type\":\"ListItem\",\"position\":2,\"name\":\"El ovino espa\u00f1ol ha disminuido un 93,5% el uso de antibi\u00f3ticos hasta 2021 gracias al Plan &#8216;Reduce&#8217;\"}]},{\"@type\":\"WebSite\",\"@id\":\"https:\/\/www.asajacyl.com\/palencia\/#website\",\"url\":\"https:\/\/www.asajacyl.com\/palencia\/\",\"name\":\"ASAJA Palencia\",\"description\":\"Otro sitio m\u00e1s de Provincias ASAJA Castilla y Le\u00f3n\",\"potentialAction\":[{\"@type\":\"SearchAction\",\"target\":{\"@type\":\"EntryPoint\",\"urlTemplate\":\"https:\/\/www.asajacyl.com\/palencia\/?s={search_term_string}\"},\"query-input\":{\"@type\":\"PropertyValueSpecification\",\"valueRequired\":true,\"valueName\":\"search_term_string\"}}],\"inLanguage\":\"es\"},{\"@type\":\"Person\",\"@id\":\"https:\/\/www.asajacyl.com\/palencia\/#\/schema\/person\/3ab17aeb03527485c317557fae64aab1\",\"name\":\"Administrador\",\"image\":{\"@type\":\"ImageObject\",\"inLanguage\":\"es\",\"@id\":\"https:\/\/www.asajacyl.com\/palencia\/#\/schema\/person\/image\/\",\"url\":\"https:\/\/secure.gravatar.com\/avatar\/517384810d242ca9e38c180f3c9fb973?s=96&d=mm&r=g\",\"contentUrl\":\"https:\/\/secure.gravatar.com\/avatar\/517384810d242ca9e38c180f3c9fb973?s=96&d=mm&r=g\",\"caption\":\"Administrador\"},\"url\":\"https:\/\/www.asajacyl.com\/palencia\/author\/carlosrm\"}]}<\/script>\n<!-- \/ Yoast SEO plugin. -->","yoast_head_json":{"title":"El ovino espa\u00f1ol ha disminuido un 93,5% el uso de antibi\u00f3ticos hasta 2021 gracias al Plan 'Reduce' - ASAJA Palencia","description":"La Agencia de Medicamentos y Productos Sanitarios (AEMPS) ha desvelado los resultados alcanzados por el programa \u2018Reduce\u2019 de antibi\u00f3ticos en el sector","robots":{"index":"index","follow":"follow","max-snippet":"max-snippet:-1","max-image-preview":"max-image-preview:large","max-video-preview":"max-video-preview:-1"},"canonical":"https:\/\/www.asajacyl.com\/palencia\/asaja-palencia-informa\/el-ovino-espanol-ha-disminuido-un-935-el-uso-de-antibioticos-hasta-2021-gracias-al-plan-reduce","og_locale":"es_ES","og_type":"article","og_title":"El ovino espa\u00f1ol ha disminuido un 93,5% el uso de antibi\u00f3ticos hasta 2021 gracias al Plan 'Reduce' - ASAJA Palencia","og_description":"La Agencia de Medicamentos y Productos Sanitarios (AEMPS) ha desvelado los resultados alcanzados por el programa \u2018Reduce\u2019 de antibi\u00f3ticos en el sector","og_url":"https:\/\/www.asajacyl.com\/palencia\/asaja-palencia-informa\/el-ovino-espanol-ha-disminuido-un-935-el-uso-de-antibioticos-hasta-2021-gracias-al-plan-reduce","og_site_name":"ASAJA Palencia","article_published_time":"2023-03-28T08:42:43+00:00","og_image":[{"width":1875,"height":2500,"url":"https:\/\/www.asajacyl.com\/palencia\/wp-content\/uploads\/sites\/3\/2022\/08\/OVINO-6-e1659698896608.jpg","type":"image\/jpeg"}],"author":"Administrador","twitter_card":"summary_large_image","twitter_misc":{"Escrito por":"Administrador","Tiempo de lectura":"2 minutos"},"schema":{"@context":"https:\/\/schema.org","@graph":[{"@type":"WebPage","@id":"https:\/\/www.asajacyl.com\/palencia\/asaja-palencia-informa\/el-ovino-espanol-ha-disminuido-un-935-el-uso-de-antibioticos-hasta-2021-gracias-al-plan-reduce","url":"https:\/\/www.asajacyl.com\/palencia\/asaja-palencia-informa\/el-ovino-espanol-ha-disminuido-un-935-el-uso-de-antibioticos-hasta-2021-gracias-al-plan-reduce","name":"El ovino espa\u00f1ol ha disminuido un 93,5% el uso de antibi\u00f3ticos hasta 2021 gracias al Plan 'Reduce' - ASAJA Palencia","isPartOf":{"@id":"https:\/\/www.asajacyl.com\/palencia\/#website"},"primaryImageOfPage":{"@id":"https:\/\/www.asajacyl.com\/palencia\/asaja-palencia-informa\/el-ovino-espanol-ha-disminuido-un-935-el-uso-de-antibioticos-hasta-2021-gracias-al-plan-reduce#primaryimage"},"image":{"@id":"https:\/\/www.asajacyl.com\/palencia\/asaja-palencia-informa\/el-ovino-espanol-ha-disminuido-un-935-el-uso-de-antibioticos-hasta-2021-gracias-al-plan-reduce#primaryimage"},"thumbnailUrl":"https:\/\/www.asajacyl.com\/palencia\/wp-content\/uploads\/sites\/3\/2022\/08\/OVINO-6-e1659698896608.jpg","datePublished":"2023-03-28T08:42:43+00:00","author":{"@id":"https:\/\/www.asajacyl.com\/palencia\/#\/schema\/person\/3ab17aeb03527485c317557fae64aab1"},"description":"La Agencia de Medicamentos y Productos Sanitarios (AEMPS) ha desvelado los resultados alcanzados por el programa \u2018Reduce\u2019 de antibi\u00f3ticos en el sector","breadcrumb":{"@id":"https:\/\/www.asajacyl.com\/palencia\/asaja-palencia-informa\/el-ovino-espanol-ha-disminuido-un-935-el-uso-de-antibioticos-hasta-2021-gracias-al-plan-reduce#breadcrumb"},"inLanguage":"es","potentialAction":[{"@type":"ReadAction","target":["https:\/\/www.asajacyl.com\/palencia\/asaja-palencia-informa\/el-ovino-espanol-ha-disminuido-un-935-el-uso-de-antibioticos-hasta-2021-gracias-al-plan-reduce"]}]},{"@type":"ImageObject","inLanguage":"es","@id":"https:\/\/www.asajacyl.com\/palencia\/asaja-palencia-informa\/el-ovino-espanol-ha-disminuido-un-935-el-uso-de-antibioticos-hasta-2021-gracias-al-plan-reduce#primaryimage","url":"https:\/\/www.asajacyl.com\/palencia\/wp-content\/uploads\/sites\/3\/2022\/08\/OVINO-6-e1659698896608.jpg","contentUrl":"https:\/\/www.asajacyl.com\/palencia\/wp-content\/uploads\/sites\/3\/2022\/08\/OVINO-6-e1659698896608.jpg","width":1875,"height":2500},{"@type":"BreadcrumbList","@id":"https:\/\/www.asajacyl.com\/palencia\/asaja-palencia-informa\/el-ovino-espanol-ha-disminuido-un-935-el-uso-de-antibioticos-hasta-2021-gracias-al-plan-reduce#breadcrumb","itemListElement":[{"@type":"ListItem","position":1,"name":"Portada","item":"https:\/\/www.asajacyl.com\/palencia\/"},{"@type":"ListItem","position":2,"name":"El ovino espa\u00f1ol ha disminuido un 93,5% el uso de antibi\u00f3ticos hasta 2021 gracias al Plan &#8216;Reduce&#8217;"}]},{"@type":"WebSite","@id":"https:\/\/www.asajacyl.com\/palencia\/#website","url":"https:\/\/www.asajacyl.com\/palencia\/","name":"ASAJA Palencia","description":"Otro sitio m\u00e1s de Provincias ASAJA Castilla y Le\u00f3n","potentialAction":[{"@type":"SearchAction","target":{"@type":"EntryPoint","urlTemplate":"https:\/\/www.asajacyl.com\/palencia\/?s={search_term_string}"},"query-input":{"@type":"PropertyValueSpecification","valueRequired":true,"valueName":"search_term_string"}}],"inLanguage":"es"},{"@type":"Person","@id":"https:\/\/www.asajacyl.com\/palencia\/#\/schema\/person\/3ab17aeb03527485c317557fae64aab1","name":"Administrador","image":{"@type":"ImageObject","inLanguage":"es","@id":"https:\/\/www.asajacyl.com\/palencia\/#\/schema\/person\/image\/","url":"https:\/\/secure.gravatar.com\/avatar\/517384810d242ca9e38c180f3c9fb973?s=96&d=mm&r=g","contentUrl":"https:\/\/secure.gravatar.com\/avatar\/517384810d242ca9e38c180f3c9fb973?s=96&d=mm&r=g","caption":"Administrador"},"url":"https:\/\/www.asajacyl.com\/palencia\/author\/carlosrm"}]}},"_links":{"self":[{"href":"https:\/\/www.asajacyl.com\/palencia\/wp-json\/wp\/v2\/posts\/12710"}],"collection":[{"href":"https:\/\/www.asajacyl.com\/palencia\/wp-json\/wp\/v2\/posts"}],"about":[{"href":"https:\/\/www.asajacyl.com\/palencia\/wp-json\/wp\/v2\/types\/post"}],"author":[{"embeddable":true,"href":"https:\/\/www.asajacyl.com\/palencia\/wp-json\/wp\/v2\/users\/9"}],"replies":[{"embeddable":true,"href":"https:\/\/www.asajacyl.com\/palencia\/wp-json\/wp\/v2\/comments?post=12710"}],"version-history":[{"count":1,"href":"https:\/\/www.asajacyl.com\/palencia\/wp-json\/wp\/v2\/posts\/12710\/revisions"}],"predecessor-version":[{"id":12711,"href":"https:\/\/www.asajacyl.com\/palencia\/wp-json\/wp\/v2\/posts\/12710\/revisions\/12711"}],"wp:featuredmedia":[{"embeddable":true,"href":"https:\/\/www.asajacyl.com\/palencia\/wp-json\/wp\/v2\/media\/11230"}],"wp:attachment":[{"href":"https:\/\/www.asajacyl.com\/palencia\/wp-json\/wp\/v2\/media?parent=12710"}],"wp:term":[{"taxonomy":"category","embeddable":true,"href":"https:\/\/www.asajacyl.com\/palencia\/wp-json\/wp\/v2\/categories?post=12710"},{"taxonomy":"post_tag","embeddable":true,"href":"https:\/\/www.asajacyl.com\/palencia\/wp-json\/wp\/v2\/tags?post=12710"}],"curies":[{"name":"wp","href":"https:\/\/api.w.org\/{rel}","templated":true}]}}