{"id":12722,"date":"2023-03-28T09:45:17","date_gmt":"2023-03-28T07:45:17","guid":{"rendered":"https:\/\/www.asajacyl.com\/palencia\/?p=12722"},"modified":"2023-03-28T10:03:13","modified_gmt":"2023-03-28T08:03:13","slug":"el-regadio-llega-a-boadilla-de-rioseco-736-ha-gracias-a-la-nueva-balsa-del-cea-carrion-la-mayor-de-espana","status":"publish","type":"post","link":"https:\/\/www.asajacyl.com\/palencia\/asaja-palencia-informa\/el-regadio-llega-a-boadilla-de-rioseco-736-ha-gracias-a-la-nueva-balsa-del-cea-carrion-la-mayor-de-espana","title":{"rendered":"El regad\u00edo llega a Boadilla de Rioseco (736 ha) gracias a la nueva balsa del Cea-Carri\u00f3n, la mayor de Espa\u00f1a"},"content":{"rendered":"\n<p>La Consejer\u00eda de Agricultura, Ganader\u00eda y Desarrollo Rural ha entregado este mes a la Comunidad de Regantes del Sector IV de Tierra de Campos las obras de transformaci\u00f3n al regad\u00edo de una amplia zona de unas 2.135 hect\u00e1reas al sistema Cea-Carri\u00f3n, tras una inversi\u00f3n de 17 millones de euros.<\/p>\n\n\n\n<p>Culmina as\u00ed la creaci\u00f3n de esta infraestructura tras un proceso de m\u00e1s de dos d\u00e9cadas, con una inversi\u00f3n costeada por el organismo auton\u00f3mico Itacyl (Instituto Tecnol\u00f3gico Agrario de Castilla y Le\u00f3n), que aport\u00f3 el 76%, &nbsp;y por los 180 regantes de la zona que sufragaron el 24%.<\/p>\n\n\n\n<p>El colectivo se beneficiar\u00e1n de la nueva balsa construida, la mayor del pa\u00eds, que ocupa 117 hect\u00e1reas y una capacidad de embalse de 10 hect\u00f3metros c\u00fabicos. La mayor\u00eda de los regantes ha ejecutado ya las infraestructuras de regad\u00edopara aprovechar este recurso.<\/p>\n\n\n\n<p><strong>M\u00c1S DE SETENTA PARCELAS. <\/strong>Aproximadamente un tercio de la superficie transformada en regad\u00edo se sit\u00faa en el t\u00e9rmino de<strong> Boadilla de Rioseco<\/strong>, municipio palentino que contar\u00e1 gracias a esta balsa con sus primeros terrenos de regad\u00edo. Ser\u00e1n, en concreto, 736 hect\u00e1reas, distribuidas en 71 parcelas, con un promedio de algo m\u00e1s de diez hect\u00e1reas por parcela (10,37).<\/p>\n\n\n\n<p>Los otros tres municipios beneficiarios pertenecen a la <strong>provincia de Valladolid: Herr\u00edn de Campos, Villafrades de Campos y Villal\u00f3n de Campos<\/strong>, que suman cerca de dos tercios de la nueva superficie de regad\u00edo que se abastecer\u00e1 de la balsa.<\/p>\n\n\n\n<p>En el acto de entrega participaron el consejero de Agricultura, Ganader\u00eda y Desarrollo Rural de la Junta de Castilla y Le\u00f3n, el palentino Gerardo Due\u00f1as, y el presidente de la Comunidad de Regantes del Sector IV de Tierra de Campos, Jos\u00e9 Luis Ant\u00f3n.<\/p>\n\n\n\n<p><strong>REIVINDICACI\u00d3N DEL SECTOR V.<\/strong> Desde ASAJA-Palencia queremos reivindicar el inmediato impulso del sector V de Tierra de Campos, eliminado del Plan Hidrol\u00f3gico del Duero 2022-2027, que beneficiar\u00eda a los t\u00e9rminos municipales de <strong>Autillo de Campos<\/strong> y <strong>Fuentes de Nava<\/strong>, que han solicitado desde hace a\u00f1os la concentraci\u00f3n y la transformaci\u00f3n a regad\u00edo de una parte de las superficies de cultivo de sus respectivos territorios.<strong>\/<\/strong><\/p>\n","protected":false},"excerpt":{"rendered":"<p>La Consejer\u00eda de Agricultura, Ganader\u00eda y Desarrollo Rural ha entregado este mes a la Comunidad de Regantes del Sector IV de Tierra de Campos las obras de transformaci\u00f3n al regad\u00edo de una amplia zona de unas 2.135 hect\u00e1reas al sistema Cea-Carri\u00f3n, tras una inversi\u00f3n de 17 millones de euros. Culmina as\u00ed la creaci\u00f3n de esta [&hellip;]<\/p>\n","protected":false},"author":9,"featured_media":12730,"comment_status":"open","ping_status":"open","sticky":false,"template":"","format":"standard","meta":{"footnotes":""},"categories":[9,29,28],"tags":[58,69,68,65,70,64,63,66,55],"yoast_head":"<!-- This site is optimized with the Yoast SEO plugin v24.5 - https:\/\/yoast.com\/wordpress\/plugins\/seo\/ -->\n<title>El regad\u00edo llega a Boadilla de Rioseco (736 ha) gracias a la nueva balsa del Cea-Carri\u00f3n, la mayor de Espa\u00f1a - ASAJA Palencia<\/title>\n<meta name=\"description\" content=\"La Consejer\u00eda de Agricultura, Ganader\u00eda y Desarrollo Rural ha entregado este mes a la Comunidad de Regantes del Sector IV de Tierra de Campos las obras de\" \/>\n<meta name=\"robots\" content=\"index, follow, max-snippet:-1, max-image-preview:large, max-video-preview:-1\" \/>\n<link rel=\"canonical\" href=\"https:\/\/www.asajacyl.com\/palencia\/asaja-palencia-informa\/el-regadio-llega-a-boadilla-de-rioseco-736-ha-gracias-a-la-nueva-balsa-del-cea-carrion-la-mayor-de-espana\" \/>\n<meta property=\"og:locale\" content=\"es_ES\" \/>\n<meta property=\"og:type\" content=\"article\" \/>\n<meta property=\"og:title\" content=\"El regad\u00edo llega a Boadilla de Rioseco (736 ha) gracias a la nueva balsa del Cea-Carri\u00f3n, la mayor de Espa\u00f1a - ASAJA Palencia\" \/>\n<meta property=\"og:description\" content=\"La Consejer\u00eda de Agricultura, Ganader\u00eda y Desarrollo Rural ha entregado este mes a la Comunidad de Regantes del Sector IV de Tierra de Campos las obras de\" \/>\n<meta property=\"og:url\" content=\"https:\/\/www.asajacyl.com\/palencia\/asaja-palencia-informa\/el-regadio-llega-a-boadilla-de-rioseco-736-ha-gracias-a-la-nueva-balsa-del-cea-carrion-la-mayor-de-espana\" \/>\n<meta property=\"og:site_name\" content=\"ASAJA Palencia\" \/>\n<meta property=\"article:published_time\" content=\"2023-03-28T07:45:17+00:00\" \/>\n<meta property=\"article:modified_time\" content=\"2023-03-28T08:03:13+00:00\" \/>\n<meta property=\"og:image\" content=\"https:\/\/www.asajacyl.com\/palencia\/wp-content\/uploads\/sites\/3\/2023\/03\/Balsa-Cea-Carrion-def.jpg\" \/>\n\t<meta property=\"og:image:width\" content=\"1867\" \/>\n\t<meta property=\"og:image:height\" content=\"924\" \/>\n\t<meta property=\"og:image:type\" content=\"image\/jpeg\" \/>\n<meta name=\"author\" content=\"Administrador\" \/>\n<meta name=\"twitter:card\" content=\"summary_large_image\" \/>\n<meta name=\"twitter:label1\" content=\"Escrito por\" \/>\n\t<meta name=\"twitter:data1\" content=\"Administrador\" \/>\n\t<meta name=\"twitter:label2\" content=\"Tiempo de lectura\" \/>\n\t<meta name=\"twitter:data2\" content=\"2 minutos\" \/>\n<script type=\"application\/ld+json\" class=\"yoast-schema-graph\">{\"@context\":\"https:\/\/schema.org\",\"@graph\":[{\"@type\":\"WebPage\",\"@id\":\"https:\/\/www.asajacyl.com\/palencia\/asaja-palencia-informa\/el-regadio-llega-a-boadilla-de-rioseco-736-ha-gracias-a-la-nueva-balsa-del-cea-carrion-la-mayor-de-espana\",\"url\":\"https:\/\/www.asajacyl.com\/palencia\/asaja-palencia-informa\/el-regadio-llega-a-boadilla-de-rioseco-736-ha-gracias-a-la-nueva-balsa-del-cea-carrion-la-mayor-de-espana\",\"name\":\"El regad\u00edo llega a Boadilla de Rioseco (736 ha) gracias a la nueva balsa del Cea-Carri\u00f3n, la mayor de Espa\u00f1a - ASAJA Palencia\",\"isPartOf\":{\"@id\":\"https:\/\/www.asajacyl.com\/palencia\/#website\"},\"primaryImageOfPage\":{\"@id\":\"https:\/\/www.asajacyl.com\/palencia\/asaja-palencia-informa\/el-regadio-llega-a-boadilla-de-rioseco-736-ha-gracias-a-la-nueva-balsa-del-cea-carrion-la-mayor-de-espana#primaryimage\"},\"image\":{\"@id\":\"https:\/\/www.asajacyl.com\/palencia\/asaja-palencia-informa\/el-regadio-llega-a-boadilla-de-rioseco-736-ha-gracias-a-la-nueva-balsa-del-cea-carrion-la-mayor-de-espana#primaryimage\"},\"thumbnailUrl\":\"https:\/\/www.asajacyl.com\/palencia\/wp-content\/uploads\/sites\/3\/2023\/03\/Balsa-Cea-Carrion-def.jpg\",\"datePublished\":\"2023-03-28T07:45:17+00:00\",\"dateModified\":\"2023-03-28T08:03:13+00:00\",\"author\":{\"@id\":\"https:\/\/www.asajacyl.com\/palencia\/#\/schema\/person\/3ab17aeb03527485c317557fae64aab1\"},\"description\":\"La Consejer\u00eda de Agricultura, Ganader\u00eda y Desarrollo Rural ha entregado este mes a la Comunidad de Regantes del Sector IV de Tierra de Campos las obras de\",\"breadcrumb\":{\"@id\":\"https:\/\/www.asajacyl.com\/palencia\/asaja-palencia-informa\/el-regadio-llega-a-boadilla-de-rioseco-736-ha-gracias-a-la-nueva-balsa-del-cea-carrion-la-mayor-de-espana#breadcrumb\"},\"inLanguage\":\"es\",\"potentialAction\":[{\"@type\":\"ReadAction\",\"target\":[\"https:\/\/www.asajacyl.com\/palencia\/asaja-palencia-informa\/el-regadio-llega-a-boadilla-de-rioseco-736-ha-gracias-a-la-nueva-balsa-del-cea-carrion-la-mayor-de-espana\"]}]},{\"@type\":\"ImageObject\",\"inLanguage\":\"es\",\"@id\":\"https:\/\/www.asajacyl.com\/palencia\/asaja-palencia-informa\/el-regadio-llega-a-boadilla-de-rioseco-736-ha-gracias-a-la-nueva-balsa-del-cea-carrion-la-mayor-de-espana#primaryimage\",\"url\":\"https:\/\/www.asajacyl.com\/palencia\/wp-content\/uploads\/sites\/3\/2023\/03\/Balsa-Cea-Carrion-def.jpg\",\"contentUrl\":\"https:\/\/www.asajacyl.com\/palencia\/wp-content\/uploads\/sites\/3\/2023\/03\/Balsa-Cea-Carrion-def.jpg\",\"width\":1867,\"height\":924},{\"@type\":\"BreadcrumbList\",\"@id\":\"https:\/\/www.asajacyl.com\/palencia\/asaja-palencia-informa\/el-regadio-llega-a-boadilla-de-rioseco-736-ha-gracias-a-la-nueva-balsa-del-cea-carrion-la-mayor-de-espana#breadcrumb\",\"itemListElement\":[{\"@type\":\"ListItem\",\"position\":1,\"name\":\"Portada\",\"item\":\"https:\/\/www.asajacyl.com\/palencia\/\"},{\"@type\":\"ListItem\",\"position\":2,\"name\":\"El regad\u00edo llega a Boadilla de Rioseco (736 ha) gracias a la nueva balsa del Cea-Carri\u00f3n, la mayor de Espa\u00f1a\"}]},{\"@type\":\"WebSite\",\"@id\":\"https:\/\/www.asajacyl.com\/palencia\/#website\",\"url\":\"https:\/\/www.asajacyl.com\/palencia\/\",\"name\":\"ASAJA Palencia\",\"description\":\"Otro sitio m\u00e1s de Provincias ASAJA Castilla y Le\u00f3n\",\"potentialAction\":[{\"@type\":\"SearchAction\",\"target\":{\"@type\":\"EntryPoint\",\"urlTemplate\":\"https:\/\/www.asajacyl.com\/palencia\/?s={search_term_string}\"},\"query-input\":{\"@type\":\"PropertyValueSpecification\",\"valueRequired\":true,\"valueName\":\"search_term_string\"}}],\"inLanguage\":\"es\"},{\"@type\":\"Person\",\"@id\":\"https:\/\/www.asajacyl.com\/palencia\/#\/schema\/person\/3ab17aeb03527485c317557fae64aab1\",\"name\":\"Administrador\",\"image\":{\"@type\":\"ImageObject\",\"inLanguage\":\"es\",\"@id\":\"https:\/\/www.asajacyl.com\/palencia\/#\/schema\/person\/image\/\",\"url\":\"https:\/\/secure.gravatar.com\/avatar\/517384810d242ca9e38c180f3c9fb973?s=96&d=mm&r=g\",\"contentUrl\":\"https:\/\/secure.gravatar.com\/avatar\/517384810d242ca9e38c180f3c9fb973?s=96&d=mm&r=g\",\"caption\":\"Administrador\"},\"url\":\"https:\/\/www.asajacyl.com\/palencia\/author\/carlosrm\"}]}<\/script>\n<!-- \/ Yoast SEO plugin. -->","yoast_head_json":{"title":"El regad\u00edo llega a Boadilla de Rioseco (736 ha) gracias a la nueva balsa del Cea-Carri\u00f3n, la mayor de Espa\u00f1a - ASAJA Palencia","description":"La Consejer\u00eda de Agricultura, Ganader\u00eda y Desarrollo Rural ha entregado este mes a la Comunidad de Regantes del Sector IV de Tierra de Campos las obras de","robots":{"index":"index","follow":"follow","max-snippet":"max-snippet:-1","max-image-preview":"max-image-preview:large","max-video-preview":"max-video-preview:-1"},"canonical":"https:\/\/www.asajacyl.com\/palencia\/asaja-palencia-informa\/el-regadio-llega-a-boadilla-de-rioseco-736-ha-gracias-a-la-nueva-balsa-del-cea-carrion-la-mayor-de-espana","og_locale":"es_ES","og_type":"article","og_title":"El regad\u00edo llega a Boadilla de Rioseco (736 ha) gracias a la nueva balsa del Cea-Carri\u00f3n, la mayor de Espa\u00f1a - ASAJA Palencia","og_description":"La Consejer\u00eda de Agricultura, Ganader\u00eda y Desarrollo Rural ha entregado este mes a la Comunidad de Regantes del Sector IV de Tierra de Campos las obras de","og_url":"https:\/\/www.asajacyl.com\/palencia\/asaja-palencia-informa\/el-regadio-llega-a-boadilla-de-rioseco-736-ha-gracias-a-la-nueva-balsa-del-cea-carrion-la-mayor-de-espana","og_site_name":"ASAJA Palencia","article_published_time":"2023-03-28T07:45:17+00:00","article_modified_time":"2023-03-28T08:03:13+00:00","og_image":[{"width":1867,"height":924,"url":"https:\/\/www.asajacyl.com\/palencia\/wp-content\/uploads\/sites\/3\/2023\/03\/Balsa-Cea-Carrion-def.jpg","type":"image\/jpeg"}],"author":"Administrador","twitter_card":"summary_large_image","twitter_misc":{"Escrito por":"Administrador","Tiempo de lectura":"2 minutos"},"schema":{"@context":"https:\/\/schema.org","@graph":[{"@type":"WebPage","@id":"https:\/\/www.asajacyl.com\/palencia\/asaja-palencia-informa\/el-regadio-llega-a-boadilla-de-rioseco-736-ha-gracias-a-la-nueva-balsa-del-cea-carrion-la-mayor-de-espana","url":"https:\/\/www.asajacyl.com\/palencia\/asaja-palencia-informa\/el-regadio-llega-a-boadilla-de-rioseco-736-ha-gracias-a-la-nueva-balsa-del-cea-carrion-la-mayor-de-espana","name":"El regad\u00edo llega a Boadilla de Rioseco (736 ha) gracias a la nueva balsa del Cea-Carri\u00f3n, la mayor de Espa\u00f1a - ASAJA Palencia","isPartOf":{"@id":"https:\/\/www.asajacyl.com\/palencia\/#website"},"primaryImageOfPage":{"@id":"https:\/\/www.asajacyl.com\/palencia\/asaja-palencia-informa\/el-regadio-llega-a-boadilla-de-rioseco-736-ha-gracias-a-la-nueva-balsa-del-cea-carrion-la-mayor-de-espana#primaryimage"},"image":{"@id":"https:\/\/www.asajacyl.com\/palencia\/asaja-palencia-informa\/el-regadio-llega-a-boadilla-de-rioseco-736-ha-gracias-a-la-nueva-balsa-del-cea-carrion-la-mayor-de-espana#primaryimage"},"thumbnailUrl":"https:\/\/www.asajacyl.com\/palencia\/wp-content\/uploads\/sites\/3\/2023\/03\/Balsa-Cea-Carrion-def.jpg","datePublished":"2023-03-28T07:45:17+00:00","dateModified":"2023-03-28T08:03:13+00:00","author":{"@id":"https:\/\/www.asajacyl.com\/palencia\/#\/schema\/person\/3ab17aeb03527485c317557fae64aab1"},"description":"La Consejer\u00eda de Agricultura, Ganader\u00eda y Desarrollo Rural ha entregado este mes a la Comunidad de Regantes del Sector IV de Tierra de Campos las obras de","breadcrumb":{"@id":"https:\/\/www.asajacyl.com\/palencia\/asaja-palencia-informa\/el-regadio-llega-a-boadilla-de-rioseco-736-ha-gracias-a-la-nueva-balsa-del-cea-carrion-la-mayor-de-espana#breadcrumb"},"inLanguage":"es","potentialAction":[{"@type":"ReadAction","target":["https:\/\/www.asajacyl.com\/palencia\/asaja-palencia-informa\/el-regadio-llega-a-boadilla-de-rioseco-736-ha-gracias-a-la-nueva-balsa-del-cea-carrion-la-mayor-de-espana"]}]},{"@type":"ImageObject","inLanguage":"es","@id":"https:\/\/www.asajacyl.com\/palencia\/asaja-palencia-informa\/el-regadio-llega-a-boadilla-de-rioseco-736-ha-gracias-a-la-nueva-balsa-del-cea-carrion-la-mayor-de-espana#primaryimage","url":"https:\/\/www.asajacyl.com\/palencia\/wp-content\/uploads\/sites\/3\/2023\/03\/Balsa-Cea-Carrion-def.jpg","contentUrl":"https:\/\/www.asajacyl.com\/palencia\/wp-content\/uploads\/sites\/3\/2023\/03\/Balsa-Cea-Carrion-def.jpg","width":1867,"height":924},{"@type":"BreadcrumbList","@id":"https:\/\/www.asajacyl.com\/palencia\/asaja-palencia-informa\/el-regadio-llega-a-boadilla-de-rioseco-736-ha-gracias-a-la-nueva-balsa-del-cea-carrion-la-mayor-de-espana#breadcrumb","itemListElement":[{"@type":"ListItem","position":1,"name":"Portada","item":"https:\/\/www.asajacyl.com\/palencia\/"},{"@type":"ListItem","position":2,"name":"El regad\u00edo llega a Boadilla de Rioseco (736 ha) gracias a la nueva balsa del Cea-Carri\u00f3n, la mayor de Espa\u00f1a"}]},{"@type":"WebSite","@id":"https:\/\/www.asajacyl.com\/palencia\/#website","url":"https:\/\/www.asajacyl.com\/palencia\/","name":"ASAJA Palencia","description":"Otro sitio m\u00e1s de Provincias ASAJA Castilla y Le\u00f3n","potentialAction":[{"@type":"SearchAction","target":{"@type":"EntryPoint","urlTemplate":"https:\/\/www.asajacyl.com\/palencia\/?s={search_term_string}"},"query-input":{"@type":"PropertyValueSpecification","valueRequired":true,"valueName":"search_term_string"}}],"inLanguage":"es"},{"@type":"Person","@id":"https:\/\/www.asajacyl.com\/palencia\/#\/schema\/person\/3ab17aeb03527485c317557fae64aab1","name":"Administrador","image":{"@type":"ImageObject","inLanguage":"es","@id":"https:\/\/www.asajacyl.com\/palencia\/#\/schema\/person\/image\/","url":"https:\/\/secure.gravatar.com\/avatar\/517384810d242ca9e38c180f3c9fb973?s=96&d=mm&r=g","contentUrl":"https:\/\/secure.gravatar.com\/avatar\/517384810d242ca9e38c180f3c9fb973?s=96&d=mm&r=g","caption":"Administrador"},"url":"https:\/\/www.asajacyl.com\/palencia\/author\/carlosrm"}]}},"_links":{"self":[{"href":"https:\/\/www.asajacyl.com\/palencia\/wp-json\/wp\/v2\/posts\/12722"}],"collection":[{"href":"https:\/\/www.asajacyl.com\/palencia\/wp-json\/wp\/v2\/posts"}],"about":[{"href":"https:\/\/www.asajacyl.com\/palencia\/wp-json\/wp\/v2\/types\/post"}],"author":[{"embeddable":true,"href":"https:\/\/www.asajacyl.com\/palencia\/wp-json\/wp\/v2\/users\/9"}],"replies":[{"embeddable":true,"href":"https:\/\/www.asajacyl.com\/palencia\/wp-json\/wp\/v2\/comments?post=12722"}],"version-history":[{"count":5,"href":"https:\/\/www.asajacyl.com\/palencia\/wp-json\/wp\/v2\/posts\/12722\/revisions"}],"predecessor-version":[{"id":12731,"href":"https:\/\/www.asajacyl.com\/palencia\/wp-json\/wp\/v2\/posts\/12722\/revisions\/12731"}],"wp:featuredmedia":[{"embeddable":true,"href":"https:\/\/www.asajacyl.com\/palencia\/wp-json\/wp\/v2\/media\/12730"}],"wp:attachment":[{"href":"https:\/\/www.asajacyl.com\/palencia\/wp-json\/wp\/v2\/media?parent=12722"}],"wp:term":[{"taxonomy":"category","embeddable":true,"href":"https:\/\/www.asajacyl.com\/palencia\/wp-json\/wp\/v2\/categories?post=12722"},{"taxonomy":"post_tag","embeddable":true,"href":"https:\/\/www.asajacyl.com\/palencia\/wp-json\/wp\/v2\/tags?post=12722"}],"curies":[{"name":"wp","href":"https:\/\/api.w.org\/{rel}","templated":true}]}}