{"id":12740,"date":"2023-03-28T15:06:45","date_gmt":"2023-03-28T13:06:45","guid":{"rendered":"https:\/\/www.asajacyl.com\/palencia\/?p=12740"},"modified":"2023-03-28T15:07:46","modified_gmt":"2023-03-28T13:07:46","slug":"aprobada-la-autorizacion-excepcional-para-tratar-remolacha-contra-pulgon-y-pulguilla","status":"publish","type":"post","link":"https:\/\/www.asajacyl.com\/palencia\/asaja-palencia-informa\/aprobada-la-autorizacion-excepcional-para-tratar-remolacha-contra-pulgon-y-pulguilla","title":{"rendered":"Aprobada la autorizaci\u00f3n excepcional para tratar remolacha contra pulg\u00f3n y pulguilla"},"content":{"rendered":"\n<p>Una reciente sentencia del Tribunal de Justicia de la Uni\u00f3n Europea prohibi\u00f3 de facto el uso de tiametoxam en la pildoraci\u00f3n de la semilla de remolacha, un duro golpe para el sector remolachero, que precisa de insecticidas sist\u00e9micos eficaces en los primeros estadios del cultivo. La Junta de Castilla y Leon ha solicitado una autorizaci\u00f3n excepcional para el uso de acetamiprid y flonicamid para realizar el control de pulguilla (<em>Chaetonema tibialis<\/em>) y pulg\u00f3n (<em>Myzus persicae<\/em> y <em>Aphis fabae<\/em>) en la remolacha azucarera con el fin de poder controlar el pulg\u00f3n, vector del virus de la amarillez de la remolacha, y la pulguilla, que produce defoliaci\u00f3n en la planta.<\/p>\n\n\n\n<p>El MAPA ha concedido dicha autorizaci\u00f3n excepcional estableciendo las siguientes condiciones a cumplir por parte de los agricultores:<\/p>\n\n\n\n<ul>\n<li>Antes de la aplicaci\u00f3n de estos productos es obligatorio comunicar a la Consejer\u00eda de Agricultura, Ganader\u00eda y Desarrollo Rural el listado de parcelas donde se va a tratar.<\/li>\n\n\n\n<li>Se autoriza el uso de Acetamiprid [20%] desde el 15 de marzo hasta el 12 de julio de 2023.<\/li>\n\n\n\n<li>Se autoriza el uso de Flonicamida [50%] desde el 1 de abril hasta el 29 de julio de 2023.<\/li>\n\n\n\n<li>En las parcelas a tratar no se habr\u00e1 cultivado el a\u00f1o anterior colza ni otras especies del g\u00e9nero <em>Brassica<\/em>.<\/li>\n\n\n\n<li>Se deben eliminar en invierno montones de remolacha que queden en las parcelas tras la recolecci\u00f3n y puedan ser posibles portadores de virus.<\/li>\n<\/ul>\n\n\n<div class=\"wp-block-image\">\n<figure class=\"aligncenter size-full\"><img loading=\"lazy\" decoding=\"async\" width=\"559\" height=\"867\" src=\"https:\/\/www.asajacyl.com\/palencia\/wp-content\/uploads\/sites\/3\/2023\/03\/TRATAMIENTO-REMOLACHA.png\" alt=\"\" class=\"wp-image-12742\" srcset=\"https:\/\/www.asajacyl.com\/palencia\/wp-content\/uploads\/sites\/3\/2023\/03\/TRATAMIENTO-REMOLACHA.png 559w, https:\/\/www.asajacyl.com\/palencia\/wp-content\/uploads\/sites\/3\/2023\/03\/TRATAMIENTO-REMOLACHA-193x300.png 193w, https:\/\/www.asajacyl.com\/palencia\/wp-content\/uploads\/sites\/3\/2023\/03\/TRATAMIENTO-REMOLACHA-271x420.png 271w\" sizes=\"(max-width: 559px) 100vw, 559px\" \/><\/figure><\/div>","protected":false},"excerpt":{"rendered":"<p>Una reciente sentencia del Tribunal de Justicia de la Uni\u00f3n Europea prohibi\u00f3 de facto el uso de tiametoxam en la pildoraci\u00f3n de la semilla de remolacha, un duro golpe para el sector remolachero, que precisa de insecticidas sist\u00e9micos eficaces en los primeros estadios del cultivo. La Junta de Castilla y Leon ha solicitado una autorizaci\u00f3n [&hellip;]<\/p>\n","protected":false},"author":9,"featured_media":12742,"comment_status":"open","ping_status":"open","sticky":false,"template":"","format":"standard","meta":{"footnotes":""},"categories":[9,29,28],"tags":[],"yoast_head":"<!-- This site is optimized with the Yoast SEO plugin v24.5 - https:\/\/yoast.com\/wordpress\/plugins\/seo\/ -->\n<title>Aprobada la autorizaci\u00f3n excepcional para tratar remolacha contra pulg\u00f3n y pulguilla - ASAJA Palencia<\/title>\n<meta name=\"description\" content=\"Una reciente sentencia del Tribunal de Justicia de la Uni\u00f3n Europea prohibi\u00f3 de facto el uso de tiametoxam en la pildoraci\u00f3n de la semilla de remolacha,\" \/>\n<meta name=\"robots\" content=\"index, follow, max-snippet:-1, max-image-preview:large, max-video-preview:-1\" \/>\n<link rel=\"canonical\" href=\"https:\/\/www.asajacyl.com\/palencia\/asaja-palencia-informa\/aprobada-la-autorizacion-excepcional-para-tratar-remolacha-contra-pulgon-y-pulguilla\" \/>\n<meta property=\"og:locale\" content=\"es_ES\" \/>\n<meta property=\"og:type\" content=\"article\" \/>\n<meta property=\"og:title\" content=\"Aprobada la autorizaci\u00f3n excepcional para tratar remolacha contra pulg\u00f3n y pulguilla - ASAJA Palencia\" \/>\n<meta property=\"og:description\" content=\"Una reciente sentencia del Tribunal de Justicia de la Uni\u00f3n Europea prohibi\u00f3 de facto el uso de tiametoxam en la pildoraci\u00f3n de la semilla de remolacha,\" \/>\n<meta property=\"og:url\" content=\"https:\/\/www.asajacyl.com\/palencia\/asaja-palencia-informa\/aprobada-la-autorizacion-excepcional-para-tratar-remolacha-contra-pulgon-y-pulguilla\" \/>\n<meta property=\"og:site_name\" content=\"ASAJA Palencia\" \/>\n<meta property=\"article:published_time\" content=\"2023-03-28T13:06:45+00:00\" \/>\n<meta property=\"article:modified_time\" content=\"2023-03-28T13:07:46+00:00\" \/>\n<meta property=\"og:image\" content=\"https:\/\/www.asajacyl.com\/palencia\/wp-content\/uploads\/sites\/3\/2023\/03\/TRATAMIENTO-REMOLACHA.png\" \/>\n\t<meta property=\"og:image:width\" content=\"559\" \/>\n\t<meta property=\"og:image:height\" content=\"867\" \/>\n\t<meta property=\"og:image:type\" content=\"image\/png\" \/>\n<meta name=\"author\" content=\"Administrador\" \/>\n<meta name=\"twitter:card\" content=\"summary_large_image\" \/>\n<meta name=\"twitter:label1\" content=\"Escrito por\" \/>\n\t<meta name=\"twitter:data1\" content=\"Administrador\" \/>\n\t<meta name=\"twitter:label2\" content=\"Tiempo de lectura\" \/>\n\t<meta name=\"twitter:data2\" content=\"2 minutos\" \/>\n<script type=\"application\/ld+json\" class=\"yoast-schema-graph\">{\"@context\":\"https:\/\/schema.org\",\"@graph\":[{\"@type\":\"WebPage\",\"@id\":\"https:\/\/www.asajacyl.com\/palencia\/asaja-palencia-informa\/aprobada-la-autorizacion-excepcional-para-tratar-remolacha-contra-pulgon-y-pulguilla\",\"url\":\"https:\/\/www.asajacyl.com\/palencia\/asaja-palencia-informa\/aprobada-la-autorizacion-excepcional-para-tratar-remolacha-contra-pulgon-y-pulguilla\",\"name\":\"Aprobada la autorizaci\u00f3n excepcional para tratar remolacha contra pulg\u00f3n y pulguilla - ASAJA Palencia\",\"isPartOf\":{\"@id\":\"https:\/\/www.asajacyl.com\/palencia\/#website\"},\"primaryImageOfPage\":{\"@id\":\"https:\/\/www.asajacyl.com\/palencia\/asaja-palencia-informa\/aprobada-la-autorizacion-excepcional-para-tratar-remolacha-contra-pulgon-y-pulguilla#primaryimage\"},\"image\":{\"@id\":\"https:\/\/www.asajacyl.com\/palencia\/asaja-palencia-informa\/aprobada-la-autorizacion-excepcional-para-tratar-remolacha-contra-pulgon-y-pulguilla#primaryimage\"},\"thumbnailUrl\":\"https:\/\/www.asajacyl.com\/palencia\/wp-content\/uploads\/sites\/3\/2023\/03\/TRATAMIENTO-REMOLACHA.png\",\"datePublished\":\"2023-03-28T13:06:45+00:00\",\"dateModified\":\"2023-03-28T13:07:46+00:00\",\"author\":{\"@id\":\"https:\/\/www.asajacyl.com\/palencia\/#\/schema\/person\/3ab17aeb03527485c317557fae64aab1\"},\"description\":\"Una reciente sentencia del Tribunal de Justicia de la Uni\u00f3n Europea prohibi\u00f3 de facto el uso de tiametoxam en la pildoraci\u00f3n de la semilla de remolacha,\",\"breadcrumb\":{\"@id\":\"https:\/\/www.asajacyl.com\/palencia\/asaja-palencia-informa\/aprobada-la-autorizacion-excepcional-para-tratar-remolacha-contra-pulgon-y-pulguilla#breadcrumb\"},\"inLanguage\":\"es\",\"potentialAction\":[{\"@type\":\"ReadAction\",\"target\":[\"https:\/\/www.asajacyl.com\/palencia\/asaja-palencia-informa\/aprobada-la-autorizacion-excepcional-para-tratar-remolacha-contra-pulgon-y-pulguilla\"]}]},{\"@type\":\"ImageObject\",\"inLanguage\":\"es\",\"@id\":\"https:\/\/www.asajacyl.com\/palencia\/asaja-palencia-informa\/aprobada-la-autorizacion-excepcional-para-tratar-remolacha-contra-pulgon-y-pulguilla#primaryimage\",\"url\":\"https:\/\/www.asajacyl.com\/palencia\/wp-content\/uploads\/sites\/3\/2023\/03\/TRATAMIENTO-REMOLACHA.png\",\"contentUrl\":\"https:\/\/www.asajacyl.com\/palencia\/wp-content\/uploads\/sites\/3\/2023\/03\/TRATAMIENTO-REMOLACHA.png\",\"width\":559,\"height\":867},{\"@type\":\"BreadcrumbList\",\"@id\":\"https:\/\/www.asajacyl.com\/palencia\/asaja-palencia-informa\/aprobada-la-autorizacion-excepcional-para-tratar-remolacha-contra-pulgon-y-pulguilla#breadcrumb\",\"itemListElement\":[{\"@type\":\"ListItem\",\"position\":1,\"name\":\"Portada\",\"item\":\"https:\/\/www.asajacyl.com\/palencia\/\"},{\"@type\":\"ListItem\",\"position\":2,\"name\":\"Aprobada la autorizaci\u00f3n excepcional para tratar remolacha contra pulg\u00f3n y pulguilla\"}]},{\"@type\":\"WebSite\",\"@id\":\"https:\/\/www.asajacyl.com\/palencia\/#website\",\"url\":\"https:\/\/www.asajacyl.com\/palencia\/\",\"name\":\"ASAJA Palencia\",\"description\":\"Otro sitio m\u00e1s de Provincias ASAJA Castilla y Le\u00f3n\",\"potentialAction\":[{\"@type\":\"SearchAction\",\"target\":{\"@type\":\"EntryPoint\",\"urlTemplate\":\"https:\/\/www.asajacyl.com\/palencia\/?s={search_term_string}\"},\"query-input\":{\"@type\":\"PropertyValueSpecification\",\"valueRequired\":true,\"valueName\":\"search_term_string\"}}],\"inLanguage\":\"es\"},{\"@type\":\"Person\",\"@id\":\"https:\/\/www.asajacyl.com\/palencia\/#\/schema\/person\/3ab17aeb03527485c317557fae64aab1\",\"name\":\"Administrador\",\"image\":{\"@type\":\"ImageObject\",\"inLanguage\":\"es\",\"@id\":\"https:\/\/www.asajacyl.com\/palencia\/#\/schema\/person\/image\/\",\"url\":\"https:\/\/secure.gravatar.com\/avatar\/517384810d242ca9e38c180f3c9fb973?s=96&d=mm&r=g\",\"contentUrl\":\"https:\/\/secure.gravatar.com\/avatar\/517384810d242ca9e38c180f3c9fb973?s=96&d=mm&r=g\",\"caption\":\"Administrador\"},\"url\":\"https:\/\/www.asajacyl.com\/palencia\/author\/carlosrm\"}]}<\/script>\n<!-- \/ Yoast SEO plugin. -->","yoast_head_json":{"title":"Aprobada la autorizaci\u00f3n excepcional para tratar remolacha contra pulg\u00f3n y pulguilla - ASAJA Palencia","description":"Una reciente sentencia del Tribunal de Justicia de la Uni\u00f3n Europea prohibi\u00f3 de facto el uso de tiametoxam en la pildoraci\u00f3n de la semilla de remolacha,","robots":{"index":"index","follow":"follow","max-snippet":"max-snippet:-1","max-image-preview":"max-image-preview:large","max-video-preview":"max-video-preview:-1"},"canonical":"https:\/\/www.asajacyl.com\/palencia\/asaja-palencia-informa\/aprobada-la-autorizacion-excepcional-para-tratar-remolacha-contra-pulgon-y-pulguilla","og_locale":"es_ES","og_type":"article","og_title":"Aprobada la autorizaci\u00f3n excepcional para tratar remolacha contra pulg\u00f3n y pulguilla - ASAJA Palencia","og_description":"Una reciente sentencia del Tribunal de Justicia de la Uni\u00f3n Europea prohibi\u00f3 de facto el uso de tiametoxam en la pildoraci\u00f3n de la semilla de remolacha,","og_url":"https:\/\/www.asajacyl.com\/palencia\/asaja-palencia-informa\/aprobada-la-autorizacion-excepcional-para-tratar-remolacha-contra-pulgon-y-pulguilla","og_site_name":"ASAJA Palencia","article_published_time":"2023-03-28T13:06:45+00:00","article_modified_time":"2023-03-28T13:07:46+00:00","og_image":[{"width":559,"height":867,"url":"https:\/\/www.asajacyl.com\/palencia\/wp-content\/uploads\/sites\/3\/2023\/03\/TRATAMIENTO-REMOLACHA.png","type":"image\/png"}],"author":"Administrador","twitter_card":"summary_large_image","twitter_misc":{"Escrito por":"Administrador","Tiempo de lectura":"2 minutos"},"schema":{"@context":"https:\/\/schema.org","@graph":[{"@type":"WebPage","@id":"https:\/\/www.asajacyl.com\/palencia\/asaja-palencia-informa\/aprobada-la-autorizacion-excepcional-para-tratar-remolacha-contra-pulgon-y-pulguilla","url":"https:\/\/www.asajacyl.com\/palencia\/asaja-palencia-informa\/aprobada-la-autorizacion-excepcional-para-tratar-remolacha-contra-pulgon-y-pulguilla","name":"Aprobada la autorizaci\u00f3n excepcional para tratar remolacha contra pulg\u00f3n y pulguilla - ASAJA Palencia","isPartOf":{"@id":"https:\/\/www.asajacyl.com\/palencia\/#website"},"primaryImageOfPage":{"@id":"https:\/\/www.asajacyl.com\/palencia\/asaja-palencia-informa\/aprobada-la-autorizacion-excepcional-para-tratar-remolacha-contra-pulgon-y-pulguilla#primaryimage"},"image":{"@id":"https:\/\/www.asajacyl.com\/palencia\/asaja-palencia-informa\/aprobada-la-autorizacion-excepcional-para-tratar-remolacha-contra-pulgon-y-pulguilla#primaryimage"},"thumbnailUrl":"https:\/\/www.asajacyl.com\/palencia\/wp-content\/uploads\/sites\/3\/2023\/03\/TRATAMIENTO-REMOLACHA.png","datePublished":"2023-03-28T13:06:45+00:00","dateModified":"2023-03-28T13:07:46+00:00","author":{"@id":"https:\/\/www.asajacyl.com\/palencia\/#\/schema\/person\/3ab17aeb03527485c317557fae64aab1"},"description":"Una reciente sentencia del Tribunal de Justicia de la Uni\u00f3n Europea prohibi\u00f3 de facto el uso de tiametoxam en la pildoraci\u00f3n de la semilla de remolacha,","breadcrumb":{"@id":"https:\/\/www.asajacyl.com\/palencia\/asaja-palencia-informa\/aprobada-la-autorizacion-excepcional-para-tratar-remolacha-contra-pulgon-y-pulguilla#breadcrumb"},"inLanguage":"es","potentialAction":[{"@type":"ReadAction","target":["https:\/\/www.asajacyl.com\/palencia\/asaja-palencia-informa\/aprobada-la-autorizacion-excepcional-para-tratar-remolacha-contra-pulgon-y-pulguilla"]}]},{"@type":"ImageObject","inLanguage":"es","@id":"https:\/\/www.asajacyl.com\/palencia\/asaja-palencia-informa\/aprobada-la-autorizacion-excepcional-para-tratar-remolacha-contra-pulgon-y-pulguilla#primaryimage","url":"https:\/\/www.asajacyl.com\/palencia\/wp-content\/uploads\/sites\/3\/2023\/03\/TRATAMIENTO-REMOLACHA.png","contentUrl":"https:\/\/www.asajacyl.com\/palencia\/wp-content\/uploads\/sites\/3\/2023\/03\/TRATAMIENTO-REMOLACHA.png","width":559,"height":867},{"@type":"BreadcrumbList","@id":"https:\/\/www.asajacyl.com\/palencia\/asaja-palencia-informa\/aprobada-la-autorizacion-excepcional-para-tratar-remolacha-contra-pulgon-y-pulguilla#breadcrumb","itemListElement":[{"@type":"ListItem","position":1,"name":"Portada","item":"https:\/\/www.asajacyl.com\/palencia\/"},{"@type":"ListItem","position":2,"name":"Aprobada la autorizaci\u00f3n excepcional para tratar remolacha contra pulg\u00f3n y pulguilla"}]},{"@type":"WebSite","@id":"https:\/\/www.asajacyl.com\/palencia\/#website","url":"https:\/\/www.asajacyl.com\/palencia\/","name":"ASAJA Palencia","description":"Otro sitio m\u00e1s de Provincias ASAJA Castilla y Le\u00f3n","potentialAction":[{"@type":"SearchAction","target":{"@type":"EntryPoint","urlTemplate":"https:\/\/www.asajacyl.com\/palencia\/?s={search_term_string}"},"query-input":{"@type":"PropertyValueSpecification","valueRequired":true,"valueName":"search_term_string"}}],"inLanguage":"es"},{"@type":"Person","@id":"https:\/\/www.asajacyl.com\/palencia\/#\/schema\/person\/3ab17aeb03527485c317557fae64aab1","name":"Administrador","image":{"@type":"ImageObject","inLanguage":"es","@id":"https:\/\/www.asajacyl.com\/palencia\/#\/schema\/person\/image\/","url":"https:\/\/secure.gravatar.com\/avatar\/517384810d242ca9e38c180f3c9fb973?s=96&d=mm&r=g","contentUrl":"https:\/\/secure.gravatar.com\/avatar\/517384810d242ca9e38c180f3c9fb973?s=96&d=mm&r=g","caption":"Administrador"},"url":"https:\/\/www.asajacyl.com\/palencia\/author\/carlosrm"}]}},"_links":{"self":[{"href":"https:\/\/www.asajacyl.com\/palencia\/wp-json\/wp\/v2\/posts\/12740"}],"collection":[{"href":"https:\/\/www.asajacyl.com\/palencia\/wp-json\/wp\/v2\/posts"}],"about":[{"href":"https:\/\/www.asajacyl.com\/palencia\/wp-json\/wp\/v2\/types\/post"}],"author":[{"embeddable":true,"href":"https:\/\/www.asajacyl.com\/palencia\/wp-json\/wp\/v2\/users\/9"}],"replies":[{"embeddable":true,"href":"https:\/\/www.asajacyl.com\/palencia\/wp-json\/wp\/v2\/comments?post=12740"}],"version-history":[{"count":2,"href":"https:\/\/www.asajacyl.com\/palencia\/wp-json\/wp\/v2\/posts\/12740\/revisions"}],"predecessor-version":[{"id":12744,"href":"https:\/\/www.asajacyl.com\/palencia\/wp-json\/wp\/v2\/posts\/12740\/revisions\/12744"}],"wp:featuredmedia":[{"embeddable":true,"href":"https:\/\/www.asajacyl.com\/palencia\/wp-json\/wp\/v2\/media\/12742"}],"wp:attachment":[{"href":"https:\/\/www.asajacyl.com\/palencia\/wp-json\/wp\/v2\/media?parent=12740"}],"wp:term":[{"taxonomy":"category","embeddable":true,"href":"https:\/\/www.asajacyl.com\/palencia\/wp-json\/wp\/v2\/categories?post=12740"},{"taxonomy":"post_tag","embeddable":true,"href":"https:\/\/www.asajacyl.com\/palencia\/wp-json\/wp\/v2\/tags?post=12740"}],"curies":[{"name":"wp","href":"https:\/\/api.w.org\/{rel}","templated":true}]}}