{"id":12755,"date":"2023-03-30T08:13:04","date_gmt":"2023-03-30T06:13:04","guid":{"rendered":"https:\/\/www.asajacyl.com\/palencia\/?p=12755"},"modified":"2023-03-30T08:13:06","modified_gmt":"2023-03-30T06:13:06","slug":"asaja-pide-soluciones-para-el-desaguisado-en-los-cambios-del-coeficiente-de-admisibilidad-de-pastos","status":"publish","type":"post","link":"https:\/\/www.asajacyl.com\/palencia\/asaja-palencia-informa\/asaja-pide-soluciones-para-el-desaguisado-en-los-cambios-del-coeficiente-de-admisibilidad-de-pastos","title":{"rendered":"ASAJA pide soluciones para el \u201cdesaguisado\u201d en los cambios del coeficiente de admisibilidad de pastos"},"content":{"rendered":"\n<p><strong>ASAJA ha pedido soluciones para el \u201cdesaguisado\u201d en los cambios del coeficiente de admisibilidad de pastos, ya que muchos ganaderos han visto reducida de la noche a la ma\u00f1ana la superficie con derecho a ayudas.<\/strong><\/p>\n\n\n\n<p>La adaptaci\u00f3n del Coeficiente de Admisibilidad de Pastos (CAP) al nuevo Coeficiente de Subvencionabilidad de Pastos (CSP) est\u00e1 suponiendo cambios en la superficie admisible para subvenci\u00f3n en muchas parcelas de pastos de la comunidad.<\/p>\n\n\n\n<p>La superficie que se computa a efectos de ayudas no es la total en las parcelas de pastos, sino la neta tras quitar las superficies no pastables por pendiente o las improductivas. Aunque el FEGA ha se\u00f1alado que el nuevo coeficiente permitir\u00e1 que la superficie de pastos con derecho a ayudas directas de la PAC, a nivel global, sea algo superior a la actual, lo cierto es que a nivel particular se ha generado un grave problema a muchos ganaderos que de la noche a la ma\u00f1ana han visto reducida la superficie con derecho a ayudas que hasta ahora ten\u00eda en sus parcelas de pastos.<\/p>\n\n\n\n<p>La alerta ha saltado en Castilla y Le\u00f3n tras comprobar en el SIGPAC el caso de muchos ganaderos que han sufrido ajustes en la superficie de pastos de su explotaci\u00f3n, reducciones que ponen en riesgo la justificaci\u00f3n de sus derechos de pago, asignados gracias a las mismas superficies sin haber hecho ning\u00fan cambio en esas parcelas, provocando adem\u00e1s un desajuste de la carga ganadera con la que contaba la explotaci\u00f3n tradicionalmente.<\/p>\n\n\n\n<p>El FEGA ha aclarado que el establecimiento del valor del CSP es competencia de las comunidades aut\u00f3nomas. Si estas nuevas mediciones, con datos actualizados y de mayor precisi\u00f3n, no se ajustan a la realidad en Castilla y Le\u00f3n, ser\u00e1 la administraci\u00f3n regional la encargada de su correcci\u00f3n.<\/p>\n\n\n\n<p>De esta forma, la consejer\u00eda recog\u00eda el guante y aseguraba los \u00faltimos d\u00edas de febrero que ning\u00fan ganadero va a ver reducida su admisibilidad de pastos en las fincas que declar\u00f3 en el a\u00f1o 2022. Para ello se cambiar\u00e1 el SIGPAC en la pr\u00f3xima actualizaci\u00f3n, para adaptarlo a la realidad de nuestra comunidad aut\u00f3noma en aquellos casos que esas parcelas no hayan sufrido variaci\u00f3n respecto a lo declarado en 2022, ya que el SIGPAC de la campa\u00f1a 2023 puede modificarse a lo largo del a\u00f1o y adem\u00e1s los cambios se tendr\u00e1n en cuenta en el proceso de conversi\u00f3n definitiva de los derechos de ayuda b\u00e1sica que tendr\u00e1 lugar en el primer trimestre de 2024.<\/p>\n","protected":false},"excerpt":{"rendered":"<p>ASAJA ha pedido soluciones para el \u201cdesaguisado\u201d en los cambios del coeficiente de admisibilidad de pastos, ya que muchos ganaderos han visto reducida de la noche a la ma\u00f1ana la superficie con derecho a ayudas. La adaptaci\u00f3n del Coeficiente de Admisibilidad de Pastos (CAP) al nuevo Coeficiente de Subvencionabilidad de Pastos (CSP) est\u00e1 suponiendo cambios [&hellip;]<\/p>\n","protected":false},"author":9,"featured_media":12756,"comment_status":"open","ping_status":"open","sticky":false,"template":"","format":"standard","meta":{"footnotes":""},"categories":[9,29,28],"tags":[],"yoast_head":"<!-- This site is optimized with the Yoast SEO plugin v24.5 - https:\/\/yoast.com\/wordpress\/plugins\/seo\/ -->\n<title>ASAJA pide soluciones para el \u201cdesaguisado\u201d en los cambios del coeficiente de admisibilidad de pastos - ASAJA Palencia<\/title>\n<meta name=\"description\" content=\"ASAJA ha pedido soluciones para el \u201cdesaguisado\u201d en los cambios del coeficiente de admisibilidad de pastos, ya que muchos ganaderos han visto reducida de\" \/>\n<meta name=\"robots\" content=\"index, follow, max-snippet:-1, max-image-preview:large, max-video-preview:-1\" \/>\n<link rel=\"canonical\" href=\"https:\/\/www.asajacyl.com\/palencia\/asaja-palencia-informa\/asaja-pide-soluciones-para-el-desaguisado-en-los-cambios-del-coeficiente-de-admisibilidad-de-pastos\" \/>\n<meta property=\"og:locale\" content=\"es_ES\" \/>\n<meta property=\"og:type\" content=\"article\" \/>\n<meta property=\"og:title\" content=\"ASAJA pide soluciones para el \u201cdesaguisado\u201d en los cambios del coeficiente de admisibilidad de pastos - ASAJA Palencia\" \/>\n<meta property=\"og:description\" content=\"ASAJA ha pedido soluciones para el \u201cdesaguisado\u201d en los cambios del coeficiente de admisibilidad de pastos, ya que muchos ganaderos han visto reducida de\" \/>\n<meta property=\"og:url\" content=\"https:\/\/www.asajacyl.com\/palencia\/asaja-palencia-informa\/asaja-pide-soluciones-para-el-desaguisado-en-los-cambios-del-coeficiente-de-admisibilidad-de-pastos\" \/>\n<meta property=\"og:site_name\" content=\"ASAJA Palencia\" \/>\n<meta property=\"article:published_time\" content=\"2023-03-30T06:13:04+00:00\" \/>\n<meta property=\"article:modified_time\" content=\"2023-03-30T06:13:06+00:00\" \/>\n<meta property=\"og:image\" content=\"https:\/\/www.asajacyl.com\/palencia\/wp-content\/uploads\/sites\/3\/2023\/03\/image-15.jpg\" \/>\n\t<meta property=\"og:image:width\" content=\"1322\" \/>\n\t<meta property=\"og:image:height\" content=\"1220\" \/>\n\t<meta property=\"og:image:type\" content=\"image\/jpeg\" \/>\n<meta name=\"author\" content=\"Administrador\" \/>\n<meta name=\"twitter:card\" content=\"summary_large_image\" \/>\n<meta name=\"twitter:label1\" content=\"Escrito por\" \/>\n\t<meta name=\"twitter:data1\" content=\"Administrador\" \/>\n\t<meta name=\"twitter:label2\" content=\"Tiempo de lectura\" \/>\n\t<meta name=\"twitter:data2\" content=\"2 minutos\" \/>\n<script type=\"application\/ld+json\" class=\"yoast-schema-graph\">{\"@context\":\"https:\/\/schema.org\",\"@graph\":[{\"@type\":\"WebPage\",\"@id\":\"https:\/\/www.asajacyl.com\/palencia\/asaja-palencia-informa\/asaja-pide-soluciones-para-el-desaguisado-en-los-cambios-del-coeficiente-de-admisibilidad-de-pastos\",\"url\":\"https:\/\/www.asajacyl.com\/palencia\/asaja-palencia-informa\/asaja-pide-soluciones-para-el-desaguisado-en-los-cambios-del-coeficiente-de-admisibilidad-de-pastos\",\"name\":\"ASAJA pide soluciones para el \u201cdesaguisado\u201d en los cambios del coeficiente de admisibilidad de pastos - ASAJA Palencia\",\"isPartOf\":{\"@id\":\"https:\/\/www.asajacyl.com\/palencia\/#website\"},\"primaryImageOfPage\":{\"@id\":\"https:\/\/www.asajacyl.com\/palencia\/asaja-palencia-informa\/asaja-pide-soluciones-para-el-desaguisado-en-los-cambios-del-coeficiente-de-admisibilidad-de-pastos#primaryimage\"},\"image\":{\"@id\":\"https:\/\/www.asajacyl.com\/palencia\/asaja-palencia-informa\/asaja-pide-soluciones-para-el-desaguisado-en-los-cambios-del-coeficiente-de-admisibilidad-de-pastos#primaryimage\"},\"thumbnailUrl\":\"https:\/\/www.asajacyl.com\/palencia\/wp-content\/uploads\/sites\/3\/2023\/03\/image-15.jpg\",\"datePublished\":\"2023-03-30T06:13:04+00:00\",\"dateModified\":\"2023-03-30T06:13:06+00:00\",\"author\":{\"@id\":\"https:\/\/www.asajacyl.com\/palencia\/#\/schema\/person\/3ab17aeb03527485c317557fae64aab1\"},\"description\":\"ASAJA ha pedido soluciones para el \u201cdesaguisado\u201d en los cambios del coeficiente de admisibilidad de pastos, ya que muchos ganaderos han visto reducida de\",\"breadcrumb\":{\"@id\":\"https:\/\/www.asajacyl.com\/palencia\/asaja-palencia-informa\/asaja-pide-soluciones-para-el-desaguisado-en-los-cambios-del-coeficiente-de-admisibilidad-de-pastos#breadcrumb\"},\"inLanguage\":\"es\",\"potentialAction\":[{\"@type\":\"ReadAction\",\"target\":[\"https:\/\/www.asajacyl.com\/palencia\/asaja-palencia-informa\/asaja-pide-soluciones-para-el-desaguisado-en-los-cambios-del-coeficiente-de-admisibilidad-de-pastos\"]}]},{\"@type\":\"ImageObject\",\"inLanguage\":\"es\",\"@id\":\"https:\/\/www.asajacyl.com\/palencia\/asaja-palencia-informa\/asaja-pide-soluciones-para-el-desaguisado-en-los-cambios-del-coeficiente-de-admisibilidad-de-pastos#primaryimage\",\"url\":\"https:\/\/www.asajacyl.com\/palencia\/wp-content\/uploads\/sites\/3\/2023\/03\/image-15.jpg\",\"contentUrl\":\"https:\/\/www.asajacyl.com\/palencia\/wp-content\/uploads\/sites\/3\/2023\/03\/image-15.jpg\",\"width\":1322,\"height\":1220},{\"@type\":\"BreadcrumbList\",\"@id\":\"https:\/\/www.asajacyl.com\/palencia\/asaja-palencia-informa\/asaja-pide-soluciones-para-el-desaguisado-en-los-cambios-del-coeficiente-de-admisibilidad-de-pastos#breadcrumb\",\"itemListElement\":[{\"@type\":\"ListItem\",\"position\":1,\"name\":\"Portada\",\"item\":\"https:\/\/www.asajacyl.com\/palencia\/\"},{\"@type\":\"ListItem\",\"position\":2,\"name\":\"ASAJA pide soluciones para el \u201cdesaguisado\u201d en los cambios del coeficiente de admisibilidad de pastos\"}]},{\"@type\":\"WebSite\",\"@id\":\"https:\/\/www.asajacyl.com\/palencia\/#website\",\"url\":\"https:\/\/www.asajacyl.com\/palencia\/\",\"name\":\"ASAJA Palencia\",\"description\":\"Otro sitio m\u00e1s de Provincias ASAJA Castilla y Le\u00f3n\",\"potentialAction\":[{\"@type\":\"SearchAction\",\"target\":{\"@type\":\"EntryPoint\",\"urlTemplate\":\"https:\/\/www.asajacyl.com\/palencia\/?s={search_term_string}\"},\"query-input\":{\"@type\":\"PropertyValueSpecification\",\"valueRequired\":true,\"valueName\":\"search_term_string\"}}],\"inLanguage\":\"es\"},{\"@type\":\"Person\",\"@id\":\"https:\/\/www.asajacyl.com\/palencia\/#\/schema\/person\/3ab17aeb03527485c317557fae64aab1\",\"name\":\"Administrador\",\"image\":{\"@type\":\"ImageObject\",\"inLanguage\":\"es\",\"@id\":\"https:\/\/www.asajacyl.com\/palencia\/#\/schema\/person\/image\/\",\"url\":\"https:\/\/secure.gravatar.com\/avatar\/517384810d242ca9e38c180f3c9fb973?s=96&d=mm&r=g\",\"contentUrl\":\"https:\/\/secure.gravatar.com\/avatar\/517384810d242ca9e38c180f3c9fb973?s=96&d=mm&r=g\",\"caption\":\"Administrador\"},\"url\":\"https:\/\/www.asajacyl.com\/palencia\/author\/carlosrm\"}]}<\/script>\n<!-- \/ Yoast SEO plugin. -->","yoast_head_json":{"title":"ASAJA pide soluciones para el \u201cdesaguisado\u201d en los cambios del coeficiente de admisibilidad de pastos - ASAJA Palencia","description":"ASAJA ha pedido soluciones para el \u201cdesaguisado\u201d en los cambios del coeficiente de admisibilidad de pastos, ya que muchos ganaderos han visto reducida de","robots":{"index":"index","follow":"follow","max-snippet":"max-snippet:-1","max-image-preview":"max-image-preview:large","max-video-preview":"max-video-preview:-1"},"canonical":"https:\/\/www.asajacyl.com\/palencia\/asaja-palencia-informa\/asaja-pide-soluciones-para-el-desaguisado-en-los-cambios-del-coeficiente-de-admisibilidad-de-pastos","og_locale":"es_ES","og_type":"article","og_title":"ASAJA pide soluciones para el \u201cdesaguisado\u201d en los cambios del coeficiente de admisibilidad de pastos - ASAJA Palencia","og_description":"ASAJA ha pedido soluciones para el \u201cdesaguisado\u201d en los cambios del coeficiente de admisibilidad de pastos, ya que muchos ganaderos han visto reducida de","og_url":"https:\/\/www.asajacyl.com\/palencia\/asaja-palencia-informa\/asaja-pide-soluciones-para-el-desaguisado-en-los-cambios-del-coeficiente-de-admisibilidad-de-pastos","og_site_name":"ASAJA Palencia","article_published_time":"2023-03-30T06:13:04+00:00","article_modified_time":"2023-03-30T06:13:06+00:00","og_image":[{"width":1322,"height":1220,"url":"https:\/\/www.asajacyl.com\/palencia\/wp-content\/uploads\/sites\/3\/2023\/03\/image-15.jpg","type":"image\/jpeg"}],"author":"Administrador","twitter_card":"summary_large_image","twitter_misc":{"Escrito por":"Administrador","Tiempo de lectura":"2 minutos"},"schema":{"@context":"https:\/\/schema.org","@graph":[{"@type":"WebPage","@id":"https:\/\/www.asajacyl.com\/palencia\/asaja-palencia-informa\/asaja-pide-soluciones-para-el-desaguisado-en-los-cambios-del-coeficiente-de-admisibilidad-de-pastos","url":"https:\/\/www.asajacyl.com\/palencia\/asaja-palencia-informa\/asaja-pide-soluciones-para-el-desaguisado-en-los-cambios-del-coeficiente-de-admisibilidad-de-pastos","name":"ASAJA pide soluciones para el \u201cdesaguisado\u201d en los cambios del coeficiente de admisibilidad de pastos - ASAJA Palencia","isPartOf":{"@id":"https:\/\/www.asajacyl.com\/palencia\/#website"},"primaryImageOfPage":{"@id":"https:\/\/www.asajacyl.com\/palencia\/asaja-palencia-informa\/asaja-pide-soluciones-para-el-desaguisado-en-los-cambios-del-coeficiente-de-admisibilidad-de-pastos#primaryimage"},"image":{"@id":"https:\/\/www.asajacyl.com\/palencia\/asaja-palencia-informa\/asaja-pide-soluciones-para-el-desaguisado-en-los-cambios-del-coeficiente-de-admisibilidad-de-pastos#primaryimage"},"thumbnailUrl":"https:\/\/www.asajacyl.com\/palencia\/wp-content\/uploads\/sites\/3\/2023\/03\/image-15.jpg","datePublished":"2023-03-30T06:13:04+00:00","dateModified":"2023-03-30T06:13:06+00:00","author":{"@id":"https:\/\/www.asajacyl.com\/palencia\/#\/schema\/person\/3ab17aeb03527485c317557fae64aab1"},"description":"ASAJA ha pedido soluciones para el \u201cdesaguisado\u201d en los cambios del coeficiente de admisibilidad de pastos, ya que muchos ganaderos han visto reducida de","breadcrumb":{"@id":"https:\/\/www.asajacyl.com\/palencia\/asaja-palencia-informa\/asaja-pide-soluciones-para-el-desaguisado-en-los-cambios-del-coeficiente-de-admisibilidad-de-pastos#breadcrumb"},"inLanguage":"es","potentialAction":[{"@type":"ReadAction","target":["https:\/\/www.asajacyl.com\/palencia\/asaja-palencia-informa\/asaja-pide-soluciones-para-el-desaguisado-en-los-cambios-del-coeficiente-de-admisibilidad-de-pastos"]}]},{"@type":"ImageObject","inLanguage":"es","@id":"https:\/\/www.asajacyl.com\/palencia\/asaja-palencia-informa\/asaja-pide-soluciones-para-el-desaguisado-en-los-cambios-del-coeficiente-de-admisibilidad-de-pastos#primaryimage","url":"https:\/\/www.asajacyl.com\/palencia\/wp-content\/uploads\/sites\/3\/2023\/03\/image-15.jpg","contentUrl":"https:\/\/www.asajacyl.com\/palencia\/wp-content\/uploads\/sites\/3\/2023\/03\/image-15.jpg","width":1322,"height":1220},{"@type":"BreadcrumbList","@id":"https:\/\/www.asajacyl.com\/palencia\/asaja-palencia-informa\/asaja-pide-soluciones-para-el-desaguisado-en-los-cambios-del-coeficiente-de-admisibilidad-de-pastos#breadcrumb","itemListElement":[{"@type":"ListItem","position":1,"name":"Portada","item":"https:\/\/www.asajacyl.com\/palencia\/"},{"@type":"ListItem","position":2,"name":"ASAJA pide soluciones para el \u201cdesaguisado\u201d en los cambios del coeficiente de admisibilidad de pastos"}]},{"@type":"WebSite","@id":"https:\/\/www.asajacyl.com\/palencia\/#website","url":"https:\/\/www.asajacyl.com\/palencia\/","name":"ASAJA Palencia","description":"Otro sitio m\u00e1s de Provincias ASAJA Castilla y Le\u00f3n","potentialAction":[{"@type":"SearchAction","target":{"@type":"EntryPoint","urlTemplate":"https:\/\/www.asajacyl.com\/palencia\/?s={search_term_string}"},"query-input":{"@type":"PropertyValueSpecification","valueRequired":true,"valueName":"search_term_string"}}],"inLanguage":"es"},{"@type":"Person","@id":"https:\/\/www.asajacyl.com\/palencia\/#\/schema\/person\/3ab17aeb03527485c317557fae64aab1","name":"Administrador","image":{"@type":"ImageObject","inLanguage":"es","@id":"https:\/\/www.asajacyl.com\/palencia\/#\/schema\/person\/image\/","url":"https:\/\/secure.gravatar.com\/avatar\/517384810d242ca9e38c180f3c9fb973?s=96&d=mm&r=g","contentUrl":"https:\/\/secure.gravatar.com\/avatar\/517384810d242ca9e38c180f3c9fb973?s=96&d=mm&r=g","caption":"Administrador"},"url":"https:\/\/www.asajacyl.com\/palencia\/author\/carlosrm"}]}},"_links":{"self":[{"href":"https:\/\/www.asajacyl.com\/palencia\/wp-json\/wp\/v2\/posts\/12755"}],"collection":[{"href":"https:\/\/www.asajacyl.com\/palencia\/wp-json\/wp\/v2\/posts"}],"about":[{"href":"https:\/\/www.asajacyl.com\/palencia\/wp-json\/wp\/v2\/types\/post"}],"author":[{"embeddable":true,"href":"https:\/\/www.asajacyl.com\/palencia\/wp-json\/wp\/v2\/users\/9"}],"replies":[{"embeddable":true,"href":"https:\/\/www.asajacyl.com\/palencia\/wp-json\/wp\/v2\/comments?post=12755"}],"version-history":[{"count":1,"href":"https:\/\/www.asajacyl.com\/palencia\/wp-json\/wp\/v2\/posts\/12755\/revisions"}],"predecessor-version":[{"id":12757,"href":"https:\/\/www.asajacyl.com\/palencia\/wp-json\/wp\/v2\/posts\/12755\/revisions\/12757"}],"wp:featuredmedia":[{"embeddable":true,"href":"https:\/\/www.asajacyl.com\/palencia\/wp-json\/wp\/v2\/media\/12756"}],"wp:attachment":[{"href":"https:\/\/www.asajacyl.com\/palencia\/wp-json\/wp\/v2\/media?parent=12755"}],"wp:term":[{"taxonomy":"category","embeddable":true,"href":"https:\/\/www.asajacyl.com\/palencia\/wp-json\/wp\/v2\/categories?post=12755"},{"taxonomy":"post_tag","embeddable":true,"href":"https:\/\/www.asajacyl.com\/palencia\/wp-json\/wp\/v2\/tags?post=12755"}],"curies":[{"name":"wp","href":"https:\/\/api.w.org\/{rel}","templated":true}]}}