{"id":12770,"date":"2023-03-30T12:36:42","date_gmt":"2023-03-30T10:36:42","guid":{"rendered":"https:\/\/www.asajacyl.com\/palencia\/?p=12770"},"modified":"2023-03-30T12:42:52","modified_gmt":"2023-03-30T10:42:52","slug":"asaja-palencia-renueva-este-marzo-su-periodico-campo-palentino-con-el-especial-pac-2023","status":"publish","type":"post","link":"https:\/\/www.asajacyl.com\/palencia\/asaja-palencia-informa\/asaja-palencia-renueva-este-marzo-su-periodico-campo-palentino-con-el-especial-pac-2023","title":{"rendered":"ASAJA-Palencia renueva en marzo su peri\u00f3dico &#8216;Campo Palentino&#8217; con el especial PAC 2023"},"content":{"rendered":"\n<p>ASAJA-Palencia, dentro de su prop\u00f3sito de mejorar los servicios que presta a sus asociados, ha renovado su peri\u00f3dico mensual &#8216;Campo Palentino&#8217; en el n\u00famero 243, correspondiente a marzo, un especial dedicado a la PAC 2023 de veinte p\u00e1ginas, cuatro m\u00e1s que la extensi\u00f3n habitual de la publicaci\u00f3n, con una tirada de 3.500 ejemplares.<\/p>\n\n\n\n<p>Este n\u00famero, con dise\u00f1o y maquetaci\u00f3n nuevos que facilitan la lectura, se abre con la habitual carta del presidente de ASAJA-Palencia, Jos\u00e9 Luis Marcos, dedicada en esta ocasi\u00f3n al injustificado alarmismo generado por la Confederaci\u00f3n  Hidrogr\u00e1fica del Duero, entre otros colectivos y entidades, con los an\u00e1lisis de la presencia en el agua de glifosato, sustancia utilizada por los agricultores como herbicida.<\/p>\n\n\n\n<p>Desde su aparici\u00f3n, en diciembre de 2000, con el actual presidente de ASAJA-Castilla y Le\u00f3n, Donaciano Dujo como presidente provincial, &#8216;Campo Palentino&#8217; se ha convertido en una herramienta \u00fatil para que la organizaci\u00f3n profesional informe a los agricultores y ganaderos vinculados con la entidad sobre materias de su inter\u00e9s, tanto desde un punto de vista productivo, como en todo lo relativo a subvenciones, ayudas, plazos, seguros, precios&#8230; y la muy seguida secci\u00f3n de meteorolog\u00eda a cargo de Mariano Bustillo, toda una instituci\u00f3n para ASAJA-Palencia. <\/p>\n\n\n\n<p>Asimismo, el peri\u00f3dico expresa la postura de ASAJA-Palencia sobre cuestiones que preocupan a los profesionales del campo y canaliza inquietudes y necesidades de los socios (por ejemplo, a trav\u00e9s de su secci\u00f3n de anuncios por palabras, que est\u00e1 abierta con car\u00e1cter gratuito para que los asociados puedan anunciar compras, ventas y alquileres relacionados con la actividad agropecuaria).<\/p>\n\n\n\n<p>El nuevo dise\u00f1o se suma a las sucesivas mejoras que se han ido introduciendo en &#8216;Campo Palentino&#8217; a lo largo ya de m\u00e1s de dos d\u00e9cadas de trayectoria, como la incorporaci\u00f3n del color a toda la publicaci\u00f3n, que se produjo en el n\u00famero 177, tambi\u00e9n un &#8216;especial PAC&#8217;, publicado en febrero de 2017, siendo presidente de ASAJA-Palencia Honorato Meneses.<\/p>\n\n\n\n<p><\/p>\n\n\n\n<p><\/p>\n","protected":false},"excerpt":{"rendered":"<p>ASAJA-Palencia, dentro de su prop\u00f3sito de mejorar los servicios que presta a sus asociados, ha renovado su peri\u00f3dico mensual &#8216;Campo Palentino&#8217; en el n\u00famero 243, correspondiente a marzo, un especial dedicado a la PAC 2023 de veinte p\u00e1ginas, cuatro m\u00e1s que la extensi\u00f3n habitual de la publicaci\u00f3n, con una tirada de 3.500 ejemplares. Este n\u00famero, [&hellip;]<\/p>\n","protected":false},"author":9,"featured_media":12771,"comment_status":"open","ping_status":"open","sticky":false,"template":"","format":"standard","meta":{"footnotes":""},"categories":[9,29,28],"tags":[58,42,77],"yoast_head":"<!-- This site is optimized with the Yoast SEO plugin v24.5 - https:\/\/yoast.com\/wordpress\/plugins\/seo\/ -->\n<title>ASAJA-Palencia renueva en marzo su peri\u00f3dico &#039;Campo Palentino&#039; con el especial PAC 2023 - ASAJA Palencia<\/title>\n<meta name=\"description\" content=\"ASAJA-Palencia, dentro de su prop\u00f3sito de mejorar los servicios que presta a sus asociados, ha renovado su peri\u00f3dico mensual &#039;Campo Palentino&#039; en el\" \/>\n<meta name=\"robots\" content=\"index, follow, max-snippet:-1, max-image-preview:large, max-video-preview:-1\" \/>\n<link rel=\"canonical\" href=\"https:\/\/www.asajacyl.com\/palencia\/asaja-palencia-informa\/asaja-palencia-renueva-este-marzo-su-periodico-campo-palentino-con-el-especial-pac-2023\" \/>\n<meta property=\"og:locale\" content=\"es_ES\" \/>\n<meta property=\"og:type\" content=\"article\" \/>\n<meta property=\"og:title\" content=\"ASAJA-Palencia renueva en marzo su peri\u00f3dico &#039;Campo Palentino&#039; con el especial PAC 2023 - ASAJA Palencia\" \/>\n<meta property=\"og:description\" content=\"ASAJA-Palencia, dentro de su prop\u00f3sito de mejorar los servicios que presta a sus asociados, ha renovado su peri\u00f3dico mensual &#039;Campo Palentino&#039; en el\" \/>\n<meta property=\"og:url\" content=\"https:\/\/www.asajacyl.com\/palencia\/asaja-palencia-informa\/asaja-palencia-renueva-este-marzo-su-periodico-campo-palentino-con-el-especial-pac-2023\" \/>\n<meta property=\"og:site_name\" content=\"ASAJA Palencia\" \/>\n<meta property=\"article:published_time\" content=\"2023-03-30T10:36:42+00:00\" \/>\n<meta property=\"article:modified_time\" content=\"2023-03-30T10:42:52+00:00\" \/>\n<meta property=\"og:image\" content=\"https:\/\/www.asajacyl.com\/palencia\/wp-content\/uploads\/sites\/3\/2023\/03\/Foto-periodico-marzo23-y-an.jpg\" \/>\n\t<meta property=\"og:image:width\" content=\"2500\" \/>\n\t<meta property=\"og:image:height\" content=\"2050\" \/>\n\t<meta property=\"og:image:type\" content=\"image\/jpeg\" \/>\n<meta name=\"author\" content=\"Administrador\" \/>\n<meta name=\"twitter:card\" content=\"summary_large_image\" \/>\n<meta name=\"twitter:label1\" content=\"Escrito por\" \/>\n\t<meta name=\"twitter:data1\" content=\"Administrador\" \/>\n\t<meta name=\"twitter:label2\" content=\"Tiempo de lectura\" \/>\n\t<meta name=\"twitter:data2\" content=\"2 minutos\" \/>\n<script type=\"application\/ld+json\" class=\"yoast-schema-graph\">{\"@context\":\"https:\/\/schema.org\",\"@graph\":[{\"@type\":\"WebPage\",\"@id\":\"https:\/\/www.asajacyl.com\/palencia\/asaja-palencia-informa\/asaja-palencia-renueva-este-marzo-su-periodico-campo-palentino-con-el-especial-pac-2023\",\"url\":\"https:\/\/www.asajacyl.com\/palencia\/asaja-palencia-informa\/asaja-palencia-renueva-este-marzo-su-periodico-campo-palentino-con-el-especial-pac-2023\",\"name\":\"ASAJA-Palencia renueva en marzo su peri\u00f3dico 'Campo Palentino' con el especial PAC 2023 - ASAJA Palencia\",\"isPartOf\":{\"@id\":\"https:\/\/www.asajacyl.com\/palencia\/#website\"},\"primaryImageOfPage\":{\"@id\":\"https:\/\/www.asajacyl.com\/palencia\/asaja-palencia-informa\/asaja-palencia-renueva-este-marzo-su-periodico-campo-palentino-con-el-especial-pac-2023#primaryimage\"},\"image\":{\"@id\":\"https:\/\/www.asajacyl.com\/palencia\/asaja-palencia-informa\/asaja-palencia-renueva-este-marzo-su-periodico-campo-palentino-con-el-especial-pac-2023#primaryimage\"},\"thumbnailUrl\":\"https:\/\/www.asajacyl.com\/palencia\/wp-content\/uploads\/sites\/3\/2023\/03\/Foto-periodico-marzo23-y-an.jpg\",\"datePublished\":\"2023-03-30T10:36:42+00:00\",\"dateModified\":\"2023-03-30T10:42:52+00:00\",\"author\":{\"@id\":\"https:\/\/www.asajacyl.com\/palencia\/#\/schema\/person\/3ab17aeb03527485c317557fae64aab1\"},\"description\":\"ASAJA-Palencia, dentro de su prop\u00f3sito de mejorar los servicios que presta a sus asociados, ha renovado su peri\u00f3dico mensual 'Campo Palentino' en el\",\"breadcrumb\":{\"@id\":\"https:\/\/www.asajacyl.com\/palencia\/asaja-palencia-informa\/asaja-palencia-renueva-este-marzo-su-periodico-campo-palentino-con-el-especial-pac-2023#breadcrumb\"},\"inLanguage\":\"es\",\"potentialAction\":[{\"@type\":\"ReadAction\",\"target\":[\"https:\/\/www.asajacyl.com\/palencia\/asaja-palencia-informa\/asaja-palencia-renueva-este-marzo-su-periodico-campo-palentino-con-el-especial-pac-2023\"]}]},{\"@type\":\"ImageObject\",\"inLanguage\":\"es\",\"@id\":\"https:\/\/www.asajacyl.com\/palencia\/asaja-palencia-informa\/asaja-palencia-renueva-este-marzo-su-periodico-campo-palentino-con-el-especial-pac-2023#primaryimage\",\"url\":\"https:\/\/www.asajacyl.com\/palencia\/wp-content\/uploads\/sites\/3\/2023\/03\/Foto-periodico-marzo23-y-an.jpg\",\"contentUrl\":\"https:\/\/www.asajacyl.com\/palencia\/wp-content\/uploads\/sites\/3\/2023\/03\/Foto-periodico-marzo23-y-an.jpg\",\"width\":2500,\"height\":2050},{\"@type\":\"BreadcrumbList\",\"@id\":\"https:\/\/www.asajacyl.com\/palencia\/asaja-palencia-informa\/asaja-palencia-renueva-este-marzo-su-periodico-campo-palentino-con-el-especial-pac-2023#breadcrumb\",\"itemListElement\":[{\"@type\":\"ListItem\",\"position\":1,\"name\":\"Portada\",\"item\":\"https:\/\/www.asajacyl.com\/palencia\/\"},{\"@type\":\"ListItem\",\"position\":2,\"name\":\"ASAJA-Palencia renueva en marzo su peri\u00f3dico &#8216;Campo Palentino&#8217; con el especial PAC 2023\"}]},{\"@type\":\"WebSite\",\"@id\":\"https:\/\/www.asajacyl.com\/palencia\/#website\",\"url\":\"https:\/\/www.asajacyl.com\/palencia\/\",\"name\":\"ASAJA Palencia\",\"description\":\"Otro sitio m\u00e1s de Provincias ASAJA Castilla y Le\u00f3n\",\"potentialAction\":[{\"@type\":\"SearchAction\",\"target\":{\"@type\":\"EntryPoint\",\"urlTemplate\":\"https:\/\/www.asajacyl.com\/palencia\/?s={search_term_string}\"},\"query-input\":{\"@type\":\"PropertyValueSpecification\",\"valueRequired\":true,\"valueName\":\"search_term_string\"}}],\"inLanguage\":\"es\"},{\"@type\":\"Person\",\"@id\":\"https:\/\/www.asajacyl.com\/palencia\/#\/schema\/person\/3ab17aeb03527485c317557fae64aab1\",\"name\":\"Administrador\",\"image\":{\"@type\":\"ImageObject\",\"inLanguage\":\"es\",\"@id\":\"https:\/\/www.asajacyl.com\/palencia\/#\/schema\/person\/image\/\",\"url\":\"https:\/\/secure.gravatar.com\/avatar\/517384810d242ca9e38c180f3c9fb973?s=96&d=mm&r=g\",\"contentUrl\":\"https:\/\/secure.gravatar.com\/avatar\/517384810d242ca9e38c180f3c9fb973?s=96&d=mm&r=g\",\"caption\":\"Administrador\"},\"url\":\"https:\/\/www.asajacyl.com\/palencia\/author\/carlosrm\"}]}<\/script>\n<!-- \/ Yoast SEO plugin. -->","yoast_head_json":{"title":"ASAJA-Palencia renueva en marzo su peri\u00f3dico 'Campo Palentino' con el especial PAC 2023 - ASAJA Palencia","description":"ASAJA-Palencia, dentro de su prop\u00f3sito de mejorar los servicios que presta a sus asociados, ha renovado su peri\u00f3dico mensual 'Campo Palentino' en el","robots":{"index":"index","follow":"follow","max-snippet":"max-snippet:-1","max-image-preview":"max-image-preview:large","max-video-preview":"max-video-preview:-1"},"canonical":"https:\/\/www.asajacyl.com\/palencia\/asaja-palencia-informa\/asaja-palencia-renueva-este-marzo-su-periodico-campo-palentino-con-el-especial-pac-2023","og_locale":"es_ES","og_type":"article","og_title":"ASAJA-Palencia renueva en marzo su peri\u00f3dico 'Campo Palentino' con el especial PAC 2023 - ASAJA Palencia","og_description":"ASAJA-Palencia, dentro de su prop\u00f3sito de mejorar los servicios que presta a sus asociados, ha renovado su peri\u00f3dico mensual 'Campo Palentino' en el","og_url":"https:\/\/www.asajacyl.com\/palencia\/asaja-palencia-informa\/asaja-palencia-renueva-este-marzo-su-periodico-campo-palentino-con-el-especial-pac-2023","og_site_name":"ASAJA Palencia","article_published_time":"2023-03-30T10:36:42+00:00","article_modified_time":"2023-03-30T10:42:52+00:00","og_image":[{"width":2500,"height":2050,"url":"https:\/\/www.asajacyl.com\/palencia\/wp-content\/uploads\/sites\/3\/2023\/03\/Foto-periodico-marzo23-y-an.jpg","type":"image\/jpeg"}],"author":"Administrador","twitter_card":"summary_large_image","twitter_misc":{"Escrito por":"Administrador","Tiempo de lectura":"2 minutos"},"schema":{"@context":"https:\/\/schema.org","@graph":[{"@type":"WebPage","@id":"https:\/\/www.asajacyl.com\/palencia\/asaja-palencia-informa\/asaja-palencia-renueva-este-marzo-su-periodico-campo-palentino-con-el-especial-pac-2023","url":"https:\/\/www.asajacyl.com\/palencia\/asaja-palencia-informa\/asaja-palencia-renueva-este-marzo-su-periodico-campo-palentino-con-el-especial-pac-2023","name":"ASAJA-Palencia renueva en marzo su peri\u00f3dico 'Campo Palentino' con el especial PAC 2023 - ASAJA Palencia","isPartOf":{"@id":"https:\/\/www.asajacyl.com\/palencia\/#website"},"primaryImageOfPage":{"@id":"https:\/\/www.asajacyl.com\/palencia\/asaja-palencia-informa\/asaja-palencia-renueva-este-marzo-su-periodico-campo-palentino-con-el-especial-pac-2023#primaryimage"},"image":{"@id":"https:\/\/www.asajacyl.com\/palencia\/asaja-palencia-informa\/asaja-palencia-renueva-este-marzo-su-periodico-campo-palentino-con-el-especial-pac-2023#primaryimage"},"thumbnailUrl":"https:\/\/www.asajacyl.com\/palencia\/wp-content\/uploads\/sites\/3\/2023\/03\/Foto-periodico-marzo23-y-an.jpg","datePublished":"2023-03-30T10:36:42+00:00","dateModified":"2023-03-30T10:42:52+00:00","author":{"@id":"https:\/\/www.asajacyl.com\/palencia\/#\/schema\/person\/3ab17aeb03527485c317557fae64aab1"},"description":"ASAJA-Palencia, dentro de su prop\u00f3sito de mejorar los servicios que presta a sus asociados, ha renovado su peri\u00f3dico mensual 'Campo Palentino' en el","breadcrumb":{"@id":"https:\/\/www.asajacyl.com\/palencia\/asaja-palencia-informa\/asaja-palencia-renueva-este-marzo-su-periodico-campo-palentino-con-el-especial-pac-2023#breadcrumb"},"inLanguage":"es","potentialAction":[{"@type":"ReadAction","target":["https:\/\/www.asajacyl.com\/palencia\/asaja-palencia-informa\/asaja-palencia-renueva-este-marzo-su-periodico-campo-palentino-con-el-especial-pac-2023"]}]},{"@type":"ImageObject","inLanguage":"es","@id":"https:\/\/www.asajacyl.com\/palencia\/asaja-palencia-informa\/asaja-palencia-renueva-este-marzo-su-periodico-campo-palentino-con-el-especial-pac-2023#primaryimage","url":"https:\/\/www.asajacyl.com\/palencia\/wp-content\/uploads\/sites\/3\/2023\/03\/Foto-periodico-marzo23-y-an.jpg","contentUrl":"https:\/\/www.asajacyl.com\/palencia\/wp-content\/uploads\/sites\/3\/2023\/03\/Foto-periodico-marzo23-y-an.jpg","width":2500,"height":2050},{"@type":"BreadcrumbList","@id":"https:\/\/www.asajacyl.com\/palencia\/asaja-palencia-informa\/asaja-palencia-renueva-este-marzo-su-periodico-campo-palentino-con-el-especial-pac-2023#breadcrumb","itemListElement":[{"@type":"ListItem","position":1,"name":"Portada","item":"https:\/\/www.asajacyl.com\/palencia\/"},{"@type":"ListItem","position":2,"name":"ASAJA-Palencia renueva en marzo su peri\u00f3dico &#8216;Campo Palentino&#8217; con el especial PAC 2023"}]},{"@type":"WebSite","@id":"https:\/\/www.asajacyl.com\/palencia\/#website","url":"https:\/\/www.asajacyl.com\/palencia\/","name":"ASAJA Palencia","description":"Otro sitio m\u00e1s de Provincias ASAJA Castilla y Le\u00f3n","potentialAction":[{"@type":"SearchAction","target":{"@type":"EntryPoint","urlTemplate":"https:\/\/www.asajacyl.com\/palencia\/?s={search_term_string}"},"query-input":{"@type":"PropertyValueSpecification","valueRequired":true,"valueName":"search_term_string"}}],"inLanguage":"es"},{"@type":"Person","@id":"https:\/\/www.asajacyl.com\/palencia\/#\/schema\/person\/3ab17aeb03527485c317557fae64aab1","name":"Administrador","image":{"@type":"ImageObject","inLanguage":"es","@id":"https:\/\/www.asajacyl.com\/palencia\/#\/schema\/person\/image\/","url":"https:\/\/secure.gravatar.com\/avatar\/517384810d242ca9e38c180f3c9fb973?s=96&d=mm&r=g","contentUrl":"https:\/\/secure.gravatar.com\/avatar\/517384810d242ca9e38c180f3c9fb973?s=96&d=mm&r=g","caption":"Administrador"},"url":"https:\/\/www.asajacyl.com\/palencia\/author\/carlosrm"}]}},"_links":{"self":[{"href":"https:\/\/www.asajacyl.com\/palencia\/wp-json\/wp\/v2\/posts\/12770"}],"collection":[{"href":"https:\/\/www.asajacyl.com\/palencia\/wp-json\/wp\/v2\/posts"}],"about":[{"href":"https:\/\/www.asajacyl.com\/palencia\/wp-json\/wp\/v2\/types\/post"}],"author":[{"embeddable":true,"href":"https:\/\/www.asajacyl.com\/palencia\/wp-json\/wp\/v2\/users\/9"}],"replies":[{"embeddable":true,"href":"https:\/\/www.asajacyl.com\/palencia\/wp-json\/wp\/v2\/comments?post=12770"}],"version-history":[{"count":5,"href":"https:\/\/www.asajacyl.com\/palencia\/wp-json\/wp\/v2\/posts\/12770\/revisions"}],"predecessor-version":[{"id":12777,"href":"https:\/\/www.asajacyl.com\/palencia\/wp-json\/wp\/v2\/posts\/12770\/revisions\/12777"}],"wp:featuredmedia":[{"embeddable":true,"href":"https:\/\/www.asajacyl.com\/palencia\/wp-json\/wp\/v2\/media\/12771"}],"wp:attachment":[{"href":"https:\/\/www.asajacyl.com\/palencia\/wp-json\/wp\/v2\/media?parent=12770"}],"wp:term":[{"taxonomy":"category","embeddable":true,"href":"https:\/\/www.asajacyl.com\/palencia\/wp-json\/wp\/v2\/categories?post=12770"},{"taxonomy":"post_tag","embeddable":true,"href":"https:\/\/www.asajacyl.com\/palencia\/wp-json\/wp\/v2\/tags?post=12770"}],"curies":[{"name":"wp","href":"https:\/\/api.w.org\/{rel}","templated":true}]}}