{"id":12778,"date":"2023-03-31T08:51:50","date_gmt":"2023-03-31T06:51:50","guid":{"rendered":"https:\/\/www.asajacyl.com\/palencia\/?p=12778"},"modified":"2023-03-31T08:51:52","modified_gmt":"2023-03-31T06:51:52","slug":"ampliado-el-plazo-de-modificaciones-del-seguro-de-cultivos-herbaceos-extensivos-hasta-el-dia-15-de-abril","status":"publish","type":"post","link":"https:\/\/www.asajacyl.com\/palencia\/asaja-palencia-informa\/ampliado-el-plazo-de-modificaciones-del-seguro-de-cultivos-herbaceos-extensivos-hasta-el-dia-15-de-abril","title":{"rendered":"Ampliado el plazo de modificaciones del seguro de cultivos herb\u00e1ceos extensivos hasta el d\u00eda 15 de abril"},"content":{"rendered":"\n<p>El plazo definido en el seguro de explotaciones de cultivos herb\u00e1ceos extensivos para realizar modificaciones es el 1 de abril, en el caso de parcelas de secano, salvo para c\u00e1rtamo, garbanzos, girasol, jud\u00edas secas y soja, que es el d\u00eda 15 de junio.<\/p>\n\n\n\n<p>Desde ASAJA-Palencia siempre hemos reclamado que dicha fecha es demasiado temprana y deber\u00eda ser m\u00e1s amplia dado que las parcelas incluidas en el seguro deben coincidir con las declaradas en la Solicitud \u00danica de la PAC, cuyo plazo se iniciaba de forma usual el d\u00eda 1 de febrero y finalizaba el 30 de abril. Este a\u00f1o el per\u00edodo de tramitaci\u00f3n de la PAC ha comenzado un mes despu\u00e9s de lo normal, concretamente el d\u00eda 1 de marzo, y tambi\u00e9n finalizar\u00e1 m\u00e1s tarde, el 31 de mayo.<\/p>\n\n\n\n<p>Motivado por este retraso, el MAPA, ha accedido para este a\u00f1o a nuestra hist\u00f3rica y recurrente petici\u00f3n aunque no todo lo que nos gustar\u00eda y es que el plazo de la PAC se ha retrasado un mes sobre lo normal pero el per\u00edodo de tramitaci\u00f3n de las modificaciones se ha ampliado s\u00f3lo 14 d\u00edas y finalizar\u00e1 el d\u00eda 15 de abril.<\/p>\n\n\n\n<p>En la nueva redacci\u00f3n publicada en el BOE se indica que \u00abse admitir\u00e1n modificaciones en la declaraci\u00f3n de seguro, siempre que las mismas se deban a causas justificadas y no afecten de forma significativa al contenido de la p\u00f3liza, <strong>hasta el 15 de abril<\/strong>, excepto para las bajas de parcelas por no siembra y altas de nuevas parcelas de c\u00e1rtamo, garbanzos, girasol, jud\u00edas secas y soja, que ser\u00e1 el 15 de junio, siempre y cuando a la recepci\u00f3n en Agroseguro de la solicitud de modificaci\u00f3n de dichas parcelas no hayan tenido siniestro causado por los riesgos cubiertos\u00bb.<\/p>\n","protected":false},"excerpt":{"rendered":"<p>El plazo definido en el seguro de explotaciones de cultivos herb\u00e1ceos extensivos para realizar modificaciones es el 1 de abril, en el caso de parcelas de secano, salvo para c\u00e1rtamo, garbanzos, girasol, jud\u00edas secas y soja, que es el d\u00eda 15 de junio. Desde ASAJA-Palencia siempre hemos reclamado que dicha fecha es demasiado temprana y [&hellip;]<\/p>\n","protected":false},"author":9,"featured_media":11772,"comment_status":"open","ping_status":"open","sticky":false,"template":"","format":"standard","meta":{"footnotes":""},"categories":[9,28],"tags":[],"yoast_head":"<!-- This site is optimized with the Yoast SEO plugin v24.5 - https:\/\/yoast.com\/wordpress\/plugins\/seo\/ -->\n<title>Ampliado el plazo de modificaciones del seguro de cultivos herb\u00e1ceos extensivos hasta el d\u00eda 15 de abril - ASAJA Palencia<\/title>\n<meta name=\"description\" content=\"El plazo definido en el seguro de explotaciones de cultivos herb\u00e1ceos extensivos para realizar modificaciones es el 1 de abril, en el caso de parcelas de\" \/>\n<meta name=\"robots\" content=\"index, follow, max-snippet:-1, max-image-preview:large, max-video-preview:-1\" \/>\n<link rel=\"canonical\" href=\"https:\/\/www.asajacyl.com\/palencia\/asaja-palencia-informa\/ampliado-el-plazo-de-modificaciones-del-seguro-de-cultivos-herbaceos-extensivos-hasta-el-dia-15-de-abril\" \/>\n<meta property=\"og:locale\" content=\"es_ES\" \/>\n<meta property=\"og:type\" content=\"article\" \/>\n<meta property=\"og:title\" content=\"Ampliado el plazo de modificaciones del seguro de cultivos herb\u00e1ceos extensivos hasta el d\u00eda 15 de abril - ASAJA Palencia\" \/>\n<meta property=\"og:description\" content=\"El plazo definido en el seguro de explotaciones de cultivos herb\u00e1ceos extensivos para realizar modificaciones es el 1 de abril, en el caso de parcelas de\" \/>\n<meta property=\"og:url\" content=\"https:\/\/www.asajacyl.com\/palencia\/asaja-palencia-informa\/ampliado-el-plazo-de-modificaciones-del-seguro-de-cultivos-herbaceos-extensivos-hasta-el-dia-15-de-abril\" \/>\n<meta property=\"og:site_name\" content=\"ASAJA Palencia\" \/>\n<meta property=\"article:published_time\" content=\"2023-03-31T06:51:50+00:00\" \/>\n<meta property=\"article:modified_time\" content=\"2023-03-31T06:51:52+00:00\" \/>\n<meta property=\"og:image\" content=\"https:\/\/www.asajacyl.com\/palencia\/wp-content\/uploads\/sites\/3\/2022\/11\/PEDRISCO.jpg\" \/>\n\t<meta property=\"og:image:width\" content=\"1134\" \/>\n\t<meta property=\"og:image:height\" content=\"2016\" \/>\n\t<meta property=\"og:image:type\" content=\"image\/jpeg\" \/>\n<meta name=\"author\" content=\"Administrador\" \/>\n<meta name=\"twitter:card\" content=\"summary_large_image\" \/>\n<meta name=\"twitter:label1\" content=\"Escrito por\" \/>\n\t<meta name=\"twitter:data1\" content=\"Administrador\" \/>\n\t<meta name=\"twitter:label2\" content=\"Tiempo de lectura\" \/>\n\t<meta name=\"twitter:data2\" content=\"2 minutos\" \/>\n<script type=\"application\/ld+json\" class=\"yoast-schema-graph\">{\"@context\":\"https:\/\/schema.org\",\"@graph\":[{\"@type\":\"WebPage\",\"@id\":\"https:\/\/www.asajacyl.com\/palencia\/asaja-palencia-informa\/ampliado-el-plazo-de-modificaciones-del-seguro-de-cultivos-herbaceos-extensivos-hasta-el-dia-15-de-abril\",\"url\":\"https:\/\/www.asajacyl.com\/palencia\/asaja-palencia-informa\/ampliado-el-plazo-de-modificaciones-del-seguro-de-cultivos-herbaceos-extensivos-hasta-el-dia-15-de-abril\",\"name\":\"Ampliado el plazo de modificaciones del seguro de cultivos herb\u00e1ceos extensivos hasta el d\u00eda 15 de abril - ASAJA Palencia\",\"isPartOf\":{\"@id\":\"https:\/\/www.asajacyl.com\/palencia\/#website\"},\"primaryImageOfPage\":{\"@id\":\"https:\/\/www.asajacyl.com\/palencia\/asaja-palencia-informa\/ampliado-el-plazo-de-modificaciones-del-seguro-de-cultivos-herbaceos-extensivos-hasta-el-dia-15-de-abril#primaryimage\"},\"image\":{\"@id\":\"https:\/\/www.asajacyl.com\/palencia\/asaja-palencia-informa\/ampliado-el-plazo-de-modificaciones-del-seguro-de-cultivos-herbaceos-extensivos-hasta-el-dia-15-de-abril#primaryimage\"},\"thumbnailUrl\":\"https:\/\/www.asajacyl.com\/palencia\/wp-content\/uploads\/sites\/3\/2022\/11\/PEDRISCO.jpg\",\"datePublished\":\"2023-03-31T06:51:50+00:00\",\"dateModified\":\"2023-03-31T06:51:52+00:00\",\"author\":{\"@id\":\"https:\/\/www.asajacyl.com\/palencia\/#\/schema\/person\/3ab17aeb03527485c317557fae64aab1\"},\"description\":\"El plazo definido en el seguro de explotaciones de cultivos herb\u00e1ceos extensivos para realizar modificaciones es el 1 de abril, en el caso de parcelas de\",\"breadcrumb\":{\"@id\":\"https:\/\/www.asajacyl.com\/palencia\/asaja-palencia-informa\/ampliado-el-plazo-de-modificaciones-del-seguro-de-cultivos-herbaceos-extensivos-hasta-el-dia-15-de-abril#breadcrumb\"},\"inLanguage\":\"es\",\"potentialAction\":[{\"@type\":\"ReadAction\",\"target\":[\"https:\/\/www.asajacyl.com\/palencia\/asaja-palencia-informa\/ampliado-el-plazo-de-modificaciones-del-seguro-de-cultivos-herbaceos-extensivos-hasta-el-dia-15-de-abril\"]}]},{\"@type\":\"ImageObject\",\"inLanguage\":\"es\",\"@id\":\"https:\/\/www.asajacyl.com\/palencia\/asaja-palencia-informa\/ampliado-el-plazo-de-modificaciones-del-seguro-de-cultivos-herbaceos-extensivos-hasta-el-dia-15-de-abril#primaryimage\",\"url\":\"https:\/\/www.asajacyl.com\/palencia\/wp-content\/uploads\/sites\/3\/2022\/11\/PEDRISCO.jpg\",\"contentUrl\":\"https:\/\/www.asajacyl.com\/palencia\/wp-content\/uploads\/sites\/3\/2022\/11\/PEDRISCO.jpg\",\"width\":1134,\"height\":2016},{\"@type\":\"BreadcrumbList\",\"@id\":\"https:\/\/www.asajacyl.com\/palencia\/asaja-palencia-informa\/ampliado-el-plazo-de-modificaciones-del-seguro-de-cultivos-herbaceos-extensivos-hasta-el-dia-15-de-abril#breadcrumb\",\"itemListElement\":[{\"@type\":\"ListItem\",\"position\":1,\"name\":\"Portada\",\"item\":\"https:\/\/www.asajacyl.com\/palencia\/\"},{\"@type\":\"ListItem\",\"position\":2,\"name\":\"Ampliado el plazo de modificaciones del seguro de cultivos herb\u00e1ceos extensivos hasta el d\u00eda 15 de abril\"}]},{\"@type\":\"WebSite\",\"@id\":\"https:\/\/www.asajacyl.com\/palencia\/#website\",\"url\":\"https:\/\/www.asajacyl.com\/palencia\/\",\"name\":\"ASAJA Palencia\",\"description\":\"Otro sitio m\u00e1s de Provincias ASAJA Castilla y Le\u00f3n\",\"potentialAction\":[{\"@type\":\"SearchAction\",\"target\":{\"@type\":\"EntryPoint\",\"urlTemplate\":\"https:\/\/www.asajacyl.com\/palencia\/?s={search_term_string}\"},\"query-input\":{\"@type\":\"PropertyValueSpecification\",\"valueRequired\":true,\"valueName\":\"search_term_string\"}}],\"inLanguage\":\"es\"},{\"@type\":\"Person\",\"@id\":\"https:\/\/www.asajacyl.com\/palencia\/#\/schema\/person\/3ab17aeb03527485c317557fae64aab1\",\"name\":\"Administrador\",\"image\":{\"@type\":\"ImageObject\",\"inLanguage\":\"es\",\"@id\":\"https:\/\/www.asajacyl.com\/palencia\/#\/schema\/person\/image\/\",\"url\":\"https:\/\/secure.gravatar.com\/avatar\/517384810d242ca9e38c180f3c9fb973?s=96&d=mm&r=g\",\"contentUrl\":\"https:\/\/secure.gravatar.com\/avatar\/517384810d242ca9e38c180f3c9fb973?s=96&d=mm&r=g\",\"caption\":\"Administrador\"},\"url\":\"https:\/\/www.asajacyl.com\/palencia\/author\/carlosrm\"}]}<\/script>\n<!-- \/ Yoast SEO plugin. -->","yoast_head_json":{"title":"Ampliado el plazo de modificaciones del seguro de cultivos herb\u00e1ceos extensivos hasta el d\u00eda 15 de abril - ASAJA Palencia","description":"El plazo definido en el seguro de explotaciones de cultivos herb\u00e1ceos extensivos para realizar modificaciones es el 1 de abril, en el caso de parcelas de","robots":{"index":"index","follow":"follow","max-snippet":"max-snippet:-1","max-image-preview":"max-image-preview:large","max-video-preview":"max-video-preview:-1"},"canonical":"https:\/\/www.asajacyl.com\/palencia\/asaja-palencia-informa\/ampliado-el-plazo-de-modificaciones-del-seguro-de-cultivos-herbaceos-extensivos-hasta-el-dia-15-de-abril","og_locale":"es_ES","og_type":"article","og_title":"Ampliado el plazo de modificaciones del seguro de cultivos herb\u00e1ceos extensivos hasta el d\u00eda 15 de abril - ASAJA Palencia","og_description":"El plazo definido en el seguro de explotaciones de cultivos herb\u00e1ceos extensivos para realizar modificaciones es el 1 de abril, en el caso de parcelas de","og_url":"https:\/\/www.asajacyl.com\/palencia\/asaja-palencia-informa\/ampliado-el-plazo-de-modificaciones-del-seguro-de-cultivos-herbaceos-extensivos-hasta-el-dia-15-de-abril","og_site_name":"ASAJA Palencia","article_published_time":"2023-03-31T06:51:50+00:00","article_modified_time":"2023-03-31T06:51:52+00:00","og_image":[{"width":1134,"height":2016,"url":"https:\/\/www.asajacyl.com\/palencia\/wp-content\/uploads\/sites\/3\/2022\/11\/PEDRISCO.jpg","type":"image\/jpeg"}],"author":"Administrador","twitter_card":"summary_large_image","twitter_misc":{"Escrito por":"Administrador","Tiempo de lectura":"2 minutos"},"schema":{"@context":"https:\/\/schema.org","@graph":[{"@type":"WebPage","@id":"https:\/\/www.asajacyl.com\/palencia\/asaja-palencia-informa\/ampliado-el-plazo-de-modificaciones-del-seguro-de-cultivos-herbaceos-extensivos-hasta-el-dia-15-de-abril","url":"https:\/\/www.asajacyl.com\/palencia\/asaja-palencia-informa\/ampliado-el-plazo-de-modificaciones-del-seguro-de-cultivos-herbaceos-extensivos-hasta-el-dia-15-de-abril","name":"Ampliado el plazo de modificaciones del seguro de cultivos herb\u00e1ceos extensivos hasta el d\u00eda 15 de abril - ASAJA Palencia","isPartOf":{"@id":"https:\/\/www.asajacyl.com\/palencia\/#website"},"primaryImageOfPage":{"@id":"https:\/\/www.asajacyl.com\/palencia\/asaja-palencia-informa\/ampliado-el-plazo-de-modificaciones-del-seguro-de-cultivos-herbaceos-extensivos-hasta-el-dia-15-de-abril#primaryimage"},"image":{"@id":"https:\/\/www.asajacyl.com\/palencia\/asaja-palencia-informa\/ampliado-el-plazo-de-modificaciones-del-seguro-de-cultivos-herbaceos-extensivos-hasta-el-dia-15-de-abril#primaryimage"},"thumbnailUrl":"https:\/\/www.asajacyl.com\/palencia\/wp-content\/uploads\/sites\/3\/2022\/11\/PEDRISCO.jpg","datePublished":"2023-03-31T06:51:50+00:00","dateModified":"2023-03-31T06:51:52+00:00","author":{"@id":"https:\/\/www.asajacyl.com\/palencia\/#\/schema\/person\/3ab17aeb03527485c317557fae64aab1"},"description":"El plazo definido en el seguro de explotaciones de cultivos herb\u00e1ceos extensivos para realizar modificaciones es el 1 de abril, en el caso de parcelas de","breadcrumb":{"@id":"https:\/\/www.asajacyl.com\/palencia\/asaja-palencia-informa\/ampliado-el-plazo-de-modificaciones-del-seguro-de-cultivos-herbaceos-extensivos-hasta-el-dia-15-de-abril#breadcrumb"},"inLanguage":"es","potentialAction":[{"@type":"ReadAction","target":["https:\/\/www.asajacyl.com\/palencia\/asaja-palencia-informa\/ampliado-el-plazo-de-modificaciones-del-seguro-de-cultivos-herbaceos-extensivos-hasta-el-dia-15-de-abril"]}]},{"@type":"ImageObject","inLanguage":"es","@id":"https:\/\/www.asajacyl.com\/palencia\/asaja-palencia-informa\/ampliado-el-plazo-de-modificaciones-del-seguro-de-cultivos-herbaceos-extensivos-hasta-el-dia-15-de-abril#primaryimage","url":"https:\/\/www.asajacyl.com\/palencia\/wp-content\/uploads\/sites\/3\/2022\/11\/PEDRISCO.jpg","contentUrl":"https:\/\/www.asajacyl.com\/palencia\/wp-content\/uploads\/sites\/3\/2022\/11\/PEDRISCO.jpg","width":1134,"height":2016},{"@type":"BreadcrumbList","@id":"https:\/\/www.asajacyl.com\/palencia\/asaja-palencia-informa\/ampliado-el-plazo-de-modificaciones-del-seguro-de-cultivos-herbaceos-extensivos-hasta-el-dia-15-de-abril#breadcrumb","itemListElement":[{"@type":"ListItem","position":1,"name":"Portada","item":"https:\/\/www.asajacyl.com\/palencia\/"},{"@type":"ListItem","position":2,"name":"Ampliado el plazo de modificaciones del seguro de cultivos herb\u00e1ceos extensivos hasta el d\u00eda 15 de abril"}]},{"@type":"WebSite","@id":"https:\/\/www.asajacyl.com\/palencia\/#website","url":"https:\/\/www.asajacyl.com\/palencia\/","name":"ASAJA Palencia","description":"Otro sitio m\u00e1s de Provincias ASAJA Castilla y Le\u00f3n","potentialAction":[{"@type":"SearchAction","target":{"@type":"EntryPoint","urlTemplate":"https:\/\/www.asajacyl.com\/palencia\/?s={search_term_string}"},"query-input":{"@type":"PropertyValueSpecification","valueRequired":true,"valueName":"search_term_string"}}],"inLanguage":"es"},{"@type":"Person","@id":"https:\/\/www.asajacyl.com\/palencia\/#\/schema\/person\/3ab17aeb03527485c317557fae64aab1","name":"Administrador","image":{"@type":"ImageObject","inLanguage":"es","@id":"https:\/\/www.asajacyl.com\/palencia\/#\/schema\/person\/image\/","url":"https:\/\/secure.gravatar.com\/avatar\/517384810d242ca9e38c180f3c9fb973?s=96&d=mm&r=g","contentUrl":"https:\/\/secure.gravatar.com\/avatar\/517384810d242ca9e38c180f3c9fb973?s=96&d=mm&r=g","caption":"Administrador"},"url":"https:\/\/www.asajacyl.com\/palencia\/author\/carlosrm"}]}},"_links":{"self":[{"href":"https:\/\/www.asajacyl.com\/palencia\/wp-json\/wp\/v2\/posts\/12778"}],"collection":[{"href":"https:\/\/www.asajacyl.com\/palencia\/wp-json\/wp\/v2\/posts"}],"about":[{"href":"https:\/\/www.asajacyl.com\/palencia\/wp-json\/wp\/v2\/types\/post"}],"author":[{"embeddable":true,"href":"https:\/\/www.asajacyl.com\/palencia\/wp-json\/wp\/v2\/users\/9"}],"replies":[{"embeddable":true,"href":"https:\/\/www.asajacyl.com\/palencia\/wp-json\/wp\/v2\/comments?post=12778"}],"version-history":[{"count":1,"href":"https:\/\/www.asajacyl.com\/palencia\/wp-json\/wp\/v2\/posts\/12778\/revisions"}],"predecessor-version":[{"id":12780,"href":"https:\/\/www.asajacyl.com\/palencia\/wp-json\/wp\/v2\/posts\/12778\/revisions\/12780"}],"wp:featuredmedia":[{"embeddable":true,"href":"https:\/\/www.asajacyl.com\/palencia\/wp-json\/wp\/v2\/media\/11772"}],"wp:attachment":[{"href":"https:\/\/www.asajacyl.com\/palencia\/wp-json\/wp\/v2\/media?parent=12778"}],"wp:term":[{"taxonomy":"category","embeddable":true,"href":"https:\/\/www.asajacyl.com\/palencia\/wp-json\/wp\/v2\/categories?post=12778"},{"taxonomy":"post_tag","embeddable":true,"href":"https:\/\/www.asajacyl.com\/palencia\/wp-json\/wp\/v2\/tags?post=12778"}],"curies":[{"name":"wp","href":"https:\/\/api.w.org\/{rel}","templated":true}]}}