{"id":12779,"date":"2023-03-31T10:58:58","date_gmt":"2023-03-31T08:58:58","guid":{"rendered":"https:\/\/www.asajacyl.com\/palencia\/?p=12779"},"modified":"2023-03-31T10:59:01","modified_gmt":"2023-03-31T08:59:01","slug":"la-junta-declara-epoca-de-peligro-medio-de-incendios-forestales-hasta-el-dia-10-de-abril","status":"publish","type":"post","link":"https:\/\/www.asajacyl.com\/palencia\/asaja-palencia-informa\/la-junta-declara-epoca-de-peligro-medio-de-incendios-forestales-hasta-el-dia-10-de-abril","title":{"rendered":"La Junta declara \u00e9poca de Peligro Medio de incendios forestales hasta el d\u00eda 10 de abril"},"content":{"rendered":"\n<p>Ante la previsi\u00f3n de riesgo de incendios, unida a la llegada de las vacaciones de Semana Santa y a los desplazamientos y actividades de ocio asociadas, la Junta de Castilla y Le\u00f3n ha declarado el per\u00edodo que va desde el d\u00eda 31 de marzo al 10 de abril, ambos inclusive, como \u00ab\u00c9poca de Peligro Medio de incendios forestales\u00bb donde como medida preventiva se incluye la \u00ab<strong>suspensi\u00f3n de todas las autorizaciones y comunicaciones de quema de vegetaci\u00f3n y restos vegetales<\/strong>\u00ab.<\/p>\n\n\n\n<p>Adem\u00e1s, si la AEMET (Agencia Estatal de Meteorolog\u00eda) declara alguna zona como de riesgo de incendio muy alto o extremo habr\u00eda que tenerse en cuenta las siguientes prohibiciones y limitaciones:<\/p>\n\n\n\n<ul>\n<li>Encender fuego en todo tipo de espacios abiertos.<\/li>\n\n\n\n<li>La suspensi\u00f3n temporal, en tanto se mantenga el referido riesgo, de todas las autorizaciones concedidas de quema de rastrojos, de pastos permanentes, de restos de poda, y de restos selv\u00edcolas.<\/li>\n\n\n\n<li>Encender fuego en las \u00e1reas de descanso de la red de carreteras, as\u00ed como en zonas recreativas y de acampada, incluidas las zonas habilitadas para ello.<\/li>\n\n\n\n<li>La utilizaci\u00f3n de maquinaria y equipos en los montes y en las \u00e1reas rurales situadas en una franja de 400 metros alrededor de aquellos, cuyo funcionamiento genere deflagraci\u00f3n, chispas o descargas el\u00e9ctricas, salvo que el \u00f3rgano competente de la Administraci\u00f3n auton\u00f3mica haya autorizado expresamente su uso o resulten necesarias para la extinci\u00f3n de incendios.<\/li>\n\n\n\n<li>La introducci\u00f3n y uso de material pirot\u00e9cnico.<\/li>\n\n\n\n<li>Arrojar o abandonar objetos en combusti\u00f3n o cualquier clase de material susceptible de originar un incendio.<\/li>\n<\/ul>\n\n\n\n<p>La  (AEMET) incluye en su <a href=\"https:\/\/www.aemet.es\/es\/eltiempo\/prediccion\/incendios\">p\u00e1gina web<\/a> un apartado en el que se realiza la predicci\u00f3n del riesgo de incendio y los riesgos muy alto y extremo figuran coloreados de naranja y rojo respectivamente. A d\u00eda de hoy, la previsi\u00f3n de los d\u00edas que en Palencia tendr\u00e1n alguna zona con riesgo muy alto o extremo alcanza a los d\u00edas 31 de marzo y 4, 5 y 6 de abril.<\/p>\n\n\n<div class=\"wp-block-image\">\n<figure class=\"aligncenter size-full is-resized\"><img loading=\"lazy\" decoding=\"async\" src=\"https:\/\/www.asajacyl.com\/palencia\/wp-content\/uploads\/sites\/3\/2023\/03\/AEMET-RIESGO-INCENDIO.jpg\" alt=\"\" class=\"wp-image-12781\" width=\"851\" height=\"670\" srcset=\"https:\/\/www.asajacyl.com\/palencia\/wp-content\/uploads\/sites\/3\/2023\/03\/AEMET-RIESGO-INCENDIO.jpg 851w, https:\/\/www.asajacyl.com\/palencia\/wp-content\/uploads\/sites\/3\/2023\/03\/AEMET-RIESGO-INCENDIO-300x236.jpg 300w, https:\/\/www.asajacyl.com\/palencia\/wp-content\/uploads\/sites\/3\/2023\/03\/AEMET-RIESGO-INCENDIO-768x605.jpg 768w, https:\/\/www.asajacyl.com\/palencia\/wp-content\/uploads\/sites\/3\/2023\/03\/AEMET-RIESGO-INCENDIO-696x548.jpg 696w, https:\/\/www.asajacyl.com\/palencia\/wp-content\/uploads\/sites\/3\/2023\/03\/AEMET-RIESGO-INCENDIO-533x420.jpg 533w\" sizes=\"(max-width: 851px) 100vw, 851px\" \/><figcaption class=\"wp-element-caption\">Riesgo de incendio seg\u00fan datos de la AEMET para el 31 de marzo de 2023.<\/figcaption><\/figure><\/div>","protected":false},"excerpt":{"rendered":"<p>Ante la previsi\u00f3n de riesgo de incendios, unida a la llegada de las vacaciones de Semana Santa y a los desplazamientos y actividades de ocio asociadas, la Junta de Castilla y Le\u00f3n ha declarado el per\u00edodo que va desde el d\u00eda 31 de marzo al 10 de abril, ambos inclusive, como \u00ab\u00c9poca de Peligro Medio [&hellip;]<\/p>\n","protected":false},"author":9,"featured_media":12781,"comment_status":"open","ping_status":"open","sticky":false,"template":"","format":"standard","meta":{"footnotes":""},"categories":[9,29,28],"tags":[],"yoast_head":"<!-- This site is optimized with the Yoast SEO plugin v24.5 - https:\/\/yoast.com\/wordpress\/plugins\/seo\/ -->\n<title>La Junta declara \u00e9poca de Peligro Medio de incendios forestales hasta el d\u00eda 10 de abril - ASAJA Palencia<\/title>\n<meta name=\"description\" content=\"Ante la previsi\u00f3n de riesgo de incendios, unida a la llegada de las vacaciones de Semana Santa y a los desplazamientos y actividades de ocio asociadas, la\" \/>\n<meta name=\"robots\" content=\"index, follow, max-snippet:-1, max-image-preview:large, max-video-preview:-1\" \/>\n<link rel=\"canonical\" href=\"https:\/\/www.asajacyl.com\/palencia\/asaja-palencia-informa\/la-junta-declara-epoca-de-peligro-medio-de-incendios-forestales-hasta-el-dia-10-de-abril\" \/>\n<meta property=\"og:locale\" content=\"es_ES\" \/>\n<meta property=\"og:type\" content=\"article\" \/>\n<meta property=\"og:title\" content=\"La Junta declara \u00e9poca de Peligro Medio de incendios forestales hasta el d\u00eda 10 de abril - ASAJA Palencia\" \/>\n<meta property=\"og:description\" content=\"Ante la previsi\u00f3n de riesgo de incendios, unida a la llegada de las vacaciones de Semana Santa y a los desplazamientos y actividades de ocio asociadas, la\" \/>\n<meta property=\"og:url\" content=\"https:\/\/www.asajacyl.com\/palencia\/asaja-palencia-informa\/la-junta-declara-epoca-de-peligro-medio-de-incendios-forestales-hasta-el-dia-10-de-abril\" \/>\n<meta property=\"og:site_name\" content=\"ASAJA Palencia\" \/>\n<meta property=\"article:published_time\" content=\"2023-03-31T08:58:58+00:00\" \/>\n<meta property=\"article:modified_time\" content=\"2023-03-31T08:59:01+00:00\" \/>\n<meta property=\"og:image\" content=\"https:\/\/www.asajacyl.com\/palencia\/wp-content\/uploads\/sites\/3\/2023\/03\/AEMET-RIESGO-INCENDIO.jpg\" \/>\n\t<meta property=\"og:image:width\" content=\"851\" \/>\n\t<meta property=\"og:image:height\" content=\"670\" \/>\n\t<meta property=\"og:image:type\" content=\"image\/jpeg\" \/>\n<meta name=\"author\" content=\"Administrador\" \/>\n<meta name=\"twitter:card\" content=\"summary_large_image\" \/>\n<meta name=\"twitter:label1\" content=\"Escrito por\" \/>\n\t<meta name=\"twitter:data1\" content=\"Administrador\" \/>\n\t<meta name=\"twitter:label2\" content=\"Tiempo de lectura\" \/>\n\t<meta name=\"twitter:data2\" content=\"2 minutos\" \/>\n<script type=\"application\/ld+json\" class=\"yoast-schema-graph\">{\"@context\":\"https:\/\/schema.org\",\"@graph\":[{\"@type\":\"WebPage\",\"@id\":\"https:\/\/www.asajacyl.com\/palencia\/asaja-palencia-informa\/la-junta-declara-epoca-de-peligro-medio-de-incendios-forestales-hasta-el-dia-10-de-abril\",\"url\":\"https:\/\/www.asajacyl.com\/palencia\/asaja-palencia-informa\/la-junta-declara-epoca-de-peligro-medio-de-incendios-forestales-hasta-el-dia-10-de-abril\",\"name\":\"La Junta declara \u00e9poca de Peligro Medio de incendios forestales hasta el d\u00eda 10 de abril - ASAJA Palencia\",\"isPartOf\":{\"@id\":\"https:\/\/www.asajacyl.com\/palencia\/#website\"},\"primaryImageOfPage\":{\"@id\":\"https:\/\/www.asajacyl.com\/palencia\/asaja-palencia-informa\/la-junta-declara-epoca-de-peligro-medio-de-incendios-forestales-hasta-el-dia-10-de-abril#primaryimage\"},\"image\":{\"@id\":\"https:\/\/www.asajacyl.com\/palencia\/asaja-palencia-informa\/la-junta-declara-epoca-de-peligro-medio-de-incendios-forestales-hasta-el-dia-10-de-abril#primaryimage\"},\"thumbnailUrl\":\"https:\/\/www.asajacyl.com\/palencia\/wp-content\/uploads\/sites\/3\/2023\/03\/AEMET-RIESGO-INCENDIO.jpg\",\"datePublished\":\"2023-03-31T08:58:58+00:00\",\"dateModified\":\"2023-03-31T08:59:01+00:00\",\"author\":{\"@id\":\"https:\/\/www.asajacyl.com\/palencia\/#\/schema\/person\/3ab17aeb03527485c317557fae64aab1\"},\"description\":\"Ante la previsi\u00f3n de riesgo de incendios, unida a la llegada de las vacaciones de Semana Santa y a los desplazamientos y actividades de ocio asociadas, la\",\"breadcrumb\":{\"@id\":\"https:\/\/www.asajacyl.com\/palencia\/asaja-palencia-informa\/la-junta-declara-epoca-de-peligro-medio-de-incendios-forestales-hasta-el-dia-10-de-abril#breadcrumb\"},\"inLanguage\":\"es\",\"potentialAction\":[{\"@type\":\"ReadAction\",\"target\":[\"https:\/\/www.asajacyl.com\/palencia\/asaja-palencia-informa\/la-junta-declara-epoca-de-peligro-medio-de-incendios-forestales-hasta-el-dia-10-de-abril\"]}]},{\"@type\":\"ImageObject\",\"inLanguage\":\"es\",\"@id\":\"https:\/\/www.asajacyl.com\/palencia\/asaja-palencia-informa\/la-junta-declara-epoca-de-peligro-medio-de-incendios-forestales-hasta-el-dia-10-de-abril#primaryimage\",\"url\":\"https:\/\/www.asajacyl.com\/palencia\/wp-content\/uploads\/sites\/3\/2023\/03\/AEMET-RIESGO-INCENDIO.jpg\",\"contentUrl\":\"https:\/\/www.asajacyl.com\/palencia\/wp-content\/uploads\/sites\/3\/2023\/03\/AEMET-RIESGO-INCENDIO.jpg\",\"width\":851,\"height\":670},{\"@type\":\"BreadcrumbList\",\"@id\":\"https:\/\/www.asajacyl.com\/palencia\/asaja-palencia-informa\/la-junta-declara-epoca-de-peligro-medio-de-incendios-forestales-hasta-el-dia-10-de-abril#breadcrumb\",\"itemListElement\":[{\"@type\":\"ListItem\",\"position\":1,\"name\":\"Portada\",\"item\":\"https:\/\/www.asajacyl.com\/palencia\/\"},{\"@type\":\"ListItem\",\"position\":2,\"name\":\"La Junta declara \u00e9poca de Peligro Medio de incendios forestales hasta el d\u00eda 10 de abril\"}]},{\"@type\":\"WebSite\",\"@id\":\"https:\/\/www.asajacyl.com\/palencia\/#website\",\"url\":\"https:\/\/www.asajacyl.com\/palencia\/\",\"name\":\"ASAJA Palencia\",\"description\":\"Otro sitio m\u00e1s de Provincias ASAJA Castilla y Le\u00f3n\",\"potentialAction\":[{\"@type\":\"SearchAction\",\"target\":{\"@type\":\"EntryPoint\",\"urlTemplate\":\"https:\/\/www.asajacyl.com\/palencia\/?s={search_term_string}\"},\"query-input\":{\"@type\":\"PropertyValueSpecification\",\"valueRequired\":true,\"valueName\":\"search_term_string\"}}],\"inLanguage\":\"es\"},{\"@type\":\"Person\",\"@id\":\"https:\/\/www.asajacyl.com\/palencia\/#\/schema\/person\/3ab17aeb03527485c317557fae64aab1\",\"name\":\"Administrador\",\"image\":{\"@type\":\"ImageObject\",\"inLanguage\":\"es\",\"@id\":\"https:\/\/www.asajacyl.com\/palencia\/#\/schema\/person\/image\/\",\"url\":\"https:\/\/secure.gravatar.com\/avatar\/517384810d242ca9e38c180f3c9fb973?s=96&d=mm&r=g\",\"contentUrl\":\"https:\/\/secure.gravatar.com\/avatar\/517384810d242ca9e38c180f3c9fb973?s=96&d=mm&r=g\",\"caption\":\"Administrador\"},\"url\":\"https:\/\/www.asajacyl.com\/palencia\/author\/carlosrm\"}]}<\/script>\n<!-- \/ Yoast SEO plugin. -->","yoast_head_json":{"title":"La Junta declara \u00e9poca de Peligro Medio de incendios forestales hasta el d\u00eda 10 de abril - ASAJA Palencia","description":"Ante la previsi\u00f3n de riesgo de incendios, unida a la llegada de las vacaciones de Semana Santa y a los desplazamientos y actividades de ocio asociadas, la","robots":{"index":"index","follow":"follow","max-snippet":"max-snippet:-1","max-image-preview":"max-image-preview:large","max-video-preview":"max-video-preview:-1"},"canonical":"https:\/\/www.asajacyl.com\/palencia\/asaja-palencia-informa\/la-junta-declara-epoca-de-peligro-medio-de-incendios-forestales-hasta-el-dia-10-de-abril","og_locale":"es_ES","og_type":"article","og_title":"La Junta declara \u00e9poca de Peligro Medio de incendios forestales hasta el d\u00eda 10 de abril - ASAJA Palencia","og_description":"Ante la previsi\u00f3n de riesgo de incendios, unida a la llegada de las vacaciones de Semana Santa y a los desplazamientos y actividades de ocio asociadas, la","og_url":"https:\/\/www.asajacyl.com\/palencia\/asaja-palencia-informa\/la-junta-declara-epoca-de-peligro-medio-de-incendios-forestales-hasta-el-dia-10-de-abril","og_site_name":"ASAJA Palencia","article_published_time":"2023-03-31T08:58:58+00:00","article_modified_time":"2023-03-31T08:59:01+00:00","og_image":[{"width":851,"height":670,"url":"https:\/\/www.asajacyl.com\/palencia\/wp-content\/uploads\/sites\/3\/2023\/03\/AEMET-RIESGO-INCENDIO.jpg","type":"image\/jpeg"}],"author":"Administrador","twitter_card":"summary_large_image","twitter_misc":{"Escrito por":"Administrador","Tiempo de lectura":"2 minutos"},"schema":{"@context":"https:\/\/schema.org","@graph":[{"@type":"WebPage","@id":"https:\/\/www.asajacyl.com\/palencia\/asaja-palencia-informa\/la-junta-declara-epoca-de-peligro-medio-de-incendios-forestales-hasta-el-dia-10-de-abril","url":"https:\/\/www.asajacyl.com\/palencia\/asaja-palencia-informa\/la-junta-declara-epoca-de-peligro-medio-de-incendios-forestales-hasta-el-dia-10-de-abril","name":"La Junta declara \u00e9poca de Peligro Medio de incendios forestales hasta el d\u00eda 10 de abril - ASAJA Palencia","isPartOf":{"@id":"https:\/\/www.asajacyl.com\/palencia\/#website"},"primaryImageOfPage":{"@id":"https:\/\/www.asajacyl.com\/palencia\/asaja-palencia-informa\/la-junta-declara-epoca-de-peligro-medio-de-incendios-forestales-hasta-el-dia-10-de-abril#primaryimage"},"image":{"@id":"https:\/\/www.asajacyl.com\/palencia\/asaja-palencia-informa\/la-junta-declara-epoca-de-peligro-medio-de-incendios-forestales-hasta-el-dia-10-de-abril#primaryimage"},"thumbnailUrl":"https:\/\/www.asajacyl.com\/palencia\/wp-content\/uploads\/sites\/3\/2023\/03\/AEMET-RIESGO-INCENDIO.jpg","datePublished":"2023-03-31T08:58:58+00:00","dateModified":"2023-03-31T08:59:01+00:00","author":{"@id":"https:\/\/www.asajacyl.com\/palencia\/#\/schema\/person\/3ab17aeb03527485c317557fae64aab1"},"description":"Ante la previsi\u00f3n de riesgo de incendios, unida a la llegada de las vacaciones de Semana Santa y a los desplazamientos y actividades de ocio asociadas, la","breadcrumb":{"@id":"https:\/\/www.asajacyl.com\/palencia\/asaja-palencia-informa\/la-junta-declara-epoca-de-peligro-medio-de-incendios-forestales-hasta-el-dia-10-de-abril#breadcrumb"},"inLanguage":"es","potentialAction":[{"@type":"ReadAction","target":["https:\/\/www.asajacyl.com\/palencia\/asaja-palencia-informa\/la-junta-declara-epoca-de-peligro-medio-de-incendios-forestales-hasta-el-dia-10-de-abril"]}]},{"@type":"ImageObject","inLanguage":"es","@id":"https:\/\/www.asajacyl.com\/palencia\/asaja-palencia-informa\/la-junta-declara-epoca-de-peligro-medio-de-incendios-forestales-hasta-el-dia-10-de-abril#primaryimage","url":"https:\/\/www.asajacyl.com\/palencia\/wp-content\/uploads\/sites\/3\/2023\/03\/AEMET-RIESGO-INCENDIO.jpg","contentUrl":"https:\/\/www.asajacyl.com\/palencia\/wp-content\/uploads\/sites\/3\/2023\/03\/AEMET-RIESGO-INCENDIO.jpg","width":851,"height":670},{"@type":"BreadcrumbList","@id":"https:\/\/www.asajacyl.com\/palencia\/asaja-palencia-informa\/la-junta-declara-epoca-de-peligro-medio-de-incendios-forestales-hasta-el-dia-10-de-abril#breadcrumb","itemListElement":[{"@type":"ListItem","position":1,"name":"Portada","item":"https:\/\/www.asajacyl.com\/palencia\/"},{"@type":"ListItem","position":2,"name":"La Junta declara \u00e9poca de Peligro Medio de incendios forestales hasta el d\u00eda 10 de abril"}]},{"@type":"WebSite","@id":"https:\/\/www.asajacyl.com\/palencia\/#website","url":"https:\/\/www.asajacyl.com\/palencia\/","name":"ASAJA Palencia","description":"Otro sitio m\u00e1s de Provincias ASAJA Castilla y Le\u00f3n","potentialAction":[{"@type":"SearchAction","target":{"@type":"EntryPoint","urlTemplate":"https:\/\/www.asajacyl.com\/palencia\/?s={search_term_string}"},"query-input":{"@type":"PropertyValueSpecification","valueRequired":true,"valueName":"search_term_string"}}],"inLanguage":"es"},{"@type":"Person","@id":"https:\/\/www.asajacyl.com\/palencia\/#\/schema\/person\/3ab17aeb03527485c317557fae64aab1","name":"Administrador","image":{"@type":"ImageObject","inLanguage":"es","@id":"https:\/\/www.asajacyl.com\/palencia\/#\/schema\/person\/image\/","url":"https:\/\/secure.gravatar.com\/avatar\/517384810d242ca9e38c180f3c9fb973?s=96&d=mm&r=g","contentUrl":"https:\/\/secure.gravatar.com\/avatar\/517384810d242ca9e38c180f3c9fb973?s=96&d=mm&r=g","caption":"Administrador"},"url":"https:\/\/www.asajacyl.com\/palencia\/author\/carlosrm"}]}},"_links":{"self":[{"href":"https:\/\/www.asajacyl.com\/palencia\/wp-json\/wp\/v2\/posts\/12779"}],"collection":[{"href":"https:\/\/www.asajacyl.com\/palencia\/wp-json\/wp\/v2\/posts"}],"about":[{"href":"https:\/\/www.asajacyl.com\/palencia\/wp-json\/wp\/v2\/types\/post"}],"author":[{"embeddable":true,"href":"https:\/\/www.asajacyl.com\/palencia\/wp-json\/wp\/v2\/users\/9"}],"replies":[{"embeddable":true,"href":"https:\/\/www.asajacyl.com\/palencia\/wp-json\/wp\/v2\/comments?post=12779"}],"version-history":[{"count":1,"href":"https:\/\/www.asajacyl.com\/palencia\/wp-json\/wp\/v2\/posts\/12779\/revisions"}],"predecessor-version":[{"id":12782,"href":"https:\/\/www.asajacyl.com\/palencia\/wp-json\/wp\/v2\/posts\/12779\/revisions\/12782"}],"wp:featuredmedia":[{"embeddable":true,"href":"https:\/\/www.asajacyl.com\/palencia\/wp-json\/wp\/v2\/media\/12781"}],"wp:attachment":[{"href":"https:\/\/www.asajacyl.com\/palencia\/wp-json\/wp\/v2\/media?parent=12779"}],"wp:term":[{"taxonomy":"category","embeddable":true,"href":"https:\/\/www.asajacyl.com\/palencia\/wp-json\/wp\/v2\/categories?post=12779"},{"taxonomy":"post_tag","embeddable":true,"href":"https:\/\/www.asajacyl.com\/palencia\/wp-json\/wp\/v2\/tags?post=12779"}],"curies":[{"name":"wp","href":"https:\/\/api.w.org\/{rel}","templated":true}]}}