{"id":12798,"date":"2023-04-03T10:56:06","date_gmt":"2023-04-03T08:56:06","guid":{"rendered":"https:\/\/www.asajacyl.com\/palencia\/?p=12798"},"modified":"2023-04-03T10:56:50","modified_gmt":"2023-04-03T08:56:50","slug":"descenso-casi-generalizado-en-las-superficies-dedicadas-a-cereal-de-invierno-en-palencia-con-respecto-a-2021-2022","status":"publish","type":"post","link":"https:\/\/www.asajacyl.com\/palencia\/asaja-palencia-informa\/descenso-casi-generalizado-en-las-superficies-dedicadas-a-cereal-de-invierno-en-palencia-con-respecto-a-2021-2022","title":{"rendered":"Descenso casi generalizado en las superficies dedicadas a cereal de invierno en Palencia con respecto a 2021-2022"},"content":{"rendered":"\n<h2 class=\"wp-block-heading\">Los agricultores palentinos cultivan el 8% menos de superficie de trigo que en las dos campa\u00f1as anteriores<\/h2>\n\n\n\n<h2 class=\"wp-block-heading\">El primer avance de 2023 del Ministerio tambi\u00e9n prev\u00e9 un descenso (-3,8%) en los terrenos destinados a cebada<\/h2>\n\n\n\n<h2 class=\"wp-block-heading\">Las 126.260 hect\u00e1reas de trigo se sit\u00faan lejos del umbral de 138.000 superado hace dos campa\u00f1as<\/h2>\n\n\n\n<h2 class=\"wp-block-heading\">La provincia contin\u00faa l\u00edder de Espa\u00f1a en superficie de centeno, pese a que tambi\u00e9n registra una bajada del 8%<\/h2>\n\n\n\n<h2 class=\"wp-block-heading\">ASAJA-Palencia lamenta que la merma en el cereal de invierno se deba a la subida en los costes de cultivarlo<\/h2>\n\n\n\n<p><strong>Los agricultores de la provincia de Palencia han apostado esta campa\u00f1a menos por los cereales de invierno, que ocupar\u00e1n el 4,55 % de superficie que en la anterior. En algunos casos, como en el trigo, se registra un descenso aproximadamente del 8% con respecto a las superficies cultivadas en 2021 y 2022.&nbsp; Un descenso similar se registra en las tierras sembradas de centeno, si bien la provincia de Palencia se mantiene como l\u00edder de Espa\u00f1a en este cereal. La bajada en superficie es menor en la cebada (-3,8%), pero se suma a una tendencia que pr\u00e1cticamente ha reducido a la mitad el terreno para este cultivo: de m\u00e1s de 200.000 hect\u00e1reas en 2008 se ha pasado a menos de 109.000 en la actual campa\u00f1a. ASAJA-Palencia lamenta que detr\u00e1s de este descenso en los cultivos de cereal de invierno, que se observa en el conjunto del pa\u00eds, se halle una elevada inflaci\u00f3n que repercute en los costes de producci\u00f3n. Asimismo, destaca la incoherencia para la estrategia nacional que implica mermar cultivos b\u00e1sicos para la alimentaci\u00f3n en un contexto internacional de tanta incertidumbre.<\/strong><\/p>\n\n\n\n<p><\/p>\n\n\n<div class=\"wp-block-image\">\n<figure class=\"alignleft size-full is-resized\"><img loading=\"lazy\" decoding=\"async\" src=\"https:\/\/www.asajacyl.com\/palencia\/wp-content\/uploads\/sites\/3\/2023\/04\/Cereales-invierno-tabla-2022-23.png\" alt=\"\" class=\"wp-image-12800\" width=\"1128\" height=\"479\" srcset=\"https:\/\/www.asajacyl.com\/palencia\/wp-content\/uploads\/sites\/3\/2023\/04\/Cereales-invierno-tabla-2022-23.png 511w, https:\/\/www.asajacyl.com\/palencia\/wp-content\/uploads\/sites\/3\/2023\/04\/Cereales-invierno-tabla-2022-23-300x127.png 300w\" sizes=\"(max-width: 1128px) 100vw, 1128px\" \/><\/figure><\/div>\n\n\n<p><\/p>\n\n\n\n<p>El Ministerio de Agricultura, Pesca y Alimentaci\u00f3n ha difundido recientemente el primer avance de superficies y producciones agr\u00edcolas de este a\u00f1o, con las estimaciones disponibles de los cultivos y grupos de cultivos de mayor importancia en Espa\u00f1a a fecha 31 de enero de 2023, elaboradas con informaciones proporcionadas por las comunidades aut\u00f3nomas, unas estimaciones de car\u00e1cter coyuntural que se actualizan mensualmente, pero que orientan sobre las perspectivas agrarias.<\/p>\n\n\n\n<p>Por lo que respecta a las estimaciones de superficie cultivada de cereales de oto\u00f1o-invierno para la campa\u00f1a de comercializaci\u00f3n 2023-24 (cosecha 2023), el total del grupo registra en toda Espa\u00f1a un leve descenso respecto a la campa\u00f1a precedente (-1,9%), que es m\u00e1s acusado en la provincia de Palencia (-4,55%). Por cultivos, a nivel nacional el mayor descenso se produce en el trigo blando (-6%), seguido del trigo duro (-2,2 %) y la avena (-0,4 %), mientras se observan ascensos en el centeno (+2,7 %), la cebada de seis carreras (+1,6 %), la cebada de dos carreras (+0,6 %) y el triticale (+0,5 %).<\/p>\n\n\n\n<p>Por lo que respecta a la provincia de Palencia, la superficie estimada de <strong>trigo blando<\/strong> asciende en este primer avance de 2023 a 126.100 hect\u00e1reas, lo que representa un m\u00e1s que <strong>notable descenso del 8%<\/strong>, dos puntos m\u00e1s que en el conjunto de Espa\u00f1a<strong>,<\/strong> tanto con respecto a la superficie provisional que arroj\u00f3 2022 como a la definitiva de 2021, cuando se rondaron las 138.000 hect\u00e1reas en nuestro territorio.<\/p>\n\n\n\n<p>Con todo, la provincia de Palencia se mantiene como la segunda de Castilla y Le\u00f3n en trigo blando, solo superada por Burgos (estimaci\u00f3n de 187.100 ha), pero a escasa distancia de la tercera, Valladolid (123.000 ha). La superficie estimada en Palencia supone aproximadamente el 15,5% del total de la comunidad y algo m\u00e1s del 7,1% del conjunto de trigo blando que se calcula en este informe ministerial para toda Espa\u00f1a.<\/p>\n\n\n\n<p>Una presencia testimonial en la agricultura provinciaL representa campa\u00f1a tras campa\u00f1a el <strong>trigo duro<\/strong>, con una estimaci\u00f3n de cultivo para este a\u00f1o de 160 hect\u00e1reas, <strong>cifra similar a<\/strong> la \u00faltima provisional de <strong>2022<\/strong> (158 hect\u00e1reas) y ligeramente inferior a la definitiva que arroj\u00f3 2021 (177 hect\u00e1reas). En este caso, la provincia ocupa la tercera posici\u00f3n en Castilla y Le\u00f3n, por detr\u00e1s de Valladolid (575 ha) y Burgos (383), provincias que cultivan cerca del 70% de la superficie de trigo duro en Castilla y Le\u00f3n (unas 1.400 ha estimadas en 2023), comunidad donde este cereal no adquiere la importancia que posee en regiones como Andaluc\u00eda (192.000 ha) y Extremadura (cerca de 65.000 ha).<\/p>\n\n\n\n<p>Por lo que respecta a la <strong>cebada<\/strong>, se acent\u00faa en la provincia de Palencia la tendencia descendente en superficie cultivada que se viene registrando en lo que va de siglo. Lejos queda la superficie total provincial cercana a las 203.300 hect\u00e1reas sembradas de cebada que se cultivaron en 2008. En este primer avance de 2023, el Ministerio ofrece una estimaci\u00f3n de 108.900 ha para esta campa\u00f1a, cifra sensiblemente inferior a la provisional del pasado a\u00f1o (113.205), con un <strong>descenso del 3,8%<\/strong>; y m\u00e1s a\u00fan \u201412,6%\u2014 con respecto a la definitiva de 2021 (124.660).<\/p>\n\n\n\n<p><strong>TENDENCIA BAJISTA. <\/strong>Seg\u00fan el informe ministerial, Castilla y Le\u00f3n se mantendr\u00e1 este a\u00f1o como la primera comunidad de Espa\u00f1a en superficie cultivada de cebada, al superar las 760.000 hect\u00e1reas y registrar un ligero aumento (1,8%) con respecto a la anterior, pero sin llegar a las casi 809.000 ha de 2021. Palencia ocupa esta campa\u00f1a el tercer puesto por provincias dentro de nuestra regi\u00f3n, por detr\u00e1s de las estimaciones de cultivo de cebada previstas en Valladolid (172.750 ha, cifra pr\u00e1cticamente id\u00e9ntica a la de 2022) y en Burgos (casi 160.000 ha), provincia que registra un aumento de la superficie de este cultivo con respecto a las dos \u00faltimas campa\u00f1as.<\/p>\n\n\n\n<p>En cambio, la superficie de <strong>avena<\/strong> s\u00ed experimenta un ligero incremento con respecto a la sembrada en 2022, al pasar de las 15.000 hect\u00e1reas del dato provisional de la pasada campa\u00f1a a las 18.300 ha estimadas para la actual, seg\u00fan el informe del Ministerio. Este aumento supone una <strong>subida cercana al 22% con respecto al a\u00f1o pasado<\/strong>, <strong>pero<\/strong> la cifra se sit\u00faa en <strong>niveles similares a los de 2021<\/strong> (18.216 ha) y, en todo caso, muy lejos de campa\u00f1as con superficies provinciales en el entorno de las 30.000 ha que se dedicaron a la avena en 2002 y 2018.<\/p>\n\n\n\n<p>No obstante, Palencia sigue figurando como la provincia de Castilla y Le\u00f3n con m\u00e1s superficie de avena estimada para la actual campa\u00f1a, seguida por Salamanca (12.350 ha). Los agricultores palentinos han sembrado m\u00e1s de una cuarta parte (25,3%) de la superficie de avena total de Castilla y Le\u00f3n estimada para esta campa\u00f1a (72.376 ha), con dos comunidades aut\u00f3nomas que la superan: Castilla-La Mancha (170.000 ha) y Andaluc\u00eda (86.000 ha). Tras sumar m\u00e1s de 4.099 hect\u00e1reas con respecto a 2022 (+6,4%), Castilla y Le\u00f3n ha sembrado esta campa\u00f1a el 15,8% de la superficie total de avena del pa\u00eds.<\/p>\n\n\n\n<p><strong>L\u00cdDER NACIONAL EN CENTENO.<\/strong> En cuanto al <strong>centeno<\/strong>, se mantiene una tendencia ligeramente descendente observada en los \u00faltimos a\u00f1os, en los que no se han superado el umbral de las 16.000 ha, que el campo palentino s\u00ed sobrepas\u00f3 en las cosechas de 2005, 2006, 2008 y en todo el periodo 2011-2016. En concreto, la estimaci\u00f3n ministerial para esta campa\u00f1a cifra en 14.000 ha de centeno para la provincia de Palencia, con un <strong>descenso cercano al 8%<\/strong> con respecto a la anterior.<\/p>\n\n\n\n<p>Finalmente, aunque se trata de un cultivo relativamente minoritario, sigue al alza \u2014como en campa\u00f1as anteriores\u2014 la siembra de <strong>triticale<\/strong>. La provincia rondar\u00e1 este a\u00f1o las 6.100 hect\u00e1reas, frente a las 5.932 ha del pasado y las 4.180 ha de 2021. Se trata de un cereal que viene experimentando un ascenso tanto a nivel regional como nacional. El Ministerio estima que este a\u00f1o se sembrar\u00e1n en Castilla y Le\u00f3n m\u00e1s de 45.000 ha y en el conjunto de Espa\u00f1a se superar\u00e1n las 272.000 hect\u00e1reas.<strong>\/<\/strong><\/p>\n\n\n\n<figure class=\"wp-block-image size-large is-resized\"><img loading=\"lazy\" decoding=\"async\" src=\"https:\/\/www.asajacyl.com\/palencia\/wp-content\/uploads\/sites\/3\/2023\/04\/Cereales-invierno-campana-2022-23-2-1024x978.png\" alt=\"\" class=\"wp-image-12808\" width=\"1109\" height=\"1061\" srcset=\"https:\/\/www.asajacyl.com\/palencia\/wp-content\/uploads\/sites\/3\/2023\/04\/Cereales-invierno-campana-2022-23-2-300x287.png 300w, https:\/\/www.asajacyl.com\/palencia\/wp-content\/uploads\/sites\/3\/2023\/04\/Cereales-invierno-campana-2022-23-2-768x734.png 768w, https:\/\/www.asajacyl.com\/palencia\/wp-content\/uploads\/sites\/3\/2023\/04\/Cereales-invierno-campana-2022-23-2-696x665.png 696w, https:\/\/www.asajacyl.com\/palencia\/wp-content\/uploads\/sites\/3\/2023\/04\/Cereales-invierno-campana-2022-23-2-440x420.png 440w, https:\/\/www.asajacyl.com\/palencia\/wp-content\/uploads\/sites\/3\/2023\/04\/Cereales-invierno-campana-2022-23-2.png 1057w\" sizes=\"(max-width: 1109px) 100vw, 1109px\" \/><\/figure>\n","protected":false},"excerpt":{"rendered":"<p>Los agricultores palentinos cultivan el 8% menos de superficie de trigo que en las dos campa\u00f1as anteriores El primer avance de 2023 del Ministerio tambi\u00e9n prev\u00e9 un descenso (-3,8%) en los terrenos destinados a cebada Las 126.260 hect\u00e1reas de trigo se sit\u00faan lejos del umbral de 138.000 superado hace dos campa\u00f1as La provincia contin\u00faa l\u00edder [&hellip;]<\/p>\n","protected":false},"author":9,"featured_media":5183,"comment_status":"open","ping_status":"open","sticky":false,"template":"","format":"standard","meta":{"footnotes":""},"categories":[9,29,28],"tags":[58],"yoast_head":"<!-- This site is optimized with the Yoast SEO plugin v24.5 - https:\/\/yoast.com\/wordpress\/plugins\/seo\/ -->\n<title>Descenso casi generalizado en las superficies dedicadas a cereal de invierno en Palencia con respecto a 2021-2022 - ASAJA Palencia<\/title>\n<meta name=\"description\" content=\"Los agricultores palentinos cultivan el 8% menos de superficie de trigo que en las dos campa\u00f1as anteriores El primer avance de 2023 del Ministerio tambi\u00e9n\" \/>\n<meta name=\"robots\" content=\"index, follow, max-snippet:-1, max-image-preview:large, max-video-preview:-1\" \/>\n<link rel=\"canonical\" href=\"https:\/\/www.asajacyl.com\/palencia\/asaja-palencia-informa\/descenso-casi-generalizado-en-las-superficies-dedicadas-a-cereal-de-invierno-en-palencia-con-respecto-a-2021-2022\" \/>\n<meta property=\"og:locale\" content=\"es_ES\" \/>\n<meta property=\"og:type\" content=\"article\" \/>\n<meta property=\"og:title\" content=\"Descenso casi generalizado en las superficies dedicadas a cereal de invierno en Palencia con respecto a 2021-2022 - ASAJA Palencia\" \/>\n<meta property=\"og:description\" content=\"Los agricultores palentinos cultivan el 8% menos de superficie de trigo que en las dos campa\u00f1as anteriores El primer avance de 2023 del Ministerio tambi\u00e9n\" \/>\n<meta property=\"og:url\" content=\"https:\/\/www.asajacyl.com\/palencia\/asaja-palencia-informa\/descenso-casi-generalizado-en-las-superficies-dedicadas-a-cereal-de-invierno-en-palencia-con-respecto-a-2021-2022\" \/>\n<meta property=\"og:site_name\" content=\"ASAJA Palencia\" \/>\n<meta property=\"article:published_time\" content=\"2023-04-03T08:56:06+00:00\" \/>\n<meta property=\"article:modified_time\" content=\"2023-04-03T08:56:50+00:00\" \/>\n<meta property=\"og:image\" content=\"https:\/\/www.asajacyl.com\/palencia\/wp-content\/uploads\/sites\/3\/2018\/05\/Asaja-Palencia.-Imagen-de-un-campo-de-cereal-1.jpg\" \/>\n\t<meta property=\"og:image:width\" content=\"2500\" \/>\n\t<meta property=\"og:image:height\" content=\"705\" \/>\n\t<meta property=\"og:image:type\" content=\"image\/jpeg\" \/>\n<meta name=\"author\" content=\"Administrador\" \/>\n<meta name=\"twitter:card\" content=\"summary_large_image\" \/>\n<meta name=\"twitter:label1\" content=\"Escrito por\" \/>\n\t<meta name=\"twitter:data1\" content=\"Administrador\" \/>\n\t<meta name=\"twitter:label2\" content=\"Tiempo de lectura\" \/>\n\t<meta name=\"twitter:data2\" content=\"7 minutos\" \/>\n<script type=\"application\/ld+json\" class=\"yoast-schema-graph\">{\"@context\":\"https:\/\/schema.org\",\"@graph\":[{\"@type\":\"WebPage\",\"@id\":\"https:\/\/www.asajacyl.com\/palencia\/asaja-palencia-informa\/descenso-casi-generalizado-en-las-superficies-dedicadas-a-cereal-de-invierno-en-palencia-con-respecto-a-2021-2022\",\"url\":\"https:\/\/www.asajacyl.com\/palencia\/asaja-palencia-informa\/descenso-casi-generalizado-en-las-superficies-dedicadas-a-cereal-de-invierno-en-palencia-con-respecto-a-2021-2022\",\"name\":\"Descenso casi generalizado en las superficies dedicadas a cereal de invierno en Palencia con respecto a 2021-2022 - ASAJA Palencia\",\"isPartOf\":{\"@id\":\"https:\/\/www.asajacyl.com\/palencia\/#website\"},\"primaryImageOfPage\":{\"@id\":\"https:\/\/www.asajacyl.com\/palencia\/asaja-palencia-informa\/descenso-casi-generalizado-en-las-superficies-dedicadas-a-cereal-de-invierno-en-palencia-con-respecto-a-2021-2022#primaryimage\"},\"image\":{\"@id\":\"https:\/\/www.asajacyl.com\/palencia\/asaja-palencia-informa\/descenso-casi-generalizado-en-las-superficies-dedicadas-a-cereal-de-invierno-en-palencia-con-respecto-a-2021-2022#primaryimage\"},\"thumbnailUrl\":\"https:\/\/www.asajacyl.com\/palencia\/wp-content\/uploads\/sites\/3\/2018\/05\/Asaja-Palencia.-Imagen-de-un-campo-de-cereal-1.jpg\",\"datePublished\":\"2023-04-03T08:56:06+00:00\",\"dateModified\":\"2023-04-03T08:56:50+00:00\",\"author\":{\"@id\":\"https:\/\/www.asajacyl.com\/palencia\/#\/schema\/person\/3ab17aeb03527485c317557fae64aab1\"},\"description\":\"Los agricultores palentinos cultivan el 8% menos de superficie de trigo que en las dos campa\u00f1as anteriores El primer avance de 2023 del Ministerio tambi\u00e9n\",\"breadcrumb\":{\"@id\":\"https:\/\/www.asajacyl.com\/palencia\/asaja-palencia-informa\/descenso-casi-generalizado-en-las-superficies-dedicadas-a-cereal-de-invierno-en-palencia-con-respecto-a-2021-2022#breadcrumb\"},\"inLanguage\":\"es\",\"potentialAction\":[{\"@type\":\"ReadAction\",\"target\":[\"https:\/\/www.asajacyl.com\/palencia\/asaja-palencia-informa\/descenso-casi-generalizado-en-las-superficies-dedicadas-a-cereal-de-invierno-en-palencia-con-respecto-a-2021-2022\"]}]},{\"@type\":\"ImageObject\",\"inLanguage\":\"es\",\"@id\":\"https:\/\/www.asajacyl.com\/palencia\/asaja-palencia-informa\/descenso-casi-generalizado-en-las-superficies-dedicadas-a-cereal-de-invierno-en-palencia-con-respecto-a-2021-2022#primaryimage\",\"url\":\"https:\/\/www.asajacyl.com\/palencia\/wp-content\/uploads\/sites\/3\/2018\/05\/Asaja-Palencia.-Imagen-de-un-campo-de-cereal-1.jpg\",\"contentUrl\":\"https:\/\/www.asajacyl.com\/palencia\/wp-content\/uploads\/sites\/3\/2018\/05\/Asaja-Palencia.-Imagen-de-un-campo-de-cereal-1.jpg\",\"width\":2500,\"height\":705},{\"@type\":\"BreadcrumbList\",\"@id\":\"https:\/\/www.asajacyl.com\/palencia\/asaja-palencia-informa\/descenso-casi-generalizado-en-las-superficies-dedicadas-a-cereal-de-invierno-en-palencia-con-respecto-a-2021-2022#breadcrumb\",\"itemListElement\":[{\"@type\":\"ListItem\",\"position\":1,\"name\":\"Portada\",\"item\":\"https:\/\/www.asajacyl.com\/palencia\/\"},{\"@type\":\"ListItem\",\"position\":2,\"name\":\"Descenso casi generalizado en las superficies dedicadas a cereal de invierno en Palencia con respecto a 2021-2022\"}]},{\"@type\":\"WebSite\",\"@id\":\"https:\/\/www.asajacyl.com\/palencia\/#website\",\"url\":\"https:\/\/www.asajacyl.com\/palencia\/\",\"name\":\"ASAJA Palencia\",\"description\":\"Otro sitio m\u00e1s de Provincias ASAJA Castilla y Le\u00f3n\",\"potentialAction\":[{\"@type\":\"SearchAction\",\"target\":{\"@type\":\"EntryPoint\",\"urlTemplate\":\"https:\/\/www.asajacyl.com\/palencia\/?s={search_term_string}\"},\"query-input\":{\"@type\":\"PropertyValueSpecification\",\"valueRequired\":true,\"valueName\":\"search_term_string\"}}],\"inLanguage\":\"es\"},{\"@type\":\"Person\",\"@id\":\"https:\/\/www.asajacyl.com\/palencia\/#\/schema\/person\/3ab17aeb03527485c317557fae64aab1\",\"name\":\"Administrador\",\"image\":{\"@type\":\"ImageObject\",\"inLanguage\":\"es\",\"@id\":\"https:\/\/www.asajacyl.com\/palencia\/#\/schema\/person\/image\/\",\"url\":\"https:\/\/secure.gravatar.com\/avatar\/517384810d242ca9e38c180f3c9fb973?s=96&d=mm&r=g\",\"contentUrl\":\"https:\/\/secure.gravatar.com\/avatar\/517384810d242ca9e38c180f3c9fb973?s=96&d=mm&r=g\",\"caption\":\"Administrador\"},\"url\":\"https:\/\/www.asajacyl.com\/palencia\/author\/carlosrm\"}]}<\/script>\n<!-- \/ Yoast SEO plugin. -->","yoast_head_json":{"title":"Descenso casi generalizado en las superficies dedicadas a cereal de invierno en Palencia con respecto a 2021-2022 - ASAJA Palencia","description":"Los agricultores palentinos cultivan el 8% menos de superficie de trigo que en las dos campa\u00f1as anteriores El primer avance de 2023 del Ministerio tambi\u00e9n","robots":{"index":"index","follow":"follow","max-snippet":"max-snippet:-1","max-image-preview":"max-image-preview:large","max-video-preview":"max-video-preview:-1"},"canonical":"https:\/\/www.asajacyl.com\/palencia\/asaja-palencia-informa\/descenso-casi-generalizado-en-las-superficies-dedicadas-a-cereal-de-invierno-en-palencia-con-respecto-a-2021-2022","og_locale":"es_ES","og_type":"article","og_title":"Descenso casi generalizado en las superficies dedicadas a cereal de invierno en Palencia con respecto a 2021-2022 - ASAJA Palencia","og_description":"Los agricultores palentinos cultivan el 8% menos de superficie de trigo que en las dos campa\u00f1as anteriores El primer avance de 2023 del Ministerio tambi\u00e9n","og_url":"https:\/\/www.asajacyl.com\/palencia\/asaja-palencia-informa\/descenso-casi-generalizado-en-las-superficies-dedicadas-a-cereal-de-invierno-en-palencia-con-respecto-a-2021-2022","og_site_name":"ASAJA Palencia","article_published_time":"2023-04-03T08:56:06+00:00","article_modified_time":"2023-04-03T08:56:50+00:00","og_image":[{"width":2500,"height":705,"url":"https:\/\/www.asajacyl.com\/palencia\/wp-content\/uploads\/sites\/3\/2018\/05\/Asaja-Palencia.-Imagen-de-un-campo-de-cereal-1.jpg","type":"image\/jpeg"}],"author":"Administrador","twitter_card":"summary_large_image","twitter_misc":{"Escrito por":"Administrador","Tiempo de lectura":"7 minutos"},"schema":{"@context":"https:\/\/schema.org","@graph":[{"@type":"WebPage","@id":"https:\/\/www.asajacyl.com\/palencia\/asaja-palencia-informa\/descenso-casi-generalizado-en-las-superficies-dedicadas-a-cereal-de-invierno-en-palencia-con-respecto-a-2021-2022","url":"https:\/\/www.asajacyl.com\/palencia\/asaja-palencia-informa\/descenso-casi-generalizado-en-las-superficies-dedicadas-a-cereal-de-invierno-en-palencia-con-respecto-a-2021-2022","name":"Descenso casi generalizado en las superficies dedicadas a cereal de invierno en Palencia con respecto a 2021-2022 - ASAJA Palencia","isPartOf":{"@id":"https:\/\/www.asajacyl.com\/palencia\/#website"},"primaryImageOfPage":{"@id":"https:\/\/www.asajacyl.com\/palencia\/asaja-palencia-informa\/descenso-casi-generalizado-en-las-superficies-dedicadas-a-cereal-de-invierno-en-palencia-con-respecto-a-2021-2022#primaryimage"},"image":{"@id":"https:\/\/www.asajacyl.com\/palencia\/asaja-palencia-informa\/descenso-casi-generalizado-en-las-superficies-dedicadas-a-cereal-de-invierno-en-palencia-con-respecto-a-2021-2022#primaryimage"},"thumbnailUrl":"https:\/\/www.asajacyl.com\/palencia\/wp-content\/uploads\/sites\/3\/2018\/05\/Asaja-Palencia.-Imagen-de-un-campo-de-cereal-1.jpg","datePublished":"2023-04-03T08:56:06+00:00","dateModified":"2023-04-03T08:56:50+00:00","author":{"@id":"https:\/\/www.asajacyl.com\/palencia\/#\/schema\/person\/3ab17aeb03527485c317557fae64aab1"},"description":"Los agricultores palentinos cultivan el 8% menos de superficie de trigo que en las dos campa\u00f1as anteriores El primer avance de 2023 del Ministerio tambi\u00e9n","breadcrumb":{"@id":"https:\/\/www.asajacyl.com\/palencia\/asaja-palencia-informa\/descenso-casi-generalizado-en-las-superficies-dedicadas-a-cereal-de-invierno-en-palencia-con-respecto-a-2021-2022#breadcrumb"},"inLanguage":"es","potentialAction":[{"@type":"ReadAction","target":["https:\/\/www.asajacyl.com\/palencia\/asaja-palencia-informa\/descenso-casi-generalizado-en-las-superficies-dedicadas-a-cereal-de-invierno-en-palencia-con-respecto-a-2021-2022"]}]},{"@type":"ImageObject","inLanguage":"es","@id":"https:\/\/www.asajacyl.com\/palencia\/asaja-palencia-informa\/descenso-casi-generalizado-en-las-superficies-dedicadas-a-cereal-de-invierno-en-palencia-con-respecto-a-2021-2022#primaryimage","url":"https:\/\/www.asajacyl.com\/palencia\/wp-content\/uploads\/sites\/3\/2018\/05\/Asaja-Palencia.-Imagen-de-un-campo-de-cereal-1.jpg","contentUrl":"https:\/\/www.asajacyl.com\/palencia\/wp-content\/uploads\/sites\/3\/2018\/05\/Asaja-Palencia.-Imagen-de-un-campo-de-cereal-1.jpg","width":2500,"height":705},{"@type":"BreadcrumbList","@id":"https:\/\/www.asajacyl.com\/palencia\/asaja-palencia-informa\/descenso-casi-generalizado-en-las-superficies-dedicadas-a-cereal-de-invierno-en-palencia-con-respecto-a-2021-2022#breadcrumb","itemListElement":[{"@type":"ListItem","position":1,"name":"Portada","item":"https:\/\/www.asajacyl.com\/palencia\/"},{"@type":"ListItem","position":2,"name":"Descenso casi generalizado en las superficies dedicadas a cereal de invierno en Palencia con respecto a 2021-2022"}]},{"@type":"WebSite","@id":"https:\/\/www.asajacyl.com\/palencia\/#website","url":"https:\/\/www.asajacyl.com\/palencia\/","name":"ASAJA Palencia","description":"Otro sitio m\u00e1s de Provincias ASAJA Castilla y Le\u00f3n","potentialAction":[{"@type":"SearchAction","target":{"@type":"EntryPoint","urlTemplate":"https:\/\/www.asajacyl.com\/palencia\/?s={search_term_string}"},"query-input":{"@type":"PropertyValueSpecification","valueRequired":true,"valueName":"search_term_string"}}],"inLanguage":"es"},{"@type":"Person","@id":"https:\/\/www.asajacyl.com\/palencia\/#\/schema\/person\/3ab17aeb03527485c317557fae64aab1","name":"Administrador","image":{"@type":"ImageObject","inLanguage":"es","@id":"https:\/\/www.asajacyl.com\/palencia\/#\/schema\/person\/image\/","url":"https:\/\/secure.gravatar.com\/avatar\/517384810d242ca9e38c180f3c9fb973?s=96&d=mm&r=g","contentUrl":"https:\/\/secure.gravatar.com\/avatar\/517384810d242ca9e38c180f3c9fb973?s=96&d=mm&r=g","caption":"Administrador"},"url":"https:\/\/www.asajacyl.com\/palencia\/author\/carlosrm"}]}},"_links":{"self":[{"href":"https:\/\/www.asajacyl.com\/palencia\/wp-json\/wp\/v2\/posts\/12798"}],"collection":[{"href":"https:\/\/www.asajacyl.com\/palencia\/wp-json\/wp\/v2\/posts"}],"about":[{"href":"https:\/\/www.asajacyl.com\/palencia\/wp-json\/wp\/v2\/types\/post"}],"author":[{"embeddable":true,"href":"https:\/\/www.asajacyl.com\/palencia\/wp-json\/wp\/v2\/users\/9"}],"replies":[{"embeddable":true,"href":"https:\/\/www.asajacyl.com\/palencia\/wp-json\/wp\/v2\/comments?post=12798"}],"version-history":[{"count":8,"href":"https:\/\/www.asajacyl.com\/palencia\/wp-json\/wp\/v2\/posts\/12798\/revisions"}],"predecessor-version":[{"id":12810,"href":"https:\/\/www.asajacyl.com\/palencia\/wp-json\/wp\/v2\/posts\/12798\/revisions\/12810"}],"wp:featuredmedia":[{"embeddable":true,"href":"https:\/\/www.asajacyl.com\/palencia\/wp-json\/wp\/v2\/media\/5183"}],"wp:attachment":[{"href":"https:\/\/www.asajacyl.com\/palencia\/wp-json\/wp\/v2\/media?parent=12798"}],"wp:term":[{"taxonomy":"category","embeddable":true,"href":"https:\/\/www.asajacyl.com\/palencia\/wp-json\/wp\/v2\/categories?post=12798"},{"taxonomy":"post_tag","embeddable":true,"href":"https:\/\/www.asajacyl.com\/palencia\/wp-json\/wp\/v2\/tags?post=12798"}],"curies":[{"name":"wp","href":"https:\/\/api.w.org\/{rel}","templated":true}]}}