{"id":12816,"date":"2023-04-05T12:17:23","date_gmt":"2023-04-05T10:17:23","guid":{"rendered":"https:\/\/www.asajacyl.com\/palencia\/?p=12816"},"modified":"2023-04-04T12:44:43","modified_gmt":"2023-04-04T10:44:43","slug":"ayudas-para-la-reestructuracion-y-reconversion-de-vinedos-hasta-el-27-de-abril","status":"publish","type":"post","link":"https:\/\/www.asajacyl.com\/palencia\/asaja-palencia-informa\/ayudas-para-la-reestructuracion-y-reconversion-de-vinedos-hasta-el-27-de-abril","title":{"rendered":"Ayudas para la reestructuraci\u00f3n y reconversi\u00f3n de vi\u00f1edos, hasta el 27 de abril"},"content":{"rendered":"\n<p><br>Hasta el 27 de abril pueden solicitarse las ayudas para la reestructuraci\u00f3n y reconversi\u00f3n de vi\u00f1edos en la Comunidad de Castilla y Le\u00f3n.<\/p>\n\n\n\n<p>La convocatoria 2023 de la Consejer\u00eda de Agricultura, Ganader\u00eda y Desarrollo Rural, que hoy se publica en el BOCyL, apunta que podr\u00e1n ser beneficiarios los viticultores y futuros viticultores que destinen sus vi\u00f1edos a la producci\u00f3n de uva para vinificaci\u00f3n y que vayan a reestructurar y\/o reconvertir.<\/p>\n\n\n\n<p>Se considerar\u00e1 subvencionable la reconversi\u00f3n varietal, la reubicaci\u00f3n y replantaci\u00f3n tras arranque obligatorio por motivos sanitarios y las mejoras en las t\u00e9cnicas de gesti\u00f3n. Ser\u00e1 obligatorio el uso de portainjertos certificados y la superficie de la operaci\u00f3n ser\u00e1 de 0,2 ha m\u00ednimo y 25 ha m\u00e1ximo.<\/p>\n\n\n\n<p>Las solicitudes pueden presentarse de forma individual o colectiva (en este \u00faltimo caso contar\u00e1n con un m\u00ednimo de 3 solicitantes).<\/p>\n\n\n\n<p>Las operaciones subvencionables se iniciar\u00e1n con posterioridad a la presentaci\u00f3n de las solicitudes, y nunca antes del 01\/08\/2023. Se podr\u00e1n realizar modificaciones mayores o menores, previamente a la solicitud del pago final antes del 31\/05\/2024, siempre que no se hayan realizado controles previos sobre el terreno antes del pago final.<\/p>\n","protected":false},"excerpt":{"rendered":"<p>Hasta el 27 de abril pueden solicitarse las ayudas para la reestructuraci\u00f3n y reconversi\u00f3n de vi\u00f1edos en la Comunidad de Castilla y Le\u00f3n. La convocatoria 2023 de la Consejer\u00eda de Agricultura, Ganader\u00eda y Desarrollo Rural, que hoy se publica en el BOCyL, apunta que podr\u00e1n ser beneficiarios los viticultores y futuros viticultores que destinen sus [&hellip;]<\/p>\n","protected":false},"author":9,"featured_media":6193,"comment_status":"open","ping_status":"open","sticky":false,"template":"","format":"standard","meta":{"footnotes":""},"categories":[9,29,28],"tags":[],"yoast_head":"<!-- This site is optimized with the Yoast SEO plugin v24.5 - https:\/\/yoast.com\/wordpress\/plugins\/seo\/ -->\n<title>Ayudas para la reestructuraci\u00f3n y reconversi\u00f3n de vi\u00f1edos, hasta el 27 de abril - ASAJA Palencia<\/title>\n<meta name=\"description\" content=\"Hasta el 27 de abril pueden solicitarse las ayudas para la reestructuraci\u00f3n y reconversi\u00f3n de vi\u00f1edos en la Comunidad de Castilla y Le\u00f3n. La convocatoria\" \/>\n<meta name=\"robots\" content=\"index, follow, max-snippet:-1, max-image-preview:large, max-video-preview:-1\" \/>\n<link rel=\"canonical\" href=\"https:\/\/www.asajacyl.com\/palencia\/asaja-palencia-informa\/ayudas-para-la-reestructuracion-y-reconversion-de-vinedos-hasta-el-27-de-abril\" \/>\n<meta property=\"og:locale\" content=\"es_ES\" \/>\n<meta property=\"og:type\" content=\"article\" \/>\n<meta property=\"og:title\" content=\"Ayudas para la reestructuraci\u00f3n y reconversi\u00f3n de vi\u00f1edos, hasta el 27 de abril - ASAJA Palencia\" \/>\n<meta property=\"og:description\" content=\"Hasta el 27 de abril pueden solicitarse las ayudas para la reestructuraci\u00f3n y reconversi\u00f3n de vi\u00f1edos en la Comunidad de Castilla y Le\u00f3n. La convocatoria\" \/>\n<meta property=\"og:url\" content=\"https:\/\/www.asajacyl.com\/palencia\/asaja-palencia-informa\/ayudas-para-la-reestructuracion-y-reconversion-de-vinedos-hasta-el-27-de-abril\" \/>\n<meta property=\"og:site_name\" content=\"ASAJA Palencia\" \/>\n<meta property=\"article:published_time\" content=\"2023-04-05T10:17:23+00:00\" \/>\n<meta property=\"og:image\" content=\"https:\/\/www.asajacyl.com\/palencia\/wp-content\/uploads\/sites\/3\/2019\/05\/vi\u00f1\u00e9do.jpg\" \/>\n\t<meta property=\"og:image:width\" content=\"2500\" \/>\n\t<meta property=\"og:image:height\" content=\"1875\" \/>\n\t<meta property=\"og:image:type\" content=\"image\/jpeg\" \/>\n<meta name=\"author\" content=\"Administrador\" \/>\n<meta name=\"twitter:card\" content=\"summary_large_image\" \/>\n<meta name=\"twitter:label1\" content=\"Escrito por\" \/>\n\t<meta name=\"twitter:data1\" content=\"Administrador\" \/>\n\t<meta name=\"twitter:label2\" content=\"Tiempo de lectura\" \/>\n\t<meta name=\"twitter:data2\" content=\"1 minuto\" \/>\n<script type=\"application\/ld+json\" class=\"yoast-schema-graph\">{\"@context\":\"https:\/\/schema.org\",\"@graph\":[{\"@type\":\"WebPage\",\"@id\":\"https:\/\/www.asajacyl.com\/palencia\/asaja-palencia-informa\/ayudas-para-la-reestructuracion-y-reconversion-de-vinedos-hasta-el-27-de-abril\",\"url\":\"https:\/\/www.asajacyl.com\/palencia\/asaja-palencia-informa\/ayudas-para-la-reestructuracion-y-reconversion-de-vinedos-hasta-el-27-de-abril\",\"name\":\"Ayudas para la reestructuraci\u00f3n y reconversi\u00f3n de vi\u00f1edos, hasta el 27 de abril - ASAJA Palencia\",\"isPartOf\":{\"@id\":\"https:\/\/www.asajacyl.com\/palencia\/#website\"},\"primaryImageOfPage\":{\"@id\":\"https:\/\/www.asajacyl.com\/palencia\/asaja-palencia-informa\/ayudas-para-la-reestructuracion-y-reconversion-de-vinedos-hasta-el-27-de-abril#primaryimage\"},\"image\":{\"@id\":\"https:\/\/www.asajacyl.com\/palencia\/asaja-palencia-informa\/ayudas-para-la-reestructuracion-y-reconversion-de-vinedos-hasta-el-27-de-abril#primaryimage\"},\"thumbnailUrl\":\"https:\/\/www.asajacyl.com\/palencia\/wp-content\/uploads\/sites\/3\/2019\/05\/vi\u00f1\u00e9do.jpg\",\"datePublished\":\"2023-04-05T10:17:23+00:00\",\"author\":{\"@id\":\"https:\/\/www.asajacyl.com\/palencia\/#\/schema\/person\/3ab17aeb03527485c317557fae64aab1\"},\"description\":\"Hasta el 27 de abril pueden solicitarse las ayudas para la reestructuraci\u00f3n y reconversi\u00f3n de vi\u00f1edos en la Comunidad de Castilla y Le\u00f3n. La convocatoria\",\"breadcrumb\":{\"@id\":\"https:\/\/www.asajacyl.com\/palencia\/asaja-palencia-informa\/ayudas-para-la-reestructuracion-y-reconversion-de-vinedos-hasta-el-27-de-abril#breadcrumb\"},\"inLanguage\":\"es\",\"potentialAction\":[{\"@type\":\"ReadAction\",\"target\":[\"https:\/\/www.asajacyl.com\/palencia\/asaja-palencia-informa\/ayudas-para-la-reestructuracion-y-reconversion-de-vinedos-hasta-el-27-de-abril\"]}]},{\"@type\":\"ImageObject\",\"inLanguage\":\"es\",\"@id\":\"https:\/\/www.asajacyl.com\/palencia\/asaja-palencia-informa\/ayudas-para-la-reestructuracion-y-reconversion-de-vinedos-hasta-el-27-de-abril#primaryimage\",\"url\":\"https:\/\/www.asajacyl.com\/palencia\/wp-content\/uploads\/sites\/3\/2019\/05\/vi\u00f1\u00e9do.jpg\",\"contentUrl\":\"https:\/\/www.asajacyl.com\/palencia\/wp-content\/uploads\/sites\/3\/2019\/05\/vi\u00f1\u00e9do.jpg\",\"width\":2500,\"height\":1875},{\"@type\":\"BreadcrumbList\",\"@id\":\"https:\/\/www.asajacyl.com\/palencia\/asaja-palencia-informa\/ayudas-para-la-reestructuracion-y-reconversion-de-vinedos-hasta-el-27-de-abril#breadcrumb\",\"itemListElement\":[{\"@type\":\"ListItem\",\"position\":1,\"name\":\"Portada\",\"item\":\"https:\/\/www.asajacyl.com\/palencia\/\"},{\"@type\":\"ListItem\",\"position\":2,\"name\":\"Ayudas para la reestructuraci\u00f3n y reconversi\u00f3n de vi\u00f1edos, hasta el 27 de abril\"}]},{\"@type\":\"WebSite\",\"@id\":\"https:\/\/www.asajacyl.com\/palencia\/#website\",\"url\":\"https:\/\/www.asajacyl.com\/palencia\/\",\"name\":\"ASAJA Palencia\",\"description\":\"Otro sitio m\u00e1s de Provincias ASAJA Castilla y Le\u00f3n\",\"potentialAction\":[{\"@type\":\"SearchAction\",\"target\":{\"@type\":\"EntryPoint\",\"urlTemplate\":\"https:\/\/www.asajacyl.com\/palencia\/?s={search_term_string}\"},\"query-input\":{\"@type\":\"PropertyValueSpecification\",\"valueRequired\":true,\"valueName\":\"search_term_string\"}}],\"inLanguage\":\"es\"},{\"@type\":\"Person\",\"@id\":\"https:\/\/www.asajacyl.com\/palencia\/#\/schema\/person\/3ab17aeb03527485c317557fae64aab1\",\"name\":\"Administrador\",\"image\":{\"@type\":\"ImageObject\",\"inLanguage\":\"es\",\"@id\":\"https:\/\/www.asajacyl.com\/palencia\/#\/schema\/person\/image\/\",\"url\":\"https:\/\/secure.gravatar.com\/avatar\/517384810d242ca9e38c180f3c9fb973?s=96&d=mm&r=g\",\"contentUrl\":\"https:\/\/secure.gravatar.com\/avatar\/517384810d242ca9e38c180f3c9fb973?s=96&d=mm&r=g\",\"caption\":\"Administrador\"},\"url\":\"https:\/\/www.asajacyl.com\/palencia\/author\/carlosrm\"}]}<\/script>\n<!-- \/ Yoast SEO plugin. -->","yoast_head_json":{"title":"Ayudas para la reestructuraci\u00f3n y reconversi\u00f3n de vi\u00f1edos, hasta el 27 de abril - ASAJA Palencia","description":"Hasta el 27 de abril pueden solicitarse las ayudas para la reestructuraci\u00f3n y reconversi\u00f3n de vi\u00f1edos en la Comunidad de Castilla y Le\u00f3n. La convocatoria","robots":{"index":"index","follow":"follow","max-snippet":"max-snippet:-1","max-image-preview":"max-image-preview:large","max-video-preview":"max-video-preview:-1"},"canonical":"https:\/\/www.asajacyl.com\/palencia\/asaja-palencia-informa\/ayudas-para-la-reestructuracion-y-reconversion-de-vinedos-hasta-el-27-de-abril","og_locale":"es_ES","og_type":"article","og_title":"Ayudas para la reestructuraci\u00f3n y reconversi\u00f3n de vi\u00f1edos, hasta el 27 de abril - ASAJA Palencia","og_description":"Hasta el 27 de abril pueden solicitarse las ayudas para la reestructuraci\u00f3n y reconversi\u00f3n de vi\u00f1edos en la Comunidad de Castilla y Le\u00f3n. La convocatoria","og_url":"https:\/\/www.asajacyl.com\/palencia\/asaja-palencia-informa\/ayudas-para-la-reestructuracion-y-reconversion-de-vinedos-hasta-el-27-de-abril","og_site_name":"ASAJA Palencia","article_published_time":"2023-04-05T10:17:23+00:00","og_image":[{"width":2500,"height":1875,"url":"https:\/\/www.asajacyl.com\/palencia\/wp-content\/uploads\/sites\/3\/2019\/05\/vi\u00f1\u00e9do.jpg","type":"image\/jpeg"}],"author":"Administrador","twitter_card":"summary_large_image","twitter_misc":{"Escrito por":"Administrador","Tiempo de lectura":"1 minuto"},"schema":{"@context":"https:\/\/schema.org","@graph":[{"@type":"WebPage","@id":"https:\/\/www.asajacyl.com\/palencia\/asaja-palencia-informa\/ayudas-para-la-reestructuracion-y-reconversion-de-vinedos-hasta-el-27-de-abril","url":"https:\/\/www.asajacyl.com\/palencia\/asaja-palencia-informa\/ayudas-para-la-reestructuracion-y-reconversion-de-vinedos-hasta-el-27-de-abril","name":"Ayudas para la reestructuraci\u00f3n y reconversi\u00f3n de vi\u00f1edos, hasta el 27 de abril - ASAJA Palencia","isPartOf":{"@id":"https:\/\/www.asajacyl.com\/palencia\/#website"},"primaryImageOfPage":{"@id":"https:\/\/www.asajacyl.com\/palencia\/asaja-palencia-informa\/ayudas-para-la-reestructuracion-y-reconversion-de-vinedos-hasta-el-27-de-abril#primaryimage"},"image":{"@id":"https:\/\/www.asajacyl.com\/palencia\/asaja-palencia-informa\/ayudas-para-la-reestructuracion-y-reconversion-de-vinedos-hasta-el-27-de-abril#primaryimage"},"thumbnailUrl":"https:\/\/www.asajacyl.com\/palencia\/wp-content\/uploads\/sites\/3\/2019\/05\/vi\u00f1\u00e9do.jpg","datePublished":"2023-04-05T10:17:23+00:00","author":{"@id":"https:\/\/www.asajacyl.com\/palencia\/#\/schema\/person\/3ab17aeb03527485c317557fae64aab1"},"description":"Hasta el 27 de abril pueden solicitarse las ayudas para la reestructuraci\u00f3n y reconversi\u00f3n de vi\u00f1edos en la Comunidad de Castilla y Le\u00f3n. La convocatoria","breadcrumb":{"@id":"https:\/\/www.asajacyl.com\/palencia\/asaja-palencia-informa\/ayudas-para-la-reestructuracion-y-reconversion-de-vinedos-hasta-el-27-de-abril#breadcrumb"},"inLanguage":"es","potentialAction":[{"@type":"ReadAction","target":["https:\/\/www.asajacyl.com\/palencia\/asaja-palencia-informa\/ayudas-para-la-reestructuracion-y-reconversion-de-vinedos-hasta-el-27-de-abril"]}]},{"@type":"ImageObject","inLanguage":"es","@id":"https:\/\/www.asajacyl.com\/palencia\/asaja-palencia-informa\/ayudas-para-la-reestructuracion-y-reconversion-de-vinedos-hasta-el-27-de-abril#primaryimage","url":"https:\/\/www.asajacyl.com\/palencia\/wp-content\/uploads\/sites\/3\/2019\/05\/vi\u00f1\u00e9do.jpg","contentUrl":"https:\/\/www.asajacyl.com\/palencia\/wp-content\/uploads\/sites\/3\/2019\/05\/vi\u00f1\u00e9do.jpg","width":2500,"height":1875},{"@type":"BreadcrumbList","@id":"https:\/\/www.asajacyl.com\/palencia\/asaja-palencia-informa\/ayudas-para-la-reestructuracion-y-reconversion-de-vinedos-hasta-el-27-de-abril#breadcrumb","itemListElement":[{"@type":"ListItem","position":1,"name":"Portada","item":"https:\/\/www.asajacyl.com\/palencia\/"},{"@type":"ListItem","position":2,"name":"Ayudas para la reestructuraci\u00f3n y reconversi\u00f3n de vi\u00f1edos, hasta el 27 de abril"}]},{"@type":"WebSite","@id":"https:\/\/www.asajacyl.com\/palencia\/#website","url":"https:\/\/www.asajacyl.com\/palencia\/","name":"ASAJA Palencia","description":"Otro sitio m\u00e1s de Provincias ASAJA Castilla y Le\u00f3n","potentialAction":[{"@type":"SearchAction","target":{"@type":"EntryPoint","urlTemplate":"https:\/\/www.asajacyl.com\/palencia\/?s={search_term_string}"},"query-input":{"@type":"PropertyValueSpecification","valueRequired":true,"valueName":"search_term_string"}}],"inLanguage":"es"},{"@type":"Person","@id":"https:\/\/www.asajacyl.com\/palencia\/#\/schema\/person\/3ab17aeb03527485c317557fae64aab1","name":"Administrador","image":{"@type":"ImageObject","inLanguage":"es","@id":"https:\/\/www.asajacyl.com\/palencia\/#\/schema\/person\/image\/","url":"https:\/\/secure.gravatar.com\/avatar\/517384810d242ca9e38c180f3c9fb973?s=96&d=mm&r=g","contentUrl":"https:\/\/secure.gravatar.com\/avatar\/517384810d242ca9e38c180f3c9fb973?s=96&d=mm&r=g","caption":"Administrador"},"url":"https:\/\/www.asajacyl.com\/palencia\/author\/carlosrm"}]}},"_links":{"self":[{"href":"https:\/\/www.asajacyl.com\/palencia\/wp-json\/wp\/v2\/posts\/12816"}],"collection":[{"href":"https:\/\/www.asajacyl.com\/palencia\/wp-json\/wp\/v2\/posts"}],"about":[{"href":"https:\/\/www.asajacyl.com\/palencia\/wp-json\/wp\/v2\/types\/post"}],"author":[{"embeddable":true,"href":"https:\/\/www.asajacyl.com\/palencia\/wp-json\/wp\/v2\/users\/9"}],"replies":[{"embeddable":true,"href":"https:\/\/www.asajacyl.com\/palencia\/wp-json\/wp\/v2\/comments?post=12816"}],"version-history":[{"count":1,"href":"https:\/\/www.asajacyl.com\/palencia\/wp-json\/wp\/v2\/posts\/12816\/revisions"}],"predecessor-version":[{"id":12819,"href":"https:\/\/www.asajacyl.com\/palencia\/wp-json\/wp\/v2\/posts\/12816\/revisions\/12819"}],"wp:featuredmedia":[{"embeddable":true,"href":"https:\/\/www.asajacyl.com\/palencia\/wp-json\/wp\/v2\/media\/6193"}],"wp:attachment":[{"href":"https:\/\/www.asajacyl.com\/palencia\/wp-json\/wp\/v2\/media?parent=12816"}],"wp:term":[{"taxonomy":"category","embeddable":true,"href":"https:\/\/www.asajacyl.com\/palencia\/wp-json\/wp\/v2\/categories?post=12816"},{"taxonomy":"post_tag","embeddable":true,"href":"https:\/\/www.asajacyl.com\/palencia\/wp-json\/wp\/v2\/tags?post=12816"}],"curies":[{"name":"wp","href":"https:\/\/api.w.org\/{rel}","templated":true}]}}