{"id":12818,"date":"2023-04-04T12:48:57","date_gmt":"2023-04-04T10:48:57","guid":{"rendered":"https:\/\/www.asajacyl.com\/palencia\/?p=12818"},"modified":"2023-04-04T12:52:05","modified_gmt":"2023-04-04T10:52:05","slug":"el-embalse-de-cervera-cumple-un-siglo-de-servicio","status":"publish","type":"post","link":"https:\/\/www.asajacyl.com\/palencia\/asaja-palencia-informa\/noticias\/el-embalse-de-cervera-cumple-un-siglo-de-servicio","title":{"rendered":"El embalse de Cervera cumple un siglo de servicio y ASAJA-Palencia recuerda la necesidad de impulsar m\u00e1s inversiones para regad\u00edo"},"content":{"rendered":"\n<h2 class=\"wp-block-heading\">En abril de 1923 empez\u00f3 a funcionar la presa de Ruesga, primer embalse que construy\u00f3 el Estado espa\u00f1ol en la Cuenca Hidrogr\u00e1fica del Duero<\/h2>\n\n\n\n<h2 class=\"wp-block-heading\">Este pionero de la regulaci\u00f3n hidr\u00e1ulica posee solo 10 hect\u00f3metros c\u00fabicos de capacidad, la menor de los cinco embalses palentinos de la Confederaci\u00f3n &nbsp;<\/h2>\n\n\n\n<h2 class=\"wp-block-heading\">Junto con los pantanos de La Requejada y Aguilar, conforma el sistema Pisuerga, b\u00e1sico para garantizar el regad\u00edo en toda la zona oriental de Palencia<\/h2>\n\n\n\n<p><strong>Hace justo ahora un siglo, abril de 1923, empez\u00f3 a prestar servicio el primer gran embalse que se construy\u00f3 en la Cuenca Hidrogr\u00e1fico del Duero, el de Cervera de Pisuerga, tambi\u00e9n conocido como embalse de Ruesga, por la peque\u00f1a localidad de la Monta\u00f1a Palentina que se sit\u00faa a los pies de esta obra de ingenier\u00eda pionera. Hablar, sin embargo, de \u201cgran embalse\u201d para referirse al pantano de Cervera parece hoy casi una exageraci\u00f3n, habida cuenta de que su capacidad de 10 hect\u00f3metros c\u00fabicos palidece ante el conjunto del sistema Pisuerga del que forma parte, junto a las posteriores construcciones del embalse de La Requejada (1940) y Aguilar de Campoo (1963), cuya capacidad total supera los 315 hect\u00f3metros c\u00fabicos. Este sistema resulta fundamental no s\u00f3lo para garantizar la regulaci\u00f3n hidr\u00e1ulica del Pisuerga y el abastecimiento de agua a la poblaci\u00f3n, sino tambi\u00e9n para el riego de cultivos en la zona oriental de la provincia de Palencia. ASAJA-Palencia quiere aprovechar este centenario para recordar la importancia de estas grandes infraestructuras hidr\u00e1ulicas, as\u00ed como para valorar la visi\u00f3n a largo plazo que en su momento mostraron los espa\u00f1oles que las impulsaron, venciendo tambi\u00e9n no pocas resistencias en su \u00e9poca.<\/strong><\/p>\n\n\n\n<p>Seg\u00fan explica en su web la Confederaci\u00f3n Hidrogr\u00e1fica del Duero, responsable de la gesti\u00f3n del embalse de Cervera, este primer pantano construido en esta cuenca por el Estado de Espa\u00f1a naci\u00f3 con la misi\u00f3n fundamental de asegurar el abastecimiento de aguas a otra infraestructura pionera de la ingenier\u00eda hispana: el Canal de Castilla. Posteriormente, otros dos pantanos m\u00e1s modernos se sumaron a ese objetivo original: La Requejada, aguas arriba (apenas a quince kil\u00f3metros del nacimiento del Pisuerga); y Aguilar, que entr\u00f3 en servicio el d\u00eda de San Antol\u00edn de 1964.<\/p>\n\n\n\n<p>Con una capacidad de tanto solo diez millones de metros c\u00fabicos, el embalse de Cervera-Ruesga es el decano de toda la cuenca del Duero pero el de menor capacidad, si se except\u00faa El Pont\u00f3n Alto (7 hect\u00f3metros c\u00fabicos) que desde su construcci\u00f3n (1993) se destina en exclusiva a abastecer de agua potable a la ciudad de Segovia. El pantano de Cervera se alimenta del r\u00edo Rivera, afluente del Pisuerga, y posee una presa de ciento treinta metros de largo, con una altura de poco m\u00e1s de treinta sobre el cauce, a los que se a\u00f1aden otros seis de cimentaci\u00f3n. En la construcci\u00f3n, efectuada bajo el proyecto de Francisco Panella Miota, se emplearon unos cuarenta mil metros c\u00fabicos de hormig\u00f3n. Se trata de una presa de las llamadas de gravedad en planta curva.<\/p>\n\n\n\n<p><strong>BELLO PAISAJE. <\/strong>Para la mayor\u00eda de los palentinos, la estampa de este embalse est\u00e1 asociada al Parador Nacional de Fuentes Carrionas, emblem\u00e1tica infraestructura hotelera de la provincia que ofrece al visitante unas magn\u00edficas panor\u00e1micas de esa zona de la Monta\u00f1a Palentina, con Pe\u00f1a Almonga y Pe\u00f1a Redonda escoltando la masa de agua del vaso del embalse. De hecho, la incorporaci\u00f3n de los embalses m\u00e1s modernos y capaces de La Requejada y Aguilar han acentuado el car\u00e1cter tur\u00edstico del pantano de Cervera, si bien se mantiene operativo para sus funciones estrictamente hidrol\u00f3gicas. En sus aguas se permiten casi todos los deportes n\u00e1uticos, excepto la navegaci\u00f3n a motor, as\u00ed como el ba\u00f1o p\u00fablico y otras actividades de ocio, ya que dispone de zonas de servicios y acampada controlada.<\/p>\n\n\n\n<p>Pero ASAJA-Palencia quiere aprovechar este centenario de la entrada en servicio de aquel peque\u00f1o embalse para subrayar la importancia que poseen estas grandes infraestructuras hidr\u00e1ulicas no solo para la poblaci\u00f3n en general, sino tambi\u00e9n para los profesionales agropecuarios y, en especial, para los cultivos de regad\u00edo. En ese sentido, la organizaci\u00f3n profesional tambi\u00e9n valora en esta efem\u00e9ride la visi\u00f3n a largo plazo que en su momento mostraron los dirigentes espa\u00f1oles que las impulsan en cada momento, venciendo no pocas resistencias de la sociedad, entonces y ahora.<\/p>\n\n\n\n<p><strong>PRADERAS SUMERGIDAS. <\/strong>Asimismo, ASAJA-Palencia reconoce el coste no s\u00f3lo econ\u00f3mico de esas obras emprendidas pensando en el bien com\u00fan, como el sacrificio que supuso para generaciones anteriores, que perdieron sus ra\u00edces, algo que refleja desde su mismo t\u00edtulo el reciente libro <em>En memoria de las praderas sumergidas. Historia de los pantanos de Palencia,<\/em> del ingeniero palentino Jos\u00e9 Javier Ruiz Monge, un documentado e interesant\u00edsimo trabajo para conocer la historia de los embalses de la provincia de Palencia, tanto de los que se construyeron como de aquellos que se quedaron en mero proyecto.<\/p>\n\n\n\n<p>En esa historia, pese a que su capacidad se viera superada por los pantanos posteriores, el embalse de Cervera-Ruesga puede considerarse un primer hito para la paulatina extensi\u00f3n de los cultivos de regad\u00edo en la provincia de Palencia, que cuenta en la actualidad con unas 66.000 hect\u00e1reas entre ambos sistemas (Carri\u00f3n y Pisuerga). ASAJA viene defendiendo que hay que aumentar el almacenamiento de agua mediante nuevos embalses o recreciendo los actuales. As\u00ed se han expresado reiteradamente sus dirigentes provinciales y regionales, reclamando cambiar totalmente el rumbo actual del Ministerio para la Transici\u00f3n Ecol\u00f3gica y de la Confederaci\u00f3n Hidrogr\u00e1fica del Duero.<\/p>\n\n\n\n<p><strong>VAN A DAR A LA MAR. <\/strong>En palabras de Donaciano Dujo, presidente de ASAJA-Castilla y Le\u00f3n, \u00abviendo c\u00f3mo el agua es un bien tan necesario no solo para agricultura y la ganader\u00eda, sino para la industria y la sociedad en general, se puede tener en verano siempre que se almacene en invierno, porque es lamentable que en pleno siglo XXI se vayan millones y millones de metros c\u00fabicos al mar en invierno cuando se necesitan en verano\u00bb.<\/p>\n\n\n\n<p>Apenas el 15% por ciento de la superficie agraria de Castilla y Le\u00f3n es de regad\u00edo, ocho puntos menos que la media nacional y, parad\u00f3jicamente, lejos de comunidades de la llamada Espa\u00f1a seca, como Andaluc\u00eda (28%). Nuestra comunidad cuenta con 550.000 hect\u00e1reas de regad\u00edo con concesi\u00f3n (unas 120.000 ha se nutren de pozos y unas 430.000 ha de canales que transportan el agua procedente de embalses). De esta segunda tipolog\u00eda tienen pendiente su modernizaci\u00f3n unas 120.000 ha, m\u00e1s de 20.000 ha solo en la provincia de Palencia. Por eso, ASAJA considera urgente, para situar a Castilla y Le\u00f3n en la media nacional del 23% de terrenos de regad\u00edo, un impulso a las inversiones en modernizaci\u00f3n.<\/p>\n\n\n\n<p><strong>FIJAR POBLACI\u00d3N. <\/strong>Desde la organizaci\u00f3n profesional agraria se viene demandando un plan hidrol\u00f3gico nacional que cambie la actual visi\u00f3n, para aumentar la capacidad de regad\u00edo, la producci\u00f3n, el empleo y crear riqueza en el medio rural, aspectos que redundar\u00edan en poner freno a la despoblaci\u00f3n en ese \u00e1mbito. En la \u00faltima d\u00e9cada, Castilla y Le\u00f3n ha incorporado cerca de 78.000 hect\u00e1reas a la agricultura de regad\u00edo, zonas donde la edad media de la poblaci\u00f3n se sit\u00faa por debajo de los 45 a\u00f1os, quince menos que la del sector en general.<\/p>\n\n\n\n<p>La comunidad es la tercera que incorpor\u00f3 m\u00e1s hect\u00e1reas en este tiempo (2011-2021), por detr\u00e1s de Andaluc\u00eda (+130.000 ha), primera regi\u00f3n de Espa\u00f1a que ha superado el mill\u00f3n de hect\u00e1reas de regad\u00edo, y de Castilla-La Mancha (+104.000 ha), que supera en superficie de regad\u00edo (582.000 ha) a Castilla y Le\u00f3n, pese a poseer menos territorio y peor r\u00e9gimen de precipitaciones. Las provincias de Valladolid y Le\u00f3n absorbieron en esta \u00faltima d\u00e9cada m\u00e1s de la mitad de la nueva superficie de regad\u00edo de la regi\u00f3n. Con 24.000 y 19.000 nuevas hect\u00e1reas, rondan las 102.000 y 127.000 hect\u00e1reas de regad\u00edo, respectivamente. La provincia de Palencia apenas incorpor\u00f3 mil nuevas hect\u00e1reas en ese periodo 2011-2021. Se ve que haber sido pioneros en disponer de un embalse en la cuenca del Duero no sirve hoy de mucho para avanzar en ese terreno\u2026 en el terreno efectivamente regable, sin tener que mirar al cielo y los partes de la situaci\u00f3n de los embalses que publica la Confederaci\u00f3n.<strong>\/<\/strong><\/p>\n\n\n\n<p><\/p>\n","protected":false},"excerpt":{"rendered":"<p>En abril de 1923 empez\u00f3 a funcionar la presa de Ruesga, primer embalse que construy\u00f3 el Estado espa\u00f1ol en la Cuenca Hidrogr\u00e1fica del Duero Este pionero de la regulaci\u00f3n hidr\u00e1ulica posee solo 10 hect\u00f3metros c\u00fabicos de capacidad, la menor de los cinco embalses palentinos de la Confederaci\u00f3n &nbsp; Junto con los pantanos de La Requejada [&hellip;]<\/p>\n","protected":false},"author":9,"featured_media":12820,"comment_status":"open","ping_status":"open","sticky":false,"template":"","format":"standard","meta":{"footnotes":""},"categories":[9,29,28],"tags":[58,81,83,82,84,55],"yoast_head":"<!-- This site is optimized with the Yoast SEO plugin v24.5 - https:\/\/yoast.com\/wordpress\/plugins\/seo\/ -->\n<title>El embalse de Cervera cumple un siglo de servicio y ASAJA-Palencia recuerda la necesidad de impulsar m\u00e1s inversiones para regad\u00edo - ASAJA Palencia<\/title>\n<meta name=\"description\" content=\"En abril de 1923 empez\u00f3 a funcionar la presa de Ruesga, primer embalse que construy\u00f3 el Estado espa\u00f1ol en la Cuenca Hidrogr\u00e1fica del Duero Este pionero de\" \/>\n<meta name=\"robots\" content=\"index, follow, max-snippet:-1, max-image-preview:large, max-video-preview:-1\" \/>\n<link rel=\"canonical\" href=\"https:\/\/www.asajacyl.com\/palencia\/asaja-palencia-informa\/noticias\/el-embalse-de-cervera-cumple-un-siglo-de-servicio\" \/>\n<meta property=\"og:locale\" content=\"es_ES\" \/>\n<meta property=\"og:type\" content=\"article\" \/>\n<meta property=\"og:title\" content=\"El embalse de Cervera cumple un siglo de servicio y ASAJA-Palencia recuerda la necesidad de impulsar m\u00e1s inversiones para regad\u00edo - ASAJA Palencia\" \/>\n<meta property=\"og:description\" content=\"En abril de 1923 empez\u00f3 a funcionar la presa de Ruesga, primer embalse que construy\u00f3 el Estado espa\u00f1ol en la Cuenca Hidrogr\u00e1fica del Duero Este pionero de\" \/>\n<meta property=\"og:url\" content=\"https:\/\/www.asajacyl.com\/palencia\/asaja-palencia-informa\/noticias\/el-embalse-de-cervera-cumple-un-siglo-de-servicio\" \/>\n<meta property=\"og:site_name\" content=\"ASAJA Palencia\" \/>\n<meta property=\"article:published_time\" content=\"2023-04-04T10:48:57+00:00\" \/>\n<meta property=\"article:modified_time\" content=\"2023-04-04T10:52:05+00:00\" \/>\n<meta property=\"og:image\" content=\"https:\/\/www.asajacyl.com\/palencia\/wp-content\/uploads\/sites\/3\/2023\/04\/EMBALSE-RUESGA.jpg\" \/>\n\t<meta property=\"og:image:width\" content=\"1066\" \/>\n\t<meta property=\"og:image:height\" content=\"520\" \/>\n\t<meta property=\"og:image:type\" content=\"image\/jpeg\" \/>\n<meta name=\"author\" content=\"Administrador\" \/>\n<meta name=\"twitter:card\" content=\"summary_large_image\" \/>\n<meta name=\"twitter:label1\" content=\"Escrito por\" \/>\n\t<meta name=\"twitter:data1\" content=\"Administrador\" \/>\n\t<meta name=\"twitter:label2\" content=\"Tiempo de lectura\" \/>\n\t<meta name=\"twitter:data2\" content=\"7 minutos\" \/>\n<script type=\"application\/ld+json\" class=\"yoast-schema-graph\">{\"@context\":\"https:\/\/schema.org\",\"@graph\":[{\"@type\":\"WebPage\",\"@id\":\"https:\/\/www.asajacyl.com\/palencia\/asaja-palencia-informa\/noticias\/el-embalse-de-cervera-cumple-un-siglo-de-servicio\",\"url\":\"https:\/\/www.asajacyl.com\/palencia\/asaja-palencia-informa\/noticias\/el-embalse-de-cervera-cumple-un-siglo-de-servicio\",\"name\":\"El embalse de Cervera cumple un siglo de servicio y ASAJA-Palencia recuerda la necesidad de impulsar m\u00e1s inversiones para regad\u00edo - ASAJA Palencia\",\"isPartOf\":{\"@id\":\"https:\/\/www.asajacyl.com\/palencia\/#website\"},\"primaryImageOfPage\":{\"@id\":\"https:\/\/www.asajacyl.com\/palencia\/asaja-palencia-informa\/noticias\/el-embalse-de-cervera-cumple-un-siglo-de-servicio#primaryimage\"},\"image\":{\"@id\":\"https:\/\/www.asajacyl.com\/palencia\/asaja-palencia-informa\/noticias\/el-embalse-de-cervera-cumple-un-siglo-de-servicio#primaryimage\"},\"thumbnailUrl\":\"https:\/\/www.asajacyl.com\/palencia\/wp-content\/uploads\/sites\/3\/2023\/04\/EMBALSE-RUESGA.jpg\",\"datePublished\":\"2023-04-04T10:48:57+00:00\",\"dateModified\":\"2023-04-04T10:52:05+00:00\",\"author\":{\"@id\":\"https:\/\/www.asajacyl.com\/palencia\/#\/schema\/person\/3ab17aeb03527485c317557fae64aab1\"},\"description\":\"En abril de 1923 empez\u00f3 a funcionar la presa de Ruesga, primer embalse que construy\u00f3 el Estado espa\u00f1ol en la Cuenca Hidrogr\u00e1fica del Duero Este pionero de\",\"breadcrumb\":{\"@id\":\"https:\/\/www.asajacyl.com\/palencia\/asaja-palencia-informa\/noticias\/el-embalse-de-cervera-cumple-un-siglo-de-servicio#breadcrumb\"},\"inLanguage\":\"es\",\"potentialAction\":[{\"@type\":\"ReadAction\",\"target\":[\"https:\/\/www.asajacyl.com\/palencia\/asaja-palencia-informa\/noticias\/el-embalse-de-cervera-cumple-un-siglo-de-servicio\"]}]},{\"@type\":\"ImageObject\",\"inLanguage\":\"es\",\"@id\":\"https:\/\/www.asajacyl.com\/palencia\/asaja-palencia-informa\/noticias\/el-embalse-de-cervera-cumple-un-siglo-de-servicio#primaryimage\",\"url\":\"https:\/\/www.asajacyl.com\/palencia\/wp-content\/uploads\/sites\/3\/2023\/04\/EMBALSE-RUESGA.jpg\",\"contentUrl\":\"https:\/\/www.asajacyl.com\/palencia\/wp-content\/uploads\/sites\/3\/2023\/04\/EMBALSE-RUESGA.jpg\",\"width\":1066,\"height\":520},{\"@type\":\"BreadcrumbList\",\"@id\":\"https:\/\/www.asajacyl.com\/palencia\/asaja-palencia-informa\/noticias\/el-embalse-de-cervera-cumple-un-siglo-de-servicio#breadcrumb\",\"itemListElement\":[{\"@type\":\"ListItem\",\"position\":1,\"name\":\"Portada\",\"item\":\"https:\/\/www.asajacyl.com\/palencia\/\"},{\"@type\":\"ListItem\",\"position\":2,\"name\":\"El embalse de Cervera cumple un siglo de servicio y ASAJA-Palencia recuerda la necesidad de impulsar m\u00e1s inversiones para regad\u00edo\"}]},{\"@type\":\"WebSite\",\"@id\":\"https:\/\/www.asajacyl.com\/palencia\/#website\",\"url\":\"https:\/\/www.asajacyl.com\/palencia\/\",\"name\":\"ASAJA Palencia\",\"description\":\"Otro sitio m\u00e1s de Provincias ASAJA Castilla y Le\u00f3n\",\"potentialAction\":[{\"@type\":\"SearchAction\",\"target\":{\"@type\":\"EntryPoint\",\"urlTemplate\":\"https:\/\/www.asajacyl.com\/palencia\/?s={search_term_string}\"},\"query-input\":{\"@type\":\"PropertyValueSpecification\",\"valueRequired\":true,\"valueName\":\"search_term_string\"}}],\"inLanguage\":\"es\"},{\"@type\":\"Person\",\"@id\":\"https:\/\/www.asajacyl.com\/palencia\/#\/schema\/person\/3ab17aeb03527485c317557fae64aab1\",\"name\":\"Administrador\",\"image\":{\"@type\":\"ImageObject\",\"inLanguage\":\"es\",\"@id\":\"https:\/\/www.asajacyl.com\/palencia\/#\/schema\/person\/image\/\",\"url\":\"https:\/\/secure.gravatar.com\/avatar\/517384810d242ca9e38c180f3c9fb973?s=96&d=mm&r=g\",\"contentUrl\":\"https:\/\/secure.gravatar.com\/avatar\/517384810d242ca9e38c180f3c9fb973?s=96&d=mm&r=g\",\"caption\":\"Administrador\"},\"url\":\"https:\/\/www.asajacyl.com\/palencia\/author\/carlosrm\"}]}<\/script>\n<!-- \/ Yoast SEO plugin. -->","yoast_head_json":{"title":"El embalse de Cervera cumple un siglo de servicio y ASAJA-Palencia recuerda la necesidad de impulsar m\u00e1s inversiones para regad\u00edo - ASAJA Palencia","description":"En abril de 1923 empez\u00f3 a funcionar la presa de Ruesga, primer embalse que construy\u00f3 el Estado espa\u00f1ol en la Cuenca Hidrogr\u00e1fica del Duero Este pionero de","robots":{"index":"index","follow":"follow","max-snippet":"max-snippet:-1","max-image-preview":"max-image-preview:large","max-video-preview":"max-video-preview:-1"},"canonical":"https:\/\/www.asajacyl.com\/palencia\/asaja-palencia-informa\/noticias\/el-embalse-de-cervera-cumple-un-siglo-de-servicio","og_locale":"es_ES","og_type":"article","og_title":"El embalse de Cervera cumple un siglo de servicio y ASAJA-Palencia recuerda la necesidad de impulsar m\u00e1s inversiones para regad\u00edo - ASAJA Palencia","og_description":"En abril de 1923 empez\u00f3 a funcionar la presa de Ruesga, primer embalse que construy\u00f3 el Estado espa\u00f1ol en la Cuenca Hidrogr\u00e1fica del Duero Este pionero de","og_url":"https:\/\/www.asajacyl.com\/palencia\/asaja-palencia-informa\/noticias\/el-embalse-de-cervera-cumple-un-siglo-de-servicio","og_site_name":"ASAJA Palencia","article_published_time":"2023-04-04T10:48:57+00:00","article_modified_time":"2023-04-04T10:52:05+00:00","og_image":[{"width":1066,"height":520,"url":"https:\/\/www.asajacyl.com\/palencia\/wp-content\/uploads\/sites\/3\/2023\/04\/EMBALSE-RUESGA.jpg","type":"image\/jpeg"}],"author":"Administrador","twitter_card":"summary_large_image","twitter_misc":{"Escrito por":"Administrador","Tiempo de lectura":"7 minutos"},"schema":{"@context":"https:\/\/schema.org","@graph":[{"@type":"WebPage","@id":"https:\/\/www.asajacyl.com\/palencia\/asaja-palencia-informa\/noticias\/el-embalse-de-cervera-cumple-un-siglo-de-servicio","url":"https:\/\/www.asajacyl.com\/palencia\/asaja-palencia-informa\/noticias\/el-embalse-de-cervera-cumple-un-siglo-de-servicio","name":"El embalse de Cervera cumple un siglo de servicio y ASAJA-Palencia recuerda la necesidad de impulsar m\u00e1s inversiones para regad\u00edo - ASAJA Palencia","isPartOf":{"@id":"https:\/\/www.asajacyl.com\/palencia\/#website"},"primaryImageOfPage":{"@id":"https:\/\/www.asajacyl.com\/palencia\/asaja-palencia-informa\/noticias\/el-embalse-de-cervera-cumple-un-siglo-de-servicio#primaryimage"},"image":{"@id":"https:\/\/www.asajacyl.com\/palencia\/asaja-palencia-informa\/noticias\/el-embalse-de-cervera-cumple-un-siglo-de-servicio#primaryimage"},"thumbnailUrl":"https:\/\/www.asajacyl.com\/palencia\/wp-content\/uploads\/sites\/3\/2023\/04\/EMBALSE-RUESGA.jpg","datePublished":"2023-04-04T10:48:57+00:00","dateModified":"2023-04-04T10:52:05+00:00","author":{"@id":"https:\/\/www.asajacyl.com\/palencia\/#\/schema\/person\/3ab17aeb03527485c317557fae64aab1"},"description":"En abril de 1923 empez\u00f3 a funcionar la presa de Ruesga, primer embalse que construy\u00f3 el Estado espa\u00f1ol en la Cuenca Hidrogr\u00e1fica del Duero Este pionero de","breadcrumb":{"@id":"https:\/\/www.asajacyl.com\/palencia\/asaja-palencia-informa\/noticias\/el-embalse-de-cervera-cumple-un-siglo-de-servicio#breadcrumb"},"inLanguage":"es","potentialAction":[{"@type":"ReadAction","target":["https:\/\/www.asajacyl.com\/palencia\/asaja-palencia-informa\/noticias\/el-embalse-de-cervera-cumple-un-siglo-de-servicio"]}]},{"@type":"ImageObject","inLanguage":"es","@id":"https:\/\/www.asajacyl.com\/palencia\/asaja-palencia-informa\/noticias\/el-embalse-de-cervera-cumple-un-siglo-de-servicio#primaryimage","url":"https:\/\/www.asajacyl.com\/palencia\/wp-content\/uploads\/sites\/3\/2023\/04\/EMBALSE-RUESGA.jpg","contentUrl":"https:\/\/www.asajacyl.com\/palencia\/wp-content\/uploads\/sites\/3\/2023\/04\/EMBALSE-RUESGA.jpg","width":1066,"height":520},{"@type":"BreadcrumbList","@id":"https:\/\/www.asajacyl.com\/palencia\/asaja-palencia-informa\/noticias\/el-embalse-de-cervera-cumple-un-siglo-de-servicio#breadcrumb","itemListElement":[{"@type":"ListItem","position":1,"name":"Portada","item":"https:\/\/www.asajacyl.com\/palencia\/"},{"@type":"ListItem","position":2,"name":"El embalse de Cervera cumple un siglo de servicio y ASAJA-Palencia recuerda la necesidad de impulsar m\u00e1s inversiones para regad\u00edo"}]},{"@type":"WebSite","@id":"https:\/\/www.asajacyl.com\/palencia\/#website","url":"https:\/\/www.asajacyl.com\/palencia\/","name":"ASAJA Palencia","description":"Otro sitio m\u00e1s de Provincias ASAJA Castilla y Le\u00f3n","potentialAction":[{"@type":"SearchAction","target":{"@type":"EntryPoint","urlTemplate":"https:\/\/www.asajacyl.com\/palencia\/?s={search_term_string}"},"query-input":{"@type":"PropertyValueSpecification","valueRequired":true,"valueName":"search_term_string"}}],"inLanguage":"es"},{"@type":"Person","@id":"https:\/\/www.asajacyl.com\/palencia\/#\/schema\/person\/3ab17aeb03527485c317557fae64aab1","name":"Administrador","image":{"@type":"ImageObject","inLanguage":"es","@id":"https:\/\/www.asajacyl.com\/palencia\/#\/schema\/person\/image\/","url":"https:\/\/secure.gravatar.com\/avatar\/517384810d242ca9e38c180f3c9fb973?s=96&d=mm&r=g","contentUrl":"https:\/\/secure.gravatar.com\/avatar\/517384810d242ca9e38c180f3c9fb973?s=96&d=mm&r=g","caption":"Administrador"},"url":"https:\/\/www.asajacyl.com\/palencia\/author\/carlosrm"}]}},"_links":{"self":[{"href":"https:\/\/www.asajacyl.com\/palencia\/wp-json\/wp\/v2\/posts\/12818"}],"collection":[{"href":"https:\/\/www.asajacyl.com\/palencia\/wp-json\/wp\/v2\/posts"}],"about":[{"href":"https:\/\/www.asajacyl.com\/palencia\/wp-json\/wp\/v2\/types\/post"}],"author":[{"embeddable":true,"href":"https:\/\/www.asajacyl.com\/palencia\/wp-json\/wp\/v2\/users\/9"}],"replies":[{"embeddable":true,"href":"https:\/\/www.asajacyl.com\/palencia\/wp-json\/wp\/v2\/comments?post=12818"}],"version-history":[{"count":4,"href":"https:\/\/www.asajacyl.com\/palencia\/wp-json\/wp\/v2\/posts\/12818\/revisions"}],"predecessor-version":[{"id":12824,"href":"https:\/\/www.asajacyl.com\/palencia\/wp-json\/wp\/v2\/posts\/12818\/revisions\/12824"}],"wp:featuredmedia":[{"embeddable":true,"href":"https:\/\/www.asajacyl.com\/palencia\/wp-json\/wp\/v2\/media\/12820"}],"wp:attachment":[{"href":"https:\/\/www.asajacyl.com\/palencia\/wp-json\/wp\/v2\/media?parent=12818"}],"wp:term":[{"taxonomy":"category","embeddable":true,"href":"https:\/\/www.asajacyl.com\/palencia\/wp-json\/wp\/v2\/categories?post=12818"},{"taxonomy":"post_tag","embeddable":true,"href":"https:\/\/www.asajacyl.com\/palencia\/wp-json\/wp\/v2\/tags?post=12818"}],"curies":[{"name":"wp","href":"https:\/\/api.w.org\/{rel}","templated":true}]}}