{"id":12848,"date":"2023-04-06T22:00:00","date_gmt":"2023-04-06T20:00:00","guid":{"rendered":"https:\/\/www.asajacyl.com\/palencia\/?p=12848"},"modified":"2023-04-05T12:52:59","modified_gmt":"2023-04-05T10:52:59","slug":"apocalipsis-glifosatico","status":"publish","type":"post","link":"https:\/\/www.asajacyl.com\/palencia\/asaja-palencia-informa\/opinion-asaja\/apocalipsis-glifosatico","title":{"rendered":"Apocalipsis glifos\u00e1tico"},"content":{"rendered":"\n<h2 class=\"wp-block-heading\">JOS\u00c9 LUIS MARCOS, presidente de ASAJA-Palencia<\/h2>\n\n\n\n<p>El glifosato es una materia activa muy controvertida y esto es as\u00ed por el incomprensible inter\u00e9s en da\u00f1ar a la agricultura. <strong>Parece mentira que la sociedad muerda una y otra vez la mano que le da de comer<\/strong>, pero eso es lo que est\u00e1 ocurriendo d\u00eda tras otro con la agricultura, y m\u00e1s a\u00fan con la ganader\u00eda. Tambi\u00e9n utilizan esta sustancia, que combate las malas hierbas, los encargados de la conservaci\u00f3n de las carreteras y las entidades locales. Las malas hierbas no s\u00f3lo perjudican a la agricultura.<\/p>\n\n\n\n<p>En nuestro sector resulta indispensable para aplicar t\u00e9cnicas como la siembra directa o el m\u00ednimo laboreo, que han revolucionado la agricultura de nuestro pa\u00eds en las \u00faltimas d\u00e9cadas, porque consiguen un <strong>gran ahorro de combustible <\/strong>al tiempo que se cuida la estructura del suelo. Hablamos de unas t\u00e9cnicas\u00a0que s\u00f3lo valora el sector agrario, pero, con la calculadora en la mano y echando n\u00fameros, se traducen adem\u00e1s en <strong>beneficios para la ecolog\u00eda y el medio ambiente<\/strong>, debido al ahorro de emisiones.<\/p>\n\n\n\n<p><strong>NI PROHIBIDO, NI CANCER\u00cdGENO<\/strong>. Ocurre que el glifosato tambi\u00e9n es <strong>una sustancia barata<\/strong>, adem\u00e1s de resultar eficaz y de posibilitar que nuestra agricultura sea rentable. Eso es lo que duele a los de costumbre. Su mensaje apocal\u00edptico sobre el glifosato ya est\u00e1 calando, pese a que vierten inexactitudes \u2014por decirlo suavemente\u2014, como que el glifosato es cancer\u00edgeno o que est\u00e1 prohibido, lo que no debemos tolerar.<\/p>\n\n\n\n<p>La IARC, organismo dependiente de la OMS, encuadra al glifosato en el grupo 2A, como probable carcin\u00f3geno, junto con otras noventa y pico sustancias o causas (entre ellas, el trabajo de peluquero, el turno laboral de noche o tomar bebidas muy calientes). Pero <strong>hasta la fecha la OMS no proh\u00edbe el glifosato<\/strong>.<\/p>\n\n\n\n<p>Por su parte, la EFSA (Agencia Europea de la Salud Alimentaria) ha determinado que \u00abes improbable que el glifosato plantee un peligro carcinog\u00e9nico\u00bb y la ECHA (Agencia Europea de Sustancias y Mezclas Qu\u00edmicas) concluy\u00f3 que \u00abno se justifica ninguna clasificaci\u00f3n de peligro por carcinogenicidad para el glifosato\u00bb.<\/p>\n\n\n\n<p>Curiosamente, el Ministerio de Consumo, que comanda el \u00ednclito Alberto Garz\u00f3n, emiti\u00f3 en diciembre un documento que aclara todas estas cuestiones de forma detallada. Bien por ti, Garz\u00f3n.<\/p>\n\n\n\n<p>Sobre la <em>supuesta<\/em> prohibici\u00f3n, el glifosato est\u00e1<strong> autorizado hasta el 15 de diciembre de 2023, como todo nuestro gremio sabe.<\/strong><\/p>\n\n\n\n<p>Como ciudadanos que pagamos impuestos, debemos saber que la CHD dedica dinero p\u00fablico a medir si en los cauces hay presencia de glifosato, quiz\u00e1 buscando <strong>generar alarma en la poblaci\u00f3n<\/strong>. Y por desgracia, parece lograrlo, porque interesadamente se fomenta cierto aborregamiento en nuestra sociedad. Frente a eso, s\u00f3lo me queda recordar que para el glifosato sirve una frase que o\u00ed al popular Coto Matamoros: \u00abEl problema no est\u00e1 en la droga, sino en la dosis\u00bb.<\/p>\n","protected":false},"excerpt":{"rendered":"<p>JOS\u00c9 LUIS MARCOS, presidente de ASAJA-Palencia El glifosato es una materia activa muy controvertida y esto es as\u00ed por el incomprensible inter\u00e9s en da\u00f1ar a la agricultura. Parece mentira que la sociedad muerda una y otra vez la mano que le da de comer, pero eso es lo que est\u00e1 ocurriendo d\u00eda tras otro con [&hellip;]<\/p>\n","protected":false},"author":9,"featured_media":12849,"comment_status":"open","ping_status":"open","sticky":false,"template":"","format":"standard","meta":{"footnotes":""},"categories":[29,30,28],"tags":[58,83,87,86,88,90,89],"yoast_head":"<!-- This site is optimized with the Yoast SEO plugin v24.5 - https:\/\/yoast.com\/wordpress\/plugins\/seo\/ -->\n<title>Apocalipsis glifos\u00e1tico - ASAJA Palencia<\/title>\n<meta name=\"description\" content=\"JOS\u00c9 LUIS MARCOS, presidente de ASAJA-Palencia El glifosato es una materia activa muy controvertida y esto es as\u00ed por el incomprensible inter\u00e9s en da\u00f1ar a\" \/>\n<meta name=\"robots\" content=\"index, follow, max-snippet:-1, max-image-preview:large, max-video-preview:-1\" \/>\n<link rel=\"canonical\" href=\"https:\/\/www.asajacyl.com\/palencia\/asaja-palencia-informa\/opinion-asaja\/apocalipsis-glifosatico\" \/>\n<meta property=\"og:locale\" content=\"es_ES\" \/>\n<meta property=\"og:type\" content=\"article\" \/>\n<meta property=\"og:title\" content=\"Apocalipsis glifos\u00e1tico - ASAJA Palencia\" \/>\n<meta property=\"og:description\" content=\"JOS\u00c9 LUIS MARCOS, presidente de ASAJA-Palencia El glifosato es una materia activa muy controvertida y esto es as\u00ed por el incomprensible inter\u00e9s en da\u00f1ar a\" \/>\n<meta property=\"og:url\" content=\"https:\/\/www.asajacyl.com\/palencia\/asaja-palencia-informa\/opinion-asaja\/apocalipsis-glifosatico\" \/>\n<meta property=\"og:site_name\" content=\"ASAJA Palencia\" \/>\n<meta property=\"article:published_time\" content=\"2023-04-06T20:00:00+00:00\" \/>\n<meta property=\"og:image\" content=\"https:\/\/www.asajacyl.com\/palencia\/wp-content\/uploads\/sites\/3\/2023\/04\/JLM-para-pag-2.jpg\" \/>\n\t<meta property=\"og:image:width\" content=\"685\" \/>\n\t<meta property=\"og:image:height\" content=\"567\" \/>\n\t<meta property=\"og:image:type\" content=\"image\/jpeg\" \/>\n<meta name=\"author\" content=\"Administrador\" \/>\n<meta name=\"twitter:card\" content=\"summary_large_image\" \/>\n<meta name=\"twitter:label1\" content=\"Escrito por\" \/>\n\t<meta name=\"twitter:data1\" content=\"Administrador\" \/>\n\t<meta name=\"twitter:label2\" content=\"Tiempo de lectura\" \/>\n\t<meta name=\"twitter:data2\" content=\"3 minutos\" \/>\n<script type=\"application\/ld+json\" class=\"yoast-schema-graph\">{\"@context\":\"https:\/\/schema.org\",\"@graph\":[{\"@type\":\"WebPage\",\"@id\":\"https:\/\/www.asajacyl.com\/palencia\/asaja-palencia-informa\/opinion-asaja\/apocalipsis-glifosatico\",\"url\":\"https:\/\/www.asajacyl.com\/palencia\/asaja-palencia-informa\/opinion-asaja\/apocalipsis-glifosatico\",\"name\":\"Apocalipsis glifos\u00e1tico - ASAJA Palencia\",\"isPartOf\":{\"@id\":\"https:\/\/www.asajacyl.com\/palencia\/#website\"},\"primaryImageOfPage\":{\"@id\":\"https:\/\/www.asajacyl.com\/palencia\/asaja-palencia-informa\/opinion-asaja\/apocalipsis-glifosatico#primaryimage\"},\"image\":{\"@id\":\"https:\/\/www.asajacyl.com\/palencia\/asaja-palencia-informa\/opinion-asaja\/apocalipsis-glifosatico#primaryimage\"},\"thumbnailUrl\":\"https:\/\/www.asajacyl.com\/palencia\/wp-content\/uploads\/sites\/3\/2023\/04\/JLM-para-pag-2.jpg\",\"datePublished\":\"2023-04-06T20:00:00+00:00\",\"author\":{\"@id\":\"https:\/\/www.asajacyl.com\/palencia\/#\/schema\/person\/3ab17aeb03527485c317557fae64aab1\"},\"description\":\"JOS\u00c9 LUIS MARCOS, presidente de ASAJA-Palencia El glifosato es una materia activa muy controvertida y esto es as\u00ed por el incomprensible inter\u00e9s en da\u00f1ar a\",\"breadcrumb\":{\"@id\":\"https:\/\/www.asajacyl.com\/palencia\/asaja-palencia-informa\/opinion-asaja\/apocalipsis-glifosatico#breadcrumb\"},\"inLanguage\":\"es\",\"potentialAction\":[{\"@type\":\"ReadAction\",\"target\":[\"https:\/\/www.asajacyl.com\/palencia\/asaja-palencia-informa\/opinion-asaja\/apocalipsis-glifosatico\"]}]},{\"@type\":\"ImageObject\",\"inLanguage\":\"es\",\"@id\":\"https:\/\/www.asajacyl.com\/palencia\/asaja-palencia-informa\/opinion-asaja\/apocalipsis-glifosatico#primaryimage\",\"url\":\"https:\/\/www.asajacyl.com\/palencia\/wp-content\/uploads\/sites\/3\/2023\/04\/JLM-para-pag-2.jpg\",\"contentUrl\":\"https:\/\/www.asajacyl.com\/palencia\/wp-content\/uploads\/sites\/3\/2023\/04\/JLM-para-pag-2.jpg\",\"width\":685,\"height\":567},{\"@type\":\"BreadcrumbList\",\"@id\":\"https:\/\/www.asajacyl.com\/palencia\/asaja-palencia-informa\/opinion-asaja\/apocalipsis-glifosatico#breadcrumb\",\"itemListElement\":[{\"@type\":\"ListItem\",\"position\":1,\"name\":\"Portada\",\"item\":\"https:\/\/www.asajacyl.com\/palencia\/\"},{\"@type\":\"ListItem\",\"position\":2,\"name\":\"Apocalipsis glifos\u00e1tico\"}]},{\"@type\":\"WebSite\",\"@id\":\"https:\/\/www.asajacyl.com\/palencia\/#website\",\"url\":\"https:\/\/www.asajacyl.com\/palencia\/\",\"name\":\"ASAJA Palencia\",\"description\":\"Otro sitio m\u00e1s de Provincias ASAJA Castilla y Le\u00f3n\",\"potentialAction\":[{\"@type\":\"SearchAction\",\"target\":{\"@type\":\"EntryPoint\",\"urlTemplate\":\"https:\/\/www.asajacyl.com\/palencia\/?s={search_term_string}\"},\"query-input\":{\"@type\":\"PropertyValueSpecification\",\"valueRequired\":true,\"valueName\":\"search_term_string\"}}],\"inLanguage\":\"es\"},{\"@type\":\"Person\",\"@id\":\"https:\/\/www.asajacyl.com\/palencia\/#\/schema\/person\/3ab17aeb03527485c317557fae64aab1\",\"name\":\"Administrador\",\"image\":{\"@type\":\"ImageObject\",\"inLanguage\":\"es\",\"@id\":\"https:\/\/www.asajacyl.com\/palencia\/#\/schema\/person\/image\/\",\"url\":\"https:\/\/secure.gravatar.com\/avatar\/517384810d242ca9e38c180f3c9fb973?s=96&d=mm&r=g\",\"contentUrl\":\"https:\/\/secure.gravatar.com\/avatar\/517384810d242ca9e38c180f3c9fb973?s=96&d=mm&r=g\",\"caption\":\"Administrador\"},\"url\":\"https:\/\/www.asajacyl.com\/palencia\/author\/carlosrm\"}]}<\/script>\n<!-- \/ Yoast SEO plugin. -->","yoast_head_json":{"title":"Apocalipsis glifos\u00e1tico - ASAJA Palencia","description":"JOS\u00c9 LUIS MARCOS, presidente de ASAJA-Palencia El glifosato es una materia activa muy controvertida y esto es as\u00ed por el incomprensible inter\u00e9s en da\u00f1ar a","robots":{"index":"index","follow":"follow","max-snippet":"max-snippet:-1","max-image-preview":"max-image-preview:large","max-video-preview":"max-video-preview:-1"},"canonical":"https:\/\/www.asajacyl.com\/palencia\/asaja-palencia-informa\/opinion-asaja\/apocalipsis-glifosatico","og_locale":"es_ES","og_type":"article","og_title":"Apocalipsis glifos\u00e1tico - ASAJA Palencia","og_description":"JOS\u00c9 LUIS MARCOS, presidente de ASAJA-Palencia El glifosato es una materia activa muy controvertida y esto es as\u00ed por el incomprensible inter\u00e9s en da\u00f1ar a","og_url":"https:\/\/www.asajacyl.com\/palencia\/asaja-palencia-informa\/opinion-asaja\/apocalipsis-glifosatico","og_site_name":"ASAJA Palencia","article_published_time":"2023-04-06T20:00:00+00:00","og_image":[{"width":685,"height":567,"url":"https:\/\/www.asajacyl.com\/palencia\/wp-content\/uploads\/sites\/3\/2023\/04\/JLM-para-pag-2.jpg","type":"image\/jpeg"}],"author":"Administrador","twitter_card":"summary_large_image","twitter_misc":{"Escrito por":"Administrador","Tiempo de lectura":"3 minutos"},"schema":{"@context":"https:\/\/schema.org","@graph":[{"@type":"WebPage","@id":"https:\/\/www.asajacyl.com\/palencia\/asaja-palencia-informa\/opinion-asaja\/apocalipsis-glifosatico","url":"https:\/\/www.asajacyl.com\/palencia\/asaja-palencia-informa\/opinion-asaja\/apocalipsis-glifosatico","name":"Apocalipsis glifos\u00e1tico - ASAJA Palencia","isPartOf":{"@id":"https:\/\/www.asajacyl.com\/palencia\/#website"},"primaryImageOfPage":{"@id":"https:\/\/www.asajacyl.com\/palencia\/asaja-palencia-informa\/opinion-asaja\/apocalipsis-glifosatico#primaryimage"},"image":{"@id":"https:\/\/www.asajacyl.com\/palencia\/asaja-palencia-informa\/opinion-asaja\/apocalipsis-glifosatico#primaryimage"},"thumbnailUrl":"https:\/\/www.asajacyl.com\/palencia\/wp-content\/uploads\/sites\/3\/2023\/04\/JLM-para-pag-2.jpg","datePublished":"2023-04-06T20:00:00+00:00","author":{"@id":"https:\/\/www.asajacyl.com\/palencia\/#\/schema\/person\/3ab17aeb03527485c317557fae64aab1"},"description":"JOS\u00c9 LUIS MARCOS, presidente de ASAJA-Palencia El glifosato es una materia activa muy controvertida y esto es as\u00ed por el incomprensible inter\u00e9s en da\u00f1ar a","breadcrumb":{"@id":"https:\/\/www.asajacyl.com\/palencia\/asaja-palencia-informa\/opinion-asaja\/apocalipsis-glifosatico#breadcrumb"},"inLanguage":"es","potentialAction":[{"@type":"ReadAction","target":["https:\/\/www.asajacyl.com\/palencia\/asaja-palencia-informa\/opinion-asaja\/apocalipsis-glifosatico"]}]},{"@type":"ImageObject","inLanguage":"es","@id":"https:\/\/www.asajacyl.com\/palencia\/asaja-palencia-informa\/opinion-asaja\/apocalipsis-glifosatico#primaryimage","url":"https:\/\/www.asajacyl.com\/palencia\/wp-content\/uploads\/sites\/3\/2023\/04\/JLM-para-pag-2.jpg","contentUrl":"https:\/\/www.asajacyl.com\/palencia\/wp-content\/uploads\/sites\/3\/2023\/04\/JLM-para-pag-2.jpg","width":685,"height":567},{"@type":"BreadcrumbList","@id":"https:\/\/www.asajacyl.com\/palencia\/asaja-palencia-informa\/opinion-asaja\/apocalipsis-glifosatico#breadcrumb","itemListElement":[{"@type":"ListItem","position":1,"name":"Portada","item":"https:\/\/www.asajacyl.com\/palencia\/"},{"@type":"ListItem","position":2,"name":"Apocalipsis glifos\u00e1tico"}]},{"@type":"WebSite","@id":"https:\/\/www.asajacyl.com\/palencia\/#website","url":"https:\/\/www.asajacyl.com\/palencia\/","name":"ASAJA Palencia","description":"Otro sitio m\u00e1s de Provincias ASAJA Castilla y Le\u00f3n","potentialAction":[{"@type":"SearchAction","target":{"@type":"EntryPoint","urlTemplate":"https:\/\/www.asajacyl.com\/palencia\/?s={search_term_string}"},"query-input":{"@type":"PropertyValueSpecification","valueRequired":true,"valueName":"search_term_string"}}],"inLanguage":"es"},{"@type":"Person","@id":"https:\/\/www.asajacyl.com\/palencia\/#\/schema\/person\/3ab17aeb03527485c317557fae64aab1","name":"Administrador","image":{"@type":"ImageObject","inLanguage":"es","@id":"https:\/\/www.asajacyl.com\/palencia\/#\/schema\/person\/image\/","url":"https:\/\/secure.gravatar.com\/avatar\/517384810d242ca9e38c180f3c9fb973?s=96&d=mm&r=g","contentUrl":"https:\/\/secure.gravatar.com\/avatar\/517384810d242ca9e38c180f3c9fb973?s=96&d=mm&r=g","caption":"Administrador"},"url":"https:\/\/www.asajacyl.com\/palencia\/author\/carlosrm"}]}},"_links":{"self":[{"href":"https:\/\/www.asajacyl.com\/palencia\/wp-json\/wp\/v2\/posts\/12848"}],"collection":[{"href":"https:\/\/www.asajacyl.com\/palencia\/wp-json\/wp\/v2\/posts"}],"about":[{"href":"https:\/\/www.asajacyl.com\/palencia\/wp-json\/wp\/v2\/types\/post"}],"author":[{"embeddable":true,"href":"https:\/\/www.asajacyl.com\/palencia\/wp-json\/wp\/v2\/users\/9"}],"replies":[{"embeddable":true,"href":"https:\/\/www.asajacyl.com\/palencia\/wp-json\/wp\/v2\/comments?post=12848"}],"version-history":[{"count":1,"href":"https:\/\/www.asajacyl.com\/palencia\/wp-json\/wp\/v2\/posts\/12848\/revisions"}],"predecessor-version":[{"id":12850,"href":"https:\/\/www.asajacyl.com\/palencia\/wp-json\/wp\/v2\/posts\/12848\/revisions\/12850"}],"wp:featuredmedia":[{"embeddable":true,"href":"https:\/\/www.asajacyl.com\/palencia\/wp-json\/wp\/v2\/media\/12849"}],"wp:attachment":[{"href":"https:\/\/www.asajacyl.com\/palencia\/wp-json\/wp\/v2\/media?parent=12848"}],"wp:term":[{"taxonomy":"category","embeddable":true,"href":"https:\/\/www.asajacyl.com\/palencia\/wp-json\/wp\/v2\/categories?post=12848"},{"taxonomy":"post_tag","embeddable":true,"href":"https:\/\/www.asajacyl.com\/palencia\/wp-json\/wp\/v2\/tags?post=12848"}],"curies":[{"name":"wp","href":"https:\/\/api.w.org\/{rel}","templated":true}]}}