{"id":12859,"date":"2023-04-10T11:48:59","date_gmt":"2023-04-10T09:48:59","guid":{"rendered":"https:\/\/www.asajacyl.com\/palencia\/?p=12859"},"modified":"2023-04-10T11:49:00","modified_gmt":"2023-04-10T09:49:00","slug":"se-amplia-al-14-de-abril-el-periodo-de-suscripcion-del-seguro-de-remolacha-con-cobertura-por-no-nascencia","status":"publish","type":"post","link":"https:\/\/www.asajacyl.com\/palencia\/asaja-palencia-informa\/se-amplia-al-14-de-abril-el-periodo-de-suscripcion-del-seguro-de-remolacha-con-cobertura-por-no-nascencia","title":{"rendered":"Se ampl\u00eda al 14 de abril el periodo de suscripci\u00f3n del seguro de remolacha con cobertura por no nascencia"},"content":{"rendered":"\n<p><\/p>\n\n\n\n<h2 class=\"wp-block-heading\">Los productores palentinos de remolacha van a disponer de m\u00e1s d\u00edas para contratar su seguro. ENESA (Entidad Estatal de Seguros Agrarios) ha ampliado el per\u00edodo de suscripci\u00f3n del seguro de explotaciones\u00a0para el cultivo de remolacha de siembra primaveral con cobertura de no nascencia en el 44\u00ba Plan de Seguros Agrarios Combinados.<\/h2>\n\n\n\n<p>La ampliaci\u00f3n del plazo previsto para contratar este seguro viene motivada por las dificultades para la siembra del cultivo debido a las condiciones meteorol\u00f3gicas desfavorables, con el fin de que puedan acogerse a ella los agricultores que quieran proteger sus cultivos contra las adversidades clim\u00e1ticas.<\/p>\n\n\n\n<p>Castilla y Le\u00f3n es la principal Comunidad Aut\u00f3noma en cultivo de remolacha, pero en Palencia acusa un significativo descenso con respecto a \u00e9pocas pasadas en las que resultaba uno de los ejes de la producci\u00f3n agraria provincial. En el a\u00f1o 2002, se sembraron en nuestro territorio alrededor de 8.500 hect\u00e1reas, que en 2021 se hab\u00edan reducido pr\u00e1cticamente a una quinta parte, con tan s\u00f3lo 1.615 hect\u00e1reas. <\/p>\n\n\n\n<p><strong>V\u00cdCTIMA DE LA SEQU\u00cdA. <\/strong>El pasado a\u00f1o result\u00f3 a\u00fan peor, por la escasez de agua que se anunci\u00f3 tempranamente para el regad\u00edo en tanto en el sistema Carri\u00f3n como en el Pisuerga, con 791 hect\u00e1reas, incluidos tanto el cultivo de remolacha como el plant\u00f3n del que se obtiene la semilla en la zona norte.<\/p>\n\n\n\n<p>Fue una t\u00f3nica com\u00fan en toda Espa\u00f1a, que registr\u00f3 en 2022 una importante bajada en la producci\u00f3n de ra\u00edz. Castilla y Le\u00f3n cultiv\u00f3 poco m\u00e1s de 14.800 hect\u00e1reas, pr\u00e1cticamente dos tercios de la superficie total de Espa\u00f1a, que no lleg\u00f3 a los 22.400 hect\u00e1reas.<\/p>\n\n\n\n<p>La ampliaci\u00f3n del plazo se ha llevado a cabo \u00abconsiderando que una parte del sector productor de remolacha azucarera, alegando dificultades para la siembra del cultivo debido a condiciones meteorol\u00f3gicas desfavorables, especialmente por la falta de precipitaciones\u00bb hab\u00eda solicitado al Ministerio de Agricultura, Pesca y Alimentaci\u00f3n que se procediera a una ampliaci\u00f3n del plazo previsto para la contrataci\u00f3n de dicho seguro, \u00abcon objeto de que puedan acogerse a la misma aquellos agricultores que quieran garantizar sus cultivos contra las adversidades clim\u00e1ticas\u00bb, seg\u00fan se\u00f1ala el presidente de Enesa, Ernesto Abati, en la exposici\u00f3n de motivos de la resoluci\u00f3n. Tambi\u00e9n se argumenta que se ha tenido en cuenta que \u00abconstituye un claro objetivo de este Ministerio y del conjunto de las instituciones que participan en la aplicaci\u00f3n del seguro agrario que se acojan a las coberturas del sistema de seguros el mayor n\u00famero posible de agricultores\u00bb. <strong>\/<\/strong><\/p>\n","protected":false},"excerpt":{"rendered":"<p>Los productores palentinos de remolacha van a disponer de m\u00e1s d\u00edas para contratar su seguro. ENESA (Entidad Estatal de Seguros Agrarios) ha ampliado el per\u00edodo de suscripci\u00f3n del seguro de explotaciones\u00a0para el cultivo de remolacha de siembra primaveral con cobertura de no nascencia en el 44\u00ba Plan de Seguros Agrarios Combinados. La ampliaci\u00f3n del plazo [&hellip;]<\/p>\n","protected":false},"author":9,"featured_media":6411,"comment_status":"open","ping_status":"open","sticky":false,"template":"","format":"standard","meta":{"footnotes":""},"categories":[9,31,29,28,13],"tags":[58,91,54,85],"yoast_head":"<!-- This site is optimized with the Yoast SEO plugin v24.5 - https:\/\/yoast.com\/wordpress\/plugins\/seo\/ -->\n<title>Se ampl\u00eda al 14 de abril el periodo de suscripci\u00f3n del seguro de remolacha con cobertura por no nascencia - ASAJA Palencia<\/title>\n<meta name=\"description\" content=\"Los productores palentinos de remolacha van a disponer de m\u00e1s d\u00edas para contratar su seguro. ENESA (Entidad Estatal de Seguros Agrarios) ha ampliado el\" \/>\n<meta name=\"robots\" content=\"index, follow, max-snippet:-1, max-image-preview:large, max-video-preview:-1\" \/>\n<link rel=\"canonical\" href=\"https:\/\/www.asajacyl.com\/palencia\/asaja-palencia-informa\/se-amplia-al-14-de-abril-el-periodo-de-suscripcion-del-seguro-de-remolacha-con-cobertura-por-no-nascencia\" \/>\n<meta property=\"og:locale\" content=\"es_ES\" \/>\n<meta property=\"og:type\" content=\"article\" \/>\n<meta property=\"og:title\" content=\"Se ampl\u00eda al 14 de abril el periodo de suscripci\u00f3n del seguro de remolacha con cobertura por no nascencia - ASAJA Palencia\" \/>\n<meta property=\"og:description\" content=\"Los productores palentinos de remolacha van a disponer de m\u00e1s d\u00edas para contratar su seguro. ENESA (Entidad Estatal de Seguros Agrarios) ha ampliado el\" \/>\n<meta property=\"og:url\" content=\"https:\/\/www.asajacyl.com\/palencia\/asaja-palencia-informa\/se-amplia-al-14-de-abril-el-periodo-de-suscripcion-del-seguro-de-remolacha-con-cobertura-por-no-nascencia\" \/>\n<meta property=\"og:site_name\" content=\"ASAJA Palencia\" \/>\n<meta property=\"article:published_time\" content=\"2023-04-10T09:48:59+00:00\" \/>\n<meta property=\"article:modified_time\" content=\"2023-04-10T09:49:00+00:00\" \/>\n<meta property=\"og:image\" content=\"https:\/\/www.asajacyl.com\/palencia\/wp-content\/uploads\/sites\/3\/2019\/07\/remolacha1-VALL.jpg\" \/>\n\t<meta property=\"og:image:width\" content=\"1213\" \/>\n\t<meta property=\"og:image:height\" content=\"772\" \/>\n\t<meta property=\"og:image:type\" content=\"image\/jpeg\" \/>\n<meta name=\"author\" content=\"Administrador\" \/>\n<meta name=\"twitter:card\" content=\"summary_large_image\" \/>\n<meta name=\"twitter:label1\" content=\"Escrito por\" \/>\n\t<meta name=\"twitter:data1\" content=\"Administrador\" \/>\n\t<meta name=\"twitter:label2\" content=\"Tiempo de lectura\" \/>\n\t<meta name=\"twitter:data2\" content=\"2 minutos\" \/>\n<script type=\"application\/ld+json\" class=\"yoast-schema-graph\">{\"@context\":\"https:\/\/schema.org\",\"@graph\":[{\"@type\":\"WebPage\",\"@id\":\"https:\/\/www.asajacyl.com\/palencia\/asaja-palencia-informa\/se-amplia-al-14-de-abril-el-periodo-de-suscripcion-del-seguro-de-remolacha-con-cobertura-por-no-nascencia\",\"url\":\"https:\/\/www.asajacyl.com\/palencia\/asaja-palencia-informa\/se-amplia-al-14-de-abril-el-periodo-de-suscripcion-del-seguro-de-remolacha-con-cobertura-por-no-nascencia\",\"name\":\"Se ampl\u00eda al 14 de abril el periodo de suscripci\u00f3n del seguro de remolacha con cobertura por no nascencia - ASAJA Palencia\",\"isPartOf\":{\"@id\":\"https:\/\/www.asajacyl.com\/palencia\/#website\"},\"primaryImageOfPage\":{\"@id\":\"https:\/\/www.asajacyl.com\/palencia\/asaja-palencia-informa\/se-amplia-al-14-de-abril-el-periodo-de-suscripcion-del-seguro-de-remolacha-con-cobertura-por-no-nascencia#primaryimage\"},\"image\":{\"@id\":\"https:\/\/www.asajacyl.com\/palencia\/asaja-palencia-informa\/se-amplia-al-14-de-abril-el-periodo-de-suscripcion-del-seguro-de-remolacha-con-cobertura-por-no-nascencia#primaryimage\"},\"thumbnailUrl\":\"https:\/\/www.asajacyl.com\/palencia\/wp-content\/uploads\/sites\/3\/2019\/07\/remolacha1-VALL.jpg\",\"datePublished\":\"2023-04-10T09:48:59+00:00\",\"dateModified\":\"2023-04-10T09:49:00+00:00\",\"author\":{\"@id\":\"https:\/\/www.asajacyl.com\/palencia\/#\/schema\/person\/3ab17aeb03527485c317557fae64aab1\"},\"description\":\"Los productores palentinos de remolacha van a disponer de m\u00e1s d\u00edas para contratar su seguro. ENESA (Entidad Estatal de Seguros Agrarios) ha ampliado el\",\"breadcrumb\":{\"@id\":\"https:\/\/www.asajacyl.com\/palencia\/asaja-palencia-informa\/se-amplia-al-14-de-abril-el-periodo-de-suscripcion-del-seguro-de-remolacha-con-cobertura-por-no-nascencia#breadcrumb\"},\"inLanguage\":\"es\",\"potentialAction\":[{\"@type\":\"ReadAction\",\"target\":[\"https:\/\/www.asajacyl.com\/palencia\/asaja-palencia-informa\/se-amplia-al-14-de-abril-el-periodo-de-suscripcion-del-seguro-de-remolacha-con-cobertura-por-no-nascencia\"]}]},{\"@type\":\"ImageObject\",\"inLanguage\":\"es\",\"@id\":\"https:\/\/www.asajacyl.com\/palencia\/asaja-palencia-informa\/se-amplia-al-14-de-abril-el-periodo-de-suscripcion-del-seguro-de-remolacha-con-cobertura-por-no-nascencia#primaryimage\",\"url\":\"https:\/\/www.asajacyl.com\/palencia\/wp-content\/uploads\/sites\/3\/2019\/07\/remolacha1-VALL.jpg\",\"contentUrl\":\"https:\/\/www.asajacyl.com\/palencia\/wp-content\/uploads\/sites\/3\/2019\/07\/remolacha1-VALL.jpg\",\"width\":1213,\"height\":772},{\"@type\":\"BreadcrumbList\",\"@id\":\"https:\/\/www.asajacyl.com\/palencia\/asaja-palencia-informa\/se-amplia-al-14-de-abril-el-periodo-de-suscripcion-del-seguro-de-remolacha-con-cobertura-por-no-nascencia#breadcrumb\",\"itemListElement\":[{\"@type\":\"ListItem\",\"position\":1,\"name\":\"Portada\",\"item\":\"https:\/\/www.asajacyl.com\/palencia\/\"},{\"@type\":\"ListItem\",\"position\":2,\"name\":\"Se ampl\u00eda al 14 de abril el periodo de suscripci\u00f3n del seguro de remolacha con cobertura por no nascencia\"}]},{\"@type\":\"WebSite\",\"@id\":\"https:\/\/www.asajacyl.com\/palencia\/#website\",\"url\":\"https:\/\/www.asajacyl.com\/palencia\/\",\"name\":\"ASAJA Palencia\",\"description\":\"Otro sitio m\u00e1s de Provincias ASAJA Castilla y Le\u00f3n\",\"potentialAction\":[{\"@type\":\"SearchAction\",\"target\":{\"@type\":\"EntryPoint\",\"urlTemplate\":\"https:\/\/www.asajacyl.com\/palencia\/?s={search_term_string}\"},\"query-input\":{\"@type\":\"PropertyValueSpecification\",\"valueRequired\":true,\"valueName\":\"search_term_string\"}}],\"inLanguage\":\"es\"},{\"@type\":\"Person\",\"@id\":\"https:\/\/www.asajacyl.com\/palencia\/#\/schema\/person\/3ab17aeb03527485c317557fae64aab1\",\"name\":\"Administrador\",\"image\":{\"@type\":\"ImageObject\",\"inLanguage\":\"es\",\"@id\":\"https:\/\/www.asajacyl.com\/palencia\/#\/schema\/person\/image\/\",\"url\":\"https:\/\/secure.gravatar.com\/avatar\/517384810d242ca9e38c180f3c9fb973?s=96&d=mm&r=g\",\"contentUrl\":\"https:\/\/secure.gravatar.com\/avatar\/517384810d242ca9e38c180f3c9fb973?s=96&d=mm&r=g\",\"caption\":\"Administrador\"},\"url\":\"https:\/\/www.asajacyl.com\/palencia\/author\/carlosrm\"}]}<\/script>\n<!-- \/ Yoast SEO plugin. -->","yoast_head_json":{"title":"Se ampl\u00eda al 14 de abril el periodo de suscripci\u00f3n del seguro de remolacha con cobertura por no nascencia - ASAJA Palencia","description":"Los productores palentinos de remolacha van a disponer de m\u00e1s d\u00edas para contratar su seguro. ENESA (Entidad Estatal de Seguros Agrarios) ha ampliado el","robots":{"index":"index","follow":"follow","max-snippet":"max-snippet:-1","max-image-preview":"max-image-preview:large","max-video-preview":"max-video-preview:-1"},"canonical":"https:\/\/www.asajacyl.com\/palencia\/asaja-palencia-informa\/se-amplia-al-14-de-abril-el-periodo-de-suscripcion-del-seguro-de-remolacha-con-cobertura-por-no-nascencia","og_locale":"es_ES","og_type":"article","og_title":"Se ampl\u00eda al 14 de abril el periodo de suscripci\u00f3n del seguro de remolacha con cobertura por no nascencia - ASAJA Palencia","og_description":"Los productores palentinos de remolacha van a disponer de m\u00e1s d\u00edas para contratar su seguro. ENESA (Entidad Estatal de Seguros Agrarios) ha ampliado el","og_url":"https:\/\/www.asajacyl.com\/palencia\/asaja-palencia-informa\/se-amplia-al-14-de-abril-el-periodo-de-suscripcion-del-seguro-de-remolacha-con-cobertura-por-no-nascencia","og_site_name":"ASAJA Palencia","article_published_time":"2023-04-10T09:48:59+00:00","article_modified_time":"2023-04-10T09:49:00+00:00","og_image":[{"width":1213,"height":772,"url":"https:\/\/www.asajacyl.com\/palencia\/wp-content\/uploads\/sites\/3\/2019\/07\/remolacha1-VALL.jpg","type":"image\/jpeg"}],"author":"Administrador","twitter_card":"summary_large_image","twitter_misc":{"Escrito por":"Administrador","Tiempo de lectura":"2 minutos"},"schema":{"@context":"https:\/\/schema.org","@graph":[{"@type":"WebPage","@id":"https:\/\/www.asajacyl.com\/palencia\/asaja-palencia-informa\/se-amplia-al-14-de-abril-el-periodo-de-suscripcion-del-seguro-de-remolacha-con-cobertura-por-no-nascencia","url":"https:\/\/www.asajacyl.com\/palencia\/asaja-palencia-informa\/se-amplia-al-14-de-abril-el-periodo-de-suscripcion-del-seguro-de-remolacha-con-cobertura-por-no-nascencia","name":"Se ampl\u00eda al 14 de abril el periodo de suscripci\u00f3n del seguro de remolacha con cobertura por no nascencia - ASAJA Palencia","isPartOf":{"@id":"https:\/\/www.asajacyl.com\/palencia\/#website"},"primaryImageOfPage":{"@id":"https:\/\/www.asajacyl.com\/palencia\/asaja-palencia-informa\/se-amplia-al-14-de-abril-el-periodo-de-suscripcion-del-seguro-de-remolacha-con-cobertura-por-no-nascencia#primaryimage"},"image":{"@id":"https:\/\/www.asajacyl.com\/palencia\/asaja-palencia-informa\/se-amplia-al-14-de-abril-el-periodo-de-suscripcion-del-seguro-de-remolacha-con-cobertura-por-no-nascencia#primaryimage"},"thumbnailUrl":"https:\/\/www.asajacyl.com\/palencia\/wp-content\/uploads\/sites\/3\/2019\/07\/remolacha1-VALL.jpg","datePublished":"2023-04-10T09:48:59+00:00","dateModified":"2023-04-10T09:49:00+00:00","author":{"@id":"https:\/\/www.asajacyl.com\/palencia\/#\/schema\/person\/3ab17aeb03527485c317557fae64aab1"},"description":"Los productores palentinos de remolacha van a disponer de m\u00e1s d\u00edas para contratar su seguro. ENESA (Entidad Estatal de Seguros Agrarios) ha ampliado el","breadcrumb":{"@id":"https:\/\/www.asajacyl.com\/palencia\/asaja-palencia-informa\/se-amplia-al-14-de-abril-el-periodo-de-suscripcion-del-seguro-de-remolacha-con-cobertura-por-no-nascencia#breadcrumb"},"inLanguage":"es","potentialAction":[{"@type":"ReadAction","target":["https:\/\/www.asajacyl.com\/palencia\/asaja-palencia-informa\/se-amplia-al-14-de-abril-el-periodo-de-suscripcion-del-seguro-de-remolacha-con-cobertura-por-no-nascencia"]}]},{"@type":"ImageObject","inLanguage":"es","@id":"https:\/\/www.asajacyl.com\/palencia\/asaja-palencia-informa\/se-amplia-al-14-de-abril-el-periodo-de-suscripcion-del-seguro-de-remolacha-con-cobertura-por-no-nascencia#primaryimage","url":"https:\/\/www.asajacyl.com\/palencia\/wp-content\/uploads\/sites\/3\/2019\/07\/remolacha1-VALL.jpg","contentUrl":"https:\/\/www.asajacyl.com\/palencia\/wp-content\/uploads\/sites\/3\/2019\/07\/remolacha1-VALL.jpg","width":1213,"height":772},{"@type":"BreadcrumbList","@id":"https:\/\/www.asajacyl.com\/palencia\/asaja-palencia-informa\/se-amplia-al-14-de-abril-el-periodo-de-suscripcion-del-seguro-de-remolacha-con-cobertura-por-no-nascencia#breadcrumb","itemListElement":[{"@type":"ListItem","position":1,"name":"Portada","item":"https:\/\/www.asajacyl.com\/palencia\/"},{"@type":"ListItem","position":2,"name":"Se ampl\u00eda al 14 de abril el periodo de suscripci\u00f3n del seguro de remolacha con cobertura por no nascencia"}]},{"@type":"WebSite","@id":"https:\/\/www.asajacyl.com\/palencia\/#website","url":"https:\/\/www.asajacyl.com\/palencia\/","name":"ASAJA Palencia","description":"Otro sitio m\u00e1s de Provincias ASAJA Castilla y Le\u00f3n","potentialAction":[{"@type":"SearchAction","target":{"@type":"EntryPoint","urlTemplate":"https:\/\/www.asajacyl.com\/palencia\/?s={search_term_string}"},"query-input":{"@type":"PropertyValueSpecification","valueRequired":true,"valueName":"search_term_string"}}],"inLanguage":"es"},{"@type":"Person","@id":"https:\/\/www.asajacyl.com\/palencia\/#\/schema\/person\/3ab17aeb03527485c317557fae64aab1","name":"Administrador","image":{"@type":"ImageObject","inLanguage":"es","@id":"https:\/\/www.asajacyl.com\/palencia\/#\/schema\/person\/image\/","url":"https:\/\/secure.gravatar.com\/avatar\/517384810d242ca9e38c180f3c9fb973?s=96&d=mm&r=g","contentUrl":"https:\/\/secure.gravatar.com\/avatar\/517384810d242ca9e38c180f3c9fb973?s=96&d=mm&r=g","caption":"Administrador"},"url":"https:\/\/www.asajacyl.com\/palencia\/author\/carlosrm"}]}},"_links":{"self":[{"href":"https:\/\/www.asajacyl.com\/palencia\/wp-json\/wp\/v2\/posts\/12859"}],"collection":[{"href":"https:\/\/www.asajacyl.com\/palencia\/wp-json\/wp\/v2\/posts"}],"about":[{"href":"https:\/\/www.asajacyl.com\/palencia\/wp-json\/wp\/v2\/types\/post"}],"author":[{"embeddable":true,"href":"https:\/\/www.asajacyl.com\/palencia\/wp-json\/wp\/v2\/users\/9"}],"replies":[{"embeddable":true,"href":"https:\/\/www.asajacyl.com\/palencia\/wp-json\/wp\/v2\/comments?post=12859"}],"version-history":[{"count":2,"href":"https:\/\/www.asajacyl.com\/palencia\/wp-json\/wp\/v2\/posts\/12859\/revisions"}],"predecessor-version":[{"id":12861,"href":"https:\/\/www.asajacyl.com\/palencia\/wp-json\/wp\/v2\/posts\/12859\/revisions\/12861"}],"wp:featuredmedia":[{"embeddable":true,"href":"https:\/\/www.asajacyl.com\/palencia\/wp-json\/wp\/v2\/media\/6411"}],"wp:attachment":[{"href":"https:\/\/www.asajacyl.com\/palencia\/wp-json\/wp\/v2\/media?parent=12859"}],"wp:term":[{"taxonomy":"category","embeddable":true,"href":"https:\/\/www.asajacyl.com\/palencia\/wp-json\/wp\/v2\/categories?post=12859"},{"taxonomy":"post_tag","embeddable":true,"href":"https:\/\/www.asajacyl.com\/palencia\/wp-json\/wp\/v2\/tags?post=12859"}],"curies":[{"name":"wp","href":"https:\/\/api.w.org\/{rel}","templated":true}]}}