{"id":12871,"date":"2023-04-11T09:51:08","date_gmt":"2023-04-11T07:51:08","guid":{"rendered":"https:\/\/www.asajacyl.com\/palencia\/?p=12871"},"modified":"2023-04-12T09:31:49","modified_gmt":"2023-04-12T07:31:49","slug":"marzo-fue-un-mes-muy-seco-y-con-temperaturas-por-encima-de-las-habituales-en-esta-epoca-del-ano","status":"publish","type":"post","link":"https:\/\/www.asajacyl.com\/palencia\/asaja-palencia-informa\/marzo-fue-un-mes-muy-seco-y-con-temperaturas-por-encima-de-las-habituales-en-esta-epoca-del-ano","title":{"rendered":"Marzo fue un mes muy seco y con temperaturas por encima de las habituales en esta \u00e9poca del a\u00f1o"},"content":{"rendered":"\n<h2 class=\"wp-block-heading\">El balance del Observatorio de Carralobo (Astudillo) registra poco m\u00e1s de 19 litros y una temperatura media de 9,1 grados, entre las cinco m\u00e1s elevadas de la estaci\u00f3n en las \u00faltimas cuatro d\u00e9cadas<\/h2>\n\n\n\n<p>El balance correspondiente al mes de marzo del Observatorio Meteorol\u00f3gico de Carralobo, que<strong> Mariano Bustillo <\/strong>gestiona en la localidad palentina de <strong>Astudillo<\/strong>, viene a ratificar lo que los profesionales del campo vienen temi\u00e9ndose desde hace semanas. El pasado mes fue relativamente seco, con apenas 19,3 litros por metro cuadrado recogidos entre los nueve d\u00edas de precipitaciones que se produjeron en este lugar. Seg\u00fan Bustillo, agricultor jubilado, \u00abse trata de una cantidad muy escasa para lo que necesita el campo\u00bb. De los nueve d\u00edas de precipitaciones, solo resultaron significativos los casi diez litros (9,8) que cayeron en la jornada del 8 de marzo, m\u00e1s de la mitad de la lluvia recogida en todo el mes. <\/p>\n\n\n\n<p>Las bajas precipitaciones de marzo se suman, adem\u00e1s, a un mes de febrero que tampoco fue muy lluvioso, con 21,8 litros por metro cuadrado. Bustillo recuerda en su resumen mensual que en marzo de 1962 la precipitaci\u00f3n alcanz\u00f3 los 165,7 litros por metro cuadrado, lo que le convierte en el marzo m\u00e1s lluvioso de los que se tiene registro en Carralobo. En marzo de 2013 se super\u00f3 tambi\u00e9n el centenar de litros por metro cuadrado (102,4) y en ese mismo mes de 2018 se rond\u00f3 el umbral de los cien litros (96,4).<\/p>\n\n\n\n<p>Por lo que respecta al mercurio, el pasado marzo se mostr\u00f3 como uno de los m\u00e1s calurosos desde que se tienen registros en Carralobo, con una temperatura media del mes de 9,1 grados, entre las cinco m\u00e1s elevadas de los \u00faltimos 42 a\u00f1os. La m\u00e1xima del pasado mes se midi\u00f3 el d\u00eda 29, con 23,5 grados; y la m\u00ednima, 7 bajo cero, se registr\u00f3 en la madrugada del d\u00eda 3. Se ha producido, por tanto, una oscilaci\u00f3n extrema mensual muy alta, con 30,5 grados. El refr\u00e1n del mes con el que Mariano Bustillo, reciente Premio Nacional a la Colaboraci\u00f3n con la AEMET, cierra su parte es el siguiente: \u00abMarzo a su mitad, la golondrina viene y el tordo se va\u00bb, que refleja ese cambio t\u00e9rmico que suele darse en marzo, un mes a caballo entre el invierno y la primavera.<\/p>\n\n\n\n<p> <\/p>\n\n\n\n<p> <\/p>\n\n\n\n<p><\/p>\n","protected":false},"excerpt":{"rendered":"<p>El balance del Observatorio de Carralobo (Astudillo) registra poco m\u00e1s de 19 litros y una temperatura media de 9,1 grados, entre las cinco m\u00e1s elevadas de la estaci\u00f3n en las \u00faltimas cuatro d\u00e9cadas El balance correspondiente al mes de marzo del Observatorio Meteorol\u00f3gico de Carralobo, que Mariano Bustillo gestiona en la localidad palentina de Astudillo, [&hellip;]<\/p>\n","protected":false},"author":9,"featured_media":12882,"comment_status":"open","ping_status":"open","sticky":false,"template":"","format":"standard","meta":{"footnotes":""},"categories":[9,29,28],"tags":[58,92,55],"yoast_head":"<!-- This site is optimized with the Yoast SEO plugin v24.5 - https:\/\/yoast.com\/wordpress\/plugins\/seo\/ -->\n<title>Marzo fue un mes muy seco y con temperaturas por encima de las habituales en esta \u00e9poca del a\u00f1o - ASAJA Palencia<\/title>\n<meta name=\"description\" content=\"El balance del Observatorio de Carralobo (Astudillo) registra poco m\u00e1s de 19 litros y una temperatura media de 9,1 grados, entre las cinco m\u00e1s elevadas de\" \/>\n<meta name=\"robots\" content=\"index, follow, max-snippet:-1, max-image-preview:large, max-video-preview:-1\" \/>\n<link rel=\"canonical\" href=\"https:\/\/www.asajacyl.com\/palencia\/asaja-palencia-informa\/marzo-fue-un-mes-muy-seco-y-con-temperaturas-por-encima-de-las-habituales-en-esta-epoca-del-ano\" \/>\n<meta property=\"og:locale\" content=\"es_ES\" \/>\n<meta property=\"og:type\" content=\"article\" \/>\n<meta property=\"og:title\" content=\"Marzo fue un mes muy seco y con temperaturas por encima de las habituales en esta \u00e9poca del a\u00f1o - ASAJA Palencia\" \/>\n<meta property=\"og:description\" content=\"El balance del Observatorio de Carralobo (Astudillo) registra poco m\u00e1s de 19 litros y una temperatura media de 9,1 grados, entre las cinco m\u00e1s elevadas de\" \/>\n<meta property=\"og:url\" content=\"https:\/\/www.asajacyl.com\/palencia\/asaja-palencia-informa\/marzo-fue-un-mes-muy-seco-y-con-temperaturas-por-encima-de-las-habituales-en-esta-epoca-del-ano\" \/>\n<meta property=\"og:site_name\" content=\"ASAJA Palencia\" \/>\n<meta property=\"article:published_time\" content=\"2023-04-11T07:51:08+00:00\" \/>\n<meta property=\"article:modified_time\" content=\"2023-04-12T07:31:49+00:00\" \/>\n<meta property=\"og:image\" content=\"https:\/\/www.asajacyl.com\/palencia\/wp-content\/uploads\/sites\/3\/2023\/04\/Mariano-Bustillo-horizontal-web-1024x614.jpg\" \/>\n\t<meta property=\"og:image:width\" content=\"1024\" \/>\n\t<meta property=\"og:image:height\" content=\"614\" \/>\n\t<meta property=\"og:image:type\" content=\"image\/jpeg\" \/>\n<meta name=\"author\" content=\"Administrador\" \/>\n<meta name=\"twitter:card\" content=\"summary_large_image\" \/>\n<meta name=\"twitter:label1\" content=\"Escrito por\" \/>\n\t<meta name=\"twitter:data1\" content=\"Administrador\" \/>\n\t<meta name=\"twitter:label2\" content=\"Tiempo de lectura\" \/>\n\t<meta name=\"twitter:data2\" content=\"2 minutos\" \/>\n<script type=\"application\/ld+json\" class=\"yoast-schema-graph\">{\"@context\":\"https:\/\/schema.org\",\"@graph\":[{\"@type\":\"WebPage\",\"@id\":\"https:\/\/www.asajacyl.com\/palencia\/asaja-palencia-informa\/marzo-fue-un-mes-muy-seco-y-con-temperaturas-por-encima-de-las-habituales-en-esta-epoca-del-ano\",\"url\":\"https:\/\/www.asajacyl.com\/palencia\/asaja-palencia-informa\/marzo-fue-un-mes-muy-seco-y-con-temperaturas-por-encima-de-las-habituales-en-esta-epoca-del-ano\",\"name\":\"Marzo fue un mes muy seco y con temperaturas por encima de las habituales en esta \u00e9poca del a\u00f1o - ASAJA Palencia\",\"isPartOf\":{\"@id\":\"https:\/\/www.asajacyl.com\/palencia\/#website\"},\"primaryImageOfPage\":{\"@id\":\"https:\/\/www.asajacyl.com\/palencia\/asaja-palencia-informa\/marzo-fue-un-mes-muy-seco-y-con-temperaturas-por-encima-de-las-habituales-en-esta-epoca-del-ano#primaryimage\"},\"image\":{\"@id\":\"https:\/\/www.asajacyl.com\/palencia\/asaja-palencia-informa\/marzo-fue-un-mes-muy-seco-y-con-temperaturas-por-encima-de-las-habituales-en-esta-epoca-del-ano#primaryimage\"},\"thumbnailUrl\":\"https:\/\/www.asajacyl.com\/palencia\/wp-content\/uploads\/sites\/3\/2023\/04\/Mariano-Bustillo-horizontal-web.jpg\",\"datePublished\":\"2023-04-11T07:51:08+00:00\",\"dateModified\":\"2023-04-12T07:31:49+00:00\",\"author\":{\"@id\":\"https:\/\/www.asajacyl.com\/palencia\/#\/schema\/person\/3ab17aeb03527485c317557fae64aab1\"},\"description\":\"El balance del Observatorio de Carralobo (Astudillo) registra poco m\u00e1s de 19 litros y una temperatura media de 9,1 grados, entre las cinco m\u00e1s elevadas de\",\"breadcrumb\":{\"@id\":\"https:\/\/www.asajacyl.com\/palencia\/asaja-palencia-informa\/marzo-fue-un-mes-muy-seco-y-con-temperaturas-por-encima-de-las-habituales-en-esta-epoca-del-ano#breadcrumb\"},\"inLanguage\":\"es\",\"potentialAction\":[{\"@type\":\"ReadAction\",\"target\":[\"https:\/\/www.asajacyl.com\/palencia\/asaja-palencia-informa\/marzo-fue-un-mes-muy-seco-y-con-temperaturas-por-encima-de-las-habituales-en-esta-epoca-del-ano\"]}]},{\"@type\":\"ImageObject\",\"inLanguage\":\"es\",\"@id\":\"https:\/\/www.asajacyl.com\/palencia\/asaja-palencia-informa\/marzo-fue-un-mes-muy-seco-y-con-temperaturas-por-encima-de-las-habituales-en-esta-epoca-del-ano#primaryimage\",\"url\":\"https:\/\/www.asajacyl.com\/palencia\/wp-content\/uploads\/sites\/3\/2023\/04\/Mariano-Bustillo-horizontal-web.jpg\",\"contentUrl\":\"https:\/\/www.asajacyl.com\/palencia\/wp-content\/uploads\/sites\/3\/2023\/04\/Mariano-Bustillo-horizontal-web.jpg\",\"width\":2440,\"height\":1462},{\"@type\":\"BreadcrumbList\",\"@id\":\"https:\/\/www.asajacyl.com\/palencia\/asaja-palencia-informa\/marzo-fue-un-mes-muy-seco-y-con-temperaturas-por-encima-de-las-habituales-en-esta-epoca-del-ano#breadcrumb\",\"itemListElement\":[{\"@type\":\"ListItem\",\"position\":1,\"name\":\"Portada\",\"item\":\"https:\/\/www.asajacyl.com\/palencia\/\"},{\"@type\":\"ListItem\",\"position\":2,\"name\":\"Marzo fue un mes muy seco y con temperaturas por encima de las habituales en esta \u00e9poca del a\u00f1o\"}]},{\"@type\":\"WebSite\",\"@id\":\"https:\/\/www.asajacyl.com\/palencia\/#website\",\"url\":\"https:\/\/www.asajacyl.com\/palencia\/\",\"name\":\"ASAJA Palencia\",\"description\":\"Otro sitio m\u00e1s de Provincias ASAJA Castilla y Le\u00f3n\",\"potentialAction\":[{\"@type\":\"SearchAction\",\"target\":{\"@type\":\"EntryPoint\",\"urlTemplate\":\"https:\/\/www.asajacyl.com\/palencia\/?s={search_term_string}\"},\"query-input\":{\"@type\":\"PropertyValueSpecification\",\"valueRequired\":true,\"valueName\":\"search_term_string\"}}],\"inLanguage\":\"es\"},{\"@type\":\"Person\",\"@id\":\"https:\/\/www.asajacyl.com\/palencia\/#\/schema\/person\/3ab17aeb03527485c317557fae64aab1\",\"name\":\"Administrador\",\"image\":{\"@type\":\"ImageObject\",\"inLanguage\":\"es\",\"@id\":\"https:\/\/www.asajacyl.com\/palencia\/#\/schema\/person\/image\/\",\"url\":\"https:\/\/secure.gravatar.com\/avatar\/517384810d242ca9e38c180f3c9fb973?s=96&d=mm&r=g\",\"contentUrl\":\"https:\/\/secure.gravatar.com\/avatar\/517384810d242ca9e38c180f3c9fb973?s=96&d=mm&r=g\",\"caption\":\"Administrador\"},\"url\":\"https:\/\/www.asajacyl.com\/palencia\/author\/carlosrm\"}]}<\/script>\n<!-- \/ Yoast SEO plugin. -->","yoast_head_json":{"title":"Marzo fue un mes muy seco y con temperaturas por encima de las habituales en esta \u00e9poca del a\u00f1o - ASAJA Palencia","description":"El balance del Observatorio de Carralobo (Astudillo) registra poco m\u00e1s de 19 litros y una temperatura media de 9,1 grados, entre las cinco m\u00e1s elevadas de","robots":{"index":"index","follow":"follow","max-snippet":"max-snippet:-1","max-image-preview":"max-image-preview:large","max-video-preview":"max-video-preview:-1"},"canonical":"https:\/\/www.asajacyl.com\/palencia\/asaja-palencia-informa\/marzo-fue-un-mes-muy-seco-y-con-temperaturas-por-encima-de-las-habituales-en-esta-epoca-del-ano","og_locale":"es_ES","og_type":"article","og_title":"Marzo fue un mes muy seco y con temperaturas por encima de las habituales en esta \u00e9poca del a\u00f1o - ASAJA Palencia","og_description":"El balance del Observatorio de Carralobo (Astudillo) registra poco m\u00e1s de 19 litros y una temperatura media de 9,1 grados, entre las cinco m\u00e1s elevadas de","og_url":"https:\/\/www.asajacyl.com\/palencia\/asaja-palencia-informa\/marzo-fue-un-mes-muy-seco-y-con-temperaturas-por-encima-de-las-habituales-en-esta-epoca-del-ano","og_site_name":"ASAJA Palencia","article_published_time":"2023-04-11T07:51:08+00:00","article_modified_time":"2023-04-12T07:31:49+00:00","og_image":[{"width":1024,"height":614,"url":"https:\/\/www.asajacyl.com\/palencia\/wp-content\/uploads\/sites\/3\/2023\/04\/Mariano-Bustillo-horizontal-web-1024x614.jpg","type":"image\/jpeg"}],"author":"Administrador","twitter_card":"summary_large_image","twitter_misc":{"Escrito por":"Administrador","Tiempo de lectura":"2 minutos"},"schema":{"@context":"https:\/\/schema.org","@graph":[{"@type":"WebPage","@id":"https:\/\/www.asajacyl.com\/palencia\/asaja-palencia-informa\/marzo-fue-un-mes-muy-seco-y-con-temperaturas-por-encima-de-las-habituales-en-esta-epoca-del-ano","url":"https:\/\/www.asajacyl.com\/palencia\/asaja-palencia-informa\/marzo-fue-un-mes-muy-seco-y-con-temperaturas-por-encima-de-las-habituales-en-esta-epoca-del-ano","name":"Marzo fue un mes muy seco y con temperaturas por encima de las habituales en esta \u00e9poca del a\u00f1o - ASAJA Palencia","isPartOf":{"@id":"https:\/\/www.asajacyl.com\/palencia\/#website"},"primaryImageOfPage":{"@id":"https:\/\/www.asajacyl.com\/palencia\/asaja-palencia-informa\/marzo-fue-un-mes-muy-seco-y-con-temperaturas-por-encima-de-las-habituales-en-esta-epoca-del-ano#primaryimage"},"image":{"@id":"https:\/\/www.asajacyl.com\/palencia\/asaja-palencia-informa\/marzo-fue-un-mes-muy-seco-y-con-temperaturas-por-encima-de-las-habituales-en-esta-epoca-del-ano#primaryimage"},"thumbnailUrl":"https:\/\/www.asajacyl.com\/palencia\/wp-content\/uploads\/sites\/3\/2023\/04\/Mariano-Bustillo-horizontal-web.jpg","datePublished":"2023-04-11T07:51:08+00:00","dateModified":"2023-04-12T07:31:49+00:00","author":{"@id":"https:\/\/www.asajacyl.com\/palencia\/#\/schema\/person\/3ab17aeb03527485c317557fae64aab1"},"description":"El balance del Observatorio de Carralobo (Astudillo) registra poco m\u00e1s de 19 litros y una temperatura media de 9,1 grados, entre las cinco m\u00e1s elevadas de","breadcrumb":{"@id":"https:\/\/www.asajacyl.com\/palencia\/asaja-palencia-informa\/marzo-fue-un-mes-muy-seco-y-con-temperaturas-por-encima-de-las-habituales-en-esta-epoca-del-ano#breadcrumb"},"inLanguage":"es","potentialAction":[{"@type":"ReadAction","target":["https:\/\/www.asajacyl.com\/palencia\/asaja-palencia-informa\/marzo-fue-un-mes-muy-seco-y-con-temperaturas-por-encima-de-las-habituales-en-esta-epoca-del-ano"]}]},{"@type":"ImageObject","inLanguage":"es","@id":"https:\/\/www.asajacyl.com\/palencia\/asaja-palencia-informa\/marzo-fue-un-mes-muy-seco-y-con-temperaturas-por-encima-de-las-habituales-en-esta-epoca-del-ano#primaryimage","url":"https:\/\/www.asajacyl.com\/palencia\/wp-content\/uploads\/sites\/3\/2023\/04\/Mariano-Bustillo-horizontal-web.jpg","contentUrl":"https:\/\/www.asajacyl.com\/palencia\/wp-content\/uploads\/sites\/3\/2023\/04\/Mariano-Bustillo-horizontal-web.jpg","width":2440,"height":1462},{"@type":"BreadcrumbList","@id":"https:\/\/www.asajacyl.com\/palencia\/asaja-palencia-informa\/marzo-fue-un-mes-muy-seco-y-con-temperaturas-por-encima-de-las-habituales-en-esta-epoca-del-ano#breadcrumb","itemListElement":[{"@type":"ListItem","position":1,"name":"Portada","item":"https:\/\/www.asajacyl.com\/palencia\/"},{"@type":"ListItem","position":2,"name":"Marzo fue un mes muy seco y con temperaturas por encima de las habituales en esta \u00e9poca del a\u00f1o"}]},{"@type":"WebSite","@id":"https:\/\/www.asajacyl.com\/palencia\/#website","url":"https:\/\/www.asajacyl.com\/palencia\/","name":"ASAJA Palencia","description":"Otro sitio m\u00e1s de Provincias ASAJA Castilla y Le\u00f3n","potentialAction":[{"@type":"SearchAction","target":{"@type":"EntryPoint","urlTemplate":"https:\/\/www.asajacyl.com\/palencia\/?s={search_term_string}"},"query-input":{"@type":"PropertyValueSpecification","valueRequired":true,"valueName":"search_term_string"}}],"inLanguage":"es"},{"@type":"Person","@id":"https:\/\/www.asajacyl.com\/palencia\/#\/schema\/person\/3ab17aeb03527485c317557fae64aab1","name":"Administrador","image":{"@type":"ImageObject","inLanguage":"es","@id":"https:\/\/www.asajacyl.com\/palencia\/#\/schema\/person\/image\/","url":"https:\/\/secure.gravatar.com\/avatar\/517384810d242ca9e38c180f3c9fb973?s=96&d=mm&r=g","contentUrl":"https:\/\/secure.gravatar.com\/avatar\/517384810d242ca9e38c180f3c9fb973?s=96&d=mm&r=g","caption":"Administrador"},"url":"https:\/\/www.asajacyl.com\/palencia\/author\/carlosrm"}]}},"_links":{"self":[{"href":"https:\/\/www.asajacyl.com\/palencia\/wp-json\/wp\/v2\/posts\/12871"}],"collection":[{"href":"https:\/\/www.asajacyl.com\/palencia\/wp-json\/wp\/v2\/posts"}],"about":[{"href":"https:\/\/www.asajacyl.com\/palencia\/wp-json\/wp\/v2\/types\/post"}],"author":[{"embeddable":true,"href":"https:\/\/www.asajacyl.com\/palencia\/wp-json\/wp\/v2\/users\/9"}],"replies":[{"embeddable":true,"href":"https:\/\/www.asajacyl.com\/palencia\/wp-json\/wp\/v2\/comments?post=12871"}],"version-history":[{"count":1,"href":"https:\/\/www.asajacyl.com\/palencia\/wp-json\/wp\/v2\/posts\/12871\/revisions"}],"predecessor-version":[{"id":12872,"href":"https:\/\/www.asajacyl.com\/palencia\/wp-json\/wp\/v2\/posts\/12871\/revisions\/12872"}],"wp:featuredmedia":[{"embeddable":true,"href":"https:\/\/www.asajacyl.com\/palencia\/wp-json\/wp\/v2\/media\/12882"}],"wp:attachment":[{"href":"https:\/\/www.asajacyl.com\/palencia\/wp-json\/wp\/v2\/media?parent=12871"}],"wp:term":[{"taxonomy":"category","embeddable":true,"href":"https:\/\/www.asajacyl.com\/palencia\/wp-json\/wp\/v2\/categories?post=12871"},{"taxonomy":"post_tag","embeddable":true,"href":"https:\/\/www.asajacyl.com\/palencia\/wp-json\/wp\/v2\/tags?post=12871"}],"curies":[{"name":"wp","href":"https:\/\/api.w.org\/{rel}","templated":true}]}}