{"id":12877,"date":"2023-04-12T09:26:27","date_gmt":"2023-04-12T07:26:27","guid":{"rendered":"https:\/\/www.asajacyl.com\/palencia\/?p=12877"},"modified":"2023-04-12T09:26:53","modified_gmt":"2023-04-12T07:26:53","slug":"asaja-solicita-al-ministro-planas-la-convocatoria-urgente-de-la-mesa-de-la-sequia","status":"publish","type":"post","link":"https:\/\/www.asajacyl.com\/palencia\/asaja-palencia-informa\/asaja-solicita-al-ministro-planas-la-convocatoria-urgente-de-la-mesa-de-la-sequia","title":{"rendered":"ASAJA solicita al ministro Planas la convocatoria urgente de la Mesa Nacional de la Sequ\u00eda"},"content":{"rendered":"\n<h2 class=\"wp-block-heading\">El presidente nacional de ASAJA, Pedro Barato, se ha dirigido al ministro Luis Planas para reclamar la convocatoria urgente de la Mesa Nacional de la Sequ\u00eda. La alarmante situaci\u00f3n de falta de precipitaciones y los bajos niveles de agua embalsada hacen necesaria la adopci\u00f3n de medidas urgentes, que de forma coordinada con el resto de administraciones auton\u00f3micas y locales, vengan a paliar la grave realidad en que nos encontramos.<\/h2>\n\n\n\n<p>Son muchas las zonas de nuestro pa\u00eds en las que la falta de agua junto con el aumento inusual de las temperaturas est\u00e1n causando ya p\u00e9rdidas irreparables en muchos cultivos, como es el caso de los cereales y las leguminosas, tanto en su rendimiento final como a nivel econ\u00f3mico. Los cultivos le\u00f1osos tambi\u00e9n est\u00e1n teniendo muchos problemas y la situaci\u00f3n actual amenaza con rebajar las expectativas de producci\u00f3n.<\/p>\n\n\n\n<p>Por su parte, la ganader\u00eda est\u00e1 tambi\u00e9n sufriendo las consecuencias de esta falta de agua y las producciones de pastos y forrajes se est\u00e1n viendo muy diezmadas, con la consecuente necesidad de suplir esta carest\u00eda con el empleo de piensos compuestos que no hacen m\u00e1s que incrementar los costes de producci\u00f3n para los ganaderos. Recordemos que la&nbsp; falta de rentabilidad de las explotaciones ganaderas&nbsp; viene siendo denunciada desde hace meses y las producciones ganaderas est\u00e1n sufriendo un severo recorte, con las consecuencias que ello conlleva de encarecimiento de estos productos en el mercado.<\/p>\n\n\n\n<p><strong>REGAD\u00cdOS EN RIESGO. <\/strong>Tengamos presente que el pasado a\u00f1o ya fueron varias regiones de nuestro pa\u00eds, en especial de la \u201cEspa\u00f1a seca\u201d las que sufrieron una pertinaz sequ\u00eda y si este a\u00f1o se repite la situaci\u00f3n habr\u00e1 un considerable n\u00famero de explotaciones que se ver\u00e1n abocadas al cierre. En estos momentos la situaci\u00f3n de las reservas de agua en los embalses tan solo llega al 51,5%\u00a0 en el c\u00f3mputo general (por debajo de la media de la \u00faltima d\u00e9cada) y en casos como\u00a0las cuencas del Guadalquivir o del Guadiana, al 25,6% y al 34,6% respectivamente. Pero lo m\u00e1s importante es que\u00a0los\u00a0embalses de uso consuntivo \u2014aquellos cuyo fin es el consumo humano y la agricultura\u2014 se encuentran hoy al 43,3% y por tanto los cultivos de regad\u00edo se van a ver seriamente comprometidos.<\/p>\n\n\n\n<p>Varias comunidades aut\u00f3nomas est\u00e1n ya abordando este asunto con decretos sobre sequ\u00eda y es necesario tratar esta cuesti\u00f3n desde un punto de vista global a nivel nacional, para poder tomar las decisiones correspondientes que permitan revertir la situaci\u00f3n.<\/p>\n","protected":false},"excerpt":{"rendered":"<p>El presidente nacional de ASAJA, Pedro Barato, se ha dirigido al ministro Luis Planas para reclamar la convocatoria urgente de la Mesa Nacional de la Sequ\u00eda. La alarmante situaci\u00f3n de falta de precipitaciones y los bajos niveles de agua embalsada hacen necesaria la adopci\u00f3n de medidas urgentes, que de forma coordinada con el resto de [&hellip;]<\/p>\n","protected":false},"author":9,"featured_media":12878,"comment_status":"open","ping_status":"open","sticky":false,"template":"","format":"standard","meta":{"footnotes":""},"categories":[9,29,28],"tags":[58,46,99,77,96,92,97,98,55],"yoast_head":"<!-- This site is optimized with the Yoast SEO plugin v24.5 - https:\/\/yoast.com\/wordpress\/plugins\/seo\/ -->\n<title>ASAJA solicita al ministro Planas la convocatoria urgente de la Mesa Nacional de la Sequ\u00eda - ASAJA Palencia<\/title>\n<meta name=\"description\" content=\"El presidente nacional de ASAJA, Pedro Barato, se ha dirigido al ministro Luis Planas para reclamar la convocatoria urgente de la Mesa Nacional de la\" \/>\n<meta name=\"robots\" content=\"index, follow, max-snippet:-1, max-image-preview:large, max-video-preview:-1\" \/>\n<link rel=\"canonical\" href=\"https:\/\/www.asajacyl.com\/palencia\/asaja-palencia-informa\/asaja-solicita-al-ministro-planas-la-convocatoria-urgente-de-la-mesa-de-la-sequia\" \/>\n<meta property=\"og:locale\" content=\"es_ES\" \/>\n<meta property=\"og:type\" content=\"article\" \/>\n<meta property=\"og:title\" content=\"ASAJA solicita al ministro Planas la convocatoria urgente de la Mesa Nacional de la Sequ\u00eda - ASAJA Palencia\" \/>\n<meta property=\"og:description\" content=\"El presidente nacional de ASAJA, Pedro Barato, se ha dirigido al ministro Luis Planas para reclamar la convocatoria urgente de la Mesa Nacional de la\" \/>\n<meta property=\"og:url\" content=\"https:\/\/www.asajacyl.com\/palencia\/asaja-palencia-informa\/asaja-solicita-al-ministro-planas-la-convocatoria-urgente-de-la-mesa-de-la-sequia\" \/>\n<meta property=\"og:site_name\" content=\"ASAJA Palencia\" \/>\n<meta property=\"article:published_time\" content=\"2023-04-12T07:26:27+00:00\" \/>\n<meta property=\"article:modified_time\" content=\"2023-04-12T07:26:53+00:00\" \/>\n<meta property=\"og:image\" content=\"https:\/\/www.asajacyl.com\/palencia\/wp-content\/uploads\/sites\/3\/2023\/04\/sequia-ledigos-2.jpg\" \/>\n\t<meta property=\"og:image:width\" content=\"1328\" \/>\n\t<meta property=\"og:image:height\" content=\"747\" \/>\n\t<meta property=\"og:image:type\" content=\"image\/jpeg\" \/>\n<meta name=\"author\" content=\"Administrador\" \/>\n<meta name=\"twitter:card\" content=\"summary_large_image\" \/>\n<meta name=\"twitter:label1\" content=\"Escrito por\" \/>\n\t<meta name=\"twitter:data1\" content=\"Administrador\" \/>\n\t<meta name=\"twitter:label2\" content=\"Tiempo de lectura\" \/>\n\t<meta name=\"twitter:data2\" content=\"2 minutos\" \/>\n<script type=\"application\/ld+json\" class=\"yoast-schema-graph\">{\"@context\":\"https:\/\/schema.org\",\"@graph\":[{\"@type\":\"WebPage\",\"@id\":\"https:\/\/www.asajacyl.com\/palencia\/asaja-palencia-informa\/asaja-solicita-al-ministro-planas-la-convocatoria-urgente-de-la-mesa-de-la-sequia\",\"url\":\"https:\/\/www.asajacyl.com\/palencia\/asaja-palencia-informa\/asaja-solicita-al-ministro-planas-la-convocatoria-urgente-de-la-mesa-de-la-sequia\",\"name\":\"ASAJA solicita al ministro Planas la convocatoria urgente de la Mesa Nacional de la Sequ\u00eda - ASAJA Palencia\",\"isPartOf\":{\"@id\":\"https:\/\/www.asajacyl.com\/palencia\/#website\"},\"primaryImageOfPage\":{\"@id\":\"https:\/\/www.asajacyl.com\/palencia\/asaja-palencia-informa\/asaja-solicita-al-ministro-planas-la-convocatoria-urgente-de-la-mesa-de-la-sequia#primaryimage\"},\"image\":{\"@id\":\"https:\/\/www.asajacyl.com\/palencia\/asaja-palencia-informa\/asaja-solicita-al-ministro-planas-la-convocatoria-urgente-de-la-mesa-de-la-sequia#primaryimage\"},\"thumbnailUrl\":\"https:\/\/www.asajacyl.com\/palencia\/wp-content\/uploads\/sites\/3\/2023\/04\/sequia-ledigos-2.jpg\",\"datePublished\":\"2023-04-12T07:26:27+00:00\",\"dateModified\":\"2023-04-12T07:26:53+00:00\",\"author\":{\"@id\":\"https:\/\/www.asajacyl.com\/palencia\/#\/schema\/person\/3ab17aeb03527485c317557fae64aab1\"},\"description\":\"El presidente nacional de ASAJA, Pedro Barato, se ha dirigido al ministro Luis Planas para reclamar la convocatoria urgente de la Mesa Nacional de la\",\"breadcrumb\":{\"@id\":\"https:\/\/www.asajacyl.com\/palencia\/asaja-palencia-informa\/asaja-solicita-al-ministro-planas-la-convocatoria-urgente-de-la-mesa-de-la-sequia#breadcrumb\"},\"inLanguage\":\"es\",\"potentialAction\":[{\"@type\":\"ReadAction\",\"target\":[\"https:\/\/www.asajacyl.com\/palencia\/asaja-palencia-informa\/asaja-solicita-al-ministro-planas-la-convocatoria-urgente-de-la-mesa-de-la-sequia\"]}]},{\"@type\":\"ImageObject\",\"inLanguage\":\"es\",\"@id\":\"https:\/\/www.asajacyl.com\/palencia\/asaja-palencia-informa\/asaja-solicita-al-ministro-planas-la-convocatoria-urgente-de-la-mesa-de-la-sequia#primaryimage\",\"url\":\"https:\/\/www.asajacyl.com\/palencia\/wp-content\/uploads\/sites\/3\/2023\/04\/sequia-ledigos-2.jpg\",\"contentUrl\":\"https:\/\/www.asajacyl.com\/palencia\/wp-content\/uploads\/sites\/3\/2023\/04\/sequia-ledigos-2.jpg\",\"width\":1328,\"height\":747},{\"@type\":\"BreadcrumbList\",\"@id\":\"https:\/\/www.asajacyl.com\/palencia\/asaja-palencia-informa\/asaja-solicita-al-ministro-planas-la-convocatoria-urgente-de-la-mesa-de-la-sequia#breadcrumb\",\"itemListElement\":[{\"@type\":\"ListItem\",\"position\":1,\"name\":\"Portada\",\"item\":\"https:\/\/www.asajacyl.com\/palencia\/\"},{\"@type\":\"ListItem\",\"position\":2,\"name\":\"ASAJA solicita al ministro Planas la convocatoria urgente de la Mesa Nacional de la Sequ\u00eda\"}]},{\"@type\":\"WebSite\",\"@id\":\"https:\/\/www.asajacyl.com\/palencia\/#website\",\"url\":\"https:\/\/www.asajacyl.com\/palencia\/\",\"name\":\"ASAJA Palencia\",\"description\":\"Otro sitio m\u00e1s de Provincias ASAJA Castilla y Le\u00f3n\",\"potentialAction\":[{\"@type\":\"SearchAction\",\"target\":{\"@type\":\"EntryPoint\",\"urlTemplate\":\"https:\/\/www.asajacyl.com\/palencia\/?s={search_term_string}\"},\"query-input\":{\"@type\":\"PropertyValueSpecification\",\"valueRequired\":true,\"valueName\":\"search_term_string\"}}],\"inLanguage\":\"es\"},{\"@type\":\"Person\",\"@id\":\"https:\/\/www.asajacyl.com\/palencia\/#\/schema\/person\/3ab17aeb03527485c317557fae64aab1\",\"name\":\"Administrador\",\"image\":{\"@type\":\"ImageObject\",\"inLanguage\":\"es\",\"@id\":\"https:\/\/www.asajacyl.com\/palencia\/#\/schema\/person\/image\/\",\"url\":\"https:\/\/secure.gravatar.com\/avatar\/517384810d242ca9e38c180f3c9fb973?s=96&d=mm&r=g\",\"contentUrl\":\"https:\/\/secure.gravatar.com\/avatar\/517384810d242ca9e38c180f3c9fb973?s=96&d=mm&r=g\",\"caption\":\"Administrador\"},\"url\":\"https:\/\/www.asajacyl.com\/palencia\/author\/carlosrm\"}]}<\/script>\n<!-- \/ Yoast SEO plugin. -->","yoast_head_json":{"title":"ASAJA solicita al ministro Planas la convocatoria urgente de la Mesa Nacional de la Sequ\u00eda - ASAJA Palencia","description":"El presidente nacional de ASAJA, Pedro Barato, se ha dirigido al ministro Luis Planas para reclamar la convocatoria urgente de la Mesa Nacional de la","robots":{"index":"index","follow":"follow","max-snippet":"max-snippet:-1","max-image-preview":"max-image-preview:large","max-video-preview":"max-video-preview:-1"},"canonical":"https:\/\/www.asajacyl.com\/palencia\/asaja-palencia-informa\/asaja-solicita-al-ministro-planas-la-convocatoria-urgente-de-la-mesa-de-la-sequia","og_locale":"es_ES","og_type":"article","og_title":"ASAJA solicita al ministro Planas la convocatoria urgente de la Mesa Nacional de la Sequ\u00eda - ASAJA Palencia","og_description":"El presidente nacional de ASAJA, Pedro Barato, se ha dirigido al ministro Luis Planas para reclamar la convocatoria urgente de la Mesa Nacional de la","og_url":"https:\/\/www.asajacyl.com\/palencia\/asaja-palencia-informa\/asaja-solicita-al-ministro-planas-la-convocatoria-urgente-de-la-mesa-de-la-sequia","og_site_name":"ASAJA Palencia","article_published_time":"2023-04-12T07:26:27+00:00","article_modified_time":"2023-04-12T07:26:53+00:00","og_image":[{"width":1328,"height":747,"url":"https:\/\/www.asajacyl.com\/palencia\/wp-content\/uploads\/sites\/3\/2023\/04\/sequia-ledigos-2.jpg","type":"image\/jpeg"}],"author":"Administrador","twitter_card":"summary_large_image","twitter_misc":{"Escrito por":"Administrador","Tiempo de lectura":"2 minutos"},"schema":{"@context":"https:\/\/schema.org","@graph":[{"@type":"WebPage","@id":"https:\/\/www.asajacyl.com\/palencia\/asaja-palencia-informa\/asaja-solicita-al-ministro-planas-la-convocatoria-urgente-de-la-mesa-de-la-sequia","url":"https:\/\/www.asajacyl.com\/palencia\/asaja-palencia-informa\/asaja-solicita-al-ministro-planas-la-convocatoria-urgente-de-la-mesa-de-la-sequia","name":"ASAJA solicita al ministro Planas la convocatoria urgente de la Mesa Nacional de la Sequ\u00eda - ASAJA Palencia","isPartOf":{"@id":"https:\/\/www.asajacyl.com\/palencia\/#website"},"primaryImageOfPage":{"@id":"https:\/\/www.asajacyl.com\/palencia\/asaja-palencia-informa\/asaja-solicita-al-ministro-planas-la-convocatoria-urgente-de-la-mesa-de-la-sequia#primaryimage"},"image":{"@id":"https:\/\/www.asajacyl.com\/palencia\/asaja-palencia-informa\/asaja-solicita-al-ministro-planas-la-convocatoria-urgente-de-la-mesa-de-la-sequia#primaryimage"},"thumbnailUrl":"https:\/\/www.asajacyl.com\/palencia\/wp-content\/uploads\/sites\/3\/2023\/04\/sequia-ledigos-2.jpg","datePublished":"2023-04-12T07:26:27+00:00","dateModified":"2023-04-12T07:26:53+00:00","author":{"@id":"https:\/\/www.asajacyl.com\/palencia\/#\/schema\/person\/3ab17aeb03527485c317557fae64aab1"},"description":"El presidente nacional de ASAJA, Pedro Barato, se ha dirigido al ministro Luis Planas para reclamar la convocatoria urgente de la Mesa Nacional de la","breadcrumb":{"@id":"https:\/\/www.asajacyl.com\/palencia\/asaja-palencia-informa\/asaja-solicita-al-ministro-planas-la-convocatoria-urgente-de-la-mesa-de-la-sequia#breadcrumb"},"inLanguage":"es","potentialAction":[{"@type":"ReadAction","target":["https:\/\/www.asajacyl.com\/palencia\/asaja-palencia-informa\/asaja-solicita-al-ministro-planas-la-convocatoria-urgente-de-la-mesa-de-la-sequia"]}]},{"@type":"ImageObject","inLanguage":"es","@id":"https:\/\/www.asajacyl.com\/palencia\/asaja-palencia-informa\/asaja-solicita-al-ministro-planas-la-convocatoria-urgente-de-la-mesa-de-la-sequia#primaryimage","url":"https:\/\/www.asajacyl.com\/palencia\/wp-content\/uploads\/sites\/3\/2023\/04\/sequia-ledigos-2.jpg","contentUrl":"https:\/\/www.asajacyl.com\/palencia\/wp-content\/uploads\/sites\/3\/2023\/04\/sequia-ledigos-2.jpg","width":1328,"height":747},{"@type":"BreadcrumbList","@id":"https:\/\/www.asajacyl.com\/palencia\/asaja-palencia-informa\/asaja-solicita-al-ministro-planas-la-convocatoria-urgente-de-la-mesa-de-la-sequia#breadcrumb","itemListElement":[{"@type":"ListItem","position":1,"name":"Portada","item":"https:\/\/www.asajacyl.com\/palencia\/"},{"@type":"ListItem","position":2,"name":"ASAJA solicita al ministro Planas la convocatoria urgente de la Mesa Nacional de la Sequ\u00eda"}]},{"@type":"WebSite","@id":"https:\/\/www.asajacyl.com\/palencia\/#website","url":"https:\/\/www.asajacyl.com\/palencia\/","name":"ASAJA Palencia","description":"Otro sitio m\u00e1s de Provincias ASAJA Castilla y Le\u00f3n","potentialAction":[{"@type":"SearchAction","target":{"@type":"EntryPoint","urlTemplate":"https:\/\/www.asajacyl.com\/palencia\/?s={search_term_string}"},"query-input":{"@type":"PropertyValueSpecification","valueRequired":true,"valueName":"search_term_string"}}],"inLanguage":"es"},{"@type":"Person","@id":"https:\/\/www.asajacyl.com\/palencia\/#\/schema\/person\/3ab17aeb03527485c317557fae64aab1","name":"Administrador","image":{"@type":"ImageObject","inLanguage":"es","@id":"https:\/\/www.asajacyl.com\/palencia\/#\/schema\/person\/image\/","url":"https:\/\/secure.gravatar.com\/avatar\/517384810d242ca9e38c180f3c9fb973?s=96&d=mm&r=g","contentUrl":"https:\/\/secure.gravatar.com\/avatar\/517384810d242ca9e38c180f3c9fb973?s=96&d=mm&r=g","caption":"Administrador"},"url":"https:\/\/www.asajacyl.com\/palencia\/author\/carlosrm"}]}},"_links":{"self":[{"href":"https:\/\/www.asajacyl.com\/palencia\/wp-json\/wp\/v2\/posts\/12877"}],"collection":[{"href":"https:\/\/www.asajacyl.com\/palencia\/wp-json\/wp\/v2\/posts"}],"about":[{"href":"https:\/\/www.asajacyl.com\/palencia\/wp-json\/wp\/v2\/types\/post"}],"author":[{"embeddable":true,"href":"https:\/\/www.asajacyl.com\/palencia\/wp-json\/wp\/v2\/users\/9"}],"replies":[{"embeddable":true,"href":"https:\/\/www.asajacyl.com\/palencia\/wp-json\/wp\/v2\/comments?post=12877"}],"version-history":[{"count":3,"href":"https:\/\/www.asajacyl.com\/palencia\/wp-json\/wp\/v2\/posts\/12877\/revisions"}],"predecessor-version":[{"id":12881,"href":"https:\/\/www.asajacyl.com\/palencia\/wp-json\/wp\/v2\/posts\/12877\/revisions\/12881"}],"wp:featuredmedia":[{"embeddable":true,"href":"https:\/\/www.asajacyl.com\/palencia\/wp-json\/wp\/v2\/media\/12878"}],"wp:attachment":[{"href":"https:\/\/www.asajacyl.com\/palencia\/wp-json\/wp\/v2\/media?parent=12877"}],"wp:term":[{"taxonomy":"category","embeddable":true,"href":"https:\/\/www.asajacyl.com\/palencia\/wp-json\/wp\/v2\/categories?post=12877"},{"taxonomy":"post_tag","embeddable":true,"href":"https:\/\/www.asajacyl.com\/palencia\/wp-json\/wp\/v2\/tags?post=12877"}],"curies":[{"name":"wp","href":"https:\/\/api.w.org\/{rel}","templated":true}]}}