{"id":12886,"date":"2023-04-13T13:07:28","date_gmt":"2023-04-13T11:07:28","guid":{"rendered":"https:\/\/www.asajacyl.com\/palencia\/?p=12886"},"modified":"2023-04-13T13:07:30","modified_gmt":"2023-04-13T11:07:30","slug":"las-estaciones-de-itacyl-inforiego-miden-el-77-menos-de-precipitacion-este-marzo-que-en-el-de-2022","status":"publish","type":"post","link":"https:\/\/www.asajacyl.com\/palencia\/asaja-palencia-informa\/las-estaciones-de-itacyl-inforiego-miden-el-77-menos-de-precipitacion-este-marzo-que-en-el-de-2022","title":{"rendered":"Las estaciones de ITACyL-Inforiego miden el 77% menos de precipitaci\u00f3n este marzo que en el de 2022"},"content":{"rendered":"\n<h2 class=\"wp-block-heading\">Las siete estaciones de ITACyL-Inforiego de la provincia de Palencia confirmas que el pasado marzo ha sido mucho m\u00e1s seco que el de 2022. Si la media de precipitaciones en ese periodo el pasado a\u00f1o super\u00f3 los 72 litros por metro cuadrado, en el pasado mes no se alcanzaron los 17 litros de promedio, lo que representa un descenso del 77%.<\/h2>\n\n\n\n<p>Por su ubicaci\u00f3n geogr\u00e1fica, las siete estaciones palentinas de ITACyL-Inforiego sirven para calibrar el volumen de precipitaciones que se han recogido en aproximadamente dos tercios de la provincia, los situados m\u00e1s al sur. Se ubican en Herrera de Pisuerga, Villaeles de Valdavia, Villoldo, Fuentes de Nava, Vilaluenga de la Venga, Lantadilla y Villamuriel de Cerrato.<\/p>\n\n\n\n<p>De todas ellas, la estaci\u00f3n que m\u00e1s lluvia midi\u00f3 el pasado mes fue la de Herrera de Pisuerga (22,6 l\/m<sup>2<\/sup>), \u00fanica de la provincia que en marzo super\u00f3 el umbral de los veinte litros por metro cuadrado. En todo caso, quedan lejos de los casi 71 litros recogidos en ese mismo punto durante marzo de 2022. <\/p>\n\n\n\n<p>En la parte baja se sit\u00faa la estaci\u00f3n de Villamuriel de Cerrato, donde no se superaron los diez litros por metro cuadrado (8,9 l\/m<sup>2<\/sup>, pr\u00e1cticamente la sexta parte de la cantidad de precipitaci\u00f3n medida en ese mismo punto en marzo de 2022, mes en el que llegaron a sobrepasar el centenar de litros en Villaluenga de la Vega (101,4\/m<sup>2<\/sup>).<\/p>\n\n\n\n<p>Puede deducirse que en los dos tercios m\u00e1s al sur de la provincia de Palencia, el pasado mes cayeron, por t\u00e9rmino medio, del orden de cincuenta y cinco litros de lluvia menos que en marzo de 2022.<\/p>\n\n\n\n<figure class=\"wp-block-image size-large\"><img loading=\"lazy\" decoding=\"async\" width=\"1024\" height=\"686\" src=\"https:\/\/www.asajacyl.com\/palencia\/wp-content\/uploads\/sites\/3\/2023\/04\/Precipitacion-marzo-2023-Itacyl-1024x686.png\" alt=\"\" class=\"wp-image-12887\" srcset=\"https:\/\/www.asajacyl.com\/palencia\/wp-content\/uploads\/sites\/3\/2023\/04\/Precipitacion-marzo-2023-Itacyl-1024x686.png 1024w, https:\/\/www.asajacyl.com\/palencia\/wp-content\/uploads\/sites\/3\/2023\/04\/Precipitacion-marzo-2023-Itacyl-300x201.png 300w, https:\/\/www.asajacyl.com\/palencia\/wp-content\/uploads\/sites\/3\/2023\/04\/Precipitacion-marzo-2023-Itacyl-768x515.png 768w, https:\/\/www.asajacyl.com\/palencia\/wp-content\/uploads\/sites\/3\/2023\/04\/Precipitacion-marzo-2023-Itacyl-696x466.png 696w, https:\/\/www.asajacyl.com\/palencia\/wp-content\/uploads\/sites\/3\/2023\/04\/Precipitacion-marzo-2023-Itacyl-1068x716.png 1068w, https:\/\/www.asajacyl.com\/palencia\/wp-content\/uploads\/sites\/3\/2023\/04\/Precipitacion-marzo-2023-Itacyl-627x420.png 627w, https:\/\/www.asajacyl.com\/palencia\/wp-content\/uploads\/sites\/3\/2023\/04\/Precipitacion-marzo-2023-Itacyl.png 1216w\" sizes=\"(max-width: 1024px) 100vw, 1024px\" \/><\/figure>\n","protected":false},"excerpt":{"rendered":"<p>Las siete estaciones de ITACyL-Inforiego de la provincia de Palencia confirmas que el pasado marzo ha sido mucho m\u00e1s seco que el de 2022. Si la media de precipitaciones en ese periodo el pasado a\u00f1o super\u00f3 los 72 litros por metro cuadrado, en el pasado mes no se alcanzaron los 17 litros de promedio, lo [&hellip;]<\/p>\n","protected":false},"author":9,"featured_media":12888,"comment_status":"open","ping_status":"open","sticky":false,"template":"","format":"standard","meta":{"footnotes":""},"categories":[9,29,28],"tags":[58,92,55],"yoast_head":"<!-- This site is optimized with the Yoast SEO plugin v24.5 - https:\/\/yoast.com\/wordpress\/plugins\/seo\/ -->\n<title>Las estaciones de ITACyL-Inforiego miden el 77% menos de precipitaci\u00f3n este marzo que en el de 2022 - ASAJA Palencia<\/title>\n<meta name=\"description\" content=\"Las siete estaciones de ITACyL-Inforiego de la provincia de Palencia confirmas que el pasado marzo ha sido mucho m\u00e1s seco que el de 2022. Si la media de\" \/>\n<meta name=\"robots\" content=\"index, follow, max-snippet:-1, max-image-preview:large, max-video-preview:-1\" \/>\n<link rel=\"canonical\" href=\"https:\/\/www.asajacyl.com\/palencia\/asaja-palencia-informa\/las-estaciones-de-itacyl-inforiego-miden-el-77-menos-de-precipitacion-este-marzo-que-en-el-de-2022\" \/>\n<meta property=\"og:locale\" content=\"es_ES\" \/>\n<meta property=\"og:type\" content=\"article\" \/>\n<meta property=\"og:title\" content=\"Las estaciones de ITACyL-Inforiego miden el 77% menos de precipitaci\u00f3n este marzo que en el de 2022 - ASAJA Palencia\" \/>\n<meta property=\"og:description\" content=\"Las siete estaciones de ITACyL-Inforiego de la provincia de Palencia confirmas que el pasado marzo ha sido mucho m\u00e1s seco que el de 2022. Si la media de\" \/>\n<meta property=\"og:url\" content=\"https:\/\/www.asajacyl.com\/palencia\/asaja-palencia-informa\/las-estaciones-de-itacyl-inforiego-miden-el-77-menos-de-precipitacion-este-marzo-que-en-el-de-2022\" \/>\n<meta property=\"og:site_name\" content=\"ASAJA Palencia\" \/>\n<meta property=\"article:published_time\" content=\"2023-04-13T11:07:28+00:00\" \/>\n<meta property=\"article:modified_time\" content=\"2023-04-13T11:07:30+00:00\" \/>\n<meta property=\"og:image\" content=\"https:\/\/www.asajacyl.com\/palencia\/wp-content\/uploads\/sites\/3\/2023\/04\/Lluvia-para-web.jpg\" \/>\n\t<meta property=\"og:image:width\" content=\"1157\" \/>\n\t<meta property=\"og:image:height\" content=\"756\" \/>\n\t<meta property=\"og:image:type\" content=\"image\/jpeg\" \/>\n<meta name=\"author\" content=\"Administrador\" \/>\n<meta name=\"twitter:card\" content=\"summary_large_image\" \/>\n<meta name=\"twitter:label1\" content=\"Escrito por\" \/>\n\t<meta name=\"twitter:data1\" content=\"Administrador\" \/>\n\t<meta name=\"twitter:label2\" content=\"Tiempo de lectura\" \/>\n\t<meta name=\"twitter:data2\" content=\"2 minutos\" \/>\n<script type=\"application\/ld+json\" class=\"yoast-schema-graph\">{\"@context\":\"https:\/\/schema.org\",\"@graph\":[{\"@type\":\"WebPage\",\"@id\":\"https:\/\/www.asajacyl.com\/palencia\/asaja-palencia-informa\/las-estaciones-de-itacyl-inforiego-miden-el-77-menos-de-precipitacion-este-marzo-que-en-el-de-2022\",\"url\":\"https:\/\/www.asajacyl.com\/palencia\/asaja-palencia-informa\/las-estaciones-de-itacyl-inforiego-miden-el-77-menos-de-precipitacion-este-marzo-que-en-el-de-2022\",\"name\":\"Las estaciones de ITACyL-Inforiego miden el 77% menos de precipitaci\u00f3n este marzo que en el de 2022 - ASAJA Palencia\",\"isPartOf\":{\"@id\":\"https:\/\/www.asajacyl.com\/palencia\/#website\"},\"primaryImageOfPage\":{\"@id\":\"https:\/\/www.asajacyl.com\/palencia\/asaja-palencia-informa\/las-estaciones-de-itacyl-inforiego-miden-el-77-menos-de-precipitacion-este-marzo-que-en-el-de-2022#primaryimage\"},\"image\":{\"@id\":\"https:\/\/www.asajacyl.com\/palencia\/asaja-palencia-informa\/las-estaciones-de-itacyl-inforiego-miden-el-77-menos-de-precipitacion-este-marzo-que-en-el-de-2022#primaryimage\"},\"thumbnailUrl\":\"https:\/\/www.asajacyl.com\/palencia\/wp-content\/uploads\/sites\/3\/2023\/04\/Lluvia-para-web.jpg\",\"datePublished\":\"2023-04-13T11:07:28+00:00\",\"dateModified\":\"2023-04-13T11:07:30+00:00\",\"author\":{\"@id\":\"https:\/\/www.asajacyl.com\/palencia\/#\/schema\/person\/3ab17aeb03527485c317557fae64aab1\"},\"description\":\"Las siete estaciones de ITACyL-Inforiego de la provincia de Palencia confirmas que el pasado marzo ha sido mucho m\u00e1s seco que el de 2022. Si la media de\",\"breadcrumb\":{\"@id\":\"https:\/\/www.asajacyl.com\/palencia\/asaja-palencia-informa\/las-estaciones-de-itacyl-inforiego-miden-el-77-menos-de-precipitacion-este-marzo-que-en-el-de-2022#breadcrumb\"},\"inLanguage\":\"es\",\"potentialAction\":[{\"@type\":\"ReadAction\",\"target\":[\"https:\/\/www.asajacyl.com\/palencia\/asaja-palencia-informa\/las-estaciones-de-itacyl-inforiego-miden-el-77-menos-de-precipitacion-este-marzo-que-en-el-de-2022\"]}]},{\"@type\":\"ImageObject\",\"inLanguage\":\"es\",\"@id\":\"https:\/\/www.asajacyl.com\/palencia\/asaja-palencia-informa\/las-estaciones-de-itacyl-inforiego-miden-el-77-menos-de-precipitacion-este-marzo-que-en-el-de-2022#primaryimage\",\"url\":\"https:\/\/www.asajacyl.com\/palencia\/wp-content\/uploads\/sites\/3\/2023\/04\/Lluvia-para-web.jpg\",\"contentUrl\":\"https:\/\/www.asajacyl.com\/palencia\/wp-content\/uploads\/sites\/3\/2023\/04\/Lluvia-para-web.jpg\",\"width\":1157,\"height\":756},{\"@type\":\"BreadcrumbList\",\"@id\":\"https:\/\/www.asajacyl.com\/palencia\/asaja-palencia-informa\/las-estaciones-de-itacyl-inforiego-miden-el-77-menos-de-precipitacion-este-marzo-que-en-el-de-2022#breadcrumb\",\"itemListElement\":[{\"@type\":\"ListItem\",\"position\":1,\"name\":\"Portada\",\"item\":\"https:\/\/www.asajacyl.com\/palencia\/\"},{\"@type\":\"ListItem\",\"position\":2,\"name\":\"Las estaciones de ITACyL-Inforiego miden el 77% menos de precipitaci\u00f3n este marzo que en el de 2022\"}]},{\"@type\":\"WebSite\",\"@id\":\"https:\/\/www.asajacyl.com\/palencia\/#website\",\"url\":\"https:\/\/www.asajacyl.com\/palencia\/\",\"name\":\"ASAJA Palencia\",\"description\":\"Otro sitio m\u00e1s de Provincias ASAJA Castilla y Le\u00f3n\",\"potentialAction\":[{\"@type\":\"SearchAction\",\"target\":{\"@type\":\"EntryPoint\",\"urlTemplate\":\"https:\/\/www.asajacyl.com\/palencia\/?s={search_term_string}\"},\"query-input\":{\"@type\":\"PropertyValueSpecification\",\"valueRequired\":true,\"valueName\":\"search_term_string\"}}],\"inLanguage\":\"es\"},{\"@type\":\"Person\",\"@id\":\"https:\/\/www.asajacyl.com\/palencia\/#\/schema\/person\/3ab17aeb03527485c317557fae64aab1\",\"name\":\"Administrador\",\"image\":{\"@type\":\"ImageObject\",\"inLanguage\":\"es\",\"@id\":\"https:\/\/www.asajacyl.com\/palencia\/#\/schema\/person\/image\/\",\"url\":\"https:\/\/secure.gravatar.com\/avatar\/517384810d242ca9e38c180f3c9fb973?s=96&d=mm&r=g\",\"contentUrl\":\"https:\/\/secure.gravatar.com\/avatar\/517384810d242ca9e38c180f3c9fb973?s=96&d=mm&r=g\",\"caption\":\"Administrador\"},\"url\":\"https:\/\/www.asajacyl.com\/palencia\/author\/carlosrm\"}]}<\/script>\n<!-- \/ Yoast SEO plugin. -->","yoast_head_json":{"title":"Las estaciones de ITACyL-Inforiego miden el 77% menos de precipitaci\u00f3n este marzo que en el de 2022 - ASAJA Palencia","description":"Las siete estaciones de ITACyL-Inforiego de la provincia de Palencia confirmas que el pasado marzo ha sido mucho m\u00e1s seco que el de 2022. Si la media de","robots":{"index":"index","follow":"follow","max-snippet":"max-snippet:-1","max-image-preview":"max-image-preview:large","max-video-preview":"max-video-preview:-1"},"canonical":"https:\/\/www.asajacyl.com\/palencia\/asaja-palencia-informa\/las-estaciones-de-itacyl-inforiego-miden-el-77-menos-de-precipitacion-este-marzo-que-en-el-de-2022","og_locale":"es_ES","og_type":"article","og_title":"Las estaciones de ITACyL-Inforiego miden el 77% menos de precipitaci\u00f3n este marzo que en el de 2022 - ASAJA Palencia","og_description":"Las siete estaciones de ITACyL-Inforiego de la provincia de Palencia confirmas que el pasado marzo ha sido mucho m\u00e1s seco que el de 2022. Si la media de","og_url":"https:\/\/www.asajacyl.com\/palencia\/asaja-palencia-informa\/las-estaciones-de-itacyl-inforiego-miden-el-77-menos-de-precipitacion-este-marzo-que-en-el-de-2022","og_site_name":"ASAJA Palencia","article_published_time":"2023-04-13T11:07:28+00:00","article_modified_time":"2023-04-13T11:07:30+00:00","og_image":[{"width":1157,"height":756,"url":"https:\/\/www.asajacyl.com\/palencia\/wp-content\/uploads\/sites\/3\/2023\/04\/Lluvia-para-web.jpg","type":"image\/jpeg"}],"author":"Administrador","twitter_card":"summary_large_image","twitter_misc":{"Escrito por":"Administrador","Tiempo de lectura":"2 minutos"},"schema":{"@context":"https:\/\/schema.org","@graph":[{"@type":"WebPage","@id":"https:\/\/www.asajacyl.com\/palencia\/asaja-palencia-informa\/las-estaciones-de-itacyl-inforiego-miden-el-77-menos-de-precipitacion-este-marzo-que-en-el-de-2022","url":"https:\/\/www.asajacyl.com\/palencia\/asaja-palencia-informa\/las-estaciones-de-itacyl-inforiego-miden-el-77-menos-de-precipitacion-este-marzo-que-en-el-de-2022","name":"Las estaciones de ITACyL-Inforiego miden el 77% menos de precipitaci\u00f3n este marzo que en el de 2022 - ASAJA Palencia","isPartOf":{"@id":"https:\/\/www.asajacyl.com\/palencia\/#website"},"primaryImageOfPage":{"@id":"https:\/\/www.asajacyl.com\/palencia\/asaja-palencia-informa\/las-estaciones-de-itacyl-inforiego-miden-el-77-menos-de-precipitacion-este-marzo-que-en-el-de-2022#primaryimage"},"image":{"@id":"https:\/\/www.asajacyl.com\/palencia\/asaja-palencia-informa\/las-estaciones-de-itacyl-inforiego-miden-el-77-menos-de-precipitacion-este-marzo-que-en-el-de-2022#primaryimage"},"thumbnailUrl":"https:\/\/www.asajacyl.com\/palencia\/wp-content\/uploads\/sites\/3\/2023\/04\/Lluvia-para-web.jpg","datePublished":"2023-04-13T11:07:28+00:00","dateModified":"2023-04-13T11:07:30+00:00","author":{"@id":"https:\/\/www.asajacyl.com\/palencia\/#\/schema\/person\/3ab17aeb03527485c317557fae64aab1"},"description":"Las siete estaciones de ITACyL-Inforiego de la provincia de Palencia confirmas que el pasado marzo ha sido mucho m\u00e1s seco que el de 2022. Si la media de","breadcrumb":{"@id":"https:\/\/www.asajacyl.com\/palencia\/asaja-palencia-informa\/las-estaciones-de-itacyl-inforiego-miden-el-77-menos-de-precipitacion-este-marzo-que-en-el-de-2022#breadcrumb"},"inLanguage":"es","potentialAction":[{"@type":"ReadAction","target":["https:\/\/www.asajacyl.com\/palencia\/asaja-palencia-informa\/las-estaciones-de-itacyl-inforiego-miden-el-77-menos-de-precipitacion-este-marzo-que-en-el-de-2022"]}]},{"@type":"ImageObject","inLanguage":"es","@id":"https:\/\/www.asajacyl.com\/palencia\/asaja-palencia-informa\/las-estaciones-de-itacyl-inforiego-miden-el-77-menos-de-precipitacion-este-marzo-que-en-el-de-2022#primaryimage","url":"https:\/\/www.asajacyl.com\/palencia\/wp-content\/uploads\/sites\/3\/2023\/04\/Lluvia-para-web.jpg","contentUrl":"https:\/\/www.asajacyl.com\/palencia\/wp-content\/uploads\/sites\/3\/2023\/04\/Lluvia-para-web.jpg","width":1157,"height":756},{"@type":"BreadcrumbList","@id":"https:\/\/www.asajacyl.com\/palencia\/asaja-palencia-informa\/las-estaciones-de-itacyl-inforiego-miden-el-77-menos-de-precipitacion-este-marzo-que-en-el-de-2022#breadcrumb","itemListElement":[{"@type":"ListItem","position":1,"name":"Portada","item":"https:\/\/www.asajacyl.com\/palencia\/"},{"@type":"ListItem","position":2,"name":"Las estaciones de ITACyL-Inforiego miden el 77% menos de precipitaci\u00f3n este marzo que en el de 2022"}]},{"@type":"WebSite","@id":"https:\/\/www.asajacyl.com\/palencia\/#website","url":"https:\/\/www.asajacyl.com\/palencia\/","name":"ASAJA Palencia","description":"Otro sitio m\u00e1s de Provincias ASAJA Castilla y Le\u00f3n","potentialAction":[{"@type":"SearchAction","target":{"@type":"EntryPoint","urlTemplate":"https:\/\/www.asajacyl.com\/palencia\/?s={search_term_string}"},"query-input":{"@type":"PropertyValueSpecification","valueRequired":true,"valueName":"search_term_string"}}],"inLanguage":"es"},{"@type":"Person","@id":"https:\/\/www.asajacyl.com\/palencia\/#\/schema\/person\/3ab17aeb03527485c317557fae64aab1","name":"Administrador","image":{"@type":"ImageObject","inLanguage":"es","@id":"https:\/\/www.asajacyl.com\/palencia\/#\/schema\/person\/image\/","url":"https:\/\/secure.gravatar.com\/avatar\/517384810d242ca9e38c180f3c9fb973?s=96&d=mm&r=g","contentUrl":"https:\/\/secure.gravatar.com\/avatar\/517384810d242ca9e38c180f3c9fb973?s=96&d=mm&r=g","caption":"Administrador"},"url":"https:\/\/www.asajacyl.com\/palencia\/author\/carlosrm"}]}},"_links":{"self":[{"href":"https:\/\/www.asajacyl.com\/palencia\/wp-json\/wp\/v2\/posts\/12886"}],"collection":[{"href":"https:\/\/www.asajacyl.com\/palencia\/wp-json\/wp\/v2\/posts"}],"about":[{"href":"https:\/\/www.asajacyl.com\/palencia\/wp-json\/wp\/v2\/types\/post"}],"author":[{"embeddable":true,"href":"https:\/\/www.asajacyl.com\/palencia\/wp-json\/wp\/v2\/users\/9"}],"replies":[{"embeddable":true,"href":"https:\/\/www.asajacyl.com\/palencia\/wp-json\/wp\/v2\/comments?post=12886"}],"version-history":[{"count":3,"href":"https:\/\/www.asajacyl.com\/palencia\/wp-json\/wp\/v2\/posts\/12886\/revisions"}],"predecessor-version":[{"id":12891,"href":"https:\/\/www.asajacyl.com\/palencia\/wp-json\/wp\/v2\/posts\/12886\/revisions\/12891"}],"wp:featuredmedia":[{"embeddable":true,"href":"https:\/\/www.asajacyl.com\/palencia\/wp-json\/wp\/v2\/media\/12888"}],"wp:attachment":[{"href":"https:\/\/www.asajacyl.com\/palencia\/wp-json\/wp\/v2\/media?parent=12886"}],"wp:term":[{"taxonomy":"category","embeddable":true,"href":"https:\/\/www.asajacyl.com\/palencia\/wp-json\/wp\/v2\/categories?post=12886"},{"taxonomy":"post_tag","embeddable":true,"href":"https:\/\/www.asajacyl.com\/palencia\/wp-json\/wp\/v2\/tags?post=12886"}],"curies":[{"name":"wp","href":"https:\/\/api.w.org\/{rel}","templated":true}]}}