{"id":12892,"date":"2023-04-16T13:08:44","date_gmt":"2023-04-16T11:08:44","guid":{"rendered":"https:\/\/www.asajacyl.com\/palencia\/?p=12892"},"modified":"2023-04-13T13:11:04","modified_gmt":"2023-04-13T11:11:04","slug":"sobre-la-propuesta-de-la-comision-europea-relativa-a-la-certificacion-de-la-eliminacion-de-carbono","status":"publish","type":"post","link":"https:\/\/www.asajacyl.com\/palencia\/asaja-palencia-informa\/sobre-la-propuesta-de-la-comision-europea-relativa-a-la-certificacion-de-la-eliminacion-de-carbono","title":{"rendered":"Sobre la propuesta de la Comisi\u00f3n Europea relativa a la certificaci\u00f3n de la eliminaci\u00f3n de carbono"},"content":{"rendered":"\n<p>La Comisi\u00f3n Europea ha hecho p\u00fablica hoy su propuesta de reglamento para establecer un marco relativo a la certificaci\u00f3n de la eliminaci\u00f3n de CO2, tras su comunicaci\u00f3n del a\u00f1o pasado. En vista de la multitud de iniciativas locales en todo el continente, es de agradecer la intenci\u00f3n de armonizar y estructurar el sector. Sin embargo, resulta dif\u00edcil hacerse una idea exacta de dicho marco, ya que la propuesta presentada todav\u00eda carece de claridad y muchos elementos importantes se decidir\u00e1n mediante actos delegados. En el Copa y la Cogeca lamentamos que la definici\u00f3n de las pr\u00e1cticas agr\u00edcolas de captura de carbono sea tan restrictiva y excluya de su \u00e1mbito de aplicaci\u00f3n todas las actividades de mitigaci\u00f3n.<\/p>\n\n\n\n<p>La agricultura del carbono es un tema de debate en el sector agr\u00edcola desde hace muchos a\u00f1os. No es ni una f\u00f3rmula m\u00e1gica ni la panacea universal que pueda aplicarse en todas partes de manera uniforme, pero s\u00ed es una opci\u00f3n pragm\u00e1tica para lograr resultados concretos en el terreno. En toda Europa se han desarrollado numerosas iniciativas con modelos y enfoques muy distintos. A este respecto, el Copa y la Cogeca respaldamos la intenci\u00f3n de la Comisi\u00f3n de incentivar y estructurar la eliminaci\u00f3n del [di\u00f3xido de] carbono siguiendo un planteamiento orientado al mercado.<\/p>\n\n\n\n<p>En un expediente tan t\u00e9cnico, los elementos operativos escogidos ser\u00e1n determinantes para que este marco general se aplique con \u00e9xito. Como es comprensible, la comunidad agr\u00edcola y forestal europea esperaba ciertas aclaraciones despu\u00e9s de la publicaci\u00f3n de este reglamento. Lamentablemente, el texto presentado hoy deja sin respuesta la mayor\u00eda de las cuestiones metodol\u00f3gicas, puesto que se concretar\u00e1n mediante actos delegados, por ejemplo, el art\u00edculo 8. Por el contrario, en sus anexos, el texto va demasiado lejos al proponer la publicaci\u00f3n de informaci\u00f3n delicada, como los datos de contacto de los operadores o la localizaci\u00f3n de la actividad de captura de carbono. Si se acaba recopilando esta informaci\u00f3n, se debe garantizar un m\u00ednimo de privacidad.<\/p>\n\n\n\n<p>Uno de los puntos m\u00e1s problem\u00e1ticos en esta fase es la definici\u00f3n de la agricultura del carbono (art\u00edculo 2), dado que la propuesta s\u00f3lo considera una fracci\u00f3n \u00ednfima de las pr\u00e1cticas agr\u00edcolas que conllevan una reducci\u00f3n de las emisiones. S\u00f3lo la \u00abeliminaci\u00f3n neta de gases de efecto invernadero\u00bb puede optar a la certificaci\u00f3n, mientras que las pr\u00e1cticas de mitigaci\u00f3n que los agricultores y las cooperativas podr\u00edan llevar a cabo no est\u00e1n incluidas en el texto. Pr\u00e1cticas tales como la inclusi\u00f3n de aditivos para piensos, la concepci\u00f3n de instalaciones con emisiones reducidas o el uso de fertilizantes de precisi\u00f3n generan un impacto real a la hora de limitar las emisiones. As\u00ed pues, resulta dif\u00edcil entender por qu\u00e9 tales pr\u00e1cticas, que suponen un coste real para los agricultores, no tienen cabida en el \u00e1mbito de aplicaci\u00f3n final de la certificaci\u00f3n. Adem\u00e1s, el sistema de acreditaci\u00f3n previsto conlleva una excesiva carga administrativa.<\/p>\n\n\n\n<p>Por lo tanto, pedimos al Parlamento Europeo y al Consejo que traten este tema en los pr\u00f3ximos meses con vistas a simplificar dichos reg\u00edmenes y aportarles m\u00e1s pragmatismo y subsidiariedad, a fin de alentar a un gran n\u00famero de agricultores a participar en ellos. En tales condiciones, la agricultura del carbono puede ser un \u00e9xito.<\/p>\n","protected":false},"excerpt":{"rendered":"<p>La Comisi\u00f3n Europea ha hecho p\u00fablica hoy su propuesta de reglamento para establecer un marco relativo a la certificaci\u00f3n de la eliminaci\u00f3n de CO2, tras su comunicaci\u00f3n del a\u00f1o pasado. En vista de la multitud de iniciativas locales en todo el continente, es de agradecer la intenci\u00f3n de armonizar y estructurar el sector. Sin embargo, [&hellip;]<\/p>\n","protected":false},"author":9,"featured_media":8194,"comment_status":"open","ping_status":"open","sticky":false,"template":"","format":"standard","meta":{"footnotes":""},"categories":[9,29,28],"tags":[],"yoast_head":"<!-- This site is optimized with the Yoast SEO plugin v24.5 - https:\/\/yoast.com\/wordpress\/plugins\/seo\/ -->\n<title>Sobre la propuesta de la Comisi\u00f3n Europea relativa a la certificaci\u00f3n de la eliminaci\u00f3n de carbono - ASAJA Palencia<\/title>\n<meta name=\"description\" content=\"La Comisi\u00f3n Europea ha hecho p\u00fablica hoy su propuesta de reglamento para establecer un marco relativo a la certificaci\u00f3n de la eliminaci\u00f3n de CO2, tras su\" \/>\n<meta name=\"robots\" content=\"index, follow, max-snippet:-1, max-image-preview:large, max-video-preview:-1\" \/>\n<link rel=\"canonical\" href=\"https:\/\/www.asajacyl.com\/palencia\/asaja-palencia-informa\/sobre-la-propuesta-de-la-comision-europea-relativa-a-la-certificacion-de-la-eliminacion-de-carbono\" \/>\n<meta property=\"og:locale\" content=\"es_ES\" \/>\n<meta property=\"og:type\" content=\"article\" \/>\n<meta property=\"og:title\" content=\"Sobre la propuesta de la Comisi\u00f3n Europea relativa a la certificaci\u00f3n de la eliminaci\u00f3n de carbono - ASAJA Palencia\" \/>\n<meta property=\"og:description\" content=\"La Comisi\u00f3n Europea ha hecho p\u00fablica hoy su propuesta de reglamento para establecer un marco relativo a la certificaci\u00f3n de la eliminaci\u00f3n de CO2, tras su\" \/>\n<meta property=\"og:url\" content=\"https:\/\/www.asajacyl.com\/palencia\/asaja-palencia-informa\/sobre-la-propuesta-de-la-comision-europea-relativa-a-la-certificacion-de-la-eliminacion-de-carbono\" \/>\n<meta property=\"og:site_name\" content=\"ASAJA Palencia\" \/>\n<meta property=\"article:published_time\" content=\"2023-04-16T11:08:44+00:00\" \/>\n<meta property=\"og:image\" content=\"https:\/\/www.asajacyl.com\/palencia\/wp-content\/uploads\/sites\/3\/2021\/04\/COPACOGECA.jpg\" \/>\n\t<meta property=\"og:image:width\" content=\"1280\" \/>\n\t<meta property=\"og:image:height\" content=\"693\" \/>\n\t<meta property=\"og:image:type\" content=\"image\/jpeg\" \/>\n<meta name=\"author\" content=\"Administrador\" \/>\n<meta name=\"twitter:card\" content=\"summary_large_image\" \/>\n<meta name=\"twitter:label1\" content=\"Escrito por\" \/>\n\t<meta name=\"twitter:data1\" content=\"Administrador\" \/>\n\t<meta name=\"twitter:label2\" content=\"Tiempo de lectura\" \/>\n\t<meta name=\"twitter:data2\" content=\"3 minutos\" \/>\n<script type=\"application\/ld+json\" class=\"yoast-schema-graph\">{\"@context\":\"https:\/\/schema.org\",\"@graph\":[{\"@type\":\"WebPage\",\"@id\":\"https:\/\/www.asajacyl.com\/palencia\/asaja-palencia-informa\/sobre-la-propuesta-de-la-comision-europea-relativa-a-la-certificacion-de-la-eliminacion-de-carbono\",\"url\":\"https:\/\/www.asajacyl.com\/palencia\/asaja-palencia-informa\/sobre-la-propuesta-de-la-comision-europea-relativa-a-la-certificacion-de-la-eliminacion-de-carbono\",\"name\":\"Sobre la propuesta de la Comisi\u00f3n Europea relativa a la certificaci\u00f3n de la eliminaci\u00f3n de carbono - ASAJA Palencia\",\"isPartOf\":{\"@id\":\"https:\/\/www.asajacyl.com\/palencia\/#website\"},\"primaryImageOfPage\":{\"@id\":\"https:\/\/www.asajacyl.com\/palencia\/asaja-palencia-informa\/sobre-la-propuesta-de-la-comision-europea-relativa-a-la-certificacion-de-la-eliminacion-de-carbono#primaryimage\"},\"image\":{\"@id\":\"https:\/\/www.asajacyl.com\/palencia\/asaja-palencia-informa\/sobre-la-propuesta-de-la-comision-europea-relativa-a-la-certificacion-de-la-eliminacion-de-carbono#primaryimage\"},\"thumbnailUrl\":\"https:\/\/www.asajacyl.com\/palencia\/wp-content\/uploads\/sites\/3\/2021\/04\/COPACOGECA.jpg\",\"datePublished\":\"2023-04-16T11:08:44+00:00\",\"author\":{\"@id\":\"https:\/\/www.asajacyl.com\/palencia\/#\/schema\/person\/3ab17aeb03527485c317557fae64aab1\"},\"description\":\"La Comisi\u00f3n Europea ha hecho p\u00fablica hoy su propuesta de reglamento para establecer un marco relativo a la certificaci\u00f3n de la eliminaci\u00f3n de CO2, tras su\",\"breadcrumb\":{\"@id\":\"https:\/\/www.asajacyl.com\/palencia\/asaja-palencia-informa\/sobre-la-propuesta-de-la-comision-europea-relativa-a-la-certificacion-de-la-eliminacion-de-carbono#breadcrumb\"},\"inLanguage\":\"es\",\"potentialAction\":[{\"@type\":\"ReadAction\",\"target\":[\"https:\/\/www.asajacyl.com\/palencia\/asaja-palencia-informa\/sobre-la-propuesta-de-la-comision-europea-relativa-a-la-certificacion-de-la-eliminacion-de-carbono\"]}]},{\"@type\":\"ImageObject\",\"inLanguage\":\"es\",\"@id\":\"https:\/\/www.asajacyl.com\/palencia\/asaja-palencia-informa\/sobre-la-propuesta-de-la-comision-europea-relativa-a-la-certificacion-de-la-eliminacion-de-carbono#primaryimage\",\"url\":\"https:\/\/www.asajacyl.com\/palencia\/wp-content\/uploads\/sites\/3\/2021\/04\/COPACOGECA.jpg\",\"contentUrl\":\"https:\/\/www.asajacyl.com\/palencia\/wp-content\/uploads\/sites\/3\/2021\/04\/COPACOGECA.jpg\",\"width\":1280,\"height\":693},{\"@type\":\"BreadcrumbList\",\"@id\":\"https:\/\/www.asajacyl.com\/palencia\/asaja-palencia-informa\/sobre-la-propuesta-de-la-comision-europea-relativa-a-la-certificacion-de-la-eliminacion-de-carbono#breadcrumb\",\"itemListElement\":[{\"@type\":\"ListItem\",\"position\":1,\"name\":\"Portada\",\"item\":\"https:\/\/www.asajacyl.com\/palencia\/\"},{\"@type\":\"ListItem\",\"position\":2,\"name\":\"Sobre la propuesta de la Comisi\u00f3n Europea relativa a la certificaci\u00f3n de la eliminaci\u00f3n de carbono\"}]},{\"@type\":\"WebSite\",\"@id\":\"https:\/\/www.asajacyl.com\/palencia\/#website\",\"url\":\"https:\/\/www.asajacyl.com\/palencia\/\",\"name\":\"ASAJA Palencia\",\"description\":\"Otro sitio m\u00e1s de Provincias ASAJA Castilla y Le\u00f3n\",\"potentialAction\":[{\"@type\":\"SearchAction\",\"target\":{\"@type\":\"EntryPoint\",\"urlTemplate\":\"https:\/\/www.asajacyl.com\/palencia\/?s={search_term_string}\"},\"query-input\":{\"@type\":\"PropertyValueSpecification\",\"valueRequired\":true,\"valueName\":\"search_term_string\"}}],\"inLanguage\":\"es\"},{\"@type\":\"Person\",\"@id\":\"https:\/\/www.asajacyl.com\/palencia\/#\/schema\/person\/3ab17aeb03527485c317557fae64aab1\",\"name\":\"Administrador\",\"image\":{\"@type\":\"ImageObject\",\"inLanguage\":\"es\",\"@id\":\"https:\/\/www.asajacyl.com\/palencia\/#\/schema\/person\/image\/\",\"url\":\"https:\/\/secure.gravatar.com\/avatar\/517384810d242ca9e38c180f3c9fb973?s=96&d=mm&r=g\",\"contentUrl\":\"https:\/\/secure.gravatar.com\/avatar\/517384810d242ca9e38c180f3c9fb973?s=96&d=mm&r=g\",\"caption\":\"Administrador\"},\"url\":\"https:\/\/www.asajacyl.com\/palencia\/author\/carlosrm\"}]}<\/script>\n<!-- \/ Yoast SEO plugin. -->","yoast_head_json":{"title":"Sobre la propuesta de la Comisi\u00f3n Europea relativa a la certificaci\u00f3n de la eliminaci\u00f3n de carbono - ASAJA Palencia","description":"La Comisi\u00f3n Europea ha hecho p\u00fablica hoy su propuesta de reglamento para establecer un marco relativo a la certificaci\u00f3n de la eliminaci\u00f3n de CO2, tras su","robots":{"index":"index","follow":"follow","max-snippet":"max-snippet:-1","max-image-preview":"max-image-preview:large","max-video-preview":"max-video-preview:-1"},"canonical":"https:\/\/www.asajacyl.com\/palencia\/asaja-palencia-informa\/sobre-la-propuesta-de-la-comision-europea-relativa-a-la-certificacion-de-la-eliminacion-de-carbono","og_locale":"es_ES","og_type":"article","og_title":"Sobre la propuesta de la Comisi\u00f3n Europea relativa a la certificaci\u00f3n de la eliminaci\u00f3n de carbono - ASAJA Palencia","og_description":"La Comisi\u00f3n Europea ha hecho p\u00fablica hoy su propuesta de reglamento para establecer un marco relativo a la certificaci\u00f3n de la eliminaci\u00f3n de CO2, tras su","og_url":"https:\/\/www.asajacyl.com\/palencia\/asaja-palencia-informa\/sobre-la-propuesta-de-la-comision-europea-relativa-a-la-certificacion-de-la-eliminacion-de-carbono","og_site_name":"ASAJA Palencia","article_published_time":"2023-04-16T11:08:44+00:00","og_image":[{"width":1280,"height":693,"url":"https:\/\/www.asajacyl.com\/palencia\/wp-content\/uploads\/sites\/3\/2021\/04\/COPACOGECA.jpg","type":"image\/jpeg"}],"author":"Administrador","twitter_card":"summary_large_image","twitter_misc":{"Escrito por":"Administrador","Tiempo de lectura":"3 minutos"},"schema":{"@context":"https:\/\/schema.org","@graph":[{"@type":"WebPage","@id":"https:\/\/www.asajacyl.com\/palencia\/asaja-palencia-informa\/sobre-la-propuesta-de-la-comision-europea-relativa-a-la-certificacion-de-la-eliminacion-de-carbono","url":"https:\/\/www.asajacyl.com\/palencia\/asaja-palencia-informa\/sobre-la-propuesta-de-la-comision-europea-relativa-a-la-certificacion-de-la-eliminacion-de-carbono","name":"Sobre la propuesta de la Comisi\u00f3n Europea relativa a la certificaci\u00f3n de la eliminaci\u00f3n de carbono - ASAJA Palencia","isPartOf":{"@id":"https:\/\/www.asajacyl.com\/palencia\/#website"},"primaryImageOfPage":{"@id":"https:\/\/www.asajacyl.com\/palencia\/asaja-palencia-informa\/sobre-la-propuesta-de-la-comision-europea-relativa-a-la-certificacion-de-la-eliminacion-de-carbono#primaryimage"},"image":{"@id":"https:\/\/www.asajacyl.com\/palencia\/asaja-palencia-informa\/sobre-la-propuesta-de-la-comision-europea-relativa-a-la-certificacion-de-la-eliminacion-de-carbono#primaryimage"},"thumbnailUrl":"https:\/\/www.asajacyl.com\/palencia\/wp-content\/uploads\/sites\/3\/2021\/04\/COPACOGECA.jpg","datePublished":"2023-04-16T11:08:44+00:00","author":{"@id":"https:\/\/www.asajacyl.com\/palencia\/#\/schema\/person\/3ab17aeb03527485c317557fae64aab1"},"description":"La Comisi\u00f3n Europea ha hecho p\u00fablica hoy su propuesta de reglamento para establecer un marco relativo a la certificaci\u00f3n de la eliminaci\u00f3n de CO2, tras su","breadcrumb":{"@id":"https:\/\/www.asajacyl.com\/palencia\/asaja-palencia-informa\/sobre-la-propuesta-de-la-comision-europea-relativa-a-la-certificacion-de-la-eliminacion-de-carbono#breadcrumb"},"inLanguage":"es","potentialAction":[{"@type":"ReadAction","target":["https:\/\/www.asajacyl.com\/palencia\/asaja-palencia-informa\/sobre-la-propuesta-de-la-comision-europea-relativa-a-la-certificacion-de-la-eliminacion-de-carbono"]}]},{"@type":"ImageObject","inLanguage":"es","@id":"https:\/\/www.asajacyl.com\/palencia\/asaja-palencia-informa\/sobre-la-propuesta-de-la-comision-europea-relativa-a-la-certificacion-de-la-eliminacion-de-carbono#primaryimage","url":"https:\/\/www.asajacyl.com\/palencia\/wp-content\/uploads\/sites\/3\/2021\/04\/COPACOGECA.jpg","contentUrl":"https:\/\/www.asajacyl.com\/palencia\/wp-content\/uploads\/sites\/3\/2021\/04\/COPACOGECA.jpg","width":1280,"height":693},{"@type":"BreadcrumbList","@id":"https:\/\/www.asajacyl.com\/palencia\/asaja-palencia-informa\/sobre-la-propuesta-de-la-comision-europea-relativa-a-la-certificacion-de-la-eliminacion-de-carbono#breadcrumb","itemListElement":[{"@type":"ListItem","position":1,"name":"Portada","item":"https:\/\/www.asajacyl.com\/palencia\/"},{"@type":"ListItem","position":2,"name":"Sobre la propuesta de la Comisi\u00f3n Europea relativa a la certificaci\u00f3n de la eliminaci\u00f3n de carbono"}]},{"@type":"WebSite","@id":"https:\/\/www.asajacyl.com\/palencia\/#website","url":"https:\/\/www.asajacyl.com\/palencia\/","name":"ASAJA Palencia","description":"Otro sitio m\u00e1s de Provincias ASAJA Castilla y Le\u00f3n","potentialAction":[{"@type":"SearchAction","target":{"@type":"EntryPoint","urlTemplate":"https:\/\/www.asajacyl.com\/palencia\/?s={search_term_string}"},"query-input":{"@type":"PropertyValueSpecification","valueRequired":true,"valueName":"search_term_string"}}],"inLanguage":"es"},{"@type":"Person","@id":"https:\/\/www.asajacyl.com\/palencia\/#\/schema\/person\/3ab17aeb03527485c317557fae64aab1","name":"Administrador","image":{"@type":"ImageObject","inLanguage":"es","@id":"https:\/\/www.asajacyl.com\/palencia\/#\/schema\/person\/image\/","url":"https:\/\/secure.gravatar.com\/avatar\/517384810d242ca9e38c180f3c9fb973?s=96&d=mm&r=g","contentUrl":"https:\/\/secure.gravatar.com\/avatar\/517384810d242ca9e38c180f3c9fb973?s=96&d=mm&r=g","caption":"Administrador"},"url":"https:\/\/www.asajacyl.com\/palencia\/author\/carlosrm"}]}},"_links":{"self":[{"href":"https:\/\/www.asajacyl.com\/palencia\/wp-json\/wp\/v2\/posts\/12892"}],"collection":[{"href":"https:\/\/www.asajacyl.com\/palencia\/wp-json\/wp\/v2\/posts"}],"about":[{"href":"https:\/\/www.asajacyl.com\/palencia\/wp-json\/wp\/v2\/types\/post"}],"author":[{"embeddable":true,"href":"https:\/\/www.asajacyl.com\/palencia\/wp-json\/wp\/v2\/users\/9"}],"replies":[{"embeddable":true,"href":"https:\/\/www.asajacyl.com\/palencia\/wp-json\/wp\/v2\/comments?post=12892"}],"version-history":[{"count":1,"href":"https:\/\/www.asajacyl.com\/palencia\/wp-json\/wp\/v2\/posts\/12892\/revisions"}],"predecessor-version":[{"id":12894,"href":"https:\/\/www.asajacyl.com\/palencia\/wp-json\/wp\/v2\/posts\/12892\/revisions\/12894"}],"wp:featuredmedia":[{"embeddable":true,"href":"https:\/\/www.asajacyl.com\/palencia\/wp-json\/wp\/v2\/media\/8194"}],"wp:attachment":[{"href":"https:\/\/www.asajacyl.com\/palencia\/wp-json\/wp\/v2\/media?parent=12892"}],"wp:term":[{"taxonomy":"category","embeddable":true,"href":"https:\/\/www.asajacyl.com\/palencia\/wp-json\/wp\/v2\/categories?post=12892"},{"taxonomy":"post_tag","embeddable":true,"href":"https:\/\/www.asajacyl.com\/palencia\/wp-json\/wp\/v2\/tags?post=12892"}],"curies":[{"name":"wp","href":"https:\/\/api.w.org\/{rel}","templated":true}]}}