{"id":12895,"date":"2023-04-18T13:12:42","date_gmt":"2023-04-18T11:12:42","guid":{"rendered":"https:\/\/www.asajacyl.com\/palencia\/?p=12895"},"modified":"2023-04-13T13:13:52","modified_gmt":"2023-04-13T11:13:52","slug":"desenlace-de-la-votacion-de-la-resolucion-conjunta-relativa-a-los-grandes-carnivoros-en-el-pleno","status":"publish","type":"post","link":"https:\/\/www.asajacyl.com\/palencia\/asaja-palencia-informa\/desenlace-de-la-votacion-de-la-resolucion-conjunta-relativa-a-los-grandes-carnivoros-en-el-pleno","title":{"rendered":"Desenlace de la votaci\u00f3n de la resoluci\u00f3n conjunta relativa a los grandes carn\u00edvoros en el Pleno"},"content":{"rendered":"\n<p>Desde el Copa y la Cogeca acogemos con agrado que el Parlamento Europeo lleve a t\u00e9rmino el debate sobre los grandes carn\u00edvoros que tanto ha dado que hablar durante a\u00f1os. La resoluci\u00f3n conjunta aprobada hoy con una clara mayor\u00eda (306 votos a favor, 225 votos en contra) hace converger muchos puntos de vista opuestos en un verdadero esfuerzo por abordar en serio esta cuesti\u00f3n e instar a las dem\u00e1s instituciones europeas a tomar cartas en el asunto.<\/p>\n\n\n\n<p>El Copa y la Cogeca respaldan el mensaje claro y objetivo transmitido por los miembros del Parlamento Europeo hoy, a saber, que las poblaciones de grandes carn\u00edvoros han experimentado un auge ins\u00f3lito en los \u00faltimos a\u00f1os y podr\u00edan seguir creciendo de manera exponencial en los a\u00f1os venideros. El marco vigente es obsoleto e inapto, por lo tanto, se debe aplicar un nuevo planteamiento en lo referente a la gesti\u00f3n poblacional. Urge actuar sin mayor dilaci\u00f3n, puesto que las tragedias diarias se multiplican en el campo como consecuencia de la presi\u00f3n que ejercen los grandes carn\u00edvoros. Los Estados miembro deben actuar con premura y la Comisi\u00f3n Europea, a trav\u00e9s de la DG ENVI, debe abandonar su planteamiento dogm\u00e1tico y proponer soluciones concretas en el \u00e1mbito de la gesti\u00f3n poblacional.<\/p>\n\n\n\n<p>En la opini\u00f3n del Copa y la Cogeca, las enmiendas a favor de la inclusi\u00f3n del art\u00edculo 19 de la Directiva H\u00e1bitats son un paso en la direcci\u00f3n correcta y muestran que dicho art\u00edculo es un elemento fundamental para continuar la senda del cambio. Asimismo, el llamamiento a favor de una evaluaci\u00f3n peri\u00f3dica y actualizada del estado de conservaci\u00f3n de nuestras especies protegidas es una muestra de apoyo a una forma de convivencia entre los humanos y los animales salvajes en la que se tomen m\u00e1s en consideraci\u00f3n los efectos rec\u00edprocos. La gesti\u00f3n sostenible de las poblaciones de grandes carn\u00edvoros en Europa sin duda requiere que se incorpore un instrumento jur\u00eddico concreto.<\/p>\n\n\n\n<p>El Copa y la Cogeca mantenemos nuestra predisposici\u00f3n a trabajar con las instituciones de la UE para seguir avanzando. Pese a la gran labor realizada, queda mucho por hacer hasta alcanzar el equilibrio adecuado.<\/p>\n","protected":false},"excerpt":{"rendered":"<p>Desde el Copa y la Cogeca acogemos con agrado que el Parlamento Europeo lleve a t\u00e9rmino el debate sobre los grandes carn\u00edvoros que tanto ha dado que hablar durante a\u00f1os. La resoluci\u00f3n conjunta aprobada hoy con una clara mayor\u00eda (306 votos a favor, 225 votos en contra) hace converger muchos puntos de vista opuestos en [&hellip;]<\/p>\n","protected":false},"author":9,"featured_media":8194,"comment_status":"open","ping_status":"open","sticky":false,"template":"","format":"standard","meta":{"footnotes":""},"categories":[9,29,28],"tags":[],"yoast_head":"<!-- This site is optimized with the Yoast SEO plugin v24.5 - https:\/\/yoast.com\/wordpress\/plugins\/seo\/ -->\n<title>Desenlace de la votaci\u00f3n de la resoluci\u00f3n conjunta relativa a los grandes carn\u00edvoros en el Pleno - ASAJA Palencia<\/title>\n<meta name=\"description\" content=\"Desde el Copa y la Cogeca acogemos con agrado que el Parlamento Europeo lleve a t\u00e9rmino el debate sobre los grandes carn\u00edvoros que tanto ha dado que\" \/>\n<meta name=\"robots\" content=\"index, follow, max-snippet:-1, max-image-preview:large, max-video-preview:-1\" \/>\n<link rel=\"canonical\" href=\"https:\/\/www.asajacyl.com\/palencia\/asaja-palencia-informa\/desenlace-de-la-votacion-de-la-resolucion-conjunta-relativa-a-los-grandes-carnivoros-en-el-pleno\" \/>\n<meta property=\"og:locale\" content=\"es_ES\" \/>\n<meta property=\"og:type\" content=\"article\" \/>\n<meta property=\"og:title\" content=\"Desenlace de la votaci\u00f3n de la resoluci\u00f3n conjunta relativa a los grandes carn\u00edvoros en el Pleno - ASAJA Palencia\" \/>\n<meta property=\"og:description\" content=\"Desde el Copa y la Cogeca acogemos con agrado que el Parlamento Europeo lleve a t\u00e9rmino el debate sobre los grandes carn\u00edvoros que tanto ha dado que\" \/>\n<meta property=\"og:url\" content=\"https:\/\/www.asajacyl.com\/palencia\/asaja-palencia-informa\/desenlace-de-la-votacion-de-la-resolucion-conjunta-relativa-a-los-grandes-carnivoros-en-el-pleno\" \/>\n<meta property=\"og:site_name\" content=\"ASAJA Palencia\" \/>\n<meta property=\"article:published_time\" content=\"2023-04-18T11:12:42+00:00\" \/>\n<meta property=\"og:image\" content=\"https:\/\/www.asajacyl.com\/palencia\/wp-content\/uploads\/sites\/3\/2021\/04\/COPACOGECA.jpg\" \/>\n\t<meta property=\"og:image:width\" content=\"1280\" \/>\n\t<meta property=\"og:image:height\" content=\"693\" \/>\n\t<meta property=\"og:image:type\" content=\"image\/jpeg\" \/>\n<meta name=\"author\" content=\"Administrador\" \/>\n<meta name=\"twitter:card\" content=\"summary_large_image\" \/>\n<meta name=\"twitter:label1\" content=\"Escrito por\" \/>\n\t<meta name=\"twitter:data1\" content=\"Administrador\" \/>\n\t<meta name=\"twitter:label2\" content=\"Tiempo de lectura\" \/>\n\t<meta name=\"twitter:data2\" content=\"2 minutos\" \/>\n<script type=\"application\/ld+json\" class=\"yoast-schema-graph\">{\"@context\":\"https:\/\/schema.org\",\"@graph\":[{\"@type\":\"WebPage\",\"@id\":\"https:\/\/www.asajacyl.com\/palencia\/asaja-palencia-informa\/desenlace-de-la-votacion-de-la-resolucion-conjunta-relativa-a-los-grandes-carnivoros-en-el-pleno\",\"url\":\"https:\/\/www.asajacyl.com\/palencia\/asaja-palencia-informa\/desenlace-de-la-votacion-de-la-resolucion-conjunta-relativa-a-los-grandes-carnivoros-en-el-pleno\",\"name\":\"Desenlace de la votaci\u00f3n de la resoluci\u00f3n conjunta relativa a los grandes carn\u00edvoros en el Pleno - ASAJA Palencia\",\"isPartOf\":{\"@id\":\"https:\/\/www.asajacyl.com\/palencia\/#website\"},\"primaryImageOfPage\":{\"@id\":\"https:\/\/www.asajacyl.com\/palencia\/asaja-palencia-informa\/desenlace-de-la-votacion-de-la-resolucion-conjunta-relativa-a-los-grandes-carnivoros-en-el-pleno#primaryimage\"},\"image\":{\"@id\":\"https:\/\/www.asajacyl.com\/palencia\/asaja-palencia-informa\/desenlace-de-la-votacion-de-la-resolucion-conjunta-relativa-a-los-grandes-carnivoros-en-el-pleno#primaryimage\"},\"thumbnailUrl\":\"https:\/\/www.asajacyl.com\/palencia\/wp-content\/uploads\/sites\/3\/2021\/04\/COPACOGECA.jpg\",\"datePublished\":\"2023-04-18T11:12:42+00:00\",\"author\":{\"@id\":\"https:\/\/www.asajacyl.com\/palencia\/#\/schema\/person\/3ab17aeb03527485c317557fae64aab1\"},\"description\":\"Desde el Copa y la Cogeca acogemos con agrado que el Parlamento Europeo lleve a t\u00e9rmino el debate sobre los grandes carn\u00edvoros que tanto ha dado que\",\"breadcrumb\":{\"@id\":\"https:\/\/www.asajacyl.com\/palencia\/asaja-palencia-informa\/desenlace-de-la-votacion-de-la-resolucion-conjunta-relativa-a-los-grandes-carnivoros-en-el-pleno#breadcrumb\"},\"inLanguage\":\"es\",\"potentialAction\":[{\"@type\":\"ReadAction\",\"target\":[\"https:\/\/www.asajacyl.com\/palencia\/asaja-palencia-informa\/desenlace-de-la-votacion-de-la-resolucion-conjunta-relativa-a-los-grandes-carnivoros-en-el-pleno\"]}]},{\"@type\":\"ImageObject\",\"inLanguage\":\"es\",\"@id\":\"https:\/\/www.asajacyl.com\/palencia\/asaja-palencia-informa\/desenlace-de-la-votacion-de-la-resolucion-conjunta-relativa-a-los-grandes-carnivoros-en-el-pleno#primaryimage\",\"url\":\"https:\/\/www.asajacyl.com\/palencia\/wp-content\/uploads\/sites\/3\/2021\/04\/COPACOGECA.jpg\",\"contentUrl\":\"https:\/\/www.asajacyl.com\/palencia\/wp-content\/uploads\/sites\/3\/2021\/04\/COPACOGECA.jpg\",\"width\":1280,\"height\":693},{\"@type\":\"BreadcrumbList\",\"@id\":\"https:\/\/www.asajacyl.com\/palencia\/asaja-palencia-informa\/desenlace-de-la-votacion-de-la-resolucion-conjunta-relativa-a-los-grandes-carnivoros-en-el-pleno#breadcrumb\",\"itemListElement\":[{\"@type\":\"ListItem\",\"position\":1,\"name\":\"Portada\",\"item\":\"https:\/\/www.asajacyl.com\/palencia\/\"},{\"@type\":\"ListItem\",\"position\":2,\"name\":\"Desenlace de la votaci\u00f3n de la resoluci\u00f3n conjunta relativa a los grandes carn\u00edvoros en el Pleno\"}]},{\"@type\":\"WebSite\",\"@id\":\"https:\/\/www.asajacyl.com\/palencia\/#website\",\"url\":\"https:\/\/www.asajacyl.com\/palencia\/\",\"name\":\"ASAJA Palencia\",\"description\":\"Otro sitio m\u00e1s de Provincias ASAJA Castilla y Le\u00f3n\",\"potentialAction\":[{\"@type\":\"SearchAction\",\"target\":{\"@type\":\"EntryPoint\",\"urlTemplate\":\"https:\/\/www.asajacyl.com\/palencia\/?s={search_term_string}\"},\"query-input\":{\"@type\":\"PropertyValueSpecification\",\"valueRequired\":true,\"valueName\":\"search_term_string\"}}],\"inLanguage\":\"es\"},{\"@type\":\"Person\",\"@id\":\"https:\/\/www.asajacyl.com\/palencia\/#\/schema\/person\/3ab17aeb03527485c317557fae64aab1\",\"name\":\"Administrador\",\"image\":{\"@type\":\"ImageObject\",\"inLanguage\":\"es\",\"@id\":\"https:\/\/www.asajacyl.com\/palencia\/#\/schema\/person\/image\/\",\"url\":\"https:\/\/secure.gravatar.com\/avatar\/517384810d242ca9e38c180f3c9fb973?s=96&d=mm&r=g\",\"contentUrl\":\"https:\/\/secure.gravatar.com\/avatar\/517384810d242ca9e38c180f3c9fb973?s=96&d=mm&r=g\",\"caption\":\"Administrador\"},\"url\":\"https:\/\/www.asajacyl.com\/palencia\/author\/carlosrm\"}]}<\/script>\n<!-- \/ Yoast SEO plugin. -->","yoast_head_json":{"title":"Desenlace de la votaci\u00f3n de la resoluci\u00f3n conjunta relativa a los grandes carn\u00edvoros en el Pleno - ASAJA Palencia","description":"Desde el Copa y la Cogeca acogemos con agrado que el Parlamento Europeo lleve a t\u00e9rmino el debate sobre los grandes carn\u00edvoros que tanto ha dado que","robots":{"index":"index","follow":"follow","max-snippet":"max-snippet:-1","max-image-preview":"max-image-preview:large","max-video-preview":"max-video-preview:-1"},"canonical":"https:\/\/www.asajacyl.com\/palencia\/asaja-palencia-informa\/desenlace-de-la-votacion-de-la-resolucion-conjunta-relativa-a-los-grandes-carnivoros-en-el-pleno","og_locale":"es_ES","og_type":"article","og_title":"Desenlace de la votaci\u00f3n de la resoluci\u00f3n conjunta relativa a los grandes carn\u00edvoros en el Pleno - ASAJA Palencia","og_description":"Desde el Copa y la Cogeca acogemos con agrado que el Parlamento Europeo lleve a t\u00e9rmino el debate sobre los grandes carn\u00edvoros que tanto ha dado que","og_url":"https:\/\/www.asajacyl.com\/palencia\/asaja-palencia-informa\/desenlace-de-la-votacion-de-la-resolucion-conjunta-relativa-a-los-grandes-carnivoros-en-el-pleno","og_site_name":"ASAJA Palencia","article_published_time":"2023-04-18T11:12:42+00:00","og_image":[{"width":1280,"height":693,"url":"https:\/\/www.asajacyl.com\/palencia\/wp-content\/uploads\/sites\/3\/2021\/04\/COPACOGECA.jpg","type":"image\/jpeg"}],"author":"Administrador","twitter_card":"summary_large_image","twitter_misc":{"Escrito por":"Administrador","Tiempo de lectura":"2 minutos"},"schema":{"@context":"https:\/\/schema.org","@graph":[{"@type":"WebPage","@id":"https:\/\/www.asajacyl.com\/palencia\/asaja-palencia-informa\/desenlace-de-la-votacion-de-la-resolucion-conjunta-relativa-a-los-grandes-carnivoros-en-el-pleno","url":"https:\/\/www.asajacyl.com\/palencia\/asaja-palencia-informa\/desenlace-de-la-votacion-de-la-resolucion-conjunta-relativa-a-los-grandes-carnivoros-en-el-pleno","name":"Desenlace de la votaci\u00f3n de la resoluci\u00f3n conjunta relativa a los grandes carn\u00edvoros en el Pleno - ASAJA Palencia","isPartOf":{"@id":"https:\/\/www.asajacyl.com\/palencia\/#website"},"primaryImageOfPage":{"@id":"https:\/\/www.asajacyl.com\/palencia\/asaja-palencia-informa\/desenlace-de-la-votacion-de-la-resolucion-conjunta-relativa-a-los-grandes-carnivoros-en-el-pleno#primaryimage"},"image":{"@id":"https:\/\/www.asajacyl.com\/palencia\/asaja-palencia-informa\/desenlace-de-la-votacion-de-la-resolucion-conjunta-relativa-a-los-grandes-carnivoros-en-el-pleno#primaryimage"},"thumbnailUrl":"https:\/\/www.asajacyl.com\/palencia\/wp-content\/uploads\/sites\/3\/2021\/04\/COPACOGECA.jpg","datePublished":"2023-04-18T11:12:42+00:00","author":{"@id":"https:\/\/www.asajacyl.com\/palencia\/#\/schema\/person\/3ab17aeb03527485c317557fae64aab1"},"description":"Desde el Copa y la Cogeca acogemos con agrado que el Parlamento Europeo lleve a t\u00e9rmino el debate sobre los grandes carn\u00edvoros que tanto ha dado que","breadcrumb":{"@id":"https:\/\/www.asajacyl.com\/palencia\/asaja-palencia-informa\/desenlace-de-la-votacion-de-la-resolucion-conjunta-relativa-a-los-grandes-carnivoros-en-el-pleno#breadcrumb"},"inLanguage":"es","potentialAction":[{"@type":"ReadAction","target":["https:\/\/www.asajacyl.com\/palencia\/asaja-palencia-informa\/desenlace-de-la-votacion-de-la-resolucion-conjunta-relativa-a-los-grandes-carnivoros-en-el-pleno"]}]},{"@type":"ImageObject","inLanguage":"es","@id":"https:\/\/www.asajacyl.com\/palencia\/asaja-palencia-informa\/desenlace-de-la-votacion-de-la-resolucion-conjunta-relativa-a-los-grandes-carnivoros-en-el-pleno#primaryimage","url":"https:\/\/www.asajacyl.com\/palencia\/wp-content\/uploads\/sites\/3\/2021\/04\/COPACOGECA.jpg","contentUrl":"https:\/\/www.asajacyl.com\/palencia\/wp-content\/uploads\/sites\/3\/2021\/04\/COPACOGECA.jpg","width":1280,"height":693},{"@type":"BreadcrumbList","@id":"https:\/\/www.asajacyl.com\/palencia\/asaja-palencia-informa\/desenlace-de-la-votacion-de-la-resolucion-conjunta-relativa-a-los-grandes-carnivoros-en-el-pleno#breadcrumb","itemListElement":[{"@type":"ListItem","position":1,"name":"Portada","item":"https:\/\/www.asajacyl.com\/palencia\/"},{"@type":"ListItem","position":2,"name":"Desenlace de la votaci\u00f3n de la resoluci\u00f3n conjunta relativa a los grandes carn\u00edvoros en el Pleno"}]},{"@type":"WebSite","@id":"https:\/\/www.asajacyl.com\/palencia\/#website","url":"https:\/\/www.asajacyl.com\/palencia\/","name":"ASAJA Palencia","description":"Otro sitio m\u00e1s de Provincias ASAJA Castilla y Le\u00f3n","potentialAction":[{"@type":"SearchAction","target":{"@type":"EntryPoint","urlTemplate":"https:\/\/www.asajacyl.com\/palencia\/?s={search_term_string}"},"query-input":{"@type":"PropertyValueSpecification","valueRequired":true,"valueName":"search_term_string"}}],"inLanguage":"es"},{"@type":"Person","@id":"https:\/\/www.asajacyl.com\/palencia\/#\/schema\/person\/3ab17aeb03527485c317557fae64aab1","name":"Administrador","image":{"@type":"ImageObject","inLanguage":"es","@id":"https:\/\/www.asajacyl.com\/palencia\/#\/schema\/person\/image\/","url":"https:\/\/secure.gravatar.com\/avatar\/517384810d242ca9e38c180f3c9fb973?s=96&d=mm&r=g","contentUrl":"https:\/\/secure.gravatar.com\/avatar\/517384810d242ca9e38c180f3c9fb973?s=96&d=mm&r=g","caption":"Administrador"},"url":"https:\/\/www.asajacyl.com\/palencia\/author\/carlosrm"}]}},"_links":{"self":[{"href":"https:\/\/www.asajacyl.com\/palencia\/wp-json\/wp\/v2\/posts\/12895"}],"collection":[{"href":"https:\/\/www.asajacyl.com\/palencia\/wp-json\/wp\/v2\/posts"}],"about":[{"href":"https:\/\/www.asajacyl.com\/palencia\/wp-json\/wp\/v2\/types\/post"}],"author":[{"embeddable":true,"href":"https:\/\/www.asajacyl.com\/palencia\/wp-json\/wp\/v2\/users\/9"}],"replies":[{"embeddable":true,"href":"https:\/\/www.asajacyl.com\/palencia\/wp-json\/wp\/v2\/comments?post=12895"}],"version-history":[{"count":1,"href":"https:\/\/www.asajacyl.com\/palencia\/wp-json\/wp\/v2\/posts\/12895\/revisions"}],"predecessor-version":[{"id":12897,"href":"https:\/\/www.asajacyl.com\/palencia\/wp-json\/wp\/v2\/posts\/12895\/revisions\/12897"}],"wp:featuredmedia":[{"embeddable":true,"href":"https:\/\/www.asajacyl.com\/palencia\/wp-json\/wp\/v2\/media\/8194"}],"wp:attachment":[{"href":"https:\/\/www.asajacyl.com\/palencia\/wp-json\/wp\/v2\/media?parent=12895"}],"wp:term":[{"taxonomy":"category","embeddable":true,"href":"https:\/\/www.asajacyl.com\/palencia\/wp-json\/wp\/v2\/categories?post=12895"},{"taxonomy":"post_tag","embeddable":true,"href":"https:\/\/www.asajacyl.com\/palencia\/wp-json\/wp\/v2\/tags?post=12895"}],"curies":[{"name":"wp","href":"https:\/\/api.w.org\/{rel}","templated":true}]}}