{"id":12902,"date":"2023-04-14T09:22:59","date_gmt":"2023-04-14T07:22:59","guid":{"rendered":"https:\/\/www.asajacyl.com\/palencia\/?p=12902"},"modified":"2023-04-14T09:24:10","modified_gmt":"2023-04-14T07:24:10","slug":"asaja-palencia-lamenta-la-incertidumbre-en-la-campana-de-riego-por-malas-politicas-hidraulicas-que-se-anaden-a-la-escasez-de-precipitaciones","status":"publish","type":"post","link":"https:\/\/www.asajacyl.com\/palencia\/asaja-palencia-informa\/asaja-palencia-lamenta-la-incertidumbre-en-la-campana-de-riego-por-malas-politicas-hidraulicas-que-se-anaden-a-la-escasez-de-precipitaciones","title":{"rendered":"ASAJA-Palencia lamenta la incertidumbre en el riego por \u00abmalas pol\u00edticas hidr\u00e1ulicas que se a\u00f1aden a la escasez de precipitaciones\u00bb"},"content":{"rendered":"\n<h2 class=\"wp-block-heading\">\u00b7 La Confederaci\u00f3n del Duero califica de \u00abcomprometida\u00bb la situaci\u00f3n del sistema Pisuerga, con unas reservas del 48%, veintis\u00e9is puntos menos que en la \u00faltima d\u00e9cada<\/h2>\n\n\n\n<h2 class=\"wp-block-heading\">\u00b7 La disponibilidad de agua para riego en este sistema ya se ha limitado a 3.500 metros c\u00fabicos por hect\u00e1rea, mientras la dotaci\u00f3n en el sistema Carri\u00f3n se establece en 4.500<\/h2>\n\n\n\n<h2 class=\"wp-block-heading\">\u00b7 El organismo de cuenca advierte, no obstante, que estas cifras podr\u00edan revisarse a la baja o al alza en ambos sistemas en funci\u00f3n de la climatolog\u00eda de los pr\u00f3ximos meses<\/h2>\n\n\n\n<p><strong>Pintan bastos para la campa\u00f1a de riego de 2023 en la agricultura palentina, a la vista de los datos de agua embalsada y de las decisiones tomadas esta semana por la Junta de Gobierno y la Comisi\u00f3n de Desembalse de la Confederaci\u00f3n Hidrogr\u00e1fica del Duero (CHD). ASAJA-Palencia reconoce la escasez de precipitaciones que padece la provincia en los \u00faltimos meses, pero lamenta que la situaci\u00f3n se vea agravada por una deficiente regulaci\u00f3n y por las actuales pol\u00edticas hidr\u00e1ulicas, reacias a la inversi\u00f3n en infraestructuras para almacenar m\u00e1s agua para el riego, que acabar\u00edan con una carencia hist\u00f3rica. La CHD reconoce, de momento, la \u00absituaci\u00f3n comprometida\u00bb del sistema Pisuerga, cuyos embalses \u2014Aguilar, La Requejada y Cervera-Ruesga\u2014 presentan a fecha de hoy unas reservas del 48,5%, veintis\u00e9is puntos menos que la media de la \u00faltima d\u00e9cada, que ronda el 75%. Por este motivo, el organismo regulador ha establecido una dotaci\u00f3n m\u00e1xima de s\u00f3lo 3.500 metros c\u00fabicos por hect\u00e1rea en este sistema, tanto para los regad\u00edos que se abastecen a trav\u00e9s de los canales del Estado, como para el resto de tomas de riego del sistema Pisuerga. La situaci\u00f3n es menos grave en el sistema Carri\u00f3n, donde se ha autorizado una dotaci\u00f3n orientativa de 4.500 metros c\u00fabicos por hect\u00e1rea.<\/strong><\/p>\n\n\n\n<p>La CHD afirma que est\u00e1 \u00abpr\u00e1cticamente garantizada\u00bb la campa\u00f1a en todos los sistemas de la cuenca, pero no sucede as\u00ed en el Pisuerga debido a las insuficientes precipitaciones del oto\u00f1o y el invierno pasados. ASAJA-Palencia considera que esta excepcionalidad que de nuevo afecta al sistema Pisuerga (as\u00ed como al Bajo Duero y al sistema Tor\u00edo-Bernesga) deber\u00eda mover a reflexi\u00f3n sobre las actuales pol\u00edticas restrictivas a la inversi\u00f3n en infraestructura hidr\u00e1ulica que reinan \u00faltimamente en todo el pa\u00eds, y que singularmente perjudica a los regantes palentinos.<\/p>\n\n\n\n<p>Seg\u00fan recoge el \u00faltimo informe del Plan Especial de Sequ\u00eda, correspondiente al mes de marzo, el sistema Pisuerga se encuentra en situaci\u00f3n de prealerta en el Indicador de Escasez, aunque el Indicador de Sequ\u00eda Prolongada se hallaba en situaci\u00f3n de normalidad, como sucede en todos y cada uno de los sistemas del Duero.<\/p>\n\n\n\n<p><strong>CERCA DEL NIVEL DE ALERTA. <\/strong>Esa situaci\u00f3n de prealerta en el Pisuerga se presenta con el \u00edndice m\u00e1s bajo de toda la cuenca: 0,34, pr\u00e1cticamente la mitad que en el total del Duero (0,73). No s\u00f3lo se sit\u00faa por debajo del umbral de normalidad, cifrado en 0,5, sino peligrosamente cercano al nivel que marca el paso al nivel de alerta (0,3), previo al de emergencia (0,15). Es decir, de los cuatro niveles que la CHD maneja para calificar la escasez (normalidad, prealerta, alerta y emergencia), el sistema Pisuerga se halla pr\u00e1cticamente en niveles de alerta, si nos atenemos adem\u00e1s a la escasez de precipitaciones que se viene dando esta primavera.<\/p>\n\n\n\n<p>Este indicador se calcula con el volumen de agua embalsada en el conjunto del sistema (Aguilar, La Requejada y Cervera-Ruesga), que suma 152,7 hect\u00f3metros c\u00fabicos, apenas el 48% del total de capacidad, que ronda los 316 hect\u00f3metros entre los tres embalses. La media de los \u00faltimos diez a\u00f1os de volumen embalsado en este sistema se sit\u00faa en 237 hect\u00f3metros; es decir, el sistema Pisuerga acumulaba en marzo aproximadamente un tercio menos de agua embalsada (-35%) que la media de la \u00faltima d\u00e9cada.<\/p>\n\n\n\n<p><strong>COMO EN 2022. <\/strong>Con unas cifras actuales similares a las del pasado a\u00f1o (152 hm<sup>3<\/sup>), los regantes del sistema Pisuerga parecen condenados a una incertidumbre como la que ya padecieron en la campa\u00f1a de 2022. Considerando la escasez de lluvias, se cierne la amenaza de entrar en el escenario de escasez severa \u2014alerta\u2014 y ya conocen los regantes que esto implica \u00abproblemas para atender las demandas de agua satisfactoriamente\u00bb, como se\u00f1ala de modo expl\u00edcito el propio Plan Especial de Sequ\u00eda.<\/p>\n\n\n\n<p>Si el Indicador de Escasez presenta pocas dudas, el de Sequ\u00eda Prolongada en el sistema Pisuerga ratifica el pesimismo: el informe de marzo lo sit\u00faa en 0,38, no muy lejos del 0,30 que marca el umbral entre la normalidad y la sequ\u00eda prolongada, a la que ya cay\u00f3 este sistema pr\u00e1cticamente toda la pasada campa\u00f1a. Este Indicador de Sequ\u00eda se calcula en el Pisuerga con seis coeficientes ponderados correspondientes a las entradas de agua a los dos embalses de la cabecera \u2014La Requejada y Cervera-Ruesga\u2014, a tres estaciones de aforo a lo largo de la cuenca del Pisuerga y a la pluviometr\u00eda tomada en Valladolid.<\/p>\n\n\n\n<p>En el sistema Carri\u00f3n, los indicadores de marzo son mejores, tanto el de Sequ\u00eda (0,53) como en el de Escasez (0,87), calculado \u00e9ste con el volumen embalsado en Camporredondo y Compuerto: el mes pasado se superaban los 154 hect\u00f3metros c\u00fabicos, lo que representa el 94% de la capacidad total de ambos (casi 164 hm<sup>3<\/sup>). A fecha 11 de abril, ese volumen hab\u00eda descendido a 152 hm<sup>3<\/sup>, pero sigue aproximadamente un 10% por encima de la media de los diez \u00faltimos a\u00f1os (138 hm<sup>3<\/sup>) y, en todo caso, es significativamente superior al volumen embalsado en el sistema Carri\u00f3n hace un a\u00f1o (107 hm<sup>3<\/sup>), sin perjuicio del d\u00e9ficit hist\u00f3rico de capacidad y regulaci\u00f3n que registra por falta de inversiones.<\/p>\n\n\n\n<p><strong>RESERVAS M\u00cdNIMAS. <\/strong>Por esas carencias, aunque la dotaci\u00f3n orientativa de riego en el Carri\u00f3n reci\u00e9n aprobada \u20144.500 metros c\u00fabicos por hect\u00e1rea\u2014 \u00a0es ligeramente superior a la del sistema Pisuerga (3.500 m<sup>3<\/sup>), se sit\u00faa en la zona baja de las aprobadas en el conjunto de la cuenca, con varios sistemas en torno a los 6.000 m<sup>3<\/sup>). Estas cantidades se estiman en cada Junta de Explotaci\u00f3n una vez que la Comisi\u00f3n de Desembalse de la cuenca del Duero fij\u00f3 los vol\u00famenes m\u00ednimos de reserva en estos sistemas: 25 y 35 hect\u00f3metros c\u00fabicos para el Carri\u00f3n y el Pisuerga, respectivamente.<\/p>\n\n\n\n<p>Estas dotaciones orientativas m\u00e1ximas sirven de referencia para los usuarios del riego, pero la Confederaci\u00f3n Hidrogr\u00e1fica del Duero ya advierte que estos valores pueden sufrir variaci\u00f3n durante los pr\u00f3ximos meses, tanto al alza como a la baja, en funci\u00f3n de las condiciones meteorol\u00f3gicas. A esos efectos, la experiencia vivida el pasado a\u00f1o est\u00e1 reciente en la memoria de los regantes palentinos. La CHD se\u00f1ala que cada vez es m\u00e1s frecuente la aparici\u00f3n de \u00abcircunstancias climatol\u00f3gicas extremas durante la primavera y el verano, episodios que ya afectaron de forma seria al desarrollo de la pasada campa\u00f1a\u00bb; y vaticina que \u00abpueden suponer un factor clave en este 2023\u00bb.<\/p>\n\n\n\n<p>As\u00ed pues, el desarrollo de la campa\u00f1a de riego en los sistemas de la provincia de Palencia reci\u00e9n estrenada va a estar condicionado principalmente por el tiempo de esta primavera, como reconoce la propia Confederaci\u00f3n, organismo regulador que anuncia que \u00ablas condiciones climatol\u00f3gicas que se dispongan en los diferentes sistemas de explotaci\u00f3n de la cuenca durante esta estaci\u00f3n van a incidir doblemente tanto en el consumo de agua en las zonas regables como en las reservas de los embalses\u00bb.<\/p>\n\n\n\n<p><strong>ERROR ESTRAT\u00c9GICO.<\/strong> Para ASAJA-Palencia, el actual contexto de escasas precipitaciones evidencia a\u00fan m\u00e1s el error de unas pol\u00edticas contra la inversi\u00f3n en nuevas infraestructuras de almacenamiento, que afectan a esta provincia, porque los sistemas Carri\u00f3n y Pisuerga son susceptibles de aumentar sensiblemente en capacidad de almacenamiento y regulaci\u00f3n, y en una gesti\u00f3n hidrol\u00f3gica justa, racional y con visi\u00f3n de conjunto, lo que redundar\u00eda no s\u00f3lo en beneficio de los regantes y del sector primario, sino de toda la sociedad.<\/p>\n\n\n\n<p>La organizaci\u00f3n profesional agraria destaca que Palencia no es una provincia deficitaria en precipitaciones, ni mucho menos, si se compara adem\u00e1s con otros\u00a0 territorios de Espa\u00f1a; pero hay pol\u00edticas empe\u00f1adas en no considerar al agua como un recurso generador de empleos y actividad econ\u00f3mica, que adem\u00e1s fija poblaci\u00f3n rural, sino en procurar que el agua se vaya cuanto antes al oc\u00e9ano. <strong>\/<\/strong><\/p>\n\n\n\n<ul><\/ul>\n","protected":false},"excerpt":{"rendered":"<p>\u00b7 La Confederaci\u00f3n del Duero califica de \u00abcomprometida\u00bb la situaci\u00f3n del sistema Pisuerga, con unas reservas del 48%, veintis\u00e9is puntos menos que en la \u00faltima d\u00e9cada \u00b7 La disponibilidad de agua para riego en este sistema ya se ha limitado a 3.500 metros c\u00fabicos por hect\u00e1rea, mientras la dotaci\u00f3n en el sistema Carri\u00f3n se establece [&hellip;]<\/p>\n","protected":false},"author":9,"featured_media":12903,"comment_status":"open","ping_status":"open","sticky":false,"template":"","format":"standard","meta":{"footnotes":""},"categories":[9,29,28],"tags":[],"yoast_head":"<!-- This site is optimized with the Yoast SEO plugin v24.5 - https:\/\/yoast.com\/wordpress\/plugins\/seo\/ -->\n<title>ASAJA-Palencia lamenta la incertidumbre en el riego por \u00abmalas pol\u00edticas hidr\u00e1ulicas que se a\u00f1aden a la escasez de precipitaciones\u00bb - ASAJA Palencia<\/title>\n<meta name=\"description\" content=\"\u00b7 La Confederaci\u00f3n del Duero califica de \u00abcomprometida\u00bb la situaci\u00f3n del sistema Pisuerga, con unas reservas del 48%, veintis\u00e9is puntos menos que en la\" \/>\n<meta name=\"robots\" content=\"index, follow, max-snippet:-1, max-image-preview:large, max-video-preview:-1\" \/>\n<link rel=\"canonical\" href=\"https:\/\/www.asajacyl.com\/palencia\/asaja-palencia-informa\/asaja-palencia-lamenta-la-incertidumbre-en-la-campana-de-riego-por-malas-politicas-hidraulicas-que-se-anaden-a-la-escasez-de-precipitaciones\" \/>\n<meta property=\"og:locale\" content=\"es_ES\" \/>\n<meta property=\"og:type\" content=\"article\" \/>\n<meta property=\"og:title\" content=\"ASAJA-Palencia lamenta la incertidumbre en el riego por \u00abmalas pol\u00edticas hidr\u00e1ulicas que se a\u00f1aden a la escasez de precipitaciones\u00bb - ASAJA Palencia\" \/>\n<meta property=\"og:description\" content=\"\u00b7 La Confederaci\u00f3n del Duero califica de \u00abcomprometida\u00bb la situaci\u00f3n del sistema Pisuerga, con unas reservas del 48%, veintis\u00e9is puntos menos que en la\" \/>\n<meta property=\"og:url\" content=\"https:\/\/www.asajacyl.com\/palencia\/asaja-palencia-informa\/asaja-palencia-lamenta-la-incertidumbre-en-la-campana-de-riego-por-malas-politicas-hidraulicas-que-se-anaden-a-la-escasez-de-precipitaciones\" \/>\n<meta property=\"og:site_name\" content=\"ASAJA Palencia\" \/>\n<meta property=\"article:published_time\" content=\"2023-04-14T07:22:59+00:00\" \/>\n<meta property=\"article:modified_time\" content=\"2023-04-14T07:24:10+00:00\" \/>\n<meta property=\"og:image\" content=\"https:\/\/www.asajacyl.com\/palencia\/wp-content\/uploads\/sites\/3\/2023\/04\/Embalse2.jpg\" \/>\n\t<meta property=\"og:image:width\" content=\"400\" \/>\n\t<meta property=\"og:image:height\" content=\"300\" \/>\n\t<meta property=\"og:image:type\" content=\"image\/jpeg\" \/>\n<meta name=\"author\" content=\"Administrador\" \/>\n<meta name=\"twitter:card\" content=\"summary_large_image\" \/>\n<meta name=\"twitter:label1\" content=\"Escrito por\" \/>\n\t<meta name=\"twitter:data1\" content=\"Administrador\" \/>\n\t<meta name=\"twitter:label2\" content=\"Tiempo de lectura\" \/>\n\t<meta name=\"twitter:data2\" content=\"7 minutos\" \/>\n<script type=\"application\/ld+json\" class=\"yoast-schema-graph\">{\"@context\":\"https:\/\/schema.org\",\"@graph\":[{\"@type\":\"WebPage\",\"@id\":\"https:\/\/www.asajacyl.com\/palencia\/asaja-palencia-informa\/asaja-palencia-lamenta-la-incertidumbre-en-la-campana-de-riego-por-malas-politicas-hidraulicas-que-se-anaden-a-la-escasez-de-precipitaciones\",\"url\":\"https:\/\/www.asajacyl.com\/palencia\/asaja-palencia-informa\/asaja-palencia-lamenta-la-incertidumbre-en-la-campana-de-riego-por-malas-politicas-hidraulicas-que-se-anaden-a-la-escasez-de-precipitaciones\",\"name\":\"ASAJA-Palencia lamenta la incertidumbre en el riego por \u00abmalas pol\u00edticas hidr\u00e1ulicas que se a\u00f1aden a la escasez de precipitaciones\u00bb - ASAJA Palencia\",\"isPartOf\":{\"@id\":\"https:\/\/www.asajacyl.com\/palencia\/#website\"},\"primaryImageOfPage\":{\"@id\":\"https:\/\/www.asajacyl.com\/palencia\/asaja-palencia-informa\/asaja-palencia-lamenta-la-incertidumbre-en-la-campana-de-riego-por-malas-politicas-hidraulicas-que-se-anaden-a-la-escasez-de-precipitaciones#primaryimage\"},\"image\":{\"@id\":\"https:\/\/www.asajacyl.com\/palencia\/asaja-palencia-informa\/asaja-palencia-lamenta-la-incertidumbre-en-la-campana-de-riego-por-malas-politicas-hidraulicas-que-se-anaden-a-la-escasez-de-precipitaciones#primaryimage\"},\"thumbnailUrl\":\"https:\/\/www.asajacyl.com\/palencia\/wp-content\/uploads\/sites\/3\/2023\/04\/Embalse2.jpg\",\"datePublished\":\"2023-04-14T07:22:59+00:00\",\"dateModified\":\"2023-04-14T07:24:10+00:00\",\"author\":{\"@id\":\"https:\/\/www.asajacyl.com\/palencia\/#\/schema\/person\/3ab17aeb03527485c317557fae64aab1\"},\"description\":\"\u00b7 La Confederaci\u00f3n del Duero califica de \u00abcomprometida\u00bb la situaci\u00f3n del sistema Pisuerga, con unas reservas del 48%, veintis\u00e9is puntos menos que en la\",\"breadcrumb\":{\"@id\":\"https:\/\/www.asajacyl.com\/palencia\/asaja-palencia-informa\/asaja-palencia-lamenta-la-incertidumbre-en-la-campana-de-riego-por-malas-politicas-hidraulicas-que-se-anaden-a-la-escasez-de-precipitaciones#breadcrumb\"},\"inLanguage\":\"es\",\"potentialAction\":[{\"@type\":\"ReadAction\",\"target\":[\"https:\/\/www.asajacyl.com\/palencia\/asaja-palencia-informa\/asaja-palencia-lamenta-la-incertidumbre-en-la-campana-de-riego-por-malas-politicas-hidraulicas-que-se-anaden-a-la-escasez-de-precipitaciones\"]}]},{\"@type\":\"ImageObject\",\"inLanguage\":\"es\",\"@id\":\"https:\/\/www.asajacyl.com\/palencia\/asaja-palencia-informa\/asaja-palencia-lamenta-la-incertidumbre-en-la-campana-de-riego-por-malas-politicas-hidraulicas-que-se-anaden-a-la-escasez-de-precipitaciones#primaryimage\",\"url\":\"https:\/\/www.asajacyl.com\/palencia\/wp-content\/uploads\/sites\/3\/2023\/04\/Embalse2.jpg\",\"contentUrl\":\"https:\/\/www.asajacyl.com\/palencia\/wp-content\/uploads\/sites\/3\/2023\/04\/Embalse2.jpg\",\"width\":400,\"height\":300},{\"@type\":\"BreadcrumbList\",\"@id\":\"https:\/\/www.asajacyl.com\/palencia\/asaja-palencia-informa\/asaja-palencia-lamenta-la-incertidumbre-en-la-campana-de-riego-por-malas-politicas-hidraulicas-que-se-anaden-a-la-escasez-de-precipitaciones#breadcrumb\",\"itemListElement\":[{\"@type\":\"ListItem\",\"position\":1,\"name\":\"Portada\",\"item\":\"https:\/\/www.asajacyl.com\/palencia\/\"},{\"@type\":\"ListItem\",\"position\":2,\"name\":\"ASAJA-Palencia lamenta la incertidumbre en el riego por \u00abmalas pol\u00edticas hidr\u00e1ulicas que se a\u00f1aden a la escasez de precipitaciones\u00bb\"}]},{\"@type\":\"WebSite\",\"@id\":\"https:\/\/www.asajacyl.com\/palencia\/#website\",\"url\":\"https:\/\/www.asajacyl.com\/palencia\/\",\"name\":\"ASAJA Palencia\",\"description\":\"Otro sitio m\u00e1s de Provincias ASAJA Castilla y Le\u00f3n\",\"potentialAction\":[{\"@type\":\"SearchAction\",\"target\":{\"@type\":\"EntryPoint\",\"urlTemplate\":\"https:\/\/www.asajacyl.com\/palencia\/?s={search_term_string}\"},\"query-input\":{\"@type\":\"PropertyValueSpecification\",\"valueRequired\":true,\"valueName\":\"search_term_string\"}}],\"inLanguage\":\"es\"},{\"@type\":\"Person\",\"@id\":\"https:\/\/www.asajacyl.com\/palencia\/#\/schema\/person\/3ab17aeb03527485c317557fae64aab1\",\"name\":\"Administrador\",\"image\":{\"@type\":\"ImageObject\",\"inLanguage\":\"es\",\"@id\":\"https:\/\/www.asajacyl.com\/palencia\/#\/schema\/person\/image\/\",\"url\":\"https:\/\/secure.gravatar.com\/avatar\/517384810d242ca9e38c180f3c9fb973?s=96&d=mm&r=g\",\"contentUrl\":\"https:\/\/secure.gravatar.com\/avatar\/517384810d242ca9e38c180f3c9fb973?s=96&d=mm&r=g\",\"caption\":\"Administrador\"},\"url\":\"https:\/\/www.asajacyl.com\/palencia\/author\/carlosrm\"}]}<\/script>\n<!-- \/ Yoast SEO plugin. -->","yoast_head_json":{"title":"ASAJA-Palencia lamenta la incertidumbre en el riego por \u00abmalas pol\u00edticas hidr\u00e1ulicas que se a\u00f1aden a la escasez de precipitaciones\u00bb - ASAJA Palencia","description":"\u00b7 La Confederaci\u00f3n del Duero califica de \u00abcomprometida\u00bb la situaci\u00f3n del sistema Pisuerga, con unas reservas del 48%, veintis\u00e9is puntos menos que en la","robots":{"index":"index","follow":"follow","max-snippet":"max-snippet:-1","max-image-preview":"max-image-preview:large","max-video-preview":"max-video-preview:-1"},"canonical":"https:\/\/www.asajacyl.com\/palencia\/asaja-palencia-informa\/asaja-palencia-lamenta-la-incertidumbre-en-la-campana-de-riego-por-malas-politicas-hidraulicas-que-se-anaden-a-la-escasez-de-precipitaciones","og_locale":"es_ES","og_type":"article","og_title":"ASAJA-Palencia lamenta la incertidumbre en el riego por \u00abmalas pol\u00edticas hidr\u00e1ulicas que se a\u00f1aden a la escasez de precipitaciones\u00bb - ASAJA Palencia","og_description":"\u00b7 La Confederaci\u00f3n del Duero califica de \u00abcomprometida\u00bb la situaci\u00f3n del sistema Pisuerga, con unas reservas del 48%, veintis\u00e9is puntos menos que en la","og_url":"https:\/\/www.asajacyl.com\/palencia\/asaja-palencia-informa\/asaja-palencia-lamenta-la-incertidumbre-en-la-campana-de-riego-por-malas-politicas-hidraulicas-que-se-anaden-a-la-escasez-de-precipitaciones","og_site_name":"ASAJA Palencia","article_published_time":"2023-04-14T07:22:59+00:00","article_modified_time":"2023-04-14T07:24:10+00:00","og_image":[{"width":400,"height":300,"url":"https:\/\/www.asajacyl.com\/palencia\/wp-content\/uploads\/sites\/3\/2023\/04\/Embalse2.jpg","type":"image\/jpeg"}],"author":"Administrador","twitter_card":"summary_large_image","twitter_misc":{"Escrito por":"Administrador","Tiempo de lectura":"7 minutos"},"schema":{"@context":"https:\/\/schema.org","@graph":[{"@type":"WebPage","@id":"https:\/\/www.asajacyl.com\/palencia\/asaja-palencia-informa\/asaja-palencia-lamenta-la-incertidumbre-en-la-campana-de-riego-por-malas-politicas-hidraulicas-que-se-anaden-a-la-escasez-de-precipitaciones","url":"https:\/\/www.asajacyl.com\/palencia\/asaja-palencia-informa\/asaja-palencia-lamenta-la-incertidumbre-en-la-campana-de-riego-por-malas-politicas-hidraulicas-que-se-anaden-a-la-escasez-de-precipitaciones","name":"ASAJA-Palencia lamenta la incertidumbre en el riego por \u00abmalas pol\u00edticas hidr\u00e1ulicas que se a\u00f1aden a la escasez de precipitaciones\u00bb - ASAJA Palencia","isPartOf":{"@id":"https:\/\/www.asajacyl.com\/palencia\/#website"},"primaryImageOfPage":{"@id":"https:\/\/www.asajacyl.com\/palencia\/asaja-palencia-informa\/asaja-palencia-lamenta-la-incertidumbre-en-la-campana-de-riego-por-malas-politicas-hidraulicas-que-se-anaden-a-la-escasez-de-precipitaciones#primaryimage"},"image":{"@id":"https:\/\/www.asajacyl.com\/palencia\/asaja-palencia-informa\/asaja-palencia-lamenta-la-incertidumbre-en-la-campana-de-riego-por-malas-politicas-hidraulicas-que-se-anaden-a-la-escasez-de-precipitaciones#primaryimage"},"thumbnailUrl":"https:\/\/www.asajacyl.com\/palencia\/wp-content\/uploads\/sites\/3\/2023\/04\/Embalse2.jpg","datePublished":"2023-04-14T07:22:59+00:00","dateModified":"2023-04-14T07:24:10+00:00","author":{"@id":"https:\/\/www.asajacyl.com\/palencia\/#\/schema\/person\/3ab17aeb03527485c317557fae64aab1"},"description":"\u00b7 La Confederaci\u00f3n del Duero califica de \u00abcomprometida\u00bb la situaci\u00f3n del sistema Pisuerga, con unas reservas del 48%, veintis\u00e9is puntos menos que en la","breadcrumb":{"@id":"https:\/\/www.asajacyl.com\/palencia\/asaja-palencia-informa\/asaja-palencia-lamenta-la-incertidumbre-en-la-campana-de-riego-por-malas-politicas-hidraulicas-que-se-anaden-a-la-escasez-de-precipitaciones#breadcrumb"},"inLanguage":"es","potentialAction":[{"@type":"ReadAction","target":["https:\/\/www.asajacyl.com\/palencia\/asaja-palencia-informa\/asaja-palencia-lamenta-la-incertidumbre-en-la-campana-de-riego-por-malas-politicas-hidraulicas-que-se-anaden-a-la-escasez-de-precipitaciones"]}]},{"@type":"ImageObject","inLanguage":"es","@id":"https:\/\/www.asajacyl.com\/palencia\/asaja-palencia-informa\/asaja-palencia-lamenta-la-incertidumbre-en-la-campana-de-riego-por-malas-politicas-hidraulicas-que-se-anaden-a-la-escasez-de-precipitaciones#primaryimage","url":"https:\/\/www.asajacyl.com\/palencia\/wp-content\/uploads\/sites\/3\/2023\/04\/Embalse2.jpg","contentUrl":"https:\/\/www.asajacyl.com\/palencia\/wp-content\/uploads\/sites\/3\/2023\/04\/Embalse2.jpg","width":400,"height":300},{"@type":"BreadcrumbList","@id":"https:\/\/www.asajacyl.com\/palencia\/asaja-palencia-informa\/asaja-palencia-lamenta-la-incertidumbre-en-la-campana-de-riego-por-malas-politicas-hidraulicas-que-se-anaden-a-la-escasez-de-precipitaciones#breadcrumb","itemListElement":[{"@type":"ListItem","position":1,"name":"Portada","item":"https:\/\/www.asajacyl.com\/palencia\/"},{"@type":"ListItem","position":2,"name":"ASAJA-Palencia lamenta la incertidumbre en el riego por \u00abmalas pol\u00edticas hidr\u00e1ulicas que se a\u00f1aden a la escasez de precipitaciones\u00bb"}]},{"@type":"WebSite","@id":"https:\/\/www.asajacyl.com\/palencia\/#website","url":"https:\/\/www.asajacyl.com\/palencia\/","name":"ASAJA Palencia","description":"Otro sitio m\u00e1s de Provincias ASAJA Castilla y Le\u00f3n","potentialAction":[{"@type":"SearchAction","target":{"@type":"EntryPoint","urlTemplate":"https:\/\/www.asajacyl.com\/palencia\/?s={search_term_string}"},"query-input":{"@type":"PropertyValueSpecification","valueRequired":true,"valueName":"search_term_string"}}],"inLanguage":"es"},{"@type":"Person","@id":"https:\/\/www.asajacyl.com\/palencia\/#\/schema\/person\/3ab17aeb03527485c317557fae64aab1","name":"Administrador","image":{"@type":"ImageObject","inLanguage":"es","@id":"https:\/\/www.asajacyl.com\/palencia\/#\/schema\/person\/image\/","url":"https:\/\/secure.gravatar.com\/avatar\/517384810d242ca9e38c180f3c9fb973?s=96&d=mm&r=g","contentUrl":"https:\/\/secure.gravatar.com\/avatar\/517384810d242ca9e38c180f3c9fb973?s=96&d=mm&r=g","caption":"Administrador"},"url":"https:\/\/www.asajacyl.com\/palencia\/author\/carlosrm"}]}},"_links":{"self":[{"href":"https:\/\/www.asajacyl.com\/palencia\/wp-json\/wp\/v2\/posts\/12902"}],"collection":[{"href":"https:\/\/www.asajacyl.com\/palencia\/wp-json\/wp\/v2\/posts"}],"about":[{"href":"https:\/\/www.asajacyl.com\/palencia\/wp-json\/wp\/v2\/types\/post"}],"author":[{"embeddable":true,"href":"https:\/\/www.asajacyl.com\/palencia\/wp-json\/wp\/v2\/users\/9"}],"replies":[{"embeddable":true,"href":"https:\/\/www.asajacyl.com\/palencia\/wp-json\/wp\/v2\/comments?post=12902"}],"version-history":[{"count":2,"href":"https:\/\/www.asajacyl.com\/palencia\/wp-json\/wp\/v2\/posts\/12902\/revisions"}],"predecessor-version":[{"id":12905,"href":"https:\/\/www.asajacyl.com\/palencia\/wp-json\/wp\/v2\/posts\/12902\/revisions\/12905"}],"wp:featuredmedia":[{"embeddable":true,"href":"https:\/\/www.asajacyl.com\/palencia\/wp-json\/wp\/v2\/media\/12903"}],"wp:attachment":[{"href":"https:\/\/www.asajacyl.com\/palencia\/wp-json\/wp\/v2\/media?parent=12902"}],"wp:term":[{"taxonomy":"category","embeddable":true,"href":"https:\/\/www.asajacyl.com\/palencia\/wp-json\/wp\/v2\/categories?post=12902"},{"taxonomy":"post_tag","embeddable":true,"href":"https:\/\/www.asajacyl.com\/palencia\/wp-json\/wp\/v2\/tags?post=12902"}],"curies":[{"name":"wp","href":"https:\/\/api.w.org\/{rel}","templated":true}]}}