{"id":12921,"date":"2023-04-17T11:05:41","date_gmt":"2023-04-17T09:05:41","guid":{"rendered":"https:\/\/www.asajacyl.com\/palencia\/?p=12921"},"modified":"2023-04-17T11:05:50","modified_gmt":"2023-04-17T09:05:50","slug":"la-nueva-compensacion-por-danos-del-lobo-aprobada-por-la-junta-ya-incluye-los-ataques-al-norte-del-duero","status":"publish","type":"post","link":"https:\/\/www.asajacyl.com\/palencia\/asaja-palencia-informa\/la-nueva-compensacion-por-danos-del-lobo-aprobada-por-la-junta-ya-incluye-los-ataques-al-norte-del-duero","title":{"rendered":"La nueva compensaci\u00f3n por da\u00f1os del lobo aprobada por la Junta ya incluye los ataques al norte del Duero"},"content":{"rendered":"\n<h2 class=\"wp-block-heading\">Palencia se beneficia del efecto retroactivo desde el 21 de septiembre de 2021, cuando el Gobierno de Espa\u00f1a declar\u00f3 esta especie como \u00abde protecci\u00f3n especial\u00bb<\/h2>\n\n\n\n<h2 class=\"wp-block-heading\">Los ganaderos disponen de un mes para solicitar indemnizaciones por los da\u00f1os entre esa fecha y el 15 de abril de este a\u00f1o, al preverse un r\u00e9gimen transitorio<\/h2>\n\n\n\n<p>La Junta de Castilla y Le\u00f3n ha publicado (BOCYL 14 de abril de 2023) una nueva orden que regula los pagos compensatorios de los da\u00f1os causados por el lobo en las explotaciones ganaderas.<\/p>\n\n\n\n<p>La principal novedad del ordenamiento de la indemnizaci\u00f3n de los da\u00f1os por lobo en nuestra comunidad es la inclusi\u00f3n en el r\u00e9gimen de pagos compensatorios los da\u00f1os producidos por el lobo al norte del r\u00edo Duero, y no s\u00f3lo al sur como hasta ahora, algo que incumbe a los ganaderos palentinos.<\/p>\n\n\n\n<p>Adem\u00e1s, al norte&nbsp;se hace con car\u00e1cter retroactivo para los da\u00f1os producidos desde el momento de la inclusi\u00f3n del lobo en el Listado de Especies Silvestres en r\u00e9gimen de Protecci\u00f3n Especial por la Orden del Gobierno de Espa\u00f1a, que entr\u00f3 en vigor el 21 de septiembre de 2021.<\/p>\n\n\n\n<p><strong>CONFLICTIViDAD SOCIAL <\/strong>\u00abDebido a la singularidad del lobo, su incidencia sobre las explotaciones ganaderas y la conflictividad social que genera \u2014argumenta la Consejer\u00eda de Medio Ambiente en la orden\u2014, procede realizar pagos compensatorios de los da\u00f1os ocasionados por los ataques del lobo en todo el territorio, para coadyuvar a reducir el conflicto social&nbsp;y como apoyo a la ganader\u00eda de Castilla y Le\u00f3n\u00bb.<\/p>\n\n\n\n<p>La administraci\u00f3n regional reconoce, asimismo, la necesidad de actualizar los baremos de indemnizaci\u00f3n a un sector prioritario en el medio rural de Castilla y Le\u00f3n desde el punto de vista econ\u00f3mico y demogr\u00e1fico.<\/p>\n\n\n\n<p>Por ese motivo, la orden busca ajustar mejor los pagos a los precios de mercado en funci\u00f3n del da\u00f1o emergente, pero completando las indemnizaciones con otros conceptos, como el lucro cesante, los costes asociados derivados del da\u00f1o y los gastos veterinarios que ocasionan los animales heridos.<\/p>\n\n\n\n<p><strong>BONIFICACI\u00d3N DEL 10%.<\/strong> Adem\u00e1s, se incluye una bonificaci\u00f3n del 10 % cuando el titular de la explotaci\u00f3n ganadera extensiva o semiextensiva haya adoptado medidas preventivas en las zonas con presencia de lobo.<\/p>\n\n\n\n<p>La nueva norma describe de forma exhaustiva los valores de los pagos, desglosados en da\u00f1o emergente, lucro cesante, gastos variables (veterinarios, medicamentos y eutanasia), as\u00ed como de esa bonificaci\u00f3n por el establecimiento de medidas preventivas y de autoprotecci\u00f3n efectivas para minimizar los da\u00f1os en la caba\u00f1a ganadera a causa del lobo.<\/p>\n\n\n\n<p>Dentro del <strong>da\u00f1o emergente<\/strong>, se desglosa, por un lado, el <strong>valor intr\u00ednseco del animal<\/strong> (valor real a precio de mercado de los animales atacados), seg\u00fan su condici\u00f3n (edad, sexo, aptitud, raza) en el momento del ataque. La Junta ha actualizado los baremos a los precios de cotizaci\u00f3n en lonjas y mercados de ganado donde existe compraventa de animales de similares caracter\u00edsticas a los atacados. Por otro lado, el da\u00f1o emergente incluye los <strong>gastos fijos asociados a la gesti\u00f3n del siniestro<\/strong> (b\u00fasqueda del animal, comunicaci\u00f3n del da\u00f1o a las autoridades, notificaciones a la Consejer\u00eda competente en ganader\u00eda y reclamaciones del siniestro).<\/p>\n\n\n\n<p>La nueva orden describe el <strong>lucro cesante <\/strong>y qu\u00e9 aspectos incluye (p\u00e9rdida de subvenciones futuras asociadas a la PAC y a la prima de la intervenci\u00f3n territorial indicada en el Plan Estrat\u00e9gico de la PAC, en caso de haber formalizado un contrato agroambiental de razas en peligro de extinci\u00f3n; p\u00e9rdida de rendimientos futuros al caer la fertilidad del reba\u00f1o y la producci\u00f3n intr\u00ednseca&nbsp; de la explotaci\u00f3n, sea l\u00e1ctea, c\u00e1rnica o de lidia; as\u00ed como el valor gen\u00e9tico).<\/p>\n\n\n\n<p>En lo que respecta a los <strong>gastos variables<\/strong>, se incluye la indemnizaci\u00f3n por gastos veterinarios, medicamentos y eutanasia sobre animales heridos.<\/p>\n\n\n\n<p>En concreto, algunas de las cuestiones clave del nuevo marco regulador son:<\/p>\n\n\n\n<p>\u00b7&nbsp;&nbsp; El citado abono de los ataques sufridos al norte del Duero \u2014como es el caso de la provincia de Palencia\u2014 desde el 21 de septiembre de 2021, siempre y cuando se cuente con la correspondiente comunicaci\u00f3n y el informe de da\u00f1os.<\/p>\n\n\n\n<p>\u00b7&nbsp;&nbsp; La eliminaci\u00f3n del primer tramo (0-3 meses) en el ganado vacuno, al unificarse su da\u00f1o emergente con los terneros de hasta seis meses.<\/p>\n\n\n\n<p>\u00b7&nbsp;&nbsp; La unificaci\u00f3n de la aptitud productiva en vacuno, mediante la unificaci\u00f3n de los baremos de las razas c\u00e1rnicas y mixtas.<\/p>\n\n\n\n<p>\u00b7&nbsp;&nbsp; La bonificaci\u00f3n en el valor del da\u00f1o intr\u00ednseco del animal para explotaciones inscritas en Denominaci\u00f3n de Origen, Indicaci\u00f3n Geogr\u00e1fica Protegida, Marca de Garant\u00eda o en el Registro de Operadores de Producci\u00f3n Ecol\u00f3gica.<\/p>\n\n\n\n<p>\u00b7&nbsp;&nbsp; La incorporaci\u00f3n de gastos fijos asociados a la gesti\u00f3n del siniestro como concepto asociado al da\u00f1o emergente.<\/p>\n\n\n\n<p>\u00b7&nbsp;&nbsp; La incorporaci\u00f3n como lucro cesante de las p\u00e9rdidas de subvenciones asociadas a la prima de la intervenci\u00f3n territorial indicada en el PEPAC en caso de haber formalizado un contrato agroambiental de razas en peligro de extinci\u00f3n, as\u00ed como el lucro cesante derivado de la fertilidad del reba\u00f1o y de la aptitud productiva de la explotaci\u00f3n.<\/p>\n\n\n\n<p>\u00b7&nbsp;&nbsp; La actualizaci\u00f3n de las primas asociadas a la PAC en el concepto de lucro cesante.<\/p>\n\n\n\n<p>\u00b7&nbsp;&nbsp; La incorporaci\u00f3n de compensaci\u00f3n de da\u00f1os de perros destinados a proteger la explotaci\u00f3n ganadera (mastines o perros de carea).<\/p>\n\n\n\n<p><strong>R\u00c9GIMEN TRANSITORIO. <\/strong>Es importante subrayar que los ataques sufridos al norte del r\u00edo Duero desde la fecha de entrada en vigor de la normativa estatal por la que se incluy\u00f3 al lobo como especie protegida \u201421 de septiembre de 2021\u2014 hasta la publicaci\u00f3n de la orden de la Junta&nbsp; \u201414 de abril de 2023\u2014, se abonar\u00e1n conforme a los baremos definidos en la ORDEN FYM\/147\/2019, de 21 de febrero, que modifica la Orden FYM\/461\/2016, de 26 de mayo, relativa a los pagos compensatorios derivados de los da\u00f1os producidos por el lobo en las explotaciones ganaderas.<\/p>\n\n\n\n<p>Estos siniestros ocurridos entre el 21-IX-2021 y el 14-IV-2023, siempre que cuenten con la comunicaci\u00f3n y el informe de da\u00f1os, deber\u00e1n presentarse conforme a la correspondiente solicitud <strong>en el plazo de un mes<\/strong> (es decir, antes del 15 de mayo).<\/p>\n","protected":false},"excerpt":{"rendered":"<p>Palencia se beneficia del efecto retroactivo desde el 21 de septiembre de 2021, cuando el Gobierno de Espa\u00f1a declar\u00f3 esta especie como \u00abde protecci\u00f3n especial\u00bb Los ganaderos disponen de un mes para solicitar indemnizaciones por los da\u00f1os entre esa fecha y el 15 de abril de este a\u00f1o, al preverse un r\u00e9gimen transitorio La Junta [&hellip;]<\/p>\n","protected":false},"author":9,"featured_media":6449,"comment_status":"open","ping_status":"open","sticky":false,"template":"","format":"standard","meta":{"footnotes":""},"categories":[9,29,28],"tags":[77,103,66,102,104],"yoast_head":"<!-- This site is optimized with the Yoast SEO plugin v24.5 - https:\/\/yoast.com\/wordpress\/plugins\/seo\/ -->\n<title>La nueva compensaci\u00f3n por da\u00f1os del lobo aprobada por la Junta ya incluye los ataques al norte del Duero - ASAJA Palencia<\/title>\n<meta name=\"description\" content=\"Palencia se beneficia del efecto retroactivo desde el 21 de septiembre de 2021, cuando el Gobierno de Espa\u00f1a declar\u00f3 esta especie como \u00abde protecci\u00f3n\" \/>\n<meta name=\"robots\" content=\"index, follow, max-snippet:-1, max-image-preview:large, max-video-preview:-1\" \/>\n<link rel=\"canonical\" href=\"https:\/\/www.asajacyl.com\/palencia\/asaja-palencia-informa\/la-nueva-compensacion-por-danos-del-lobo-aprobada-por-la-junta-ya-incluye-los-ataques-al-norte-del-duero\" \/>\n<meta property=\"og:locale\" content=\"es_ES\" \/>\n<meta property=\"og:type\" content=\"article\" \/>\n<meta property=\"og:title\" content=\"La nueva compensaci\u00f3n por da\u00f1os del lobo aprobada por la Junta ya incluye los ataques al norte del Duero - ASAJA Palencia\" \/>\n<meta property=\"og:description\" content=\"Palencia se beneficia del efecto retroactivo desde el 21 de septiembre de 2021, cuando el Gobierno de Espa\u00f1a declar\u00f3 esta especie como \u00abde protecci\u00f3n\" \/>\n<meta property=\"og:url\" content=\"https:\/\/www.asajacyl.com\/palencia\/asaja-palencia-informa\/la-nueva-compensacion-por-danos-del-lobo-aprobada-por-la-junta-ya-incluye-los-ataques-al-norte-del-duero\" \/>\n<meta property=\"og:site_name\" content=\"ASAJA Palencia\" \/>\n<meta property=\"article:published_time\" content=\"2023-04-17T09:05:41+00:00\" \/>\n<meta property=\"article:modified_time\" content=\"2023-04-17T09:05:50+00:00\" \/>\n<meta property=\"og:image\" content=\"https:\/\/www.asajacyl.com\/palencia\/wp-content\/uploads\/sites\/3\/2019\/08\/foto-lobo.jpg\" \/>\n\t<meta property=\"og:image:width\" content=\"1600\" \/>\n\t<meta property=\"og:image:height\" content=\"800\" \/>\n\t<meta property=\"og:image:type\" content=\"image\/jpeg\" \/>\n<meta name=\"author\" content=\"Administrador\" \/>\n<meta name=\"twitter:card\" content=\"summary_large_image\" \/>\n<meta name=\"twitter:label1\" content=\"Escrito por\" \/>\n\t<meta name=\"twitter:data1\" content=\"Administrador\" \/>\n\t<meta name=\"twitter:label2\" content=\"Tiempo de lectura\" \/>\n\t<meta name=\"twitter:data2\" content=\"5 minutos\" \/>\n<script type=\"application\/ld+json\" class=\"yoast-schema-graph\">{\"@context\":\"https:\/\/schema.org\",\"@graph\":[{\"@type\":\"WebPage\",\"@id\":\"https:\/\/www.asajacyl.com\/palencia\/asaja-palencia-informa\/la-nueva-compensacion-por-danos-del-lobo-aprobada-por-la-junta-ya-incluye-los-ataques-al-norte-del-duero\",\"url\":\"https:\/\/www.asajacyl.com\/palencia\/asaja-palencia-informa\/la-nueva-compensacion-por-danos-del-lobo-aprobada-por-la-junta-ya-incluye-los-ataques-al-norte-del-duero\",\"name\":\"La nueva compensaci\u00f3n por da\u00f1os del lobo aprobada por la Junta ya incluye los ataques al norte del Duero - ASAJA Palencia\",\"isPartOf\":{\"@id\":\"https:\/\/www.asajacyl.com\/palencia\/#website\"},\"primaryImageOfPage\":{\"@id\":\"https:\/\/www.asajacyl.com\/palencia\/asaja-palencia-informa\/la-nueva-compensacion-por-danos-del-lobo-aprobada-por-la-junta-ya-incluye-los-ataques-al-norte-del-duero#primaryimage\"},\"image\":{\"@id\":\"https:\/\/www.asajacyl.com\/palencia\/asaja-palencia-informa\/la-nueva-compensacion-por-danos-del-lobo-aprobada-por-la-junta-ya-incluye-los-ataques-al-norte-del-duero#primaryimage\"},\"thumbnailUrl\":\"https:\/\/www.asajacyl.com\/palencia\/wp-content\/uploads\/sites\/3\/2019\/08\/foto-lobo.jpg\",\"datePublished\":\"2023-04-17T09:05:41+00:00\",\"dateModified\":\"2023-04-17T09:05:50+00:00\",\"author\":{\"@id\":\"https:\/\/www.asajacyl.com\/palencia\/#\/schema\/person\/3ab17aeb03527485c317557fae64aab1\"},\"description\":\"Palencia se beneficia del efecto retroactivo desde el 21 de septiembre de 2021, cuando el Gobierno de Espa\u00f1a declar\u00f3 esta especie como \u00abde protecci\u00f3n\",\"breadcrumb\":{\"@id\":\"https:\/\/www.asajacyl.com\/palencia\/asaja-palencia-informa\/la-nueva-compensacion-por-danos-del-lobo-aprobada-por-la-junta-ya-incluye-los-ataques-al-norte-del-duero#breadcrumb\"},\"inLanguage\":\"es\",\"potentialAction\":[{\"@type\":\"ReadAction\",\"target\":[\"https:\/\/www.asajacyl.com\/palencia\/asaja-palencia-informa\/la-nueva-compensacion-por-danos-del-lobo-aprobada-por-la-junta-ya-incluye-los-ataques-al-norte-del-duero\"]}]},{\"@type\":\"ImageObject\",\"inLanguage\":\"es\",\"@id\":\"https:\/\/www.asajacyl.com\/palencia\/asaja-palencia-informa\/la-nueva-compensacion-por-danos-del-lobo-aprobada-por-la-junta-ya-incluye-los-ataques-al-norte-del-duero#primaryimage\",\"url\":\"https:\/\/www.asajacyl.com\/palencia\/wp-content\/uploads\/sites\/3\/2019\/08\/foto-lobo.jpg\",\"contentUrl\":\"https:\/\/www.asajacyl.com\/palencia\/wp-content\/uploads\/sites\/3\/2019\/08\/foto-lobo.jpg\",\"width\":1600,\"height\":800},{\"@type\":\"BreadcrumbList\",\"@id\":\"https:\/\/www.asajacyl.com\/palencia\/asaja-palencia-informa\/la-nueva-compensacion-por-danos-del-lobo-aprobada-por-la-junta-ya-incluye-los-ataques-al-norte-del-duero#breadcrumb\",\"itemListElement\":[{\"@type\":\"ListItem\",\"position\":1,\"name\":\"Portada\",\"item\":\"https:\/\/www.asajacyl.com\/palencia\/\"},{\"@type\":\"ListItem\",\"position\":2,\"name\":\"La nueva compensaci\u00f3n por da\u00f1os del lobo aprobada por la Junta ya incluye los ataques al norte del Duero\"}]},{\"@type\":\"WebSite\",\"@id\":\"https:\/\/www.asajacyl.com\/palencia\/#website\",\"url\":\"https:\/\/www.asajacyl.com\/palencia\/\",\"name\":\"ASAJA Palencia\",\"description\":\"Otro sitio m\u00e1s de Provincias ASAJA Castilla y Le\u00f3n\",\"potentialAction\":[{\"@type\":\"SearchAction\",\"target\":{\"@type\":\"EntryPoint\",\"urlTemplate\":\"https:\/\/www.asajacyl.com\/palencia\/?s={search_term_string}\"},\"query-input\":{\"@type\":\"PropertyValueSpecification\",\"valueRequired\":true,\"valueName\":\"search_term_string\"}}],\"inLanguage\":\"es\"},{\"@type\":\"Person\",\"@id\":\"https:\/\/www.asajacyl.com\/palencia\/#\/schema\/person\/3ab17aeb03527485c317557fae64aab1\",\"name\":\"Administrador\",\"image\":{\"@type\":\"ImageObject\",\"inLanguage\":\"es\",\"@id\":\"https:\/\/www.asajacyl.com\/palencia\/#\/schema\/person\/image\/\",\"url\":\"https:\/\/secure.gravatar.com\/avatar\/517384810d242ca9e38c180f3c9fb973?s=96&d=mm&r=g\",\"contentUrl\":\"https:\/\/secure.gravatar.com\/avatar\/517384810d242ca9e38c180f3c9fb973?s=96&d=mm&r=g\",\"caption\":\"Administrador\"},\"url\":\"https:\/\/www.asajacyl.com\/palencia\/author\/carlosrm\"}]}<\/script>\n<!-- \/ Yoast SEO plugin. -->","yoast_head_json":{"title":"La nueva compensaci\u00f3n por da\u00f1os del lobo aprobada por la Junta ya incluye los ataques al norte del Duero - ASAJA Palencia","description":"Palencia se beneficia del efecto retroactivo desde el 21 de septiembre de 2021, cuando el Gobierno de Espa\u00f1a declar\u00f3 esta especie como \u00abde protecci\u00f3n","robots":{"index":"index","follow":"follow","max-snippet":"max-snippet:-1","max-image-preview":"max-image-preview:large","max-video-preview":"max-video-preview:-1"},"canonical":"https:\/\/www.asajacyl.com\/palencia\/asaja-palencia-informa\/la-nueva-compensacion-por-danos-del-lobo-aprobada-por-la-junta-ya-incluye-los-ataques-al-norte-del-duero","og_locale":"es_ES","og_type":"article","og_title":"La nueva compensaci\u00f3n por da\u00f1os del lobo aprobada por la Junta ya incluye los ataques al norte del Duero - ASAJA Palencia","og_description":"Palencia se beneficia del efecto retroactivo desde el 21 de septiembre de 2021, cuando el Gobierno de Espa\u00f1a declar\u00f3 esta especie como \u00abde protecci\u00f3n","og_url":"https:\/\/www.asajacyl.com\/palencia\/asaja-palencia-informa\/la-nueva-compensacion-por-danos-del-lobo-aprobada-por-la-junta-ya-incluye-los-ataques-al-norte-del-duero","og_site_name":"ASAJA Palencia","article_published_time":"2023-04-17T09:05:41+00:00","article_modified_time":"2023-04-17T09:05:50+00:00","og_image":[{"width":1600,"height":800,"url":"https:\/\/www.asajacyl.com\/palencia\/wp-content\/uploads\/sites\/3\/2019\/08\/foto-lobo.jpg","type":"image\/jpeg"}],"author":"Administrador","twitter_card":"summary_large_image","twitter_misc":{"Escrito por":"Administrador","Tiempo de lectura":"5 minutos"},"schema":{"@context":"https:\/\/schema.org","@graph":[{"@type":"WebPage","@id":"https:\/\/www.asajacyl.com\/palencia\/asaja-palencia-informa\/la-nueva-compensacion-por-danos-del-lobo-aprobada-por-la-junta-ya-incluye-los-ataques-al-norte-del-duero","url":"https:\/\/www.asajacyl.com\/palencia\/asaja-palencia-informa\/la-nueva-compensacion-por-danos-del-lobo-aprobada-por-la-junta-ya-incluye-los-ataques-al-norte-del-duero","name":"La nueva compensaci\u00f3n por da\u00f1os del lobo aprobada por la Junta ya incluye los ataques al norte del Duero - ASAJA Palencia","isPartOf":{"@id":"https:\/\/www.asajacyl.com\/palencia\/#website"},"primaryImageOfPage":{"@id":"https:\/\/www.asajacyl.com\/palencia\/asaja-palencia-informa\/la-nueva-compensacion-por-danos-del-lobo-aprobada-por-la-junta-ya-incluye-los-ataques-al-norte-del-duero#primaryimage"},"image":{"@id":"https:\/\/www.asajacyl.com\/palencia\/asaja-palencia-informa\/la-nueva-compensacion-por-danos-del-lobo-aprobada-por-la-junta-ya-incluye-los-ataques-al-norte-del-duero#primaryimage"},"thumbnailUrl":"https:\/\/www.asajacyl.com\/palencia\/wp-content\/uploads\/sites\/3\/2019\/08\/foto-lobo.jpg","datePublished":"2023-04-17T09:05:41+00:00","dateModified":"2023-04-17T09:05:50+00:00","author":{"@id":"https:\/\/www.asajacyl.com\/palencia\/#\/schema\/person\/3ab17aeb03527485c317557fae64aab1"},"description":"Palencia se beneficia del efecto retroactivo desde el 21 de septiembre de 2021, cuando el Gobierno de Espa\u00f1a declar\u00f3 esta especie como \u00abde protecci\u00f3n","breadcrumb":{"@id":"https:\/\/www.asajacyl.com\/palencia\/asaja-palencia-informa\/la-nueva-compensacion-por-danos-del-lobo-aprobada-por-la-junta-ya-incluye-los-ataques-al-norte-del-duero#breadcrumb"},"inLanguage":"es","potentialAction":[{"@type":"ReadAction","target":["https:\/\/www.asajacyl.com\/palencia\/asaja-palencia-informa\/la-nueva-compensacion-por-danos-del-lobo-aprobada-por-la-junta-ya-incluye-los-ataques-al-norte-del-duero"]}]},{"@type":"ImageObject","inLanguage":"es","@id":"https:\/\/www.asajacyl.com\/palencia\/asaja-palencia-informa\/la-nueva-compensacion-por-danos-del-lobo-aprobada-por-la-junta-ya-incluye-los-ataques-al-norte-del-duero#primaryimage","url":"https:\/\/www.asajacyl.com\/palencia\/wp-content\/uploads\/sites\/3\/2019\/08\/foto-lobo.jpg","contentUrl":"https:\/\/www.asajacyl.com\/palencia\/wp-content\/uploads\/sites\/3\/2019\/08\/foto-lobo.jpg","width":1600,"height":800},{"@type":"BreadcrumbList","@id":"https:\/\/www.asajacyl.com\/palencia\/asaja-palencia-informa\/la-nueva-compensacion-por-danos-del-lobo-aprobada-por-la-junta-ya-incluye-los-ataques-al-norte-del-duero#breadcrumb","itemListElement":[{"@type":"ListItem","position":1,"name":"Portada","item":"https:\/\/www.asajacyl.com\/palencia\/"},{"@type":"ListItem","position":2,"name":"La nueva compensaci\u00f3n por da\u00f1os del lobo aprobada por la Junta ya incluye los ataques al norte del Duero"}]},{"@type":"WebSite","@id":"https:\/\/www.asajacyl.com\/palencia\/#website","url":"https:\/\/www.asajacyl.com\/palencia\/","name":"ASAJA Palencia","description":"Otro sitio m\u00e1s de Provincias ASAJA Castilla y Le\u00f3n","potentialAction":[{"@type":"SearchAction","target":{"@type":"EntryPoint","urlTemplate":"https:\/\/www.asajacyl.com\/palencia\/?s={search_term_string}"},"query-input":{"@type":"PropertyValueSpecification","valueRequired":true,"valueName":"search_term_string"}}],"inLanguage":"es"},{"@type":"Person","@id":"https:\/\/www.asajacyl.com\/palencia\/#\/schema\/person\/3ab17aeb03527485c317557fae64aab1","name":"Administrador","image":{"@type":"ImageObject","inLanguage":"es","@id":"https:\/\/www.asajacyl.com\/palencia\/#\/schema\/person\/image\/","url":"https:\/\/secure.gravatar.com\/avatar\/517384810d242ca9e38c180f3c9fb973?s=96&d=mm&r=g","contentUrl":"https:\/\/secure.gravatar.com\/avatar\/517384810d242ca9e38c180f3c9fb973?s=96&d=mm&r=g","caption":"Administrador"},"url":"https:\/\/www.asajacyl.com\/palencia\/author\/carlosrm"}]}},"_links":{"self":[{"href":"https:\/\/www.asajacyl.com\/palencia\/wp-json\/wp\/v2\/posts\/12921"}],"collection":[{"href":"https:\/\/www.asajacyl.com\/palencia\/wp-json\/wp\/v2\/posts"}],"about":[{"href":"https:\/\/www.asajacyl.com\/palencia\/wp-json\/wp\/v2\/types\/post"}],"author":[{"embeddable":true,"href":"https:\/\/www.asajacyl.com\/palencia\/wp-json\/wp\/v2\/users\/9"}],"replies":[{"embeddable":true,"href":"https:\/\/www.asajacyl.com\/palencia\/wp-json\/wp\/v2\/comments?post=12921"}],"version-history":[{"count":2,"href":"https:\/\/www.asajacyl.com\/palencia\/wp-json\/wp\/v2\/posts\/12921\/revisions"}],"predecessor-version":[{"id":12924,"href":"https:\/\/www.asajacyl.com\/palencia\/wp-json\/wp\/v2\/posts\/12921\/revisions\/12924"}],"wp:featuredmedia":[{"embeddable":true,"href":"https:\/\/www.asajacyl.com\/palencia\/wp-json\/wp\/v2\/media\/6449"}],"wp:attachment":[{"href":"https:\/\/www.asajacyl.com\/palencia\/wp-json\/wp\/v2\/media?parent=12921"}],"wp:term":[{"taxonomy":"category","embeddable":true,"href":"https:\/\/www.asajacyl.com\/palencia\/wp-json\/wp\/v2\/categories?post=12921"},{"taxonomy":"post_tag","embeddable":true,"href":"https:\/\/www.asajacyl.com\/palencia\/wp-json\/wp\/v2\/tags?post=12921"}],"curies":[{"name":"wp","href":"https:\/\/api.w.org\/{rel}","templated":true}]}}