{"id":12951,"date":"2023-04-18T13:21:45","date_gmt":"2023-04-18T11:21:45","guid":{"rendered":"https:\/\/www.asajacyl.com\/palencia\/?p=12951"},"modified":"2023-04-18T13:21:47","modified_gmt":"2023-04-18T11:21:47","slug":"la-junta-amplia-hasta-el-20-de-abril-la-declaracion-de-peligro-medio-de-incendio-forestal-en-toda-castilla-y-leon","status":"publish","type":"post","link":"https:\/\/www.asajacyl.com\/palencia\/asaja-palencia-informa\/la-junta-amplia-hasta-el-20-de-abril-la-declaracion-de-peligro-medio-de-incendio-forestal-en-toda-castilla-y-leon","title":{"rendered":"La Junta ampl\u00eda hasta el 20 de abril la declaraci\u00f3n de peligro medio de incendio forestal en toda Castilla y Le\u00f3n"},"content":{"rendered":"\n<h2 class=\"wp-block-heading\">La decisi\u00f3n implica suspender toda autorizaci\u00f3n y comunicaci\u00f3n de quema de rastrojos, pastos, restos de poda y vegetaci\u00f3n<\/h2>\n\n\n\n<p>Ante las previsiones meteorol\u00f3gicas generales de la Agencia Estatal de Meteorolog\u00eda (AEMET), que da continuidad al nivel de riesgo meteorol\u00f3gico de incendio muy alto y extremo en determinados momentos, d\u00edas y zonas de Castilla y Le\u00f3n esta semana, la Direcci\u00f3n General de Patrimonio Natural y Pol\u00edtica Forestal de la Junta ha ampliado la declaraci\u00f3n de la \u00e9poca de peligro medio de incendios forestales en toda la Comunidad hasta el jueves 20 de abril, con la posibilidad de volver a ampliarlo.<\/p>\n\n\n\n<p>La medida implica la suspensi\u00f3n de todas las autorizaciones y comunicaciones de quema de vegetaci\u00f3n y restos vegetales, y el refuerzo del personal de guardia y de los medios desplegados en las comarcas de riesgo.<\/p>\n\n\n\n<p>Los d\u00edas que la AEMET determine niveles de riesgo de incendio muy alto o extremo, conforme al mapa publicado en su p\u00e1gina web, se aplican las limitaciones establecidas por el Gobierno de Espa\u00f1a (Real Decreto Ley 15\/2022, de 1 de agosto) con medidas urgentes en materia de incendios forestales. En concreto, se encuentran las siguientes prohibiciones y limitaciones:<\/p>\n\n\n\n<ul>\n<li>Encender fuego en todo tipo de espacios abiertos.<\/li>\n\n\n\n<li>La suspensi\u00f3n temporal, en tanto se mantenga el riesgo, de todas las autorizaciones concedidas de quema de rastrojos, de pastos permanentes, de restos de poda y de restos selv\u00edcolas.<\/li>\n\n\n\n<li>Encender fuego en las \u00e1reas de descanso de la red de carreteras, as\u00ed como en zonas recreativas y de acampada, incluidas las zonas habilitadas para ello.<\/li>\n\n\n\n<li>La utilizaci\u00f3n de maquinaria y equipos en los montes y en las \u00e1reas rurales situadas en una franja de 400 metros alrededor, cuyo funcionamiento genere deflagraci\u00f3n, chispas o descargas el\u00e9ctricas, salvo que el \u00f3rgano competente de la Administraci\u00f3n auton\u00f3mica haya autorizado expresamente su uso o resulten necesarias para la extinci\u00f3n de incendios.<\/li>\n\n\n\n<li>La introducci\u00f3n y uso de material pirot\u00e9cnico.<\/li>\n\n\n\n<li>Arrojar o abandonar objetos en combusti\u00f3n o cualquier clase de material susceptible de originar un incendio.<\/li>\n<\/ul>\n\n\n\n<p>La Junta de Castilla y Le\u00f3n pide a la poblaci\u00f3n que extreme la prudencia en sus actividades de trabajo y ocio al aire libre para evitar el inicio de un posible incendio; que, en caso de producirse, que alerte a trav\u00e9s del Servicio de Emergencias 112; y efect\u00faa un llamamiento a la responsabilidad y a la colaboraci\u00f3n ciudadana.<strong>\/<\/strong><\/p>\n","protected":false},"excerpt":{"rendered":"<p>La decisi\u00f3n implica suspender toda autorizaci\u00f3n y comunicaci\u00f3n de quema de rastrojos, pastos, restos de poda y vegetaci\u00f3n Ante las previsiones meteorol\u00f3gicas generales de la Agencia Estatal de Meteorolog\u00eda (AEMET), que da continuidad al nivel de riesgo meteorol\u00f3gico de incendio muy alto y extremo en determinados momentos, d\u00edas y zonas de Castilla y Le\u00f3n esta [&hellip;]<\/p>\n","protected":false},"author":9,"featured_media":12952,"comment_status":"open","ping_status":"open","sticky":false,"template":"","format":"standard","meta":{"footnotes":""},"categories":[9,31,29,28],"tags":[112,58,94,66,92,93],"yoast_head":"<!-- This site is optimized with the Yoast SEO plugin v24.5 - https:\/\/yoast.com\/wordpress\/plugins\/seo\/ -->\n<title>La Junta ampl\u00eda hasta el 20 de abril la declaraci\u00f3n de peligro medio de incendio forestal en toda Castilla y Le\u00f3n - ASAJA Palencia<\/title>\n<meta name=\"description\" content=\"La decisi\u00f3n implica suspender toda autorizaci\u00f3n y comunicaci\u00f3n de quema de rastrojos, pastos, restos de poda y vegetaci\u00f3n Ante las previsiones\" \/>\n<meta name=\"robots\" content=\"index, follow, max-snippet:-1, max-image-preview:large, max-video-preview:-1\" \/>\n<link rel=\"canonical\" href=\"https:\/\/www.asajacyl.com\/palencia\/asaja-palencia-informa\/la-junta-amplia-hasta-el-20-de-abril-la-declaracion-de-peligro-medio-de-incendio-forestal-en-toda-castilla-y-leon\" \/>\n<meta property=\"og:locale\" content=\"es_ES\" \/>\n<meta property=\"og:type\" content=\"article\" \/>\n<meta property=\"og:title\" content=\"La Junta ampl\u00eda hasta el 20 de abril la declaraci\u00f3n de peligro medio de incendio forestal en toda Castilla y Le\u00f3n - ASAJA Palencia\" \/>\n<meta property=\"og:description\" content=\"La decisi\u00f3n implica suspender toda autorizaci\u00f3n y comunicaci\u00f3n de quema de rastrojos, pastos, restos de poda y vegetaci\u00f3n Ante las previsiones\" \/>\n<meta property=\"og:url\" content=\"https:\/\/www.asajacyl.com\/palencia\/asaja-palencia-informa\/la-junta-amplia-hasta-el-20-de-abril-la-declaracion-de-peligro-medio-de-incendio-forestal-en-toda-castilla-y-leon\" \/>\n<meta property=\"og:site_name\" content=\"ASAJA Palencia\" \/>\n<meta property=\"article:published_time\" content=\"2023-04-18T11:21:45+00:00\" \/>\n<meta property=\"article:modified_time\" content=\"2023-04-18T11:21:47+00:00\" \/>\n<meta property=\"og:image\" content=\"https:\/\/www.asajacyl.com\/palencia\/wp-content\/uploads\/sites\/3\/2023\/04\/Mapa-AEMET-riesgo-incendio-20ab20231.jpg\" \/>\n\t<meta property=\"og:image:width\" content=\"1767\" \/>\n\t<meta property=\"og:image:height\" content=\"2500\" \/>\n\t<meta property=\"og:image:type\" content=\"image\/jpeg\" \/>\n<meta name=\"author\" content=\"Administrador\" \/>\n<meta name=\"twitter:card\" content=\"summary_large_image\" \/>\n<meta name=\"twitter:label1\" content=\"Escrito por\" \/>\n\t<meta name=\"twitter:data1\" content=\"Administrador\" \/>\n\t<meta name=\"twitter:label2\" content=\"Tiempo de lectura\" \/>\n\t<meta name=\"twitter:data2\" content=\"2 minutos\" \/>\n<script type=\"application\/ld+json\" class=\"yoast-schema-graph\">{\"@context\":\"https:\/\/schema.org\",\"@graph\":[{\"@type\":\"WebPage\",\"@id\":\"https:\/\/www.asajacyl.com\/palencia\/asaja-palencia-informa\/la-junta-amplia-hasta-el-20-de-abril-la-declaracion-de-peligro-medio-de-incendio-forestal-en-toda-castilla-y-leon\",\"url\":\"https:\/\/www.asajacyl.com\/palencia\/asaja-palencia-informa\/la-junta-amplia-hasta-el-20-de-abril-la-declaracion-de-peligro-medio-de-incendio-forestal-en-toda-castilla-y-leon\",\"name\":\"La Junta ampl\u00eda hasta el 20 de abril la declaraci\u00f3n de peligro medio de incendio forestal en toda Castilla y Le\u00f3n - ASAJA Palencia\",\"isPartOf\":{\"@id\":\"https:\/\/www.asajacyl.com\/palencia\/#website\"},\"primaryImageOfPage\":{\"@id\":\"https:\/\/www.asajacyl.com\/palencia\/asaja-palencia-informa\/la-junta-amplia-hasta-el-20-de-abril-la-declaracion-de-peligro-medio-de-incendio-forestal-en-toda-castilla-y-leon#primaryimage\"},\"image\":{\"@id\":\"https:\/\/www.asajacyl.com\/palencia\/asaja-palencia-informa\/la-junta-amplia-hasta-el-20-de-abril-la-declaracion-de-peligro-medio-de-incendio-forestal-en-toda-castilla-y-leon#primaryimage\"},\"thumbnailUrl\":\"https:\/\/www.asajacyl.com\/palencia\/wp-content\/uploads\/sites\/3\/2023\/04\/Mapa-AEMET-riesgo-incendio-20ab20231.jpg\",\"datePublished\":\"2023-04-18T11:21:45+00:00\",\"dateModified\":\"2023-04-18T11:21:47+00:00\",\"author\":{\"@id\":\"https:\/\/www.asajacyl.com\/palencia\/#\/schema\/person\/3ab17aeb03527485c317557fae64aab1\"},\"description\":\"La decisi\u00f3n implica suspender toda autorizaci\u00f3n y comunicaci\u00f3n de quema de rastrojos, pastos, restos de poda y vegetaci\u00f3n Ante las previsiones\",\"breadcrumb\":{\"@id\":\"https:\/\/www.asajacyl.com\/palencia\/asaja-palencia-informa\/la-junta-amplia-hasta-el-20-de-abril-la-declaracion-de-peligro-medio-de-incendio-forestal-en-toda-castilla-y-leon#breadcrumb\"},\"inLanguage\":\"es\",\"potentialAction\":[{\"@type\":\"ReadAction\",\"target\":[\"https:\/\/www.asajacyl.com\/palencia\/asaja-palencia-informa\/la-junta-amplia-hasta-el-20-de-abril-la-declaracion-de-peligro-medio-de-incendio-forestal-en-toda-castilla-y-leon\"]}]},{\"@type\":\"ImageObject\",\"inLanguage\":\"es\",\"@id\":\"https:\/\/www.asajacyl.com\/palencia\/asaja-palencia-informa\/la-junta-amplia-hasta-el-20-de-abril-la-declaracion-de-peligro-medio-de-incendio-forestal-en-toda-castilla-y-leon#primaryimage\",\"url\":\"https:\/\/www.asajacyl.com\/palencia\/wp-content\/uploads\/sites\/3\/2023\/04\/Mapa-AEMET-riesgo-incendio-20ab20231.jpg\",\"contentUrl\":\"https:\/\/www.asajacyl.com\/palencia\/wp-content\/uploads\/sites\/3\/2023\/04\/Mapa-AEMET-riesgo-incendio-20ab20231.jpg\",\"width\":1767,\"height\":2500},{\"@type\":\"BreadcrumbList\",\"@id\":\"https:\/\/www.asajacyl.com\/palencia\/asaja-palencia-informa\/la-junta-amplia-hasta-el-20-de-abril-la-declaracion-de-peligro-medio-de-incendio-forestal-en-toda-castilla-y-leon#breadcrumb\",\"itemListElement\":[{\"@type\":\"ListItem\",\"position\":1,\"name\":\"Portada\",\"item\":\"https:\/\/www.asajacyl.com\/palencia\/\"},{\"@type\":\"ListItem\",\"position\":2,\"name\":\"La Junta ampl\u00eda hasta el 20 de abril la declaraci\u00f3n de peligro medio de incendio forestal en toda Castilla y Le\u00f3n\"}]},{\"@type\":\"WebSite\",\"@id\":\"https:\/\/www.asajacyl.com\/palencia\/#website\",\"url\":\"https:\/\/www.asajacyl.com\/palencia\/\",\"name\":\"ASAJA Palencia\",\"description\":\"Otro sitio m\u00e1s de Provincias ASAJA Castilla y Le\u00f3n\",\"potentialAction\":[{\"@type\":\"SearchAction\",\"target\":{\"@type\":\"EntryPoint\",\"urlTemplate\":\"https:\/\/www.asajacyl.com\/palencia\/?s={search_term_string}\"},\"query-input\":{\"@type\":\"PropertyValueSpecification\",\"valueRequired\":true,\"valueName\":\"search_term_string\"}}],\"inLanguage\":\"es\"},{\"@type\":\"Person\",\"@id\":\"https:\/\/www.asajacyl.com\/palencia\/#\/schema\/person\/3ab17aeb03527485c317557fae64aab1\",\"name\":\"Administrador\",\"image\":{\"@type\":\"ImageObject\",\"inLanguage\":\"es\",\"@id\":\"https:\/\/www.asajacyl.com\/palencia\/#\/schema\/person\/image\/\",\"url\":\"https:\/\/secure.gravatar.com\/avatar\/517384810d242ca9e38c180f3c9fb973?s=96&d=mm&r=g\",\"contentUrl\":\"https:\/\/secure.gravatar.com\/avatar\/517384810d242ca9e38c180f3c9fb973?s=96&d=mm&r=g\",\"caption\":\"Administrador\"},\"url\":\"https:\/\/www.asajacyl.com\/palencia\/author\/carlosrm\"}]}<\/script>\n<!-- \/ Yoast SEO plugin. -->","yoast_head_json":{"title":"La Junta ampl\u00eda hasta el 20 de abril la declaraci\u00f3n de peligro medio de incendio forestal en toda Castilla y Le\u00f3n - ASAJA Palencia","description":"La decisi\u00f3n implica suspender toda autorizaci\u00f3n y comunicaci\u00f3n de quema de rastrojos, pastos, restos de poda y vegetaci\u00f3n Ante las previsiones","robots":{"index":"index","follow":"follow","max-snippet":"max-snippet:-1","max-image-preview":"max-image-preview:large","max-video-preview":"max-video-preview:-1"},"canonical":"https:\/\/www.asajacyl.com\/palencia\/asaja-palencia-informa\/la-junta-amplia-hasta-el-20-de-abril-la-declaracion-de-peligro-medio-de-incendio-forestal-en-toda-castilla-y-leon","og_locale":"es_ES","og_type":"article","og_title":"La Junta ampl\u00eda hasta el 20 de abril la declaraci\u00f3n de peligro medio de incendio forestal en toda Castilla y Le\u00f3n - ASAJA Palencia","og_description":"La decisi\u00f3n implica suspender toda autorizaci\u00f3n y comunicaci\u00f3n de quema de rastrojos, pastos, restos de poda y vegetaci\u00f3n Ante las previsiones","og_url":"https:\/\/www.asajacyl.com\/palencia\/asaja-palencia-informa\/la-junta-amplia-hasta-el-20-de-abril-la-declaracion-de-peligro-medio-de-incendio-forestal-en-toda-castilla-y-leon","og_site_name":"ASAJA Palencia","article_published_time":"2023-04-18T11:21:45+00:00","article_modified_time":"2023-04-18T11:21:47+00:00","og_image":[{"width":1767,"height":2500,"url":"https:\/\/www.asajacyl.com\/palencia\/wp-content\/uploads\/sites\/3\/2023\/04\/Mapa-AEMET-riesgo-incendio-20ab20231.jpg","type":"image\/jpeg"}],"author":"Administrador","twitter_card":"summary_large_image","twitter_misc":{"Escrito por":"Administrador","Tiempo de lectura":"2 minutos"},"schema":{"@context":"https:\/\/schema.org","@graph":[{"@type":"WebPage","@id":"https:\/\/www.asajacyl.com\/palencia\/asaja-palencia-informa\/la-junta-amplia-hasta-el-20-de-abril-la-declaracion-de-peligro-medio-de-incendio-forestal-en-toda-castilla-y-leon","url":"https:\/\/www.asajacyl.com\/palencia\/asaja-palencia-informa\/la-junta-amplia-hasta-el-20-de-abril-la-declaracion-de-peligro-medio-de-incendio-forestal-en-toda-castilla-y-leon","name":"La Junta ampl\u00eda hasta el 20 de abril la declaraci\u00f3n de peligro medio de incendio forestal en toda Castilla y Le\u00f3n - ASAJA Palencia","isPartOf":{"@id":"https:\/\/www.asajacyl.com\/palencia\/#website"},"primaryImageOfPage":{"@id":"https:\/\/www.asajacyl.com\/palencia\/asaja-palencia-informa\/la-junta-amplia-hasta-el-20-de-abril-la-declaracion-de-peligro-medio-de-incendio-forestal-en-toda-castilla-y-leon#primaryimage"},"image":{"@id":"https:\/\/www.asajacyl.com\/palencia\/asaja-palencia-informa\/la-junta-amplia-hasta-el-20-de-abril-la-declaracion-de-peligro-medio-de-incendio-forestal-en-toda-castilla-y-leon#primaryimage"},"thumbnailUrl":"https:\/\/www.asajacyl.com\/palencia\/wp-content\/uploads\/sites\/3\/2023\/04\/Mapa-AEMET-riesgo-incendio-20ab20231.jpg","datePublished":"2023-04-18T11:21:45+00:00","dateModified":"2023-04-18T11:21:47+00:00","author":{"@id":"https:\/\/www.asajacyl.com\/palencia\/#\/schema\/person\/3ab17aeb03527485c317557fae64aab1"},"description":"La decisi\u00f3n implica suspender toda autorizaci\u00f3n y comunicaci\u00f3n de quema de rastrojos, pastos, restos de poda y vegetaci\u00f3n Ante las previsiones","breadcrumb":{"@id":"https:\/\/www.asajacyl.com\/palencia\/asaja-palencia-informa\/la-junta-amplia-hasta-el-20-de-abril-la-declaracion-de-peligro-medio-de-incendio-forestal-en-toda-castilla-y-leon#breadcrumb"},"inLanguage":"es","potentialAction":[{"@type":"ReadAction","target":["https:\/\/www.asajacyl.com\/palencia\/asaja-palencia-informa\/la-junta-amplia-hasta-el-20-de-abril-la-declaracion-de-peligro-medio-de-incendio-forestal-en-toda-castilla-y-leon"]}]},{"@type":"ImageObject","inLanguage":"es","@id":"https:\/\/www.asajacyl.com\/palencia\/asaja-palencia-informa\/la-junta-amplia-hasta-el-20-de-abril-la-declaracion-de-peligro-medio-de-incendio-forestal-en-toda-castilla-y-leon#primaryimage","url":"https:\/\/www.asajacyl.com\/palencia\/wp-content\/uploads\/sites\/3\/2023\/04\/Mapa-AEMET-riesgo-incendio-20ab20231.jpg","contentUrl":"https:\/\/www.asajacyl.com\/palencia\/wp-content\/uploads\/sites\/3\/2023\/04\/Mapa-AEMET-riesgo-incendio-20ab20231.jpg","width":1767,"height":2500},{"@type":"BreadcrumbList","@id":"https:\/\/www.asajacyl.com\/palencia\/asaja-palencia-informa\/la-junta-amplia-hasta-el-20-de-abril-la-declaracion-de-peligro-medio-de-incendio-forestal-en-toda-castilla-y-leon#breadcrumb","itemListElement":[{"@type":"ListItem","position":1,"name":"Portada","item":"https:\/\/www.asajacyl.com\/palencia\/"},{"@type":"ListItem","position":2,"name":"La Junta ampl\u00eda hasta el 20 de abril la declaraci\u00f3n de peligro medio de incendio forestal en toda Castilla y Le\u00f3n"}]},{"@type":"WebSite","@id":"https:\/\/www.asajacyl.com\/palencia\/#website","url":"https:\/\/www.asajacyl.com\/palencia\/","name":"ASAJA Palencia","description":"Otro sitio m\u00e1s de Provincias ASAJA Castilla y Le\u00f3n","potentialAction":[{"@type":"SearchAction","target":{"@type":"EntryPoint","urlTemplate":"https:\/\/www.asajacyl.com\/palencia\/?s={search_term_string}"},"query-input":{"@type":"PropertyValueSpecification","valueRequired":true,"valueName":"search_term_string"}}],"inLanguage":"es"},{"@type":"Person","@id":"https:\/\/www.asajacyl.com\/palencia\/#\/schema\/person\/3ab17aeb03527485c317557fae64aab1","name":"Administrador","image":{"@type":"ImageObject","inLanguage":"es","@id":"https:\/\/www.asajacyl.com\/palencia\/#\/schema\/person\/image\/","url":"https:\/\/secure.gravatar.com\/avatar\/517384810d242ca9e38c180f3c9fb973?s=96&d=mm&r=g","contentUrl":"https:\/\/secure.gravatar.com\/avatar\/517384810d242ca9e38c180f3c9fb973?s=96&d=mm&r=g","caption":"Administrador"},"url":"https:\/\/www.asajacyl.com\/palencia\/author\/carlosrm"}]}},"_links":{"self":[{"href":"https:\/\/www.asajacyl.com\/palencia\/wp-json\/wp\/v2\/posts\/12951"}],"collection":[{"href":"https:\/\/www.asajacyl.com\/palencia\/wp-json\/wp\/v2\/posts"}],"about":[{"href":"https:\/\/www.asajacyl.com\/palencia\/wp-json\/wp\/v2\/types\/post"}],"author":[{"embeddable":true,"href":"https:\/\/www.asajacyl.com\/palencia\/wp-json\/wp\/v2\/users\/9"}],"replies":[{"embeddable":true,"href":"https:\/\/www.asajacyl.com\/palencia\/wp-json\/wp\/v2\/comments?post=12951"}],"version-history":[{"count":1,"href":"https:\/\/www.asajacyl.com\/palencia\/wp-json\/wp\/v2\/posts\/12951\/revisions"}],"predecessor-version":[{"id":12953,"href":"https:\/\/www.asajacyl.com\/palencia\/wp-json\/wp\/v2\/posts\/12951\/revisions\/12953"}],"wp:featuredmedia":[{"embeddable":true,"href":"https:\/\/www.asajacyl.com\/palencia\/wp-json\/wp\/v2\/media\/12952"}],"wp:attachment":[{"href":"https:\/\/www.asajacyl.com\/palencia\/wp-json\/wp\/v2\/media?parent=12951"}],"wp:term":[{"taxonomy":"category","embeddable":true,"href":"https:\/\/www.asajacyl.com\/palencia\/wp-json\/wp\/v2\/categories?post=12951"},{"taxonomy":"post_tag","embeddable":true,"href":"https:\/\/www.asajacyl.com\/palencia\/wp-json\/wp\/v2\/tags?post=12951"}],"curies":[{"name":"wp","href":"https:\/\/api.w.org\/{rel}","templated":true}]}}