{"id":12994,"date":"2023-04-24T10:02:28","date_gmt":"2023-04-24T08:02:28","guid":{"rendered":"https:\/\/www.asajacyl.com\/palencia\/?p=12994"},"modified":"2023-04-24T10:02:30","modified_gmt":"2023-04-24T08:02:30","slug":"asaja-reclama-al-ministerio-reformas-legales-para-no-torpedear-las-titularidades-compartidas","status":"publish","type":"post","link":"https:\/\/www.asajacyl.com\/palencia\/asaja-palencia-informa\/asaja-reclama-al-ministerio-reformas-legales-para-no-torpedear-las-titularidades-compartidas","title":{"rendered":"Asaja reclama al Ministerio reformas legales para no torpedear las titularidades compartidas"},"content":{"rendered":"\n<h2 class=\"wp-block-heading\">Transcurrida m\u00e1s de una d\u00e9cada desde la aprobaci\u00f3n de la ley de 2011, el desarrollo normativo ha sido lento y a\u00fan quedan escollos y problemas para impulsar una figura que beneficia a las explotaciones familiares y que esta organizaci\u00f3n profesional apoya porque redunda en un mayor equilibrio demogr\u00e1fico en el medio rural.<\/h2>\n\n\n\n<p>ASAJA critica que una figura asociativa como es la de titularidades compartidas de las explotaciones agrarias, que ha sido promovida por una Ley e impulsada por todas las pol\u00edticas agrarias, sea peri\u00f3dicamente torpedeada por las administraciones. Estas situaciones no favorecen el avance de esta figura, que es lento, a pesar de ser Castilla y Le\u00f3n la comunidad aut\u00f3noma que m\u00e1s ha apostado por la titularidad compartida, con 504 parejas, casi la mitad del total nacional.<\/p>\n\n\n\n<p>Despu\u00e9s de una d\u00e9cada desde la implantaci\u00f3n de la figura (la Ley sobre titularidad compartida data de 2011), agricultores y agricultoras se han decidido por esta forma de gestionar las explotaciones cuando han visto ventajas derivadas del desarrollo de la propia Ley, como tambi\u00e9n ventajas que han ido introduciendo con car\u00e1cter horizontal distintas administraciones con competencias agrarias. No obstante, el desarrollo normativo ha sido lento, e incluso todav\u00eda en la actualidad hay administraciones que no reman en la misma direcci\u00f3n, tal como ha criticado ASAJA en numerosas ocasiones.<\/p>\n\n\n\n<p>Entre las \u00faltimas, est\u00e1 la exclusi\u00f3n de algunas entidades locales de participaci\u00f3n de pastos a solicitantes que son figuras asociativas sin personalidad jur\u00eddica, como las comunidades de bienes, ciertas sociedades civiles, y las titularidades compartidas de explotaciones agrarias. En este caso, basaban la decisi\u00f3n en la Ley de Contratos del Sector P\u00fablico, que limita la posibilidad de contratar a personas naturales o jur\u00eddicas.<\/p>\n\n\n\n<p>Otra situaci\u00f3n injusta se da en el vi\u00f1edo, al no poderse incluir como bien com\u00fan de la pareja por las incompatibilidades del real Decreto sobre potencial vit\u00edcola con la figura de la titularidad compartida. En estos casos, detectados en la provincia de Burgos, se complica enormemente la gesti\u00f3n, puesto que pese a la cotitularidad se les obliga a seguir funcionando como si fueran dos explotaciones distintas -con cuadernos de campo, contabilidad y PAC independientes-, entre otras limitaciones que imposibilitan el avance de la explotaci\u00f3n.<\/p>\n\n\n\n<p><strong>SIN RESPUESTAS, CON RETRASOS. <\/strong>Pero no es el \u00fanico caso, hay m\u00e1s en los que ASAJA trabaja para lograr que estas parejas de agricultores y ganaderos no se vean perjudicadas por la abundante normativa que no contempla la especificidad de las titularidades compartidas y plantea problemas y escollos para el desarrollo de estas explotaciones. Son problemas individuales y complejos, para los que las administraciones no dan respuesta o la retrasan meses o incluso a\u00f1os.<\/p>\n\n\n\n<p>Por ello, desde ASAJA se reclama al Ministerio de Agricultura se atiendan con rapidez estas incongruencias e injusticias que afectan a explotaciones en titularidad compartida, y que adem\u00e1s su equipo jur\u00eddico revise de forma global la normativa agraria para evitar que estas situaciones de indefensi\u00f3n sigan perjudicando a parejas de agricultores y ganaderos que optan por una figura que precisamente promueve la propia Administraci\u00f3n.<\/p>\n\n\n\n<p>Por \u00faltimo, ASAJA hace un llamamiento a todas las administraciones p\u00fablicas, incluidos ayuntamientos y entidades locales menores, para que se aplique coherencia en todas las pol\u00edticas que redunden en el sector agrario, para que no se perjudique ning\u00fan modelo asociativo\u00a0 ya que a todos ellos hay que promocionarlos, y en particular para que no se perjudiquen a las titularidades compartidas que tienen como principal objetivo promover la incorporaci\u00f3n de la mujer al campo y a la toma de decisiones empresariales.<\/p>\n\n\n\n<figure class=\"wp-block-image size-large\"><img loading=\"lazy\" decoding=\"async\" width=\"1024\" height=\"720\" src=\"https:\/\/www.asajacyl.com\/palencia\/wp-content\/uploads\/sites\/3\/2023\/04\/mapaetcabril2023_tcm30-524900-1024x720.png\" alt=\"\" class=\"wp-image-12995\" srcset=\"https:\/\/www.asajacyl.com\/palencia\/wp-content\/uploads\/sites\/3\/2023\/04\/mapaetcabril2023_tcm30-524900-1024x720.png 1024w, https:\/\/www.asajacyl.com\/palencia\/wp-content\/uploads\/sites\/3\/2023\/04\/mapaetcabril2023_tcm30-524900-300x211.png 300w, https:\/\/www.asajacyl.com\/palencia\/wp-content\/uploads\/sites\/3\/2023\/04\/mapaetcabril2023_tcm30-524900-768x540.png 768w, https:\/\/www.asajacyl.com\/palencia\/wp-content\/uploads\/sites\/3\/2023\/04\/mapaetcabril2023_tcm30-524900-696x489.png 696w, https:\/\/www.asajacyl.com\/palencia\/wp-content\/uploads\/sites\/3\/2023\/04\/mapaetcabril2023_tcm30-524900-1068x751.png 1068w, https:\/\/www.asajacyl.com\/palencia\/wp-content\/uploads\/sites\/3\/2023\/04\/mapaetcabril2023_tcm30-524900-597x420.png 597w, https:\/\/www.asajacyl.com\/palencia\/wp-content\/uploads\/sites\/3\/2023\/04\/mapaetcabril2023_tcm30-524900.png 1233w\" sizes=\"(max-width: 1024px) 100vw, 1024px\" \/><figcaption class=\"wp-element-caption\">FUENTE: Registro de Explotaciones Agrarias de Titularidad Compartida (RETICOM) del Ministerio de Agricultura, Pesca y Alimentaci\u00f3n (MAPA), con informaci\u00f3n suministrada por las comunidades aut\u00f3nomas.<\/figcaption><\/figure>\n\n\n\n<p><\/p>\n","protected":false},"excerpt":{"rendered":"<p>Transcurrida m\u00e1s de una d\u00e9cada desde la aprobaci\u00f3n de la ley de 2011, el desarrollo normativo ha sido lento y a\u00fan quedan escollos y problemas para impulsar una figura que beneficia a las explotaciones familiares y que esta organizaci\u00f3n profesional apoya porque redunda en un mayor equilibrio demogr\u00e1fico en el medio rural. ASAJA critica que [&hellip;]<\/p>\n","protected":false},"author":9,"featured_media":12995,"comment_status":"open","ping_status":"open","sticky":false,"template":"","format":"standard","meta":{"footnotes":""},"categories":[9,29,28],"tags":[58,77,52,97,110],"yoast_head":"<!-- This site is optimized with the Yoast SEO plugin v24.5 - https:\/\/yoast.com\/wordpress\/plugins\/seo\/ -->\n<title>Asaja reclama al Ministerio reformas legales para no torpedear las titularidades compartidas - ASAJA Palencia<\/title>\n<meta name=\"description\" content=\"Transcurrida m\u00e1s de una d\u00e9cada desde la aprobaci\u00f3n de la ley de 2011, el desarrollo normativo ha sido lento y a\u00fan quedan escollos y problemas para\" \/>\n<meta name=\"robots\" content=\"index, follow, max-snippet:-1, max-image-preview:large, max-video-preview:-1\" \/>\n<link rel=\"canonical\" href=\"https:\/\/www.asajacyl.com\/palencia\/asaja-palencia-informa\/asaja-reclama-al-ministerio-reformas-legales-para-no-torpedear-las-titularidades-compartidas\" \/>\n<meta property=\"og:locale\" content=\"es_ES\" \/>\n<meta property=\"og:type\" content=\"article\" \/>\n<meta property=\"og:title\" content=\"Asaja reclama al Ministerio reformas legales para no torpedear las titularidades compartidas - ASAJA Palencia\" \/>\n<meta property=\"og:description\" content=\"Transcurrida m\u00e1s de una d\u00e9cada desde la aprobaci\u00f3n de la ley de 2011, el desarrollo normativo ha sido lento y a\u00fan quedan escollos y problemas para\" \/>\n<meta property=\"og:url\" content=\"https:\/\/www.asajacyl.com\/palencia\/asaja-palencia-informa\/asaja-reclama-al-ministerio-reformas-legales-para-no-torpedear-las-titularidades-compartidas\" \/>\n<meta property=\"og:site_name\" content=\"ASAJA Palencia\" \/>\n<meta property=\"article:published_time\" content=\"2023-04-24T08:02:28+00:00\" \/>\n<meta property=\"article:modified_time\" content=\"2023-04-24T08:02:30+00:00\" \/>\n<meta property=\"og:image\" content=\"https:\/\/www.asajacyl.com\/palencia\/wp-content\/uploads\/sites\/3\/2023\/04\/mapaetcabril2023_tcm30-524900.png\" \/>\n\t<meta property=\"og:image:width\" content=\"1233\" \/>\n\t<meta property=\"og:image:height\" content=\"867\" \/>\n\t<meta property=\"og:image:type\" content=\"image\/png\" \/>\n<meta name=\"author\" content=\"Administrador\" \/>\n<meta name=\"twitter:card\" content=\"summary_large_image\" \/>\n<meta name=\"twitter:label1\" content=\"Escrito por\" \/>\n\t<meta name=\"twitter:data1\" content=\"Administrador\" \/>\n\t<meta name=\"twitter:label2\" content=\"Tiempo de lectura\" \/>\n\t<meta name=\"twitter:data2\" content=\"3 minutos\" \/>\n<script type=\"application\/ld+json\" class=\"yoast-schema-graph\">{\"@context\":\"https:\/\/schema.org\",\"@graph\":[{\"@type\":\"WebPage\",\"@id\":\"https:\/\/www.asajacyl.com\/palencia\/asaja-palencia-informa\/asaja-reclama-al-ministerio-reformas-legales-para-no-torpedear-las-titularidades-compartidas\",\"url\":\"https:\/\/www.asajacyl.com\/palencia\/asaja-palencia-informa\/asaja-reclama-al-ministerio-reformas-legales-para-no-torpedear-las-titularidades-compartidas\",\"name\":\"Asaja reclama al Ministerio reformas legales para no torpedear las titularidades compartidas - ASAJA Palencia\",\"isPartOf\":{\"@id\":\"https:\/\/www.asajacyl.com\/palencia\/#website\"},\"primaryImageOfPage\":{\"@id\":\"https:\/\/www.asajacyl.com\/palencia\/asaja-palencia-informa\/asaja-reclama-al-ministerio-reformas-legales-para-no-torpedear-las-titularidades-compartidas#primaryimage\"},\"image\":{\"@id\":\"https:\/\/www.asajacyl.com\/palencia\/asaja-palencia-informa\/asaja-reclama-al-ministerio-reformas-legales-para-no-torpedear-las-titularidades-compartidas#primaryimage\"},\"thumbnailUrl\":\"https:\/\/www.asajacyl.com\/palencia\/wp-content\/uploads\/sites\/3\/2023\/04\/mapaetcabril2023_tcm30-524900.png\",\"datePublished\":\"2023-04-24T08:02:28+00:00\",\"dateModified\":\"2023-04-24T08:02:30+00:00\",\"author\":{\"@id\":\"https:\/\/www.asajacyl.com\/palencia\/#\/schema\/person\/3ab17aeb03527485c317557fae64aab1\"},\"description\":\"Transcurrida m\u00e1s de una d\u00e9cada desde la aprobaci\u00f3n de la ley de 2011, el desarrollo normativo ha sido lento y a\u00fan quedan escollos y problemas para\",\"breadcrumb\":{\"@id\":\"https:\/\/www.asajacyl.com\/palencia\/asaja-palencia-informa\/asaja-reclama-al-ministerio-reformas-legales-para-no-torpedear-las-titularidades-compartidas#breadcrumb\"},\"inLanguage\":\"es\",\"potentialAction\":[{\"@type\":\"ReadAction\",\"target\":[\"https:\/\/www.asajacyl.com\/palencia\/asaja-palencia-informa\/asaja-reclama-al-ministerio-reformas-legales-para-no-torpedear-las-titularidades-compartidas\"]}]},{\"@type\":\"ImageObject\",\"inLanguage\":\"es\",\"@id\":\"https:\/\/www.asajacyl.com\/palencia\/asaja-palencia-informa\/asaja-reclama-al-ministerio-reformas-legales-para-no-torpedear-las-titularidades-compartidas#primaryimage\",\"url\":\"https:\/\/www.asajacyl.com\/palencia\/wp-content\/uploads\/sites\/3\/2023\/04\/mapaetcabril2023_tcm30-524900.png\",\"contentUrl\":\"https:\/\/www.asajacyl.com\/palencia\/wp-content\/uploads\/sites\/3\/2023\/04\/mapaetcabril2023_tcm30-524900.png\",\"width\":1233,\"height\":867},{\"@type\":\"BreadcrumbList\",\"@id\":\"https:\/\/www.asajacyl.com\/palencia\/asaja-palencia-informa\/asaja-reclama-al-ministerio-reformas-legales-para-no-torpedear-las-titularidades-compartidas#breadcrumb\",\"itemListElement\":[{\"@type\":\"ListItem\",\"position\":1,\"name\":\"Portada\",\"item\":\"https:\/\/www.asajacyl.com\/palencia\/\"},{\"@type\":\"ListItem\",\"position\":2,\"name\":\"Asaja reclama al Ministerio reformas legales para no torpedear las titularidades compartidas\"}]},{\"@type\":\"WebSite\",\"@id\":\"https:\/\/www.asajacyl.com\/palencia\/#website\",\"url\":\"https:\/\/www.asajacyl.com\/palencia\/\",\"name\":\"ASAJA Palencia\",\"description\":\"Otro sitio m\u00e1s de Provincias ASAJA Castilla y Le\u00f3n\",\"potentialAction\":[{\"@type\":\"SearchAction\",\"target\":{\"@type\":\"EntryPoint\",\"urlTemplate\":\"https:\/\/www.asajacyl.com\/palencia\/?s={search_term_string}\"},\"query-input\":{\"@type\":\"PropertyValueSpecification\",\"valueRequired\":true,\"valueName\":\"search_term_string\"}}],\"inLanguage\":\"es\"},{\"@type\":\"Person\",\"@id\":\"https:\/\/www.asajacyl.com\/palencia\/#\/schema\/person\/3ab17aeb03527485c317557fae64aab1\",\"name\":\"Administrador\",\"image\":{\"@type\":\"ImageObject\",\"inLanguage\":\"es\",\"@id\":\"https:\/\/www.asajacyl.com\/palencia\/#\/schema\/person\/image\/\",\"url\":\"https:\/\/secure.gravatar.com\/avatar\/517384810d242ca9e38c180f3c9fb973?s=96&d=mm&r=g\",\"contentUrl\":\"https:\/\/secure.gravatar.com\/avatar\/517384810d242ca9e38c180f3c9fb973?s=96&d=mm&r=g\",\"caption\":\"Administrador\"},\"url\":\"https:\/\/www.asajacyl.com\/palencia\/author\/carlosrm\"}]}<\/script>\n<!-- \/ Yoast SEO plugin. -->","yoast_head_json":{"title":"Asaja reclama al Ministerio reformas legales para no torpedear las titularidades compartidas - ASAJA Palencia","description":"Transcurrida m\u00e1s de una d\u00e9cada desde la aprobaci\u00f3n de la ley de 2011, el desarrollo normativo ha sido lento y a\u00fan quedan escollos y problemas para","robots":{"index":"index","follow":"follow","max-snippet":"max-snippet:-1","max-image-preview":"max-image-preview:large","max-video-preview":"max-video-preview:-1"},"canonical":"https:\/\/www.asajacyl.com\/palencia\/asaja-palencia-informa\/asaja-reclama-al-ministerio-reformas-legales-para-no-torpedear-las-titularidades-compartidas","og_locale":"es_ES","og_type":"article","og_title":"Asaja reclama al Ministerio reformas legales para no torpedear las titularidades compartidas - ASAJA Palencia","og_description":"Transcurrida m\u00e1s de una d\u00e9cada desde la aprobaci\u00f3n de la ley de 2011, el desarrollo normativo ha sido lento y a\u00fan quedan escollos y problemas para","og_url":"https:\/\/www.asajacyl.com\/palencia\/asaja-palencia-informa\/asaja-reclama-al-ministerio-reformas-legales-para-no-torpedear-las-titularidades-compartidas","og_site_name":"ASAJA Palencia","article_published_time":"2023-04-24T08:02:28+00:00","article_modified_time":"2023-04-24T08:02:30+00:00","og_image":[{"width":1233,"height":867,"url":"https:\/\/www.asajacyl.com\/palencia\/wp-content\/uploads\/sites\/3\/2023\/04\/mapaetcabril2023_tcm30-524900.png","type":"image\/png"}],"author":"Administrador","twitter_card":"summary_large_image","twitter_misc":{"Escrito por":"Administrador","Tiempo de lectura":"3 minutos"},"schema":{"@context":"https:\/\/schema.org","@graph":[{"@type":"WebPage","@id":"https:\/\/www.asajacyl.com\/palencia\/asaja-palencia-informa\/asaja-reclama-al-ministerio-reformas-legales-para-no-torpedear-las-titularidades-compartidas","url":"https:\/\/www.asajacyl.com\/palencia\/asaja-palencia-informa\/asaja-reclama-al-ministerio-reformas-legales-para-no-torpedear-las-titularidades-compartidas","name":"Asaja reclama al Ministerio reformas legales para no torpedear las titularidades compartidas - ASAJA Palencia","isPartOf":{"@id":"https:\/\/www.asajacyl.com\/palencia\/#website"},"primaryImageOfPage":{"@id":"https:\/\/www.asajacyl.com\/palencia\/asaja-palencia-informa\/asaja-reclama-al-ministerio-reformas-legales-para-no-torpedear-las-titularidades-compartidas#primaryimage"},"image":{"@id":"https:\/\/www.asajacyl.com\/palencia\/asaja-palencia-informa\/asaja-reclama-al-ministerio-reformas-legales-para-no-torpedear-las-titularidades-compartidas#primaryimage"},"thumbnailUrl":"https:\/\/www.asajacyl.com\/palencia\/wp-content\/uploads\/sites\/3\/2023\/04\/mapaetcabril2023_tcm30-524900.png","datePublished":"2023-04-24T08:02:28+00:00","dateModified":"2023-04-24T08:02:30+00:00","author":{"@id":"https:\/\/www.asajacyl.com\/palencia\/#\/schema\/person\/3ab17aeb03527485c317557fae64aab1"},"description":"Transcurrida m\u00e1s de una d\u00e9cada desde la aprobaci\u00f3n de la ley de 2011, el desarrollo normativo ha sido lento y a\u00fan quedan escollos y problemas para","breadcrumb":{"@id":"https:\/\/www.asajacyl.com\/palencia\/asaja-palencia-informa\/asaja-reclama-al-ministerio-reformas-legales-para-no-torpedear-las-titularidades-compartidas#breadcrumb"},"inLanguage":"es","potentialAction":[{"@type":"ReadAction","target":["https:\/\/www.asajacyl.com\/palencia\/asaja-palencia-informa\/asaja-reclama-al-ministerio-reformas-legales-para-no-torpedear-las-titularidades-compartidas"]}]},{"@type":"ImageObject","inLanguage":"es","@id":"https:\/\/www.asajacyl.com\/palencia\/asaja-palencia-informa\/asaja-reclama-al-ministerio-reformas-legales-para-no-torpedear-las-titularidades-compartidas#primaryimage","url":"https:\/\/www.asajacyl.com\/palencia\/wp-content\/uploads\/sites\/3\/2023\/04\/mapaetcabril2023_tcm30-524900.png","contentUrl":"https:\/\/www.asajacyl.com\/palencia\/wp-content\/uploads\/sites\/3\/2023\/04\/mapaetcabril2023_tcm30-524900.png","width":1233,"height":867},{"@type":"BreadcrumbList","@id":"https:\/\/www.asajacyl.com\/palencia\/asaja-palencia-informa\/asaja-reclama-al-ministerio-reformas-legales-para-no-torpedear-las-titularidades-compartidas#breadcrumb","itemListElement":[{"@type":"ListItem","position":1,"name":"Portada","item":"https:\/\/www.asajacyl.com\/palencia\/"},{"@type":"ListItem","position":2,"name":"Asaja reclama al Ministerio reformas legales para no torpedear las titularidades compartidas"}]},{"@type":"WebSite","@id":"https:\/\/www.asajacyl.com\/palencia\/#website","url":"https:\/\/www.asajacyl.com\/palencia\/","name":"ASAJA Palencia","description":"Otro sitio m\u00e1s de Provincias ASAJA Castilla y Le\u00f3n","potentialAction":[{"@type":"SearchAction","target":{"@type":"EntryPoint","urlTemplate":"https:\/\/www.asajacyl.com\/palencia\/?s={search_term_string}"},"query-input":{"@type":"PropertyValueSpecification","valueRequired":true,"valueName":"search_term_string"}}],"inLanguage":"es"},{"@type":"Person","@id":"https:\/\/www.asajacyl.com\/palencia\/#\/schema\/person\/3ab17aeb03527485c317557fae64aab1","name":"Administrador","image":{"@type":"ImageObject","inLanguage":"es","@id":"https:\/\/www.asajacyl.com\/palencia\/#\/schema\/person\/image\/","url":"https:\/\/secure.gravatar.com\/avatar\/517384810d242ca9e38c180f3c9fb973?s=96&d=mm&r=g","contentUrl":"https:\/\/secure.gravatar.com\/avatar\/517384810d242ca9e38c180f3c9fb973?s=96&d=mm&r=g","caption":"Administrador"},"url":"https:\/\/www.asajacyl.com\/palencia\/author\/carlosrm"}]}},"_links":{"self":[{"href":"https:\/\/www.asajacyl.com\/palencia\/wp-json\/wp\/v2\/posts\/12994"}],"collection":[{"href":"https:\/\/www.asajacyl.com\/palencia\/wp-json\/wp\/v2\/posts"}],"about":[{"href":"https:\/\/www.asajacyl.com\/palencia\/wp-json\/wp\/v2\/types\/post"}],"author":[{"embeddable":true,"href":"https:\/\/www.asajacyl.com\/palencia\/wp-json\/wp\/v2\/users\/9"}],"replies":[{"embeddable":true,"href":"https:\/\/www.asajacyl.com\/palencia\/wp-json\/wp\/v2\/comments?post=12994"}],"version-history":[{"count":1,"href":"https:\/\/www.asajacyl.com\/palencia\/wp-json\/wp\/v2\/posts\/12994\/revisions"}],"predecessor-version":[{"id":12996,"href":"https:\/\/www.asajacyl.com\/palencia\/wp-json\/wp\/v2\/posts\/12994\/revisions\/12996"}],"wp:featuredmedia":[{"embeddable":true,"href":"https:\/\/www.asajacyl.com\/palencia\/wp-json\/wp\/v2\/media\/12995"}],"wp:attachment":[{"href":"https:\/\/www.asajacyl.com\/palencia\/wp-json\/wp\/v2\/media?parent=12994"}],"wp:term":[{"taxonomy":"category","embeddable":true,"href":"https:\/\/www.asajacyl.com\/palencia\/wp-json\/wp\/v2\/categories?post=12994"},{"taxonomy":"post_tag","embeddable":true,"href":"https:\/\/www.asajacyl.com\/palencia\/wp-json\/wp\/v2\/tags?post=12994"}],"curies":[{"name":"wp","href":"https:\/\/api.w.org\/{rel}","templated":true}]}}